{"id":1031,"date":"2014-09-19T15:12:35","date_gmt":"2014-09-19T13:12:35","guid":{"rendered":"http:\/\/www.naturparkmagazin.de\/am-stettiner-haff\/?p=1031"},"modified":"2014-09-29T13:44:57","modified_gmt":"2014-09-29T11:44:57","slug":"treffen-polnisch-deutscher-naturschutzexperten-im-naturpark-am-stettiner-haff","status":"publish","type":"post","link":"https:\/\/www.naturparkmagazin.de\/am-stettiner-haff\/treffen-polnisch-deutscher-naturschutzexperten-im-naturpark-am-stettiner-haff\/","title":{"rendered":"Treffen Polnisch-Deutscher Naturschutzexperten im Naturpark Am Stettiner Haff"},"content":{"rendered":"<div id=\"attachment_1052\" style=\"width: 1034px\" class=\"wp-caption aligncenter\"><a href=\"https:\/\/www.naturparkmagazin.de\/am-stettiner-haff\/wp-content\/uploads\/sites\/29\/Workshop2014.jpg\"><img aria-describedby=\"caption-attachment-1052\" decoding=\"async\" loading=\"lazy\" class=\"size-full wp-image-1052\" alt=\"Teilnehmer polnisch-deutscher Workshop (Foto: Kai Paulig)\" src=\"https:\/\/www.naturparkmagazin.de\/am-stettiner-haff\/wp-content\/uploads\/sites\/29\/Workshop2014.jpg\" width=\"1024\" height=\"683\" srcset=\"https:\/\/www.naturparkmagazin.de\/am-stettiner-haff\/wp-content\/uploads\/sites\/29\/Workshop2014.jpg 1024w, https:\/\/www.naturparkmagazin.de\/am-stettiner-haff\/wp-content\/uploads\/sites\/29\/Workshop2014-300x200.jpg 300w, https:\/\/www.naturparkmagazin.de\/am-stettiner-haff\/wp-content\/uploads\/sites\/29\/Workshop2014-620x414.jpg 620w, https:\/\/www.naturparkmagazin.de\/am-stettiner-haff\/wp-content\/uploads\/sites\/29\/Workshop2014-940x627.jpg 940w, https:\/\/www.naturparkmagazin.de\/am-stettiner-haff\/wp-content\/uploads\/sites\/29\/Workshop2014-670x447.jpg 670w, https:\/\/www.naturparkmagazin.de\/am-stettiner-haff\/wp-content\/uploads\/sites\/29\/Workshop2014-200x133.jpg 200w\" sizes=\"(max-width: 1024px) 100vw, 1024px\" \/><\/a><p id=\"caption-attachment-1052\" class=\"wp-caption-text\">Teilnehmer polnisch-deutscher Workshop (Foto: Kai Paulig)<\/p><\/div>\n<p>Das\u00a0unser\u00a0Naturpark direkt an\u00a0die Republik Polen grenzt, d\u00fcrfte jedem sp\u00e4testens bei einem\u00a0Blick auf die Karte klar sein. Auch die naturr\u00e4umliche Ausstattung entlang der Grenze ist entsprechend vergleichbar. Gro\u00dfe Waldflachen, Flussl\u00e4ufe, Moore, Feuchtwiesen aber auch Binnend\u00fcnnen und Heidefl\u00e4chen pr\u00e4gen die Wojewodschaft Westpommern ebenso wie den Naturpark Am Stettiner Haff.<!--more--> Bei so viel Gemeinsamkeiten ist es geradezu ein Muss, dass sich auch die f\u00fcr den Schutz dieser Landschaft Verantwortlichen treffen, um gemeinsam \u00fcber ihre Erfahrungen zu sprechen. Und so\u00a0hatten die beiden grenznahen Naturparke &#8222;Insel Usedom&#8220; und &#8222;Am Stettiner Haff&#8220; zum Workshop &#8222;Pflege naturnaher Moorwiesen&#8220; nach Rothenklempenow eingeladen. Dieser Einladung folgten insgesamt 23 Natursch\u00fctzer aus den unterschiedlichsten Institutionen. So waren von der polnischen Seite die Naturschutzkonservatorin und stellvertretene Direktorin der Regionaldirektion f\u00fcr Umweltschutz in Stettin, Frau Jurzyk-Nordloew, die Direktorin der Landschaftsschutzparke der Wojewodschaft Westpommern Frau Janicka und die neue Leiterin des Wolin Nationalparks, Frau Siarkiewicz-Hoszowska\u00a0gekommen. Nat\u00fcrlich haben alle gennannten auch einige ihrer Mitarbeiter mitgebracht. Schlie\u00dflich standen neben den fachlichen Themen auch der pers\u00f6nliche Kontakt der handelnen Akteure im Mittelpunkt des Workshops. Daher freuten sich die Oganisatoren, dass auch Mitarbeiter der\u00a0zust\u00e4ndigen deutschen Naturschutzverwaltungen\u00a0&#8211;\u00a0der Unteren Naturschutzbeh\u00f6rde des Landkreises Vorpommern-Greifswald, des Staatliche Amtes f\u00fcr Landwirtschaft und Umwelt Vorpommern und des Landesamtes f\u00fcr Umwelt, Naturschutz und Geologie M-V aktiv an dem zweit\u00e4gigen Workshop teilnahmen. Zahlreiche Ideen und Anregungen f\u00fcr die Fortsetzung der guten l\u00e4nder\u00fcbergreifenden Zusammenarbeit konnten so ausgetauscht werden. Erm\u00f6glicht wurde der Workshop durch die finanzielle Unterst\u00fctzung durch das Ministerium f\u00fcr Landwirtschaft, Umwelt und Verbraucherschutz M-V und durch den Naturparkf\u00f6rdervereins &#8222;Natur und Leben am Stettiner Haff&#8220;.<\/p>\n<p>Am Ende der ereignisreichen Veranstaltung gab es f\u00fcr alle Teilnehmer nur ein Fazit:\u00a0 Fortsetzung zwingend erw\u00fcnscht !<\/p>\n","protected":false},"excerpt":{"rendered":"<p>Dass unser Naturpark direkt an die Republik Polen grenzt, d\u00fcrfte jedem sp\u00e4testens bei einem Blick auf die Karte klar sein.<\/p>\n","protected":false},"author":26,"featured_media":1052,"comment_status":"open","ping_status":"open","sticky":false,"template":"","format":"standard","meta":[],"categories":[7],"tags":[],"yoast_head":"<!-- This site is optimized with the Yoast SEO plugin v19.10 - https:\/\/yoast.com\/wordpress\/plugins\/seo\/ -->\n<title>Treffen Polnisch-Deutscher Naturschutzexperten im Naturpark Am Stettiner Haff - Naturpark Am Stettiner Haff<\/title>\n<meta name=\"robots\" content=\"index, follow, max-snippet:-1, max-image-preview:large, max-video-preview:-1\" \/>\n<link rel=\"canonical\" href=\"https:\/\/www.naturparkmagazin.de\/am-stettiner-haff\/treffen-polnisch-deutscher-naturschutzexperten-im-naturpark-am-stettiner-haff\/\" \/>\n<meta property=\"og:locale\" content=\"de_DE\" \/>\n<meta property=\"og:type\" content=\"article\" \/>\n<meta property=\"og:title\" content=\"Treffen Polnisch-Deutscher Naturschutzexperten im Naturpark Am Stettiner Haff - Naturpark Am Stettiner Haff\" \/>\n<meta property=\"og:description\" content=\"Dass unser Naturpark direkt an die Republik Polen grenzt, d\u00fcrfte jedem sp\u00e4testens bei einem Blick auf die Karte klar sein.\" \/>\n<meta property=\"og:url\" content=\"https:\/\/www.naturparkmagazin.de\/am-stettiner-haff\/treffen-polnisch-deutscher-naturschutzexperten-im-naturpark-am-stettiner-haff\/\" \/>\n<meta property=\"og:site_name\" content=\"Naturpark Am Stettiner Haff\" \/>\n<meta property=\"article:published_time\" content=\"2014-09-19T13:12:35+00:00\" \/>\n<meta property=\"article:modified_time\" content=\"2014-09-29T11:44:57+00:00\" \/>\n<meta property=\"og:image\" content=\"https:\/\/www.naturparkmagazin.de\/am-stettiner-haff\/wp-content\/uploads\/sites\/29\/Workshop2014.jpg\" \/>\n\t<meta property=\"og:image:width\" content=\"1024\" \/>\n\t<meta property=\"og:image:height\" content=\"683\" \/>\n\t<meta property=\"og:image:type\" content=\"image\/jpeg\" \/>\n<meta name=\"author\" content=\"Jochen Elberskirch\" \/>\n<meta name=\"twitter:label1\" content=\"Verfasst von\" \/>\n\t<meta name=\"twitter:data1\" content=\"Jochen Elberskirch\" \/>\n\t<meta name=\"twitter:label2\" content=\"Gesch\u00e4tzte Lesezeit\" \/>\n\t<meta name=\"twitter:data2\" content=\"2\u00a0Minuten\" \/>\n<script type=\"application\/ld+json\" class=\"yoast-schema-graph\">{\"@context\":\"https:\/\/schema.org\",\"@graph\":[{\"@type\":\"WebPage\",\"@id\":\"https:\/\/www.naturparkmagazin.de\/am-stettiner-haff\/treffen-polnisch-deutscher-naturschutzexperten-im-naturpark-am-stettiner-haff\/\",\"url\":\"https:\/\/www.naturparkmagazin.de\/am-stettiner-haff\/treffen-polnisch-deutscher-naturschutzexperten-im-naturpark-am-stettiner-haff\/\",\"name\":\"Treffen Polnisch-Deutscher Naturschutzexperten im Naturpark Am Stettiner Haff - Naturpark Am Stettiner Haff\",\"isPartOf\":{\"@id\":\"https:\/\/www.naturparkmagazin.de\/am-stettiner-haff\/#website\"},\"datePublished\":\"2014-09-19T13:12:35+00:00\",\"dateModified\":\"2014-09-29T11:44:57+00:00\",\"author\":{\"@id\":\"https:\/\/www.naturparkmagazin.de\/am-stettiner-haff\/#\/schema\/person\/4a7208080dbbfb024d81129b7960c725\"},\"breadcrumb\":{\"@id\":\"https:\/\/www.naturparkmagazin.de\/am-stettiner-haff\/treffen-polnisch-deutscher-naturschutzexperten-im-naturpark-am-stettiner-haff\/#breadcrumb\"},\"inLanguage\":\"de\",\"potentialAction\":[{\"@type\":\"ReadAction\",\"target\":[\"https:\/\/www.naturparkmagazin.de\/am-stettiner-haff\/treffen-polnisch-deutscher-naturschutzexperten-im-naturpark-am-stettiner-haff\/\"]}]},{\"@type\":\"BreadcrumbList\",\"@id\":\"https:\/\/www.naturparkmagazin.de\/am-stettiner-haff\/treffen-polnisch-deutscher-naturschutzexperten-im-naturpark-am-stettiner-haff\/#breadcrumb\",\"itemListElement\":[{\"@type\":\"ListItem\",\"position\":1,\"name\":\"Home\",\"item\":\"https:\/\/www.naturparkmagazin.de\/am-stettiner-haff\/\"},{\"@type\":\"ListItem\",\"position\":2,\"name\":\"Treffen Polnisch-Deutscher Naturschutzexperten im Naturpark Am Stettiner Haff\"}]},{\"@type\":\"WebSite\",\"@id\":\"https:\/\/www.naturparkmagazin.de\/am-stettiner-haff\/#website\",\"url\":\"https:\/\/www.naturparkmagazin.de\/am-stettiner-haff\/\",\"name\":\"Naturpark Am Stettiner Haff\",\"description\":\"\",\"potentialAction\":[{\"@type\":\"SearchAction\",\"target\":{\"@type\":\"EntryPoint\",\"urlTemplate\":\"https:\/\/www.naturparkmagazin.de\/am-stettiner-haff\/?s={search_term_string}\"},\"query-input\":\"required name=search_term_string\"}],\"inLanguage\":\"de\"},{\"@type\":\"Person\",\"@id\":\"https:\/\/www.naturparkmagazin.de\/am-stettiner-haff\/#\/schema\/person\/4a7208080dbbfb024d81129b7960c725\",\"name\":\"Jochen Elberskirch\",\"sameAs\":[\"http:\/\/www.naturpark-am-stettiner-haff.de\"],\"url\":\"https:\/\/www.naturparkmagazin.de\/am-stettiner-haff\/author\/jochenelberskirch\/\"}]}<\/script>\n<!-- \/ Yoast SEO plugin. -->","yoast_head_json":{"title":"Treffen Polnisch-Deutscher Naturschutzexperten im Naturpark Am Stettiner Haff - Naturpark Am Stettiner Haff","robots":{"index":"index","follow":"follow","max-snippet":"max-snippet:-1","max-image-preview":"max-image-preview:large","max-video-preview":"max-video-preview:-1"},"canonical":"https:\/\/www.naturparkmagazin.de\/am-stettiner-haff\/treffen-polnisch-deutscher-naturschutzexperten-im-naturpark-am-stettiner-haff\/","og_locale":"de_DE","og_type":"article","og_title":"Treffen Polnisch-Deutscher Naturschutzexperten im Naturpark Am Stettiner Haff - Naturpark Am Stettiner Haff","og_description":"Dass unser Naturpark direkt an die Republik Polen grenzt, d\u00fcrfte jedem sp\u00e4testens bei einem Blick auf die Karte klar sein.","og_url":"https:\/\/www.naturparkmagazin.de\/am-stettiner-haff\/treffen-polnisch-deutscher-naturschutzexperten-im-naturpark-am-stettiner-haff\/","og_site_name":"Naturpark Am Stettiner Haff","article_published_time":"2014-09-19T13:12:35+00:00","article_modified_time":"2014-09-29T11:44:57+00:00","og_image":[{"width":1024,"height":683,"url":"https:\/\/www.naturparkmagazin.de\/am-stettiner-haff\/wp-content\/uploads\/sites\/29\/Workshop2014.jpg","type":"image\/jpeg"}],"author":"Jochen Elberskirch","twitter_misc":{"Verfasst von":"Jochen Elberskirch","Gesch\u00e4tzte Lesezeit":"2\u00a0Minuten"},"schema":{"@context":"https:\/\/schema.org","@graph":[{"@type":"WebPage","@id":"https:\/\/www.naturparkmagazin.de\/am-stettiner-haff\/treffen-polnisch-deutscher-naturschutzexperten-im-naturpark-am-stettiner-haff\/","url":"https:\/\/www.naturparkmagazin.de\/am-stettiner-haff\/treffen-polnisch-deutscher-naturschutzexperten-im-naturpark-am-stettiner-haff\/","name":"Treffen Polnisch-Deutscher Naturschutzexperten im Naturpark Am Stettiner Haff - Naturpark Am Stettiner Haff","isPartOf":{"@id":"https:\/\/www.naturparkmagazin.de\/am-stettiner-haff\/#website"},"datePublished":"2014-09-19T13:12:35+00:00","dateModified":"2014-09-29T11:44:57+00:00","author":{"@id":"https:\/\/www.naturparkmagazin.de\/am-stettiner-haff\/#\/schema\/person\/4a7208080dbbfb024d81129b7960c725"},"breadcrumb":{"@id":"https:\/\/www.naturparkmagazin.de\/am-stettiner-haff\/treffen-polnisch-deutscher-naturschutzexperten-im-naturpark-am-stettiner-haff\/#breadcrumb"},"inLanguage":"de","potentialAction":[{"@type":"ReadAction","target":["https:\/\/www.naturparkmagazin.de\/am-stettiner-haff\/treffen-polnisch-deutscher-naturschutzexperten-im-naturpark-am-stettiner-haff\/"]}]},{"@type":"BreadcrumbList","@id":"https:\/\/www.naturparkmagazin.de\/am-stettiner-haff\/treffen-polnisch-deutscher-naturschutzexperten-im-naturpark-am-stettiner-haff\/#breadcrumb","itemListElement":[{"@type":"ListItem","position":1,"name":"Home","item":"https:\/\/www.naturparkmagazin.de\/am-stettiner-haff\/"},{"@type":"ListItem","position":2,"name":"Treffen Polnisch-Deutscher Naturschutzexperten im Naturpark Am Stettiner Haff"}]},{"@type":"WebSite","@id":"https:\/\/www.naturparkmagazin.de\/am-stettiner-haff\/#website","url":"https:\/\/www.naturparkmagazin.de\/am-stettiner-haff\/","name":"Naturpark Am Stettiner Haff","description":"","potentialAction":[{"@type":"SearchAction","target":{"@type":"EntryPoint","urlTemplate":"https:\/\/www.naturparkmagazin.de\/am-stettiner-haff\/?s={search_term_string}"},"query-input":"required name=search_term_string"}],"inLanguage":"de"},{"@type":"Person","@id":"https:\/\/www.naturparkmagazin.de\/am-stettiner-haff\/#\/schema\/person\/4a7208080dbbfb024d81129b7960c725","name":"Jochen Elberskirch","sameAs":["http:\/\/www.naturpark-am-stettiner-haff.de"],"url":"https:\/\/www.naturparkmagazin.de\/am-stettiner-haff\/author\/jochenelberskirch\/"}]}},"_links":{"self":[{"href":"https:\/\/www.naturparkmagazin.de\/am-stettiner-haff\/wp-json\/wp\/v2\/posts\/1031"}],"collection":[{"href":"https:\/\/www.naturparkmagazin.de\/am-stettiner-haff\/wp-json\/wp\/v2\/posts"}],"about":[{"href":"https:\/\/www.naturparkmagazin.de\/am-stettiner-haff\/wp-json\/wp\/v2\/types\/post"}],"author":[{"embeddable":true,"href":"https:\/\/www.naturparkmagazin.de\/am-stettiner-haff\/wp-json\/wp\/v2\/users\/26"}],"replies":[{"embeddable":true,"href":"https:\/\/www.naturparkmagazin.de\/am-stettiner-haff\/wp-json\/wp\/v2\/comments?post=1031"}],"version-history":[{"count":9,"href":"https:\/\/www.naturparkmagazin.de\/am-stettiner-haff\/wp-json\/wp\/v2\/posts\/1031\/revisions"}],"predecessor-version":[{"id":1065,"href":"https:\/\/www.naturparkmagazin.de\/am-stettiner-haff\/wp-json\/wp\/v2\/posts\/1031\/revisions\/1065"}],"wp:featuredmedia":[{"embeddable":true,"href":"https:\/\/www.naturparkmagazin.de\/am-stettiner-haff\/wp-json\/wp\/v2\/media\/1052"}],"wp:attachment":[{"href":"https:\/\/www.naturparkmagazin.de\/am-stettiner-haff\/wp-json\/wp\/v2\/media?parent=1031"}],"wp:term":[{"taxonomy":"category","embeddable":true,"href":"https:\/\/www.naturparkmagazin.de\/am-stettiner-haff\/wp-json\/wp\/v2\/categories?post=1031"},{"taxonomy":"post_tag","embeddable":true,"href":"https:\/\/www.naturparkmagazin.de\/am-stettiner-haff\/wp-json\/wp\/v2\/tags?post=1031"}],"curies":[{"name":"wp","href":"https:\/\/api.w.org\/{rel}","templated":true}]}}