{"id":1042,"date":"2014-09-19T15:05:07","date_gmt":"2014-09-19T13:05:07","guid":{"rendered":"http:\/\/www.naturparkmagazin.de\/am-stettiner-haff\/?p=1042"},"modified":"2014-09-29T10:25:09","modified_gmt":"2014-09-29T08:25:09","slug":"3-oktober-2014-muehlenfest-im-tierpark-ueckermuende","status":"publish","type":"post","link":"https:\/\/www.naturparkmagazin.de\/am-stettiner-haff\/3-oktober-2014-muehlenfest-im-tierpark-ueckermuende\/","title":{"rendered":"3.Oktober 2014 M\u00fchlenfest im Tierpark Ueckerm\u00fcnde"},"content":{"rendered":"<p>Am<strong> 3. Oktober 2014 <\/strong>findet im Tierpark Ueckerm\u00fcnde wieder das M\u00fchlenfest statt.<\/p>\n<p>Von <strong>10:00 &#8211; 18:00 Uhr<\/strong> erwartet die Besucher neben den tierischen Attraktionen eine Vielzahl von Informations- und Mittmachangeboten. Die Naturparke &#8222;Insel Usedom und &#8222;Am Stettiner Haff&#8220; werden an diesem Tag ihr gemeinsames, neues Umweltmobil pr\u00e4sentieren. Der durch die Rut- und Klaus-Balsen-Stiftung sowie durch Stiftung Umwelt und Natur M-V gef\u00f6rderte Anh\u00e4nge versetzt die beiden Naturparke in die Lage, k\u00fcnftig noch einfacher und besser Umweltbildungsangebote direkt an den Schulen bzw. direkt im Gel\u00e4nde anzubieten.<\/p>\n<p>Au\u00dferdem k\u00f6nnen die Besucher bei den Schauf\u00fctterungen viel Wissenswertes \u00fcber die Tiere und deren Lebensr\u00e4ume erfahren:<\/p>\n<p>11:00 &amp; 16:00 Uhr Fischotter 14:00 Uhr Erdm\u00e4nnchen 15:00 Uhr Berberaffen<\/p>\n<p>Wir bitten um Verst\u00e4ndnis, wenn es aus tierg\u00e4rtnerischen Gr\u00fcnden zu Verschiebungen oder Ausf\u00e4llen kommen sollte.<\/p>\n","protected":false},"excerpt":{"rendered":"<p>Am 3. Oktober 2014 findet im Tierpark Ueckerm\u00fcnde wieder das M\u00fchlenfest statt.  Von 10:00 &#8211; 18:00 Uhr erwartet die Besucher neben den tierischen Attraktionen eine Vielzahl von Informations- und Mittmachangeboten. Die Naturparke &#8222;Insel Usedom und &#8222;Am Stettiner Haff&#8220; werden an diesem Tag ihr gemeinsames, neues Umweltmobil pr\u00e4sentieren. <\/p>\n","protected":false},"author":26,"featured_media":1064,"comment_status":"open","ping_status":"open","sticky":false,"template":"","format":"standard","meta":[],"categories":[11],"tags":[],"yoast_head":"<!-- This site is optimized with the Yoast SEO plugin v19.10 - https:\/\/yoast.com\/wordpress\/plugins\/seo\/ -->\n<title>3.Oktober 2014 M\u00fchlenfest im Tierpark Ueckerm\u00fcnde - Naturpark Am Stettiner Haff<\/title>\n<meta name=\"robots\" content=\"index, follow, max-snippet:-1, max-image-preview:large, max-video-preview:-1\" \/>\n<link rel=\"canonical\" href=\"https:\/\/www.naturparkmagazin.de\/am-stettiner-haff\/3-oktober-2014-muehlenfest-im-tierpark-ueckermuende\/\" \/>\n<meta property=\"og:locale\" content=\"de_DE\" \/>\n<meta property=\"og:type\" content=\"article\" \/>\n<meta property=\"og:title\" content=\"3.Oktober 2014 M\u00fchlenfest im Tierpark Ueckerm\u00fcnde - Naturpark Am Stettiner Haff\" \/>\n<meta property=\"og:description\" content=\"Am 3. Oktober 2014 findet im Tierpark Ueckerm\u00fcnde wieder das M\u00fchlenfest statt. Von 10:00 - 18:00 Uhr erwartet die Besucher neben den tierischen Attraktionen eine Vielzahl von Informations- und Mittmachangeboten. Die Naturparke &quot;Insel Usedom und &quot;Am Stettiner Haff&quot; werden an diesem Tag ihr gemeinsames, neues Umweltmobil pr\u00e4sentieren.\" \/>\n<meta property=\"og:url\" content=\"https:\/\/www.naturparkmagazin.de\/am-stettiner-haff\/3-oktober-2014-muehlenfest-im-tierpark-ueckermuende\/\" \/>\n<meta property=\"og:site_name\" content=\"Naturpark Am Stettiner Haff\" \/>\n<meta property=\"article:published_time\" content=\"2014-09-19T13:05:07+00:00\" \/>\n<meta property=\"article:modified_time\" content=\"2014-09-29T08:25:09+00:00\" \/>\n<meta property=\"og:image\" content=\"https:\/\/www.naturparkmagazin.de\/am-stettiner-haff\/wp-content\/uploads\/sites\/29\/M\u00fchlenfest_2014.jpg\" \/>\n\t<meta property=\"og:image:width\" content=\"180\" \/>\n\t<meta property=\"og:image:height\" content=\"120\" \/>\n\t<meta property=\"og:image:type\" content=\"image\/jpeg\" \/>\n<meta name=\"author\" content=\"Jochen Elberskirch\" \/>\n<meta name=\"twitter:label1\" content=\"Verfasst von\" \/>\n\t<meta name=\"twitter:data1\" content=\"Jochen Elberskirch\" \/>\n\t<meta name=\"twitter:label2\" content=\"Gesch\u00e4tzte Lesezeit\" \/>\n\t<meta name=\"twitter:data2\" content=\"1\u00a0Minute\" \/>\n<script type=\"application\/ld+json\" class=\"yoast-schema-graph\">{\"@context\":\"https:\/\/schema.org\",\"@graph\":[{\"@type\":\"WebPage\",\"@id\":\"https:\/\/www.naturparkmagazin.de\/am-stettiner-haff\/3-oktober-2014-muehlenfest-im-tierpark-ueckermuende\/\",\"url\":\"https:\/\/www.naturparkmagazin.de\/am-stettiner-haff\/3-oktober-2014-muehlenfest-im-tierpark-ueckermuende\/\",\"name\":\"3.Oktober 2014 M\u00fchlenfest im Tierpark Ueckerm\u00fcnde - Naturpark Am Stettiner Haff\",\"isPartOf\":{\"@id\":\"https:\/\/www.naturparkmagazin.de\/am-stettiner-haff\/#website\"},\"datePublished\":\"2014-09-19T13:05:07+00:00\",\"dateModified\":\"2014-09-29T08:25:09+00:00\",\"author\":{\"@id\":\"https:\/\/www.naturparkmagazin.de\/am-stettiner-haff\/#\/schema\/person\/4a7208080dbbfb024d81129b7960c725\"},\"breadcrumb\":{\"@id\":\"https:\/\/www.naturparkmagazin.de\/am-stettiner-haff\/3-oktober-2014-muehlenfest-im-tierpark-ueckermuende\/#breadcrumb\"},\"inLanguage\":\"de\",\"potentialAction\":[{\"@type\":\"ReadAction\",\"target\":[\"https:\/\/www.naturparkmagazin.de\/am-stettiner-haff\/3-oktober-2014-muehlenfest-im-tierpark-ueckermuende\/\"]}]},{\"@type\":\"BreadcrumbList\",\"@id\":\"https:\/\/www.naturparkmagazin.de\/am-stettiner-haff\/3-oktober-2014-muehlenfest-im-tierpark-ueckermuende\/#breadcrumb\",\"itemListElement\":[{\"@type\":\"ListItem\",\"position\":1,\"name\":\"Home\",\"item\":\"https:\/\/www.naturparkmagazin.de\/am-stettiner-haff\/\"},{\"@type\":\"ListItem\",\"position\":2,\"name\":\"3.Oktober 2014 M\u00fchlenfest im Tierpark Ueckerm\u00fcnde\"}]},{\"@type\":\"WebSite\",\"@id\":\"https:\/\/www.naturparkmagazin.de\/am-stettiner-haff\/#website\",\"url\":\"https:\/\/www.naturparkmagazin.de\/am-stettiner-haff\/\",\"name\":\"Naturpark Am Stettiner Haff\",\"description\":\"\",\"potentialAction\":[{\"@type\":\"SearchAction\",\"target\":{\"@type\":\"EntryPoint\",\"urlTemplate\":\"https:\/\/www.naturparkmagazin.de\/am-stettiner-haff\/?s={search_term_string}\"},\"query-input\":\"required name=search_term_string\"}],\"inLanguage\":\"de\"},{\"@type\":\"Person\",\"@id\":\"https:\/\/www.naturparkmagazin.de\/am-stettiner-haff\/#\/schema\/person\/4a7208080dbbfb024d81129b7960c725\",\"name\":\"Jochen Elberskirch\",\"sameAs\":[\"http:\/\/www.naturpark-am-stettiner-haff.de\"],\"url\":\"https:\/\/www.naturparkmagazin.de\/am-stettiner-haff\/author\/jochenelberskirch\/\"}]}<\/script>\n<!-- \/ Yoast SEO plugin. -->","yoast_head_json":{"title":"3.Oktober 2014 M\u00fchlenfest im Tierpark Ueckerm\u00fcnde - Naturpark Am Stettiner Haff","robots":{"index":"index","follow":"follow","max-snippet":"max-snippet:-1","max-image-preview":"max-image-preview:large","max-video-preview":"max-video-preview:-1"},"canonical":"https:\/\/www.naturparkmagazin.de\/am-stettiner-haff\/3-oktober-2014-muehlenfest-im-tierpark-ueckermuende\/","og_locale":"de_DE","og_type":"article","og_title":"3.Oktober 2014 M\u00fchlenfest im Tierpark Ueckerm\u00fcnde - Naturpark Am Stettiner Haff","og_description":"Am 3. Oktober 2014 findet im Tierpark Ueckerm\u00fcnde wieder das M\u00fchlenfest statt. Von 10:00 - 18:00 Uhr erwartet die Besucher neben den tierischen Attraktionen eine Vielzahl von Informations- und Mittmachangeboten. Die Naturparke \"Insel Usedom und \"Am Stettiner Haff\" werden an diesem Tag ihr gemeinsames, neues Umweltmobil pr\u00e4sentieren.","og_url":"https:\/\/www.naturparkmagazin.de\/am-stettiner-haff\/3-oktober-2014-muehlenfest-im-tierpark-ueckermuende\/","og_site_name":"Naturpark Am Stettiner Haff","article_published_time":"2014-09-19T13:05:07+00:00","article_modified_time":"2014-09-29T08:25:09+00:00","og_image":[{"width":180,"height":120,"url":"https:\/\/www.naturparkmagazin.de\/am-stettiner-haff\/wp-content\/uploads\/sites\/29\/M\u00fchlenfest_2014.jpg","type":"image\/jpeg"}],"author":"Jochen Elberskirch","twitter_misc":{"Verfasst von":"Jochen Elberskirch","Gesch\u00e4tzte Lesezeit":"1\u00a0Minute"},"schema":{"@context":"https:\/\/schema.org","@graph":[{"@type":"WebPage","@id":"https:\/\/www.naturparkmagazin.de\/am-stettiner-haff\/3-oktober-2014-muehlenfest-im-tierpark-ueckermuende\/","url":"https:\/\/www.naturparkmagazin.de\/am-stettiner-haff\/3-oktober-2014-muehlenfest-im-tierpark-ueckermuende\/","name":"3.Oktober 2014 M\u00fchlenfest im Tierpark Ueckerm\u00fcnde - Naturpark Am Stettiner Haff","isPartOf":{"@id":"https:\/\/www.naturparkmagazin.de\/am-stettiner-haff\/#website"},"datePublished":"2014-09-19T13:05:07+00:00","dateModified":"2014-09-29T08:25:09+00:00","author":{"@id":"https:\/\/www.naturparkmagazin.de\/am-stettiner-haff\/#\/schema\/person\/4a7208080dbbfb024d81129b7960c725"},"breadcrumb":{"@id":"https:\/\/www.naturparkmagazin.de\/am-stettiner-haff\/3-oktober-2014-muehlenfest-im-tierpark-ueckermuende\/#breadcrumb"},"inLanguage":"de","potentialAction":[{"@type":"ReadAction","target":["https:\/\/www.naturparkmagazin.de\/am-stettiner-haff\/3-oktober-2014-muehlenfest-im-tierpark-ueckermuende\/"]}]},{"@type":"BreadcrumbList","@id":"https:\/\/www.naturparkmagazin.de\/am-stettiner-haff\/3-oktober-2014-muehlenfest-im-tierpark-ueckermuende\/#breadcrumb","itemListElement":[{"@type":"ListItem","position":1,"name":"Home","item":"https:\/\/www.naturparkmagazin.de\/am-stettiner-haff\/"},{"@type":"ListItem","position":2,"name":"3.Oktober 2014 M\u00fchlenfest im Tierpark Ueckerm\u00fcnde"}]},{"@type":"WebSite","@id":"https:\/\/www.naturparkmagazin.de\/am-stettiner-haff\/#website","url":"https:\/\/www.naturparkmagazin.de\/am-stettiner-haff\/","name":"Naturpark Am Stettiner Haff","description":"","potentialAction":[{"@type":"SearchAction","target":{"@type":"EntryPoint","urlTemplate":"https:\/\/www.naturparkmagazin.de\/am-stettiner-haff\/?s={search_term_string}"},"query-input":"required name=search_term_string"}],"inLanguage":"de"},{"@type":"Person","@id":"https:\/\/www.naturparkmagazin.de\/am-stettiner-haff\/#\/schema\/person\/4a7208080dbbfb024d81129b7960c725","name":"Jochen Elberskirch","sameAs":["http:\/\/www.naturpark-am-stettiner-haff.de"],"url":"https:\/\/www.naturparkmagazin.de\/am-stettiner-haff\/author\/jochenelberskirch\/"}]}},"_links":{"self":[{"href":"https:\/\/www.naturparkmagazin.de\/am-stettiner-haff\/wp-json\/wp\/v2\/posts\/1042"}],"collection":[{"href":"https:\/\/www.naturparkmagazin.de\/am-stettiner-haff\/wp-json\/wp\/v2\/posts"}],"about":[{"href":"https:\/\/www.naturparkmagazin.de\/am-stettiner-haff\/wp-json\/wp\/v2\/types\/post"}],"author":[{"embeddable":true,"href":"https:\/\/www.naturparkmagazin.de\/am-stettiner-haff\/wp-json\/wp\/v2\/users\/26"}],"replies":[{"embeddable":true,"href":"https:\/\/www.naturparkmagazin.de\/am-stettiner-haff\/wp-json\/wp\/v2\/comments?post=1042"}],"version-history":[{"count":5,"href":"https:\/\/www.naturparkmagazin.de\/am-stettiner-haff\/wp-json\/wp\/v2\/posts\/1042\/revisions"}],"predecessor-version":[{"id":1063,"href":"https:\/\/www.naturparkmagazin.de\/am-stettiner-haff\/wp-json\/wp\/v2\/posts\/1042\/revisions\/1063"}],"wp:featuredmedia":[{"embeddable":true,"href":"https:\/\/www.naturparkmagazin.de\/am-stettiner-haff\/wp-json\/wp\/v2\/media\/1064"}],"wp:attachment":[{"href":"https:\/\/www.naturparkmagazin.de\/am-stettiner-haff\/wp-json\/wp\/v2\/media?parent=1042"}],"wp:term":[{"taxonomy":"category","embeddable":true,"href":"https:\/\/www.naturparkmagazin.de\/am-stettiner-haff\/wp-json\/wp\/v2\/categories?post=1042"},{"taxonomy":"post_tag","embeddable":true,"href":"https:\/\/www.naturparkmagazin.de\/am-stettiner-haff\/wp-json\/wp\/v2\/tags?post=1042"}],"curies":[{"name":"wp","href":"https:\/\/api.w.org\/{rel}","templated":true}]}}