{"id":1069,"date":"2014-10-22T11:23:12","date_gmt":"2014-10-22T09:23:12","guid":{"rendered":"http:\/\/www.naturparkmagazin.de\/am-stettiner-haff\/?p=1069"},"modified":"2014-10-27T08:48:45","modified_gmt":"2014-10-27T07:48:45","slug":"schichtwechsel-in-der-naturparkstation-aller-anfang-ist-schwer-neuer-foejler-hat-dienst-im-naturpark-begonnen","status":"publish","type":"post","link":"https:\/\/www.naturparkmagazin.de\/am-stettiner-haff\/schichtwechsel-in-der-naturparkstation-aller-anfang-ist-schwer-neuer-foejler-hat-dienst-im-naturpark-begonnen\/","title":{"rendered":"Schichtwechsel in der Naturparkstation &#8211; Aller Anfang ist schwer&#8230; neuer F\u00d6Jler hat Dienst im Naturpark begonnen"},"content":{"rendered":"<p>Am 31.\u00a0August 2014 ging\u00a0das letzte F\u00d6J-Jahr zu Ende. Daher hies es Abschied nehmen von uns\u00a0unserem engagierten jungen Teilnehmer des Freiwilligen \u00f6kologischen Jahres, Simon Piro. Er kam aus dem Schwarzwald zu uns, um f\u00fcr und mit der Natur zu arbeiten. Und so\u00a0pr\u00e4gte er in den zur\u00fcckliegenden 12 Monaten ma\u00dfgeblich die Geschicke der Naturparkarbeit und der Naturpark pr\u00e4gte auch ihn! Dies l\u00e4sst sich ganz einfach daran festmachen, dass er seine Familie zu mehreren Ferienaufenthalten \u00fcberreden\u00a0und sie ebenfalls f\u00fcr unsere sch\u00f6ne Naturparkregion begeistern konnte. So mag es weniger verwunderlich sein, dass Simon\u00a0die Region nach seinem einj\u00e4hrigen F\u00d6J-Einsatz bei uns nicht wieder Hals \u00fcber Kopf\u00a0in Richtung Heimat verlassen hat. Ganz im Gegenteil\u00a0&#8211; er entschied sich f\u00fcrs Bleiben. Seit\u00a0Oktober studiert er an der Ernst-Moritz-Arndt Universit\u00e4t in Greifswald &#8211; Biologie!<\/p>\n<div id=\"attachment_1071\" style=\"width: 1184px\" class=\"wp-caption aligncenter\"><a href=\"https:\/\/www.naturparkmagazin.de\/am-stettiner-haff\/wp-content\/uploads\/sites\/29\/Simon.jpg\"><img aria-describedby=\"caption-attachment-1071\" decoding=\"async\" loading=\"lazy\" class=\"size-full wp-image-1071\" alt=\"Simon Piro mit einem jungen Seeadler nach der Beringung (Foto: Naturparkarchiv)\" src=\"https:\/\/www.naturparkmagazin.de\/am-stettiner-haff\/wp-content\/uploads\/sites\/29\/Simon.jpg\" width=\"1174\" height=\"1124\" srcset=\"https:\/\/www.naturparkmagazin.de\/am-stettiner-haff\/wp-content\/uploads\/sites\/29\/Simon.jpg 1174w, https:\/\/www.naturparkmagazin.de\/am-stettiner-haff\/wp-content\/uploads\/sites\/29\/Simon-300x287.jpg 300w, https:\/\/www.naturparkmagazin.de\/am-stettiner-haff\/wp-content\/uploads\/sites\/29\/Simon-620x594.jpg 620w, https:\/\/www.naturparkmagazin.de\/am-stettiner-haff\/wp-content\/uploads\/sites\/29\/Simon-940x900.jpg 940w, https:\/\/www.naturparkmagazin.de\/am-stettiner-haff\/wp-content\/uploads\/sites\/29\/Simon-30x30.jpg 30w, https:\/\/www.naturparkmagazin.de\/am-stettiner-haff\/wp-content\/uploads\/sites\/29\/Simon-670x641.jpg 670w, https:\/\/www.naturparkmagazin.de\/am-stettiner-haff\/wp-content\/uploads\/sites\/29\/Simon-200x191.jpg 200w\" sizes=\"(max-width: 1174px) 100vw, 1174px\" \/><\/a><p id=\"caption-attachment-1071\" class=\"wp-caption-text\">Simon Piro mit einem jungen Seeadler nach der Beringung (Foto: Naturparkarchiv)<\/p><\/div>\n<p>Jedes Ende ist zumindest meist auch ein Neuanfang. So unterst\u00fctzt seit dem 1. September 2014 S\u00f6nke Voigt die Arbeit des Naturparks als neuer Teilnehmer des Freiwilligen \u00f6kologischen Jahres (F\u00d6J). Der 18 j\u00e4hrige hat nun seine ersten Wochen in der Region verbracht und m\u00f6chte auch das gesamte Jahr hier bei uns verbringen. Seine ersten Eindr\u00fccke hat er wie folgt zusammengefasst:<\/p>\n<div>\n<p><strong>Von der Gro\u00dfstadt in die Natur<\/strong><\/p>\n<p>K\u00f6ln. Eine Stadt die sich den Titel \u201eGro\u00dfstadt\u201c wirklich verdient: laute Stra\u00dfen, gro\u00dfe Wohnh\u00e4user, gro\u00dfe Einkaufsmeilen.<\/p>\n<p>Kann jemand der den gr\u00f6\u00dften Teil seines Lebens dort verbracht hat in der Natur von Mecklenburg Vorpommern \u00fcberleben? &#8211; Ich, S\u00f6nke Voigt,\u00a0F\u00d6Jler beim Naturpark &#8222;Am Stettiner Haff&#8220; wage den Versuch.<\/p>\n<p>Seit September diesen Jahres erlebe ich nun die praktische Arbeit in und mit der Natur und begleite die Ranger des Naturparkes bei ihren t\u00e4glichen Aufgaben. Dabei versuche ich zu Helfen so gut ich kann und nach dem jahrelangen Lernen in der Schule macht mir dies auch richtig Spa\u00df. Die T\u00e4tigkeiten sind vielseitig und ich lerne jeden Tag etwas Neues.<\/p>\n<p>F\u00fcr mich war es ein gro\u00dfer Schritt, aber ich bin froh die M\u00f6glichkeit zu haben f\u00fcr ein Jahr lang Teil eines gro\u00dfartigen Teams zu sein und die Natur mit eigenen Augen zu erkunden und zu erleben.<\/p>\n<p>&nbsp;<\/p>\n<\/div>\n<p>&nbsp;<\/p>\n<p>&nbsp;<\/p>\n","protected":false},"excerpt":{"rendered":"<p>Mit Ende des Augustes 2014 ging auch das letzte F\u00d6J-Jahr zu Ende. Mit dem Ende verlie\u00df uns unser engagierter junger Teilnehmer des Freiwilligen \u00f6kologischen Jahres Simon Piro. Er kam aus dem Schwarzwald zu uns, um f\u00fcr und mit der Natur zu arbeiten. Und so pr\u00e4gte er in den zur\u00fcckliegenden 12 Monaten ma\u00dfgeblich die Geschicke der Naturparkarbeit und der Naturpark pr\u00e4gte auch ihn!<\/p>\n","protected":false},"author":26,"featured_media":1071,"comment_status":"open","ping_status":"open","sticky":false,"template":"","format":"standard","meta":[],"categories":[7],"tags":[],"yoast_head":"<!-- This site is optimized with the Yoast SEO plugin v19.10 - https:\/\/yoast.com\/wordpress\/plugins\/seo\/ -->\n<title>Schichtwechsel in der Naturparkstation - Aller Anfang ist schwer... neuer F\u00d6Jler hat Dienst im Naturpark begonnen - Naturpark Am Stettiner Haff<\/title>\n<meta name=\"robots\" content=\"index, follow, max-snippet:-1, max-image-preview:large, max-video-preview:-1\" \/>\n<link rel=\"canonical\" href=\"https:\/\/www.naturparkmagazin.de\/am-stettiner-haff\/schichtwechsel-in-der-naturparkstation-aller-anfang-ist-schwer-neuer-foejler-hat-dienst-im-naturpark-begonnen\/\" \/>\n<meta property=\"og:locale\" content=\"de_DE\" \/>\n<meta property=\"og:type\" content=\"article\" \/>\n<meta property=\"og:title\" content=\"Schichtwechsel in der Naturparkstation - Aller Anfang ist schwer... neuer F\u00d6Jler hat Dienst im Naturpark begonnen - Naturpark Am Stettiner Haff\" \/>\n<meta property=\"og:description\" content=\"Mit Ende des Augustes 2014 ging auch das letzte F\u00d6J-Jahr zu Ende. Mit dem Ende verlie\u00df uns unser engagierter junger Teilnehmer des Freiwilligen \u00f6kologischen Jahres Simon Piro. Er kam aus dem Schwarzwald zu uns, um f\u00fcr und mit der Natur zu arbeiten. Und so pr\u00e4gte er in den zur\u00fcckliegenden 12 Monaten ma\u00dfgeblich die Geschicke der Naturparkarbeit und der Naturpark pr\u00e4gte auch ihn!\" \/>\n<meta property=\"og:url\" content=\"https:\/\/www.naturparkmagazin.de\/am-stettiner-haff\/schichtwechsel-in-der-naturparkstation-aller-anfang-ist-schwer-neuer-foejler-hat-dienst-im-naturpark-begonnen\/\" \/>\n<meta property=\"og:site_name\" content=\"Naturpark Am Stettiner Haff\" \/>\n<meta property=\"article:published_time\" content=\"2014-10-22T09:23:12+00:00\" \/>\n<meta property=\"article:modified_time\" content=\"2014-10-27T07:48:45+00:00\" \/>\n<meta property=\"og:image\" content=\"https:\/\/www.naturparkmagazin.de\/am-stettiner-haff\/wp-content\/uploads\/sites\/29\/Simon.jpg\" \/>\n\t<meta property=\"og:image:width\" content=\"1174\" \/>\n\t<meta property=\"og:image:height\" content=\"1124\" \/>\n\t<meta property=\"og:image:type\" content=\"image\/jpeg\" \/>\n<meta name=\"author\" content=\"Jochen Elberskirch\" \/>\n<meta name=\"twitter:label1\" content=\"Verfasst von\" \/>\n\t<meta name=\"twitter:data1\" content=\"Jochen Elberskirch\" \/>\n\t<meta name=\"twitter:label2\" content=\"Gesch\u00e4tzte Lesezeit\" \/>\n\t<meta name=\"twitter:data2\" content=\"2\u00a0Minuten\" \/>\n<script type=\"application\/ld+json\" class=\"yoast-schema-graph\">{\"@context\":\"https:\/\/schema.org\",\"@graph\":[{\"@type\":\"WebPage\",\"@id\":\"https:\/\/www.naturparkmagazin.de\/am-stettiner-haff\/schichtwechsel-in-der-naturparkstation-aller-anfang-ist-schwer-neuer-foejler-hat-dienst-im-naturpark-begonnen\/\",\"url\":\"https:\/\/www.naturparkmagazin.de\/am-stettiner-haff\/schichtwechsel-in-der-naturparkstation-aller-anfang-ist-schwer-neuer-foejler-hat-dienst-im-naturpark-begonnen\/\",\"name\":\"Schichtwechsel in der Naturparkstation - Aller Anfang ist schwer... neuer F\u00d6Jler hat Dienst im Naturpark begonnen - Naturpark Am Stettiner Haff\",\"isPartOf\":{\"@id\":\"https:\/\/www.naturparkmagazin.de\/am-stettiner-haff\/#website\"},\"datePublished\":\"2014-10-22T09:23:12+00:00\",\"dateModified\":\"2014-10-27T07:48:45+00:00\",\"author\":{\"@id\":\"https:\/\/www.naturparkmagazin.de\/am-stettiner-haff\/#\/schema\/person\/4a7208080dbbfb024d81129b7960c725\"},\"breadcrumb\":{\"@id\":\"https:\/\/www.naturparkmagazin.de\/am-stettiner-haff\/schichtwechsel-in-der-naturparkstation-aller-anfang-ist-schwer-neuer-foejler-hat-dienst-im-naturpark-begonnen\/#breadcrumb\"},\"inLanguage\":\"de\",\"potentialAction\":[{\"@type\":\"ReadAction\",\"target\":[\"https:\/\/www.naturparkmagazin.de\/am-stettiner-haff\/schichtwechsel-in-der-naturparkstation-aller-anfang-ist-schwer-neuer-foejler-hat-dienst-im-naturpark-begonnen\/\"]}]},{\"@type\":\"BreadcrumbList\",\"@id\":\"https:\/\/www.naturparkmagazin.de\/am-stettiner-haff\/schichtwechsel-in-der-naturparkstation-aller-anfang-ist-schwer-neuer-foejler-hat-dienst-im-naturpark-begonnen\/#breadcrumb\",\"itemListElement\":[{\"@type\":\"ListItem\",\"position\":1,\"name\":\"Home\",\"item\":\"https:\/\/www.naturparkmagazin.de\/am-stettiner-haff\/\"},{\"@type\":\"ListItem\",\"position\":2,\"name\":\"Schichtwechsel in der Naturparkstation &#8211; Aller Anfang ist schwer&#8230; neuer F\u00d6Jler hat Dienst im Naturpark begonnen\"}]},{\"@type\":\"WebSite\",\"@id\":\"https:\/\/www.naturparkmagazin.de\/am-stettiner-haff\/#website\",\"url\":\"https:\/\/www.naturparkmagazin.de\/am-stettiner-haff\/\",\"name\":\"Naturpark Am Stettiner Haff\",\"description\":\"\",\"potentialAction\":[{\"@type\":\"SearchAction\",\"target\":{\"@type\":\"EntryPoint\",\"urlTemplate\":\"https:\/\/www.naturparkmagazin.de\/am-stettiner-haff\/?s={search_term_string}\"},\"query-input\":\"required name=search_term_string\"}],\"inLanguage\":\"de\"},{\"@type\":\"Person\",\"@id\":\"https:\/\/www.naturparkmagazin.de\/am-stettiner-haff\/#\/schema\/person\/4a7208080dbbfb024d81129b7960c725\",\"name\":\"Jochen Elberskirch\",\"sameAs\":[\"http:\/\/www.naturpark-am-stettiner-haff.de\"],\"url\":\"https:\/\/www.naturparkmagazin.de\/am-stettiner-haff\/author\/jochenelberskirch\/\"}]}<\/script>\n<!-- \/ Yoast SEO plugin. -->","yoast_head_json":{"title":"Schichtwechsel in der Naturparkstation - Aller Anfang ist schwer... neuer F\u00d6Jler hat Dienst im Naturpark begonnen - Naturpark Am Stettiner Haff","robots":{"index":"index","follow":"follow","max-snippet":"max-snippet:-1","max-image-preview":"max-image-preview:large","max-video-preview":"max-video-preview:-1"},"canonical":"https:\/\/www.naturparkmagazin.de\/am-stettiner-haff\/schichtwechsel-in-der-naturparkstation-aller-anfang-ist-schwer-neuer-foejler-hat-dienst-im-naturpark-begonnen\/","og_locale":"de_DE","og_type":"article","og_title":"Schichtwechsel in der Naturparkstation - Aller Anfang ist schwer... neuer F\u00d6Jler hat Dienst im Naturpark begonnen - Naturpark Am Stettiner Haff","og_description":"Mit Ende des Augustes 2014 ging auch das letzte F\u00d6J-Jahr zu Ende. Mit dem Ende verlie\u00df uns unser engagierter junger Teilnehmer des Freiwilligen \u00f6kologischen Jahres Simon Piro. Er kam aus dem Schwarzwald zu uns, um f\u00fcr und mit der Natur zu arbeiten. Und so pr\u00e4gte er in den zur\u00fcckliegenden 12 Monaten ma\u00dfgeblich die Geschicke der Naturparkarbeit und der Naturpark pr\u00e4gte auch ihn!","og_url":"https:\/\/www.naturparkmagazin.de\/am-stettiner-haff\/schichtwechsel-in-der-naturparkstation-aller-anfang-ist-schwer-neuer-foejler-hat-dienst-im-naturpark-begonnen\/","og_site_name":"Naturpark Am Stettiner Haff","article_published_time":"2014-10-22T09:23:12+00:00","article_modified_time":"2014-10-27T07:48:45+00:00","og_image":[{"width":1174,"height":1124,"url":"https:\/\/www.naturparkmagazin.de\/am-stettiner-haff\/wp-content\/uploads\/sites\/29\/Simon.jpg","type":"image\/jpeg"}],"author":"Jochen Elberskirch","twitter_misc":{"Verfasst von":"Jochen Elberskirch","Gesch\u00e4tzte Lesezeit":"2\u00a0Minuten"},"schema":{"@context":"https:\/\/schema.org","@graph":[{"@type":"WebPage","@id":"https:\/\/www.naturparkmagazin.de\/am-stettiner-haff\/schichtwechsel-in-der-naturparkstation-aller-anfang-ist-schwer-neuer-foejler-hat-dienst-im-naturpark-begonnen\/","url":"https:\/\/www.naturparkmagazin.de\/am-stettiner-haff\/schichtwechsel-in-der-naturparkstation-aller-anfang-ist-schwer-neuer-foejler-hat-dienst-im-naturpark-begonnen\/","name":"Schichtwechsel in der Naturparkstation - Aller Anfang ist schwer... neuer F\u00d6Jler hat Dienst im Naturpark begonnen - Naturpark Am Stettiner Haff","isPartOf":{"@id":"https:\/\/www.naturparkmagazin.de\/am-stettiner-haff\/#website"},"datePublished":"2014-10-22T09:23:12+00:00","dateModified":"2014-10-27T07:48:45+00:00","author":{"@id":"https:\/\/www.naturparkmagazin.de\/am-stettiner-haff\/#\/schema\/person\/4a7208080dbbfb024d81129b7960c725"},"breadcrumb":{"@id":"https:\/\/www.naturparkmagazin.de\/am-stettiner-haff\/schichtwechsel-in-der-naturparkstation-aller-anfang-ist-schwer-neuer-foejler-hat-dienst-im-naturpark-begonnen\/#breadcrumb"},"inLanguage":"de","potentialAction":[{"@type":"ReadAction","target":["https:\/\/www.naturparkmagazin.de\/am-stettiner-haff\/schichtwechsel-in-der-naturparkstation-aller-anfang-ist-schwer-neuer-foejler-hat-dienst-im-naturpark-begonnen\/"]}]},{"@type":"BreadcrumbList","@id":"https:\/\/www.naturparkmagazin.de\/am-stettiner-haff\/schichtwechsel-in-der-naturparkstation-aller-anfang-ist-schwer-neuer-foejler-hat-dienst-im-naturpark-begonnen\/#breadcrumb","itemListElement":[{"@type":"ListItem","position":1,"name":"Home","item":"https:\/\/www.naturparkmagazin.de\/am-stettiner-haff\/"},{"@type":"ListItem","position":2,"name":"Schichtwechsel in der Naturparkstation &#8211; Aller Anfang ist schwer&#8230; neuer F\u00d6Jler hat Dienst im Naturpark begonnen"}]},{"@type":"WebSite","@id":"https:\/\/www.naturparkmagazin.de\/am-stettiner-haff\/#website","url":"https:\/\/www.naturparkmagazin.de\/am-stettiner-haff\/","name":"Naturpark Am Stettiner Haff","description":"","potentialAction":[{"@type":"SearchAction","target":{"@type":"EntryPoint","urlTemplate":"https:\/\/www.naturparkmagazin.de\/am-stettiner-haff\/?s={search_term_string}"},"query-input":"required name=search_term_string"}],"inLanguage":"de"},{"@type":"Person","@id":"https:\/\/www.naturparkmagazin.de\/am-stettiner-haff\/#\/schema\/person\/4a7208080dbbfb024d81129b7960c725","name":"Jochen Elberskirch","sameAs":["http:\/\/www.naturpark-am-stettiner-haff.de"],"url":"https:\/\/www.naturparkmagazin.de\/am-stettiner-haff\/author\/jochenelberskirch\/"}]}},"_links":{"self":[{"href":"https:\/\/www.naturparkmagazin.de\/am-stettiner-haff\/wp-json\/wp\/v2\/posts\/1069"}],"collection":[{"href":"https:\/\/www.naturparkmagazin.de\/am-stettiner-haff\/wp-json\/wp\/v2\/posts"}],"about":[{"href":"https:\/\/www.naturparkmagazin.de\/am-stettiner-haff\/wp-json\/wp\/v2\/types\/post"}],"author":[{"embeddable":true,"href":"https:\/\/www.naturparkmagazin.de\/am-stettiner-haff\/wp-json\/wp\/v2\/users\/26"}],"replies":[{"embeddable":true,"href":"https:\/\/www.naturparkmagazin.de\/am-stettiner-haff\/wp-json\/wp\/v2\/comments?post=1069"}],"version-history":[{"count":8,"href":"https:\/\/www.naturparkmagazin.de\/am-stettiner-haff\/wp-json\/wp\/v2\/posts\/1069\/revisions"}],"predecessor-version":[{"id":1107,"href":"https:\/\/www.naturparkmagazin.de\/am-stettiner-haff\/wp-json\/wp\/v2\/posts\/1069\/revisions\/1107"}],"wp:featuredmedia":[{"embeddable":true,"href":"https:\/\/www.naturparkmagazin.de\/am-stettiner-haff\/wp-json\/wp\/v2\/media\/1071"}],"wp:attachment":[{"href":"https:\/\/www.naturparkmagazin.de\/am-stettiner-haff\/wp-json\/wp\/v2\/media?parent=1069"}],"wp:term":[{"taxonomy":"category","embeddable":true,"href":"https:\/\/www.naturparkmagazin.de\/am-stettiner-haff\/wp-json\/wp\/v2\/categories?post=1069"},{"taxonomy":"post_tag","embeddable":true,"href":"https:\/\/www.naturparkmagazin.de\/am-stettiner-haff\/wp-json\/wp\/v2\/tags?post=1069"}],"curies":[{"name":"wp","href":"https:\/\/api.w.org\/{rel}","templated":true}]}}