{"id":1081,"date":"2014-10-22T11:58:01","date_gmt":"2014-10-22T09:58:01","guid":{"rendered":"http:\/\/www.naturparkmagazin.de\/am-stettiner-haff\/?p=1081"},"modified":"2014-10-27T12:58:35","modified_gmt":"2014-10-27T11:58:35","slug":"liebe-leserinen-liebe-leser-3","status":"publish","type":"post","link":"https:\/\/www.naturparkmagazin.de\/am-stettiner-haff\/liebe-leserinen-liebe-leser-3\/","title":{"rendered":"Liebe Leserin, Lieber Leser,"},"content":{"rendered":"<p>kein anderer Lebensraum pr\u00e4gt unseren\u00a0Naturpark mehr, als\u00a0die weiten, zum gro\u00dfen Teil unzerschnittenen W\u00e4lder. Fast die H\u00e4lfte unseres Naturparkgebietes besteht aus Wald. Auch wenn die W\u00e4lder \u00fcberwiegend forstwirtschaftlich genutzt werden,\u00a0sind diese\u00a0auch Lebensraum f\u00fcr zahlreiche Tiere und Pflanzen. Gleichzeitig werden sie von uns\u00a0gerne zur Erholung genutzt. Ein Waldspaziergang, auch in der k\u00e4lteren Jahreszeit, regt nicht nur unseren Kreislauf an, sondern befreit mit unter auch Geist und Seele. Probieren Sie es einfach mal aus und genie\u00dfen Sie bei Ihrem n\u00e4chsten Waldspaziergang die Wohltat f\u00fcr K\u00f6rper und Geist.<\/p>\n<p>Viel Spa\u00df dabei und bei der Lekt\u00fcre des neuen Newsletters w\u00fcnscht Ihnen<\/p>\n<p>&nbsp;<\/p>\n<p>Jochen Elberskirch\nLeiter des Naturparks Am Stettiner Haff<\/p>\n<h6><\/h6>\n","protected":false},"excerpt":{"rendered":"<p>kein anderer Lebensraum pr\u00e4gt unseren\u00a0Naturpark mehr, als\u00a0die weiten, zum gro\u00dfen Teil unzerschnittenen W\u00e4lder. Fast die H\u00e4lfte unseres Naturparkgebietes besteht aus Wald. Auch wenn die W\u00e4lder \u00fcberwiegend forstwirtschaftlich genutzt werden,\u00a0sind diese\u00a0auch Lebensraum f\u00fcr zahlreiche Tiere und Pflanzen. Gleichzeitig werden sie von uns\u00a0gerne zur Erholung genutzt. Ein Waldspaziergang, auch in der k\u00e4lteren Jahreszeit, regt nicht nur unseren<\/p>\n","protected":false},"author":26,"featured_media":0,"comment_status":"open","ping_status":"open","sticky":false,"template":"","format":"standard","meta":[],"categories":[52],"tags":[],"yoast_head":"<!-- This site is optimized with the Yoast SEO plugin v19.10 - https:\/\/yoast.com\/wordpress\/plugins\/seo\/ -->\n<title>Liebe Leserin, Lieber Leser, - Naturpark Am Stettiner Haff<\/title>\n<meta name=\"robots\" content=\"index, follow, max-snippet:-1, max-image-preview:large, max-video-preview:-1\" \/>\n<link rel=\"canonical\" href=\"https:\/\/www.naturparkmagazin.de\/am-stettiner-haff\/liebe-leserinen-liebe-leser-3\/\" \/>\n<meta property=\"og:locale\" content=\"de_DE\" \/>\n<meta property=\"og:type\" content=\"article\" \/>\n<meta property=\"og:title\" content=\"Liebe Leserin, Lieber Leser, - Naturpark Am Stettiner Haff\" \/>\n<meta property=\"og:description\" content=\"kein anderer Lebensraum pr\u00e4gt unseren\u00a0Naturpark mehr, als\u00a0die weiten, zum gro\u00dfen Teil unzerschnittenen W\u00e4lder. Fast die H\u00e4lfte unseres Naturparkgebietes besteht aus Wald. Auch wenn die W\u00e4lder \u00fcberwiegend forstwirtschaftlich genutzt werden,\u00a0sind diese\u00a0auch Lebensraum f\u00fcr zahlreiche Tiere und Pflanzen. Gleichzeitig werden sie von uns\u00a0gerne zur Erholung genutzt. Ein Waldspaziergang, auch in der k\u00e4lteren Jahreszeit, regt nicht nur unseren\" \/>\n<meta property=\"og:url\" content=\"https:\/\/www.naturparkmagazin.de\/am-stettiner-haff\/liebe-leserinen-liebe-leser-3\/\" \/>\n<meta property=\"og:site_name\" content=\"Naturpark Am Stettiner Haff\" \/>\n<meta property=\"article:published_time\" content=\"2014-10-22T09:58:01+00:00\" \/>\n<meta property=\"article:modified_time\" content=\"2014-10-27T11:58:35+00:00\" \/>\n<meta name=\"author\" content=\"Jochen Elberskirch\" \/>\n<meta name=\"twitter:label1\" content=\"Verfasst von\" \/>\n\t<meta name=\"twitter:data1\" content=\"Jochen Elberskirch\" \/>\n\t<meta name=\"twitter:label2\" content=\"Gesch\u00e4tzte Lesezeit\" \/>\n\t<meta name=\"twitter:data2\" content=\"1\u00a0Minute\" \/>\n<script type=\"application\/ld+json\" class=\"yoast-schema-graph\">{\"@context\":\"https:\/\/schema.org\",\"@graph\":[{\"@type\":\"WebPage\",\"@id\":\"https:\/\/www.naturparkmagazin.de\/am-stettiner-haff\/liebe-leserinen-liebe-leser-3\/\",\"url\":\"https:\/\/www.naturparkmagazin.de\/am-stettiner-haff\/liebe-leserinen-liebe-leser-3\/\",\"name\":\"Liebe Leserin, Lieber Leser, - Naturpark Am Stettiner Haff\",\"isPartOf\":{\"@id\":\"https:\/\/www.naturparkmagazin.de\/am-stettiner-haff\/#website\"},\"datePublished\":\"2014-10-22T09:58:01+00:00\",\"dateModified\":\"2014-10-27T11:58:35+00:00\",\"author\":{\"@id\":\"https:\/\/www.naturparkmagazin.de\/am-stettiner-haff\/#\/schema\/person\/4a7208080dbbfb024d81129b7960c725\"},\"breadcrumb\":{\"@id\":\"https:\/\/www.naturparkmagazin.de\/am-stettiner-haff\/liebe-leserinen-liebe-leser-3\/#breadcrumb\"},\"inLanguage\":\"de\",\"potentialAction\":[{\"@type\":\"ReadAction\",\"target\":[\"https:\/\/www.naturparkmagazin.de\/am-stettiner-haff\/liebe-leserinen-liebe-leser-3\/\"]}]},{\"@type\":\"BreadcrumbList\",\"@id\":\"https:\/\/www.naturparkmagazin.de\/am-stettiner-haff\/liebe-leserinen-liebe-leser-3\/#breadcrumb\",\"itemListElement\":[{\"@type\":\"ListItem\",\"position\":1,\"name\":\"Home\",\"item\":\"https:\/\/www.naturparkmagazin.de\/am-stettiner-haff\/\"},{\"@type\":\"ListItem\",\"position\":2,\"name\":\"Liebe Leserin, Lieber Leser,\"}]},{\"@type\":\"WebSite\",\"@id\":\"https:\/\/www.naturparkmagazin.de\/am-stettiner-haff\/#website\",\"url\":\"https:\/\/www.naturparkmagazin.de\/am-stettiner-haff\/\",\"name\":\"Naturpark Am Stettiner Haff\",\"description\":\"\",\"potentialAction\":[{\"@type\":\"SearchAction\",\"target\":{\"@type\":\"EntryPoint\",\"urlTemplate\":\"https:\/\/www.naturparkmagazin.de\/am-stettiner-haff\/?s={search_term_string}\"},\"query-input\":\"required name=search_term_string\"}],\"inLanguage\":\"de\"},{\"@type\":\"Person\",\"@id\":\"https:\/\/www.naturparkmagazin.de\/am-stettiner-haff\/#\/schema\/person\/4a7208080dbbfb024d81129b7960c725\",\"name\":\"Jochen Elberskirch\",\"sameAs\":[\"http:\/\/www.naturpark-am-stettiner-haff.de\"],\"url\":\"https:\/\/www.naturparkmagazin.de\/am-stettiner-haff\/author\/jochenelberskirch\/\"}]}<\/script>\n<!-- \/ Yoast SEO plugin. -->","yoast_head_json":{"title":"Liebe Leserin, Lieber Leser, - Naturpark Am Stettiner Haff","robots":{"index":"index","follow":"follow","max-snippet":"max-snippet:-1","max-image-preview":"max-image-preview:large","max-video-preview":"max-video-preview:-1"},"canonical":"https:\/\/www.naturparkmagazin.de\/am-stettiner-haff\/liebe-leserinen-liebe-leser-3\/","og_locale":"de_DE","og_type":"article","og_title":"Liebe Leserin, Lieber Leser, - Naturpark Am Stettiner Haff","og_description":"kein anderer Lebensraum pr\u00e4gt unseren\u00a0Naturpark mehr, als\u00a0die weiten, zum gro\u00dfen Teil unzerschnittenen W\u00e4lder. Fast die H\u00e4lfte unseres Naturparkgebietes besteht aus Wald. Auch wenn die W\u00e4lder \u00fcberwiegend forstwirtschaftlich genutzt werden,\u00a0sind diese\u00a0auch Lebensraum f\u00fcr zahlreiche Tiere und Pflanzen. Gleichzeitig werden sie von uns\u00a0gerne zur Erholung genutzt. Ein Waldspaziergang, auch in der k\u00e4lteren Jahreszeit, regt nicht nur unseren","og_url":"https:\/\/www.naturparkmagazin.de\/am-stettiner-haff\/liebe-leserinen-liebe-leser-3\/","og_site_name":"Naturpark Am Stettiner Haff","article_published_time":"2014-10-22T09:58:01+00:00","article_modified_time":"2014-10-27T11:58:35+00:00","author":"Jochen Elberskirch","twitter_misc":{"Verfasst von":"Jochen Elberskirch","Gesch\u00e4tzte Lesezeit":"1\u00a0Minute"},"schema":{"@context":"https:\/\/schema.org","@graph":[{"@type":"WebPage","@id":"https:\/\/www.naturparkmagazin.de\/am-stettiner-haff\/liebe-leserinen-liebe-leser-3\/","url":"https:\/\/www.naturparkmagazin.de\/am-stettiner-haff\/liebe-leserinen-liebe-leser-3\/","name":"Liebe Leserin, Lieber Leser, - Naturpark Am Stettiner Haff","isPartOf":{"@id":"https:\/\/www.naturparkmagazin.de\/am-stettiner-haff\/#website"},"datePublished":"2014-10-22T09:58:01+00:00","dateModified":"2014-10-27T11:58:35+00:00","author":{"@id":"https:\/\/www.naturparkmagazin.de\/am-stettiner-haff\/#\/schema\/person\/4a7208080dbbfb024d81129b7960c725"},"breadcrumb":{"@id":"https:\/\/www.naturparkmagazin.de\/am-stettiner-haff\/liebe-leserinen-liebe-leser-3\/#breadcrumb"},"inLanguage":"de","potentialAction":[{"@type":"ReadAction","target":["https:\/\/www.naturparkmagazin.de\/am-stettiner-haff\/liebe-leserinen-liebe-leser-3\/"]}]},{"@type":"BreadcrumbList","@id":"https:\/\/www.naturparkmagazin.de\/am-stettiner-haff\/liebe-leserinen-liebe-leser-3\/#breadcrumb","itemListElement":[{"@type":"ListItem","position":1,"name":"Home","item":"https:\/\/www.naturparkmagazin.de\/am-stettiner-haff\/"},{"@type":"ListItem","position":2,"name":"Liebe Leserin, Lieber Leser,"}]},{"@type":"WebSite","@id":"https:\/\/www.naturparkmagazin.de\/am-stettiner-haff\/#website","url":"https:\/\/www.naturparkmagazin.de\/am-stettiner-haff\/","name":"Naturpark Am Stettiner Haff","description":"","potentialAction":[{"@type":"SearchAction","target":{"@type":"EntryPoint","urlTemplate":"https:\/\/www.naturparkmagazin.de\/am-stettiner-haff\/?s={search_term_string}"},"query-input":"required name=search_term_string"}],"inLanguage":"de"},{"@type":"Person","@id":"https:\/\/www.naturparkmagazin.de\/am-stettiner-haff\/#\/schema\/person\/4a7208080dbbfb024d81129b7960c725","name":"Jochen Elberskirch","sameAs":["http:\/\/www.naturpark-am-stettiner-haff.de"],"url":"https:\/\/www.naturparkmagazin.de\/am-stettiner-haff\/author\/jochenelberskirch\/"}]}},"_links":{"self":[{"href":"https:\/\/www.naturparkmagazin.de\/am-stettiner-haff\/wp-json\/wp\/v2\/posts\/1081"}],"collection":[{"href":"https:\/\/www.naturparkmagazin.de\/am-stettiner-haff\/wp-json\/wp\/v2\/posts"}],"about":[{"href":"https:\/\/www.naturparkmagazin.de\/am-stettiner-haff\/wp-json\/wp\/v2\/types\/post"}],"author":[{"embeddable":true,"href":"https:\/\/www.naturparkmagazin.de\/am-stettiner-haff\/wp-json\/wp\/v2\/users\/26"}],"replies":[{"embeddable":true,"href":"https:\/\/www.naturparkmagazin.de\/am-stettiner-haff\/wp-json\/wp\/v2\/comments?post=1081"}],"version-history":[{"count":9,"href":"https:\/\/www.naturparkmagazin.de\/am-stettiner-haff\/wp-json\/wp\/v2\/posts\/1081\/revisions"}],"predecessor-version":[{"id":1109,"href":"https:\/\/www.naturparkmagazin.de\/am-stettiner-haff\/wp-json\/wp\/v2\/posts\/1081\/revisions\/1109"}],"wp:attachment":[{"href":"https:\/\/www.naturparkmagazin.de\/am-stettiner-haff\/wp-json\/wp\/v2\/media?parent=1081"}],"wp:term":[{"taxonomy":"category","embeddable":true,"href":"https:\/\/www.naturparkmagazin.de\/am-stettiner-haff\/wp-json\/wp\/v2\/categories?post=1081"},{"taxonomy":"post_tag","embeddable":true,"href":"https:\/\/www.naturparkmagazin.de\/am-stettiner-haff\/wp-json\/wp\/v2\/tags?post=1081"}],"curies":[{"name":"wp","href":"https:\/\/api.w.org\/{rel}","templated":true}]}}