{"id":1113,"date":"2014-11-19T09:40:23","date_gmt":"2014-11-19T08:40:23","guid":{"rendered":"http:\/\/www.naturparkmagazin.de\/am-stettiner-haff\/?p=1113"},"modified":"2014-11-27T11:31:04","modified_gmt":"2014-11-27T10:31:04","slug":"die-naturparkregion-im-ndr-fernsehen","status":"publish","type":"post","link":"https:\/\/www.naturparkmagazin.de\/am-stettiner-haff\/die-naturparkregion-im-ndr-fernsehen\/","title":{"rendered":"Die Naturparkregion im NDR-Fernsehen"},"content":{"rendered":"<p>&#8222;Winterreise ans Stettiner Haff&#8220; &#8211; unter diesem Titel sendet der NDR am Samstag den 20. Dezember 2014 einen ausf\u00fchrlichen Beitrag \u00fcber unsere sch\u00f6ne Naturparkregion. Derzeit ist das Team mit der Redakteurin Elke Bendin unterwegs, um den Beitrag zu produzieren. Man darf gespannt sein,\u00a0 welche sch\u00f6nen Ecken das Team entdecken wird, um dar\u00fcber zu berichten.<\/p>\n<p>Das Ergebnis kann dann am 20. Dezember 2014 um 16:00 Uhr\u00a0in Augenschein genommen werden. Sollte Sie der vorweihnachtliche Stress zu sehr beanspruchen, k\u00f6nnten\u00a0Sie die Wiederholung am 2. Weihnachtsfeiertag um 7:00 Uhr dazu nutzen,\u00a0den Festtag besinnlich zu beginnen.<\/p>\n<div id=\"attachment_1114\" style=\"width: 1138px\" class=\"wp-caption aligncenter\"><a href=\"https:\/\/www.naturparkmagazin.de\/am-stettiner-haff\/wp-content\/uploads\/sites\/29\/Beitragsbild.jpg\"><img aria-describedby=\"caption-attachment-1114\" decoding=\"async\" loading=\"lazy\" class=\"size-full wp-image-1114\" alt=\"Eisberge am Stettiner Haff (Foto: Naturparkarchiv)\" src=\"https:\/\/www.naturparkmagazin.de\/am-stettiner-haff\/wp-content\/uploads\/sites\/29\/Beitragsbild.jpg\" width=\"1128\" height=\"548\" srcset=\"https:\/\/www.naturparkmagazin.de\/am-stettiner-haff\/wp-content\/uploads\/sites\/29\/Beitragsbild.jpg 1128w, https:\/\/www.naturparkmagazin.de\/am-stettiner-haff\/wp-content\/uploads\/sites\/29\/Beitragsbild-300x146.jpg 300w, https:\/\/www.naturparkmagazin.de\/am-stettiner-haff\/wp-content\/uploads\/sites\/29\/Beitragsbild-620x301.jpg 620w, https:\/\/www.naturparkmagazin.de\/am-stettiner-haff\/wp-content\/uploads\/sites\/29\/Beitragsbild-940x457.jpg 940w, https:\/\/www.naturparkmagazin.de\/am-stettiner-haff\/wp-content\/uploads\/sites\/29\/Beitragsbild-670x325.jpg 670w, https:\/\/www.naturparkmagazin.de\/am-stettiner-haff\/wp-content\/uploads\/sites\/29\/Beitragsbild-200x97.jpg 200w\" sizes=\"(max-width: 1128px) 100vw, 1128px\" \/><\/a><p id=\"caption-attachment-1114\" class=\"wp-caption-text\">Eisberge am Stettiner Haff (Foto: Naturparkarchiv)<\/p><\/div>\n<p>&nbsp;<\/p>\n<p>&nbsp;<\/p>\n<p>&nbsp;<\/p>\n","protected":false},"excerpt":{"rendered":"<p>&#8222;Winterreise ans Stettiner Haff&#8220; &#8211; unter diesem Titel sendet der NDR am Samstag den 20. Dezember 2014 einen ausf\u00fchrlichen Beitrag \u00fcber unsere sch\u00f6ne Naturparkregion. <\/p>\n","protected":false},"author":26,"featured_media":1114,"comment_status":"open","ping_status":"open","sticky":false,"template":"","format":"standard","meta":[],"categories":[7],"tags":[],"yoast_head":"<!-- This site is optimized with the Yoast SEO plugin v19.10 - https:\/\/yoast.com\/wordpress\/plugins\/seo\/ -->\n<title>Die Naturparkregion im NDR-Fernsehen - Naturpark Am Stettiner Haff<\/title>\n<meta name=\"robots\" content=\"index, follow, max-snippet:-1, max-image-preview:large, max-video-preview:-1\" \/>\n<link rel=\"canonical\" href=\"https:\/\/www.naturparkmagazin.de\/am-stettiner-haff\/die-naturparkregion-im-ndr-fernsehen\/\" \/>\n<meta property=\"og:locale\" content=\"de_DE\" \/>\n<meta property=\"og:type\" content=\"article\" \/>\n<meta property=\"og:title\" content=\"Die Naturparkregion im NDR-Fernsehen - Naturpark Am Stettiner Haff\" \/>\n<meta property=\"og:description\" content=\"&quot;Winterreise ans Stettiner Haff&quot; - unter diesem Titel sendet der NDR am Samstag den 20. Dezember 2014 einen ausf\u00fchrlichen Beitrag \u00fcber unsere sch\u00f6ne Naturparkregion.\" \/>\n<meta property=\"og:url\" content=\"https:\/\/www.naturparkmagazin.de\/am-stettiner-haff\/die-naturparkregion-im-ndr-fernsehen\/\" \/>\n<meta property=\"og:site_name\" content=\"Naturpark Am Stettiner Haff\" \/>\n<meta property=\"article:published_time\" content=\"2014-11-19T08:40:23+00:00\" \/>\n<meta property=\"article:modified_time\" content=\"2014-11-27T10:31:04+00:00\" \/>\n<meta property=\"og:image\" content=\"https:\/\/www.naturparkmagazin.de\/am-stettiner-haff\/wp-content\/uploads\/sites\/29\/Beitragsbild.jpg\" \/>\n\t<meta property=\"og:image:width\" content=\"1128\" \/>\n\t<meta property=\"og:image:height\" content=\"548\" \/>\n\t<meta property=\"og:image:type\" content=\"image\/jpeg\" \/>\n<meta name=\"author\" content=\"Jochen Elberskirch\" \/>\n<meta name=\"twitter:label1\" content=\"Verfasst von\" \/>\n\t<meta name=\"twitter:data1\" content=\"Jochen Elberskirch\" \/>\n\t<meta name=\"twitter:label2\" content=\"Gesch\u00e4tzte Lesezeit\" \/>\n\t<meta name=\"twitter:data2\" content=\"1\u00a0Minute\" \/>\n<script type=\"application\/ld+json\" class=\"yoast-schema-graph\">{\"@context\":\"https:\/\/schema.org\",\"@graph\":[{\"@type\":\"WebPage\",\"@id\":\"https:\/\/www.naturparkmagazin.de\/am-stettiner-haff\/die-naturparkregion-im-ndr-fernsehen\/\",\"url\":\"https:\/\/www.naturparkmagazin.de\/am-stettiner-haff\/die-naturparkregion-im-ndr-fernsehen\/\",\"name\":\"Die Naturparkregion im NDR-Fernsehen - Naturpark Am Stettiner Haff\",\"isPartOf\":{\"@id\":\"https:\/\/www.naturparkmagazin.de\/am-stettiner-haff\/#website\"},\"datePublished\":\"2014-11-19T08:40:23+00:00\",\"dateModified\":\"2014-11-27T10:31:04+00:00\",\"author\":{\"@id\":\"https:\/\/www.naturparkmagazin.de\/am-stettiner-haff\/#\/schema\/person\/4a7208080dbbfb024d81129b7960c725\"},\"breadcrumb\":{\"@id\":\"https:\/\/www.naturparkmagazin.de\/am-stettiner-haff\/die-naturparkregion-im-ndr-fernsehen\/#breadcrumb\"},\"inLanguage\":\"de\",\"potentialAction\":[{\"@type\":\"ReadAction\",\"target\":[\"https:\/\/www.naturparkmagazin.de\/am-stettiner-haff\/die-naturparkregion-im-ndr-fernsehen\/\"]}]},{\"@type\":\"BreadcrumbList\",\"@id\":\"https:\/\/www.naturparkmagazin.de\/am-stettiner-haff\/die-naturparkregion-im-ndr-fernsehen\/#breadcrumb\",\"itemListElement\":[{\"@type\":\"ListItem\",\"position\":1,\"name\":\"Home\",\"item\":\"https:\/\/www.naturparkmagazin.de\/am-stettiner-haff\/\"},{\"@type\":\"ListItem\",\"position\":2,\"name\":\"Die Naturparkregion im NDR-Fernsehen\"}]},{\"@type\":\"WebSite\",\"@id\":\"https:\/\/www.naturparkmagazin.de\/am-stettiner-haff\/#website\",\"url\":\"https:\/\/www.naturparkmagazin.de\/am-stettiner-haff\/\",\"name\":\"Naturpark Am Stettiner Haff\",\"description\":\"\",\"potentialAction\":[{\"@type\":\"SearchAction\",\"target\":{\"@type\":\"EntryPoint\",\"urlTemplate\":\"https:\/\/www.naturparkmagazin.de\/am-stettiner-haff\/?s={search_term_string}\"},\"query-input\":\"required name=search_term_string\"}],\"inLanguage\":\"de\"},{\"@type\":\"Person\",\"@id\":\"https:\/\/www.naturparkmagazin.de\/am-stettiner-haff\/#\/schema\/person\/4a7208080dbbfb024d81129b7960c725\",\"name\":\"Jochen Elberskirch\",\"sameAs\":[\"http:\/\/www.naturpark-am-stettiner-haff.de\"],\"url\":\"https:\/\/www.naturparkmagazin.de\/am-stettiner-haff\/author\/jochenelberskirch\/\"}]}<\/script>\n<!-- \/ Yoast SEO plugin. -->","yoast_head_json":{"title":"Die Naturparkregion im NDR-Fernsehen - Naturpark Am Stettiner Haff","robots":{"index":"index","follow":"follow","max-snippet":"max-snippet:-1","max-image-preview":"max-image-preview:large","max-video-preview":"max-video-preview:-1"},"canonical":"https:\/\/www.naturparkmagazin.de\/am-stettiner-haff\/die-naturparkregion-im-ndr-fernsehen\/","og_locale":"de_DE","og_type":"article","og_title":"Die Naturparkregion im NDR-Fernsehen - Naturpark Am Stettiner Haff","og_description":"\"Winterreise ans Stettiner Haff\" - unter diesem Titel sendet der NDR am Samstag den 20. Dezember 2014 einen ausf\u00fchrlichen Beitrag \u00fcber unsere sch\u00f6ne Naturparkregion.","og_url":"https:\/\/www.naturparkmagazin.de\/am-stettiner-haff\/die-naturparkregion-im-ndr-fernsehen\/","og_site_name":"Naturpark Am Stettiner Haff","article_published_time":"2014-11-19T08:40:23+00:00","article_modified_time":"2014-11-27T10:31:04+00:00","og_image":[{"width":1128,"height":548,"url":"https:\/\/www.naturparkmagazin.de\/am-stettiner-haff\/wp-content\/uploads\/sites\/29\/Beitragsbild.jpg","type":"image\/jpeg"}],"author":"Jochen Elberskirch","twitter_misc":{"Verfasst von":"Jochen Elberskirch","Gesch\u00e4tzte Lesezeit":"1\u00a0Minute"},"schema":{"@context":"https:\/\/schema.org","@graph":[{"@type":"WebPage","@id":"https:\/\/www.naturparkmagazin.de\/am-stettiner-haff\/die-naturparkregion-im-ndr-fernsehen\/","url":"https:\/\/www.naturparkmagazin.de\/am-stettiner-haff\/die-naturparkregion-im-ndr-fernsehen\/","name":"Die Naturparkregion im NDR-Fernsehen - Naturpark Am Stettiner Haff","isPartOf":{"@id":"https:\/\/www.naturparkmagazin.de\/am-stettiner-haff\/#website"},"datePublished":"2014-11-19T08:40:23+00:00","dateModified":"2014-11-27T10:31:04+00:00","author":{"@id":"https:\/\/www.naturparkmagazin.de\/am-stettiner-haff\/#\/schema\/person\/4a7208080dbbfb024d81129b7960c725"},"breadcrumb":{"@id":"https:\/\/www.naturparkmagazin.de\/am-stettiner-haff\/die-naturparkregion-im-ndr-fernsehen\/#breadcrumb"},"inLanguage":"de","potentialAction":[{"@type":"ReadAction","target":["https:\/\/www.naturparkmagazin.de\/am-stettiner-haff\/die-naturparkregion-im-ndr-fernsehen\/"]}]},{"@type":"BreadcrumbList","@id":"https:\/\/www.naturparkmagazin.de\/am-stettiner-haff\/die-naturparkregion-im-ndr-fernsehen\/#breadcrumb","itemListElement":[{"@type":"ListItem","position":1,"name":"Home","item":"https:\/\/www.naturparkmagazin.de\/am-stettiner-haff\/"},{"@type":"ListItem","position":2,"name":"Die Naturparkregion im NDR-Fernsehen"}]},{"@type":"WebSite","@id":"https:\/\/www.naturparkmagazin.de\/am-stettiner-haff\/#website","url":"https:\/\/www.naturparkmagazin.de\/am-stettiner-haff\/","name":"Naturpark Am Stettiner Haff","description":"","potentialAction":[{"@type":"SearchAction","target":{"@type":"EntryPoint","urlTemplate":"https:\/\/www.naturparkmagazin.de\/am-stettiner-haff\/?s={search_term_string}"},"query-input":"required name=search_term_string"}],"inLanguage":"de"},{"@type":"Person","@id":"https:\/\/www.naturparkmagazin.de\/am-stettiner-haff\/#\/schema\/person\/4a7208080dbbfb024d81129b7960c725","name":"Jochen Elberskirch","sameAs":["http:\/\/www.naturpark-am-stettiner-haff.de"],"url":"https:\/\/www.naturparkmagazin.de\/am-stettiner-haff\/author\/jochenelberskirch\/"}]}},"_links":{"self":[{"href":"https:\/\/www.naturparkmagazin.de\/am-stettiner-haff\/wp-json\/wp\/v2\/posts\/1113"}],"collection":[{"href":"https:\/\/www.naturparkmagazin.de\/am-stettiner-haff\/wp-json\/wp\/v2\/posts"}],"about":[{"href":"https:\/\/www.naturparkmagazin.de\/am-stettiner-haff\/wp-json\/wp\/v2\/types\/post"}],"author":[{"embeddable":true,"href":"https:\/\/www.naturparkmagazin.de\/am-stettiner-haff\/wp-json\/wp\/v2\/users\/26"}],"replies":[{"embeddable":true,"href":"https:\/\/www.naturparkmagazin.de\/am-stettiner-haff\/wp-json\/wp\/v2\/comments?post=1113"}],"version-history":[{"count":7,"href":"https:\/\/www.naturparkmagazin.de\/am-stettiner-haff\/wp-json\/wp\/v2\/posts\/1113\/revisions"}],"predecessor-version":[{"id":1154,"href":"https:\/\/www.naturparkmagazin.de\/am-stettiner-haff\/wp-json\/wp\/v2\/posts\/1113\/revisions\/1154"}],"wp:featuredmedia":[{"embeddable":true,"href":"https:\/\/www.naturparkmagazin.de\/am-stettiner-haff\/wp-json\/wp\/v2\/media\/1114"}],"wp:attachment":[{"href":"https:\/\/www.naturparkmagazin.de\/am-stettiner-haff\/wp-json\/wp\/v2\/media?parent=1113"}],"wp:term":[{"taxonomy":"category","embeddable":true,"href":"https:\/\/www.naturparkmagazin.de\/am-stettiner-haff\/wp-json\/wp\/v2\/categories?post=1113"},{"taxonomy":"post_tag","embeddable":true,"href":"https:\/\/www.naturparkmagazin.de\/am-stettiner-haff\/wp-json\/wp\/v2\/tags?post=1113"}],"curies":[{"name":"wp","href":"https:\/\/api.w.org\/{rel}","templated":true}]}}