{"id":1122,"date":"2014-11-19T09:25:31","date_gmt":"2014-11-19T08:25:31","guid":{"rendered":"http:\/\/www.naturparkmagazin.de\/am-stettiner-haff\/?p=1122"},"modified":"2014-11-27T11:37:46","modified_gmt":"2014-11-27T10:37:46","slug":"dezember-zeit-der-weihnachtsmaerkte","status":"publish","type":"post","link":"https:\/\/www.naturparkmagazin.de\/am-stettiner-haff\/dezember-zeit-der-weihnachtsmaerkte\/","title":{"rendered":"Dezember &#8211; Zeit der Weihnachtsm\u00e4rkte"},"content":{"rendered":"<div id=\"attachment_1140\" style=\"width: 630px\" class=\"wp-caption aligncenter\"><a href=\"https:\/\/www.naturparkmagazin.de\/am-stettiner-haff\/wp-content\/uploads\/sites\/29\/Weihnachtliche_Blaubeescheune.jpg\"><img aria-describedby=\"caption-attachment-1140\" decoding=\"async\" loading=\"lazy\" class=\"size-medium wp-image-1140\" alt=\"weihnachtlich geschm\u00fcckte Blaubeerscheune Eggesin (Foto: Naturpark-F\u00f6rderverein)\" src=\"https:\/\/www.naturparkmagazin.de\/am-stettiner-haff\/wp-content\/uploads\/sites\/29\/Weihnachtliche_Blaubeescheune-620x465.jpg\" width=\"620\" height=\"465\" srcset=\"https:\/\/www.naturparkmagazin.de\/am-stettiner-haff\/wp-content\/uploads\/sites\/29\/Weihnachtliche_Blaubeescheune-620x465.jpg 620w, https:\/\/www.naturparkmagazin.de\/am-stettiner-haff\/wp-content\/uploads\/sites\/29\/Weihnachtliche_Blaubeescheune-300x225.jpg 300w, https:\/\/www.naturparkmagazin.de\/am-stettiner-haff\/wp-content\/uploads\/sites\/29\/Weihnachtliche_Blaubeescheune-940x705.jpg 940w, https:\/\/www.naturparkmagazin.de\/am-stettiner-haff\/wp-content\/uploads\/sites\/29\/Weihnachtliche_Blaubeescheune-580x435.jpg 580w, https:\/\/www.naturparkmagazin.de\/am-stettiner-haff\/wp-content\/uploads\/sites\/29\/Weihnachtliche_Blaubeescheune-420x315.jpg 420w, https:\/\/www.naturparkmagazin.de\/am-stettiner-haff\/wp-content\/uploads\/sites\/29\/Weihnachtliche_Blaubeescheune-180x135.jpg 180w, https:\/\/www.naturparkmagazin.de\/am-stettiner-haff\/wp-content\/uploads\/sites\/29\/Weihnachtliche_Blaubeescheune-95x71.jpg 95w, https:\/\/www.naturparkmagazin.de\/am-stettiner-haff\/wp-content\/uploads\/sites\/29\/Weihnachtliche_Blaubeescheune-670x503.jpg 670w, https:\/\/www.naturparkmagazin.de\/am-stettiner-haff\/wp-content\/uploads\/sites\/29\/Weihnachtliche_Blaubeescheune-200x150.jpg 200w, https:\/\/www.naturparkmagazin.de\/am-stettiner-haff\/wp-content\/uploads\/sites\/29\/Weihnachtliche_Blaubeescheune.jpg 1536w\" sizes=\"(max-width: 620px) 100vw, 620px\" \/><\/a><p id=\"caption-attachment-1140\" class=\"wp-caption-text\">weihnachtlich geschm\u00fcckte Blaubeerscheune Eggesin (Foto: Naturpark-F\u00f6rderverein)<\/p><\/div>\n<p>&nbsp;<\/p>\n<p>Erfahrungsgem\u00e4\u00df ist die Vorweihnachtszeit eine der anstrengendsten Zeiten des Jahres. Termine \u00fcber Termine bestimmen den Tagesablauf. Hinzu kommt die Gewissheit, dass Weihnachten immer n\u00e4her r\u00fcckt und noch so viel vorzubereiten und zu organisieren ist&#8230;<\/p>\n<p>Dennoch ist doch die Adventszeit auch eine der sch\u00f6nsten und intensivsten Abschnitte des Jahres. Festlich geschm\u00fcckte H\u00e4user und G\u00e4rten bestimmen das Bild und die\u00a0St\u00e4dte und Gemeinden unserer Naturparkregion laden\u00a0wieder zum Adventssingen oder zum Adventskonzert ein. Hinzu kommen zahlreiche Weihnachtsm\u00e4rkt mit ganz unterschiedlicher Ausrichtung, jeder auf seine Art bezaubernd. Also viele gute Gr\u00fcnde\u00a0den Vorweihnachtsstress einfach Vorweihnachtsstress sein zu lassen und die Adventszeit einfach auch mal zu genie\u00dfen. Eine kleine Auswahl der vorweihnachtlichen Aktivit\u00e4ten sei Ihnen an dieser Stelle empfohlen:<\/p>\n<ul>\n<li>29.11.2014 Brennholzfest in Eggesin &#8211; der etwas andere Weihnachtsmarkt<\/li>\n<li>29.11.2014 M\u00fchlenweihnacht &#8211; Motorm\u00fchle L\u00fcbs<\/li>\n<li>29.11.2014\u00a0Adventsmarkt, Burg L\u00f6cknitz (11.00 Uhr)<\/li>\n<li>29.11.20142. Adventssingen, Lebehner Dorfanger ( 17.00 Uhr )<\/li>\n<li>30.11.2014 Weihnachtsmarkt in Meiersberg<\/li>\n<li>05.12.2014 Weihnachtskonzert mit dem Corona-Ensemble in der St. Marienkirche Ueckerm\u00fcnde (19:00 Uhr)<\/li>\n<li>06.12.2014 Adventsmarkt &#8211; Hafen Altwarp<\/li>\n<li>06.12.2014 Tierische Weihnachten mit dem Nikolaus im Tierpark Ueckerm\u00fcnde<\/li>\n<li>06.12.2014 Weihnachtsmarkt Boock (13.00 Uhr )<\/li>\n<li>6. + 7.12.2014 Torgelower Weihnachtsmarkt<\/li>\n<li>07.12.2014 Weihnachtskonzert &#8211; St.Petri-Kirche M\u00f6nkebude<\/li>\n<li>10.12.204 Weihnachts-Kammerkonzert in der Aula der Regionalen Schule Ueckerm\u00fcnde (18:00 Uhr)<\/li>\n<li>10.12.2014 Weihnachtskonzert mit dem Brandenburgischen Konzertorchester &#8211; Ueckersaal Torgelow (19:30 Uhr)<\/li>\n<li>13.12.2014 Weihnachtskonzert im Greifen-Gymnasium Ueckerm\u00fcnde (17:00Uhr)<\/li>\n<li>13.12.2014 Weihnachtsmarkt &#8211; Liepgarten<\/li>\n<li>16. + 17.12.2014 Weihnachtskonzert &#8211; Martin-Luther-Kirche Eggesin<\/li>\n<li>18.12.2014 Weihnachtsfeier mit Adventsmarkt &#8211; Ahlbeck<\/li>\n<li>21.12.2014 Weihnachtsmarkt &#8211; Kirche M\u00f6nkebude<\/li>\n<li>20. + 21.12.2014 14. Ueckerm\u00fcnder Weihnachtsmarkt<\/li>\n<\/ul>\n","protected":false},"excerpt":{"rendered":"<p>Erfahrungsgem\u00e4\u00df ist die Vorweihnachtszeit eine der anstrengendsten Zeiten des Jahres. Termine \u00fcber Termine bestimmen den Tagesablauf. Hinzu kommt die Gewissheit, dass Weihnachten immer n\u00e4her r\u00fcckt und noch so viel vorzubereiten und zu organisieren ist&#8230;\nDennoch ist doch die Adventszeit auch eine der sch\u00f6nsten und intensivsten Abschnitte des Jahres. <\/p>\n","protected":false},"author":26,"featured_media":1157,"comment_status":"open","ping_status":"open","sticky":false,"template":"","format":"standard","meta":[],"categories":[11],"tags":[],"yoast_head":"<!-- This site is optimized with the Yoast SEO plugin v19.10 - https:\/\/yoast.com\/wordpress\/plugins\/seo\/ -->\n<title>Dezember - Zeit der Weihnachtsm\u00e4rkte - Naturpark Am Stettiner Haff<\/title>\n<meta name=\"robots\" content=\"index, follow, max-snippet:-1, max-image-preview:large, max-video-preview:-1\" \/>\n<link rel=\"canonical\" href=\"https:\/\/www.naturparkmagazin.de\/am-stettiner-haff\/dezember-zeit-der-weihnachtsmaerkte\/\" \/>\n<meta property=\"og:locale\" content=\"de_DE\" \/>\n<meta property=\"og:type\" content=\"article\" \/>\n<meta property=\"og:title\" content=\"Dezember - Zeit der Weihnachtsm\u00e4rkte - Naturpark Am Stettiner Haff\" \/>\n<meta property=\"og:description\" content=\"Erfahrungsgem\u00e4\u00df ist die Vorweihnachtszeit eine der anstrengendsten Zeiten des Jahres. Termine \u00fcber Termine bestimmen den Tagesablauf. Hinzu kommt die Gewissheit, dass Weihnachten immer n\u00e4her r\u00fcckt und noch so viel vorzubereiten und zu organisieren ist... Dennoch ist doch die Adventszeit auch eine der sch\u00f6nsten und intensivsten Abschnitte des Jahres.\" \/>\n<meta property=\"og:url\" content=\"https:\/\/www.naturparkmagazin.de\/am-stettiner-haff\/dezember-zeit-der-weihnachtsmaerkte\/\" \/>\n<meta property=\"og:site_name\" content=\"Naturpark Am Stettiner Haff\" \/>\n<meta property=\"article:published_time\" content=\"2014-11-19T08:25:31+00:00\" \/>\n<meta property=\"article:modified_time\" content=\"2014-11-27T10:37:46+00:00\" \/>\n<meta property=\"og:image\" content=\"https:\/\/www.naturparkmagazin.de\/am-stettiner-haff\/wp-content\/uploads\/sites\/29\/StettinerHaff.jpg\" \/>\n\t<meta property=\"og:image:width\" content=\"180\" \/>\n\t<meta property=\"og:image:height\" content=\"135\" \/>\n\t<meta property=\"og:image:type\" content=\"image\/jpeg\" \/>\n<meta name=\"author\" content=\"Jochen Elberskirch\" \/>\n<meta name=\"twitter:label1\" content=\"Verfasst von\" \/>\n\t<meta name=\"twitter:data1\" content=\"Jochen Elberskirch\" \/>\n\t<meta name=\"twitter:label2\" content=\"Gesch\u00e4tzte Lesezeit\" \/>\n\t<meta name=\"twitter:data2\" content=\"1\u00a0Minute\" \/>\n<script type=\"application\/ld+json\" class=\"yoast-schema-graph\">{\"@context\":\"https:\/\/schema.org\",\"@graph\":[{\"@type\":\"WebPage\",\"@id\":\"https:\/\/www.naturparkmagazin.de\/am-stettiner-haff\/dezember-zeit-der-weihnachtsmaerkte\/\",\"url\":\"https:\/\/www.naturparkmagazin.de\/am-stettiner-haff\/dezember-zeit-der-weihnachtsmaerkte\/\",\"name\":\"Dezember - Zeit der Weihnachtsm\u00e4rkte - Naturpark Am Stettiner Haff\",\"isPartOf\":{\"@id\":\"https:\/\/www.naturparkmagazin.de\/am-stettiner-haff\/#website\"},\"datePublished\":\"2014-11-19T08:25:31+00:00\",\"dateModified\":\"2014-11-27T10:37:46+00:00\",\"author\":{\"@id\":\"https:\/\/www.naturparkmagazin.de\/am-stettiner-haff\/#\/schema\/person\/4a7208080dbbfb024d81129b7960c725\"},\"breadcrumb\":{\"@id\":\"https:\/\/www.naturparkmagazin.de\/am-stettiner-haff\/dezember-zeit-der-weihnachtsmaerkte\/#breadcrumb\"},\"inLanguage\":\"de\",\"potentialAction\":[{\"@type\":\"ReadAction\",\"target\":[\"https:\/\/www.naturparkmagazin.de\/am-stettiner-haff\/dezember-zeit-der-weihnachtsmaerkte\/\"]}]},{\"@type\":\"BreadcrumbList\",\"@id\":\"https:\/\/www.naturparkmagazin.de\/am-stettiner-haff\/dezember-zeit-der-weihnachtsmaerkte\/#breadcrumb\",\"itemListElement\":[{\"@type\":\"ListItem\",\"position\":1,\"name\":\"Home\",\"item\":\"https:\/\/www.naturparkmagazin.de\/am-stettiner-haff\/\"},{\"@type\":\"ListItem\",\"position\":2,\"name\":\"Dezember &#8211; Zeit der Weihnachtsm\u00e4rkte\"}]},{\"@type\":\"WebSite\",\"@id\":\"https:\/\/www.naturparkmagazin.de\/am-stettiner-haff\/#website\",\"url\":\"https:\/\/www.naturparkmagazin.de\/am-stettiner-haff\/\",\"name\":\"Naturpark Am Stettiner Haff\",\"description\":\"\",\"potentialAction\":[{\"@type\":\"SearchAction\",\"target\":{\"@type\":\"EntryPoint\",\"urlTemplate\":\"https:\/\/www.naturparkmagazin.de\/am-stettiner-haff\/?s={search_term_string}\"},\"query-input\":\"required name=search_term_string\"}],\"inLanguage\":\"de\"},{\"@type\":\"Person\",\"@id\":\"https:\/\/www.naturparkmagazin.de\/am-stettiner-haff\/#\/schema\/person\/4a7208080dbbfb024d81129b7960c725\",\"name\":\"Jochen Elberskirch\",\"sameAs\":[\"http:\/\/www.naturpark-am-stettiner-haff.de\"],\"url\":\"https:\/\/www.naturparkmagazin.de\/am-stettiner-haff\/author\/jochenelberskirch\/\"}]}<\/script>\n<!-- \/ Yoast SEO plugin. -->","yoast_head_json":{"title":"Dezember - Zeit der Weihnachtsm\u00e4rkte - Naturpark Am Stettiner Haff","robots":{"index":"index","follow":"follow","max-snippet":"max-snippet:-1","max-image-preview":"max-image-preview:large","max-video-preview":"max-video-preview:-1"},"canonical":"https:\/\/www.naturparkmagazin.de\/am-stettiner-haff\/dezember-zeit-der-weihnachtsmaerkte\/","og_locale":"de_DE","og_type":"article","og_title":"Dezember - Zeit der Weihnachtsm\u00e4rkte - Naturpark Am Stettiner Haff","og_description":"Erfahrungsgem\u00e4\u00df ist die Vorweihnachtszeit eine der anstrengendsten Zeiten des Jahres. Termine \u00fcber Termine bestimmen den Tagesablauf. Hinzu kommt die Gewissheit, dass Weihnachten immer n\u00e4her r\u00fcckt und noch so viel vorzubereiten und zu organisieren ist... Dennoch ist doch die Adventszeit auch eine der sch\u00f6nsten und intensivsten Abschnitte des Jahres.","og_url":"https:\/\/www.naturparkmagazin.de\/am-stettiner-haff\/dezember-zeit-der-weihnachtsmaerkte\/","og_site_name":"Naturpark Am Stettiner Haff","article_published_time":"2014-11-19T08:25:31+00:00","article_modified_time":"2014-11-27T10:37:46+00:00","og_image":[{"width":180,"height":135,"url":"https:\/\/www.naturparkmagazin.de\/am-stettiner-haff\/wp-content\/uploads\/sites\/29\/StettinerHaff.jpg","type":"image\/jpeg"}],"author":"Jochen Elberskirch","twitter_misc":{"Verfasst von":"Jochen Elberskirch","Gesch\u00e4tzte Lesezeit":"1\u00a0Minute"},"schema":{"@context":"https:\/\/schema.org","@graph":[{"@type":"WebPage","@id":"https:\/\/www.naturparkmagazin.de\/am-stettiner-haff\/dezember-zeit-der-weihnachtsmaerkte\/","url":"https:\/\/www.naturparkmagazin.de\/am-stettiner-haff\/dezember-zeit-der-weihnachtsmaerkte\/","name":"Dezember - Zeit der Weihnachtsm\u00e4rkte - Naturpark Am Stettiner Haff","isPartOf":{"@id":"https:\/\/www.naturparkmagazin.de\/am-stettiner-haff\/#website"},"datePublished":"2014-11-19T08:25:31+00:00","dateModified":"2014-11-27T10:37:46+00:00","author":{"@id":"https:\/\/www.naturparkmagazin.de\/am-stettiner-haff\/#\/schema\/person\/4a7208080dbbfb024d81129b7960c725"},"breadcrumb":{"@id":"https:\/\/www.naturparkmagazin.de\/am-stettiner-haff\/dezember-zeit-der-weihnachtsmaerkte\/#breadcrumb"},"inLanguage":"de","potentialAction":[{"@type":"ReadAction","target":["https:\/\/www.naturparkmagazin.de\/am-stettiner-haff\/dezember-zeit-der-weihnachtsmaerkte\/"]}]},{"@type":"BreadcrumbList","@id":"https:\/\/www.naturparkmagazin.de\/am-stettiner-haff\/dezember-zeit-der-weihnachtsmaerkte\/#breadcrumb","itemListElement":[{"@type":"ListItem","position":1,"name":"Home","item":"https:\/\/www.naturparkmagazin.de\/am-stettiner-haff\/"},{"@type":"ListItem","position":2,"name":"Dezember &#8211; Zeit der Weihnachtsm\u00e4rkte"}]},{"@type":"WebSite","@id":"https:\/\/www.naturparkmagazin.de\/am-stettiner-haff\/#website","url":"https:\/\/www.naturparkmagazin.de\/am-stettiner-haff\/","name":"Naturpark Am Stettiner Haff","description":"","potentialAction":[{"@type":"SearchAction","target":{"@type":"EntryPoint","urlTemplate":"https:\/\/www.naturparkmagazin.de\/am-stettiner-haff\/?s={search_term_string}"},"query-input":"required name=search_term_string"}],"inLanguage":"de"},{"@type":"Person","@id":"https:\/\/www.naturparkmagazin.de\/am-stettiner-haff\/#\/schema\/person\/4a7208080dbbfb024d81129b7960c725","name":"Jochen Elberskirch","sameAs":["http:\/\/www.naturpark-am-stettiner-haff.de"],"url":"https:\/\/www.naturparkmagazin.de\/am-stettiner-haff\/author\/jochenelberskirch\/"}]}},"_links":{"self":[{"href":"https:\/\/www.naturparkmagazin.de\/am-stettiner-haff\/wp-json\/wp\/v2\/posts\/1122"}],"collection":[{"href":"https:\/\/www.naturparkmagazin.de\/am-stettiner-haff\/wp-json\/wp\/v2\/posts"}],"about":[{"href":"https:\/\/www.naturparkmagazin.de\/am-stettiner-haff\/wp-json\/wp\/v2\/types\/post"}],"author":[{"embeddable":true,"href":"https:\/\/www.naturparkmagazin.de\/am-stettiner-haff\/wp-json\/wp\/v2\/users\/26"}],"replies":[{"embeddable":true,"href":"https:\/\/www.naturparkmagazin.de\/am-stettiner-haff\/wp-json\/wp\/v2\/comments?post=1122"}],"version-history":[{"count":9,"href":"https:\/\/www.naturparkmagazin.de\/am-stettiner-haff\/wp-json\/wp\/v2\/posts\/1122\/revisions"}],"predecessor-version":[{"id":1156,"href":"https:\/\/www.naturparkmagazin.de\/am-stettiner-haff\/wp-json\/wp\/v2\/posts\/1122\/revisions\/1156"}],"wp:featuredmedia":[{"embeddable":true,"href":"https:\/\/www.naturparkmagazin.de\/am-stettiner-haff\/wp-json\/wp\/v2\/media\/1157"}],"wp:attachment":[{"href":"https:\/\/www.naturparkmagazin.de\/am-stettiner-haff\/wp-json\/wp\/v2\/media?parent=1122"}],"wp:term":[{"taxonomy":"category","embeddable":true,"href":"https:\/\/www.naturparkmagazin.de\/am-stettiner-haff\/wp-json\/wp\/v2\/categories?post=1122"},{"taxonomy":"post_tag","embeddable":true,"href":"https:\/\/www.naturparkmagazin.de\/am-stettiner-haff\/wp-json\/wp\/v2\/tags?post=1122"}],"curies":[{"name":"wp","href":"https:\/\/api.w.org\/{rel}","templated":true}]}}