{"id":1128,"date":"2014-11-19T09:27:14","date_gmt":"2014-11-19T08:27:14","guid":{"rendered":"http:\/\/www.naturparkmagazin.de\/am-stettiner-haff\/?p=1128"},"modified":"2014-11-27T11:32:25","modified_gmt":"2014-11-27T10:32:25","slug":"liebe-leser","status":"publish","type":"post","link":"https:\/\/www.naturparkmagazin.de\/am-stettiner-haff\/liebe-leser\/","title":{"rendered":"Liebe Leser,"},"content":{"rendered":"<p>das Jahr 2014 neigt sich schon dem Ende zu und viele Gedanken bewegen sich rund um die Feierlichkeiten, die mit dem Jahresende einhergehen. Dennoch sollten Sie es nicht vers\u00e4umen, sich auch der besinnlichen Seite der Vorweihnachtszeit zu widmen und gemeinsam mit Ihren Lieben etwas Sch\u00f6nes zu unternehmen. Vielleicht k\u00f6nnte ja der Besuch einer der zahlreichen Weihnachtsm\u00e4rkte in der Naturparkregion dazugeh\u00f6ren. Neben einer Auswahl von Weihnachtsm\u00e4rkten finden Sie in der aktuellen Ausgabe des Naturpark-Magazins auch einen aktuellen Programmhinweis.<\/p>\n<p>Viel Spa\u00df beim Lesen und vor allem eine besinnliche und m\u00f6glichst stressfreie Adventszeit und ein tolles Weihnachtsfest sowie einen guten Start ins neue Jahr w\u00fcnscht Ihnen<\/p>\n<p>&nbsp;<\/p>\n<p>Jochen Elberskirch\nLeiter des Naturparks Am Stettiner Haff<\/p>\n<p>&nbsp;<\/p>\n","protected":false},"excerpt":{"rendered":"<p>das Jahr 2014 neigt sich schon dem Ende zu und viele Gedanken bewegen sich rund um die Feierlichkeiten, die mit dem Jahresende einhergehen. Dennoch sollten Sie es nicht vers\u00e4umen, sich auch der besinnlichen Seite der Vorweihnachtszeit zu widmen und gemeinsam mit Ihren Lieben etwas Sch\u00f6nes zu unternehmen. Vielleicht k\u00f6nnte ja der Besuch einer der zahlreichen<\/p>\n","protected":false},"author":26,"featured_media":0,"comment_status":"open","ping_status":"open","sticky":false,"template":"","format":"standard","meta":[],"categories":[52],"tags":[],"yoast_head":"<!-- This site is optimized with the Yoast SEO plugin v19.10 - https:\/\/yoast.com\/wordpress\/plugins\/seo\/ -->\n<title>Liebe Leser, - Naturpark Am Stettiner Haff<\/title>\n<meta name=\"robots\" content=\"index, follow, max-snippet:-1, max-image-preview:large, max-video-preview:-1\" \/>\n<link rel=\"canonical\" href=\"https:\/\/www.naturparkmagazin.de\/am-stettiner-haff\/liebe-leser\/\" \/>\n<meta property=\"og:locale\" content=\"de_DE\" \/>\n<meta property=\"og:type\" content=\"article\" \/>\n<meta property=\"og:title\" content=\"Liebe Leser, - Naturpark Am Stettiner Haff\" \/>\n<meta property=\"og:description\" content=\"das Jahr 2014 neigt sich schon dem Ende zu und viele Gedanken bewegen sich rund um die Feierlichkeiten, die mit dem Jahresende einhergehen. Dennoch sollten Sie es nicht vers\u00e4umen, sich auch der besinnlichen Seite der Vorweihnachtszeit zu widmen und gemeinsam mit Ihren Lieben etwas Sch\u00f6nes zu unternehmen. Vielleicht k\u00f6nnte ja der Besuch einer der zahlreichen\" \/>\n<meta property=\"og:url\" content=\"https:\/\/www.naturparkmagazin.de\/am-stettiner-haff\/liebe-leser\/\" \/>\n<meta property=\"og:site_name\" content=\"Naturpark Am Stettiner Haff\" \/>\n<meta property=\"article:published_time\" content=\"2014-11-19T08:27:14+00:00\" \/>\n<meta property=\"article:modified_time\" content=\"2014-11-27T10:32:25+00:00\" \/>\n<meta name=\"author\" content=\"Jochen Elberskirch\" \/>\n<meta name=\"twitter:label1\" content=\"Verfasst von\" \/>\n\t<meta name=\"twitter:data1\" content=\"Jochen Elberskirch\" \/>\n\t<meta name=\"twitter:label2\" content=\"Gesch\u00e4tzte Lesezeit\" \/>\n\t<meta name=\"twitter:data2\" content=\"1\u00a0Minute\" \/>\n<script type=\"application\/ld+json\" class=\"yoast-schema-graph\">{\"@context\":\"https:\/\/schema.org\",\"@graph\":[{\"@type\":\"WebPage\",\"@id\":\"https:\/\/www.naturparkmagazin.de\/am-stettiner-haff\/liebe-leser\/\",\"url\":\"https:\/\/www.naturparkmagazin.de\/am-stettiner-haff\/liebe-leser\/\",\"name\":\"Liebe Leser, - Naturpark Am Stettiner Haff\",\"isPartOf\":{\"@id\":\"https:\/\/www.naturparkmagazin.de\/am-stettiner-haff\/#website\"},\"datePublished\":\"2014-11-19T08:27:14+00:00\",\"dateModified\":\"2014-11-27T10:32:25+00:00\",\"author\":{\"@id\":\"https:\/\/www.naturparkmagazin.de\/am-stettiner-haff\/#\/schema\/person\/4a7208080dbbfb024d81129b7960c725\"},\"breadcrumb\":{\"@id\":\"https:\/\/www.naturparkmagazin.de\/am-stettiner-haff\/liebe-leser\/#breadcrumb\"},\"inLanguage\":\"de\",\"potentialAction\":[{\"@type\":\"ReadAction\",\"target\":[\"https:\/\/www.naturparkmagazin.de\/am-stettiner-haff\/liebe-leser\/\"]}]},{\"@type\":\"BreadcrumbList\",\"@id\":\"https:\/\/www.naturparkmagazin.de\/am-stettiner-haff\/liebe-leser\/#breadcrumb\",\"itemListElement\":[{\"@type\":\"ListItem\",\"position\":1,\"name\":\"Home\",\"item\":\"https:\/\/www.naturparkmagazin.de\/am-stettiner-haff\/\"},{\"@type\":\"ListItem\",\"position\":2,\"name\":\"Liebe Leser,\"}]},{\"@type\":\"WebSite\",\"@id\":\"https:\/\/www.naturparkmagazin.de\/am-stettiner-haff\/#website\",\"url\":\"https:\/\/www.naturparkmagazin.de\/am-stettiner-haff\/\",\"name\":\"Naturpark Am Stettiner Haff\",\"description\":\"\",\"potentialAction\":[{\"@type\":\"SearchAction\",\"target\":{\"@type\":\"EntryPoint\",\"urlTemplate\":\"https:\/\/www.naturparkmagazin.de\/am-stettiner-haff\/?s={search_term_string}\"},\"query-input\":\"required name=search_term_string\"}],\"inLanguage\":\"de\"},{\"@type\":\"Person\",\"@id\":\"https:\/\/www.naturparkmagazin.de\/am-stettiner-haff\/#\/schema\/person\/4a7208080dbbfb024d81129b7960c725\",\"name\":\"Jochen Elberskirch\",\"sameAs\":[\"http:\/\/www.naturpark-am-stettiner-haff.de\"],\"url\":\"https:\/\/www.naturparkmagazin.de\/am-stettiner-haff\/author\/jochenelberskirch\/\"}]}<\/script>\n<!-- \/ Yoast SEO plugin. -->","yoast_head_json":{"title":"Liebe Leser, - Naturpark Am Stettiner Haff","robots":{"index":"index","follow":"follow","max-snippet":"max-snippet:-1","max-image-preview":"max-image-preview:large","max-video-preview":"max-video-preview:-1"},"canonical":"https:\/\/www.naturparkmagazin.de\/am-stettiner-haff\/liebe-leser\/","og_locale":"de_DE","og_type":"article","og_title":"Liebe Leser, - Naturpark Am Stettiner Haff","og_description":"das Jahr 2014 neigt sich schon dem Ende zu und viele Gedanken bewegen sich rund um die Feierlichkeiten, die mit dem Jahresende einhergehen. Dennoch sollten Sie es nicht vers\u00e4umen, sich auch der besinnlichen Seite der Vorweihnachtszeit zu widmen und gemeinsam mit Ihren Lieben etwas Sch\u00f6nes zu unternehmen. Vielleicht k\u00f6nnte ja der Besuch einer der zahlreichen","og_url":"https:\/\/www.naturparkmagazin.de\/am-stettiner-haff\/liebe-leser\/","og_site_name":"Naturpark Am Stettiner Haff","article_published_time":"2014-11-19T08:27:14+00:00","article_modified_time":"2014-11-27T10:32:25+00:00","author":"Jochen Elberskirch","twitter_misc":{"Verfasst von":"Jochen Elberskirch","Gesch\u00e4tzte Lesezeit":"1\u00a0Minute"},"schema":{"@context":"https:\/\/schema.org","@graph":[{"@type":"WebPage","@id":"https:\/\/www.naturparkmagazin.de\/am-stettiner-haff\/liebe-leser\/","url":"https:\/\/www.naturparkmagazin.de\/am-stettiner-haff\/liebe-leser\/","name":"Liebe Leser, - Naturpark Am Stettiner Haff","isPartOf":{"@id":"https:\/\/www.naturparkmagazin.de\/am-stettiner-haff\/#website"},"datePublished":"2014-11-19T08:27:14+00:00","dateModified":"2014-11-27T10:32:25+00:00","author":{"@id":"https:\/\/www.naturparkmagazin.de\/am-stettiner-haff\/#\/schema\/person\/4a7208080dbbfb024d81129b7960c725"},"breadcrumb":{"@id":"https:\/\/www.naturparkmagazin.de\/am-stettiner-haff\/liebe-leser\/#breadcrumb"},"inLanguage":"de","potentialAction":[{"@type":"ReadAction","target":["https:\/\/www.naturparkmagazin.de\/am-stettiner-haff\/liebe-leser\/"]}]},{"@type":"BreadcrumbList","@id":"https:\/\/www.naturparkmagazin.de\/am-stettiner-haff\/liebe-leser\/#breadcrumb","itemListElement":[{"@type":"ListItem","position":1,"name":"Home","item":"https:\/\/www.naturparkmagazin.de\/am-stettiner-haff\/"},{"@type":"ListItem","position":2,"name":"Liebe Leser,"}]},{"@type":"WebSite","@id":"https:\/\/www.naturparkmagazin.de\/am-stettiner-haff\/#website","url":"https:\/\/www.naturparkmagazin.de\/am-stettiner-haff\/","name":"Naturpark Am Stettiner Haff","description":"","potentialAction":[{"@type":"SearchAction","target":{"@type":"EntryPoint","urlTemplate":"https:\/\/www.naturparkmagazin.de\/am-stettiner-haff\/?s={search_term_string}"},"query-input":"required name=search_term_string"}],"inLanguage":"de"},{"@type":"Person","@id":"https:\/\/www.naturparkmagazin.de\/am-stettiner-haff\/#\/schema\/person\/4a7208080dbbfb024d81129b7960c725","name":"Jochen Elberskirch","sameAs":["http:\/\/www.naturpark-am-stettiner-haff.de"],"url":"https:\/\/www.naturparkmagazin.de\/am-stettiner-haff\/author\/jochenelberskirch\/"}]}},"_links":{"self":[{"href":"https:\/\/www.naturparkmagazin.de\/am-stettiner-haff\/wp-json\/wp\/v2\/posts\/1128"}],"collection":[{"href":"https:\/\/www.naturparkmagazin.de\/am-stettiner-haff\/wp-json\/wp\/v2\/posts"}],"about":[{"href":"https:\/\/www.naturparkmagazin.de\/am-stettiner-haff\/wp-json\/wp\/v2\/types\/post"}],"author":[{"embeddable":true,"href":"https:\/\/www.naturparkmagazin.de\/am-stettiner-haff\/wp-json\/wp\/v2\/users\/26"}],"replies":[{"embeddable":true,"href":"https:\/\/www.naturparkmagazin.de\/am-stettiner-haff\/wp-json\/wp\/v2\/comments?post=1128"}],"version-history":[{"count":5,"href":"https:\/\/www.naturparkmagazin.de\/am-stettiner-haff\/wp-json\/wp\/v2\/posts\/1128\/revisions"}],"predecessor-version":[{"id":1155,"href":"https:\/\/www.naturparkmagazin.de\/am-stettiner-haff\/wp-json\/wp\/v2\/posts\/1128\/revisions\/1155"}],"wp:attachment":[{"href":"https:\/\/www.naturparkmagazin.de\/am-stettiner-haff\/wp-json\/wp\/v2\/media?parent=1128"}],"wp:term":[{"taxonomy":"category","embeddable":true,"href":"https:\/\/www.naturparkmagazin.de\/am-stettiner-haff\/wp-json\/wp\/v2\/categories?post=1128"},{"taxonomy":"post_tag","embeddable":true,"href":"https:\/\/www.naturparkmagazin.de\/am-stettiner-haff\/wp-json\/wp\/v2\/tags?post=1128"}],"curies":[{"name":"wp","href":"https:\/\/api.w.org\/{rel}","templated":true}]}}