{"id":1166,"date":"2014-12-15T11:07:02","date_gmt":"2014-12-15T10:07:02","guid":{"rendered":"http:\/\/www.naturparkmagazin.de\/am-stettiner-haff\/?p=1166"},"modified":"2014-12-18T12:12:37","modified_gmt":"2014-12-18T11:12:37","slug":"natur-und-landschaftspark-ohne-grenzen","status":"publish","type":"post","link":"https:\/\/www.naturparkmagazin.de\/am-stettiner-haff\/natur-und-landschaftspark-ohne-grenzen\/","title":{"rendered":"Natur- und Landschaftsparke ohne Grenzen"},"content":{"rendered":"<p>Zum 4. Dezember 2014 hatte die Direktorin der\u00a0Verwaltung der Landschaftsschutzparke der Wojewodschaft Westpommerns, Frau Dorota Janicka\u00a0in die Bibliothek Stettin eingeladen, um das Ergebnis eines grenz\u00fcberschreitenden Projektes zu pr\u00e4sentieren. Im Beisein des Vizemarschalls der Wojewodschaft Westpommerns, <span style=\"font-size: small\">Herr Jaroslaw Rzepa und des Direktors des Landesamtes f\u00fcr Umwelt, Naturschutz und Geologie M-V, Herr Dr. Harald Stegemann wurde die neue Karte der Landschaftsschutzparke und der Naturparke &#8222;Insel Usedom&#8220; und\u00a0 &#8222;Am Stettiner Haff&#8220; der \u00d6ffentlichkeit \u00fcbergeben. Mit dem Titel &#8222;Natur- und Landschaftsschutzparke ohne Grenzen&#8220; soll diese unter der Federf\u00fchrung der Direktion der Landschaftsschutzparke entstandene Karte in Polnisch, Englisch und Deutsch Einheimische und G\u00e4ste der Region auf die Kleinode der Region aufmerksam machen. <\/span><\/p>\n<div id=\"attachment_1167\" style=\"width: 810px\" class=\"wp-caption aligncenter\"><a href=\"https:\/\/www.naturparkmagazin.de\/am-stettiner-haff\/wp-content\/uploads\/sites\/29\/Kartenpr\u00e4sentation.jpg\"><img aria-describedby=\"caption-attachment-1167\" decoding=\"async\" loading=\"lazy\" class=\"size-full wp-image-1167\" alt=\"Der Marschall der Wojewodschaft Westpommerns und er Direktor des LUNG mit der neuen Karte (Foto: D. Dinse)\" src=\"https:\/\/www.naturparkmagazin.de\/am-stettiner-haff\/wp-content\/uploads\/sites\/29\/Kartenpr\u00e4sentation.jpg\" width=\"800\" height=\"533\" srcset=\"https:\/\/www.naturparkmagazin.de\/am-stettiner-haff\/wp-content\/uploads\/sites\/29\/Kartenpr\u00e4sentation.jpg 800w, https:\/\/www.naturparkmagazin.de\/am-stettiner-haff\/wp-content\/uploads\/sites\/29\/Kartenpr\u00e4sentation-300x200.jpg 300w, https:\/\/www.naturparkmagazin.de\/am-stettiner-haff\/wp-content\/uploads\/sites\/29\/Kartenpr\u00e4sentation-620x413.jpg 620w, https:\/\/www.naturparkmagazin.de\/am-stettiner-haff\/wp-content\/uploads\/sites\/29\/Kartenpr\u00e4sentation-670x446.jpg 670w, https:\/\/www.naturparkmagazin.de\/am-stettiner-haff\/wp-content\/uploads\/sites\/29\/Kartenpr\u00e4sentation-200x133.jpg 200w\" sizes=\"(max-width: 800px) 100vw, 800px\" \/><\/a><p id=\"caption-attachment-1167\" class=\"wp-caption-text\">Der Marschall der Wojewodschaft Westpommerns und der Direktor des LUNG mit der neuen Karte (Foto: D. Dinse)<\/p><\/div>\n","protected":false},"excerpt":{"rendered":"<p>Zum 4.12.2014 hatte die Direktorin der Verwaltung der Landschaftsschutzparke der Wojewodschaft Westpommerns, Frau Dorota Janicka in die Bibliothek Stettin eingeladen, um das Ergebnis eines grenz\u00fcberschreitenden Projektes zu pr\u00e4sentieren.<\/p>\n","protected":false},"author":26,"featured_media":1167,"comment_status":"open","ping_status":"open","sticky":false,"template":"","format":"standard","meta":[],"categories":[7],"tags":[],"yoast_head":"<!-- This site is optimized with the Yoast SEO plugin v19.10 - https:\/\/yoast.com\/wordpress\/plugins\/seo\/ -->\n<title>Natur- und Landschaftsparke ohne Grenzen - Naturpark Am Stettiner Haff<\/title>\n<meta name=\"robots\" content=\"index, follow, max-snippet:-1, max-image-preview:large, max-video-preview:-1\" \/>\n<link rel=\"canonical\" href=\"https:\/\/www.naturparkmagazin.de\/am-stettiner-haff\/natur-und-landschaftspark-ohne-grenzen\/\" \/>\n<meta property=\"og:locale\" content=\"de_DE\" \/>\n<meta property=\"og:type\" content=\"article\" \/>\n<meta property=\"og:title\" content=\"Natur- und Landschaftsparke ohne Grenzen - Naturpark Am Stettiner Haff\" \/>\n<meta property=\"og:description\" content=\"Zum 4.12.2014 hatte die Direktorin der Verwaltung der Landschaftsschutzparke der Wojewodschaft Westpommerns, Frau Dorota Janicka in die Bibliothek Stettin eingeladen, um das Ergebnis eines grenz\u00fcberschreitenden Projektes zu pr\u00e4sentieren.\" \/>\n<meta property=\"og:url\" content=\"https:\/\/www.naturparkmagazin.de\/am-stettiner-haff\/natur-und-landschaftspark-ohne-grenzen\/\" \/>\n<meta property=\"og:site_name\" content=\"Naturpark Am Stettiner Haff\" \/>\n<meta property=\"article:published_time\" content=\"2014-12-15T10:07:02+00:00\" \/>\n<meta property=\"article:modified_time\" content=\"2014-12-18T11:12:37+00:00\" \/>\n<meta property=\"og:image\" content=\"https:\/\/www.naturparkmagazin.de\/am-stettiner-haff\/wp-content\/uploads\/sites\/29\/Kartenpr\u00e4sentation.jpg\" \/>\n\t<meta property=\"og:image:width\" content=\"800\" \/>\n\t<meta property=\"og:image:height\" content=\"533\" \/>\n\t<meta property=\"og:image:type\" content=\"image\/jpeg\" \/>\n<meta name=\"author\" content=\"Jochen Elberskirch\" \/>\n<meta name=\"twitter:label1\" content=\"Verfasst von\" \/>\n\t<meta name=\"twitter:data1\" content=\"Jochen Elberskirch\" \/>\n\t<meta name=\"twitter:label2\" content=\"Gesch\u00e4tzte Lesezeit\" \/>\n\t<meta name=\"twitter:data2\" content=\"1\u00a0Minute\" \/>\n<script type=\"application\/ld+json\" class=\"yoast-schema-graph\">{\"@context\":\"https:\/\/schema.org\",\"@graph\":[{\"@type\":\"WebPage\",\"@id\":\"https:\/\/www.naturparkmagazin.de\/am-stettiner-haff\/natur-und-landschaftspark-ohne-grenzen\/\",\"url\":\"https:\/\/www.naturparkmagazin.de\/am-stettiner-haff\/natur-und-landschaftspark-ohne-grenzen\/\",\"name\":\"Natur- und Landschaftsparke ohne Grenzen - Naturpark Am Stettiner Haff\",\"isPartOf\":{\"@id\":\"https:\/\/www.naturparkmagazin.de\/am-stettiner-haff\/#website\"},\"datePublished\":\"2014-12-15T10:07:02+00:00\",\"dateModified\":\"2014-12-18T11:12:37+00:00\",\"author\":{\"@id\":\"https:\/\/www.naturparkmagazin.de\/am-stettiner-haff\/#\/schema\/person\/4a7208080dbbfb024d81129b7960c725\"},\"breadcrumb\":{\"@id\":\"https:\/\/www.naturparkmagazin.de\/am-stettiner-haff\/natur-und-landschaftspark-ohne-grenzen\/#breadcrumb\"},\"inLanguage\":\"de\",\"potentialAction\":[{\"@type\":\"ReadAction\",\"target\":[\"https:\/\/www.naturparkmagazin.de\/am-stettiner-haff\/natur-und-landschaftspark-ohne-grenzen\/\"]}]},{\"@type\":\"BreadcrumbList\",\"@id\":\"https:\/\/www.naturparkmagazin.de\/am-stettiner-haff\/natur-und-landschaftspark-ohne-grenzen\/#breadcrumb\",\"itemListElement\":[{\"@type\":\"ListItem\",\"position\":1,\"name\":\"Home\",\"item\":\"https:\/\/www.naturparkmagazin.de\/am-stettiner-haff\/\"},{\"@type\":\"ListItem\",\"position\":2,\"name\":\"Natur- und Landschaftsparke ohne Grenzen\"}]},{\"@type\":\"WebSite\",\"@id\":\"https:\/\/www.naturparkmagazin.de\/am-stettiner-haff\/#website\",\"url\":\"https:\/\/www.naturparkmagazin.de\/am-stettiner-haff\/\",\"name\":\"Naturpark Am Stettiner Haff\",\"description\":\"\",\"potentialAction\":[{\"@type\":\"SearchAction\",\"target\":{\"@type\":\"EntryPoint\",\"urlTemplate\":\"https:\/\/www.naturparkmagazin.de\/am-stettiner-haff\/?s={search_term_string}\"},\"query-input\":\"required name=search_term_string\"}],\"inLanguage\":\"de\"},{\"@type\":\"Person\",\"@id\":\"https:\/\/www.naturparkmagazin.de\/am-stettiner-haff\/#\/schema\/person\/4a7208080dbbfb024d81129b7960c725\",\"name\":\"Jochen Elberskirch\",\"sameAs\":[\"http:\/\/www.naturpark-am-stettiner-haff.de\"],\"url\":\"https:\/\/www.naturparkmagazin.de\/am-stettiner-haff\/author\/jochenelberskirch\/\"}]}<\/script>\n<!-- \/ Yoast SEO plugin. -->","yoast_head_json":{"title":"Natur- und Landschaftsparke ohne Grenzen - Naturpark Am Stettiner Haff","robots":{"index":"index","follow":"follow","max-snippet":"max-snippet:-1","max-image-preview":"max-image-preview:large","max-video-preview":"max-video-preview:-1"},"canonical":"https:\/\/www.naturparkmagazin.de\/am-stettiner-haff\/natur-und-landschaftspark-ohne-grenzen\/","og_locale":"de_DE","og_type":"article","og_title":"Natur- und Landschaftsparke ohne Grenzen - Naturpark Am Stettiner Haff","og_description":"Zum 4.12.2014 hatte die Direktorin der Verwaltung der Landschaftsschutzparke der Wojewodschaft Westpommerns, Frau Dorota Janicka in die Bibliothek Stettin eingeladen, um das Ergebnis eines grenz\u00fcberschreitenden Projektes zu pr\u00e4sentieren.","og_url":"https:\/\/www.naturparkmagazin.de\/am-stettiner-haff\/natur-und-landschaftspark-ohne-grenzen\/","og_site_name":"Naturpark Am Stettiner Haff","article_published_time":"2014-12-15T10:07:02+00:00","article_modified_time":"2014-12-18T11:12:37+00:00","og_image":[{"width":800,"height":533,"url":"https:\/\/www.naturparkmagazin.de\/am-stettiner-haff\/wp-content\/uploads\/sites\/29\/Kartenpr\u00e4sentation.jpg","type":"image\/jpeg"}],"author":"Jochen Elberskirch","twitter_misc":{"Verfasst von":"Jochen Elberskirch","Gesch\u00e4tzte Lesezeit":"1\u00a0Minute"},"schema":{"@context":"https:\/\/schema.org","@graph":[{"@type":"WebPage","@id":"https:\/\/www.naturparkmagazin.de\/am-stettiner-haff\/natur-und-landschaftspark-ohne-grenzen\/","url":"https:\/\/www.naturparkmagazin.de\/am-stettiner-haff\/natur-und-landschaftspark-ohne-grenzen\/","name":"Natur- und Landschaftsparke ohne Grenzen - Naturpark Am Stettiner Haff","isPartOf":{"@id":"https:\/\/www.naturparkmagazin.de\/am-stettiner-haff\/#website"},"datePublished":"2014-12-15T10:07:02+00:00","dateModified":"2014-12-18T11:12:37+00:00","author":{"@id":"https:\/\/www.naturparkmagazin.de\/am-stettiner-haff\/#\/schema\/person\/4a7208080dbbfb024d81129b7960c725"},"breadcrumb":{"@id":"https:\/\/www.naturparkmagazin.de\/am-stettiner-haff\/natur-und-landschaftspark-ohne-grenzen\/#breadcrumb"},"inLanguage":"de","potentialAction":[{"@type":"ReadAction","target":["https:\/\/www.naturparkmagazin.de\/am-stettiner-haff\/natur-und-landschaftspark-ohne-grenzen\/"]}]},{"@type":"BreadcrumbList","@id":"https:\/\/www.naturparkmagazin.de\/am-stettiner-haff\/natur-und-landschaftspark-ohne-grenzen\/#breadcrumb","itemListElement":[{"@type":"ListItem","position":1,"name":"Home","item":"https:\/\/www.naturparkmagazin.de\/am-stettiner-haff\/"},{"@type":"ListItem","position":2,"name":"Natur- und Landschaftsparke ohne Grenzen"}]},{"@type":"WebSite","@id":"https:\/\/www.naturparkmagazin.de\/am-stettiner-haff\/#website","url":"https:\/\/www.naturparkmagazin.de\/am-stettiner-haff\/","name":"Naturpark Am Stettiner Haff","description":"","potentialAction":[{"@type":"SearchAction","target":{"@type":"EntryPoint","urlTemplate":"https:\/\/www.naturparkmagazin.de\/am-stettiner-haff\/?s={search_term_string}"},"query-input":"required name=search_term_string"}],"inLanguage":"de"},{"@type":"Person","@id":"https:\/\/www.naturparkmagazin.de\/am-stettiner-haff\/#\/schema\/person\/4a7208080dbbfb024d81129b7960c725","name":"Jochen Elberskirch","sameAs":["http:\/\/www.naturpark-am-stettiner-haff.de"],"url":"https:\/\/www.naturparkmagazin.de\/am-stettiner-haff\/author\/jochenelberskirch\/"}]}},"_links":{"self":[{"href":"https:\/\/www.naturparkmagazin.de\/am-stettiner-haff\/wp-json\/wp\/v2\/posts\/1166"}],"collection":[{"href":"https:\/\/www.naturparkmagazin.de\/am-stettiner-haff\/wp-json\/wp\/v2\/posts"}],"about":[{"href":"https:\/\/www.naturparkmagazin.de\/am-stettiner-haff\/wp-json\/wp\/v2\/types\/post"}],"author":[{"embeddable":true,"href":"https:\/\/www.naturparkmagazin.de\/am-stettiner-haff\/wp-json\/wp\/v2\/users\/26"}],"replies":[{"embeddable":true,"href":"https:\/\/www.naturparkmagazin.de\/am-stettiner-haff\/wp-json\/wp\/v2\/comments?post=1166"}],"version-history":[{"count":6,"href":"https:\/\/www.naturparkmagazin.de\/am-stettiner-haff\/wp-json\/wp\/v2\/posts\/1166\/revisions"}],"predecessor-version":[{"id":1188,"href":"https:\/\/www.naturparkmagazin.de\/am-stettiner-haff\/wp-json\/wp\/v2\/posts\/1166\/revisions\/1188"}],"wp:featuredmedia":[{"embeddable":true,"href":"https:\/\/www.naturparkmagazin.de\/am-stettiner-haff\/wp-json\/wp\/v2\/media\/1167"}],"wp:attachment":[{"href":"https:\/\/www.naturparkmagazin.de\/am-stettiner-haff\/wp-json\/wp\/v2\/media?parent=1166"}],"wp:term":[{"taxonomy":"category","embeddable":true,"href":"https:\/\/www.naturparkmagazin.de\/am-stettiner-haff\/wp-json\/wp\/v2\/categories?post=1166"},{"taxonomy":"post_tag","embeddable":true,"href":"https:\/\/www.naturparkmagazin.de\/am-stettiner-haff\/wp-json\/wp\/v2\/tags?post=1166"}],"curies":[{"name":"wp","href":"https:\/\/api.w.org\/{rel}","templated":true}]}}