{"id":1172,"date":"2014-12-15T14:07:46","date_gmt":"2014-12-15T13:07:46","guid":{"rendered":"http:\/\/www.naturparkmagazin.de\/am-stettiner-haff\/?p=1172"},"modified":"2015-01-28T18:48:28","modified_gmt":"2015-01-28T17:48:28","slug":"das-januarfeuer-an-der-haffkueste-wanderfreunde-haffkueste-begruessen-das-neue-jahr","status":"publish","type":"post","link":"https:\/\/www.naturparkmagazin.de\/am-stettiner-haff\/das-januarfeuer-an-der-haffkueste-wanderfreunde-haffkueste-begruessen-das-neue-jahr\/","title":{"rendered":"\u201eDas Januarfeuer an der Haffk\u00fcste\u201c  &#8211; Wanderfreunde Haffk\u00fcste begr\u00fc\u00dfen das neue Jahr"},"content":{"rendered":"<p>Die Wanderfreunde Haffk\u00fcste starten auch 2015 wieder z\u00fcnftig ins neue Jahr. Entlang der Haffk\u00fcste geht es am 10. Januar 2015 auf einer rund 10 km langen Tour in Richtung Osten. Um 10:00 Uhr startet die Wanderung vom\u00a0Parkplatz \/ Busbahnhof Ueckerm\u00fcnde unter der Leitung von Winfried Zimmermanns. Unterwegs\u00a0gibt es in der Jugendherberg in Bellin\u00a0am Lagerfeuer hei\u00dfe Getr\u00e4nke und eine kleine St\u00e4rkung. Alle Interessierten sind hierzu herzlich eingeladen.<\/p>\n<p>&nbsp;<\/p>\n<div id=\"attachment_1180\" style=\"width: 630px\" class=\"wp-caption aligncenter\"><a href=\"https:\/\/www.naturparkmagazin.de\/am-stettiner-haff\/wp-content\/uploads\/sites\/29\/Januar_Feuer.jpg\"><img aria-describedby=\"caption-attachment-1180\" decoding=\"async\" loading=\"lazy\" class=\"size-medium wp-image-1180\" alt=\"Januarfeuer der Wanderfreunde 2013 in Lickow (Foto: W. Zimmermann)\" src=\"https:\/\/www.naturparkmagazin.de\/am-stettiner-haff\/wp-content\/uploads\/sites\/29\/Januar_Feuer-620x406.jpg\" width=\"620\" height=\"406\" srcset=\"https:\/\/www.naturparkmagazin.de\/am-stettiner-haff\/wp-content\/uploads\/sites\/29\/Januar_Feuer-620x406.jpg 620w, https:\/\/www.naturparkmagazin.de\/am-stettiner-haff\/wp-content\/uploads\/sites\/29\/Januar_Feuer-300x197.jpg 300w, https:\/\/www.naturparkmagazin.de\/am-stettiner-haff\/wp-content\/uploads\/sites\/29\/Januar_Feuer-940x616.jpg 940w, https:\/\/www.naturparkmagazin.de\/am-stettiner-haff\/wp-content\/uploads\/sites\/29\/Januar_Feuer-670x439.jpg 670w, https:\/\/www.naturparkmagazin.de\/am-stettiner-haff\/wp-content\/uploads\/sites\/29\/Januar_Feuer-200x131.jpg 200w, https:\/\/www.naturparkmagazin.de\/am-stettiner-haff\/wp-content\/uploads\/sites\/29\/Januar_Feuer.jpg 1632w\" sizes=\"(max-width: 620px) 100vw, 620px\" \/><\/a><p id=\"caption-attachment-1180\" class=\"wp-caption-text\">Januarfeuer der Wanderfreunde 2013 in Luckow (Foto: W. Zimmermann)<\/p><\/div>\n<p>&nbsp;<\/p>\n","protected":false},"excerpt":{"rendered":"<p>Die Wanderfreunde Haffk\u00fcste starten auch 2015 wieder z\u00fcnftig ins neue Jahr. Entlang der Haffk\u00fcste geht es am 10. Januar 2015 auf einer rund 10 km langen Tour in Richtung Osten.<\/p>\n","protected":false},"author":26,"featured_media":1180,"comment_status":"open","ping_status":"open","sticky":false,"template":"","format":"standard","meta":[],"categories":[11],"tags":[],"yoast_head":"<!-- This site is optimized with the Yoast SEO plugin v19.10 - https:\/\/yoast.com\/wordpress\/plugins\/seo\/ -->\n<title>\u201eDas Januarfeuer an der Haffk\u00fcste\u201c - Wanderfreunde Haffk\u00fcste begr\u00fc\u00dfen das neue Jahr - Naturpark Am Stettiner Haff<\/title>\n<meta name=\"robots\" content=\"index, follow, max-snippet:-1, max-image-preview:large, max-video-preview:-1\" \/>\n<link rel=\"canonical\" href=\"https:\/\/www.naturparkmagazin.de\/am-stettiner-haff\/das-januarfeuer-an-der-haffkueste-wanderfreunde-haffkueste-begruessen-das-neue-jahr\/\" \/>\n<meta property=\"og:locale\" content=\"de_DE\" \/>\n<meta property=\"og:type\" content=\"article\" \/>\n<meta property=\"og:title\" content=\"\u201eDas Januarfeuer an der Haffk\u00fcste\u201c - Wanderfreunde Haffk\u00fcste begr\u00fc\u00dfen das neue Jahr - Naturpark Am Stettiner Haff\" \/>\n<meta property=\"og:description\" content=\"Die Wanderfreunde Haffk\u00fcste starten auch 2015 wieder z\u00fcnftig ins neue Jahr. Entlang der Haffk\u00fcste geht es am 10. Januar 2015 auf einer rund 10 km langen Tour in Richtung Osten.\" \/>\n<meta property=\"og:url\" content=\"https:\/\/www.naturparkmagazin.de\/am-stettiner-haff\/das-januarfeuer-an-der-haffkueste-wanderfreunde-haffkueste-begruessen-das-neue-jahr\/\" \/>\n<meta property=\"og:site_name\" content=\"Naturpark Am Stettiner Haff\" \/>\n<meta property=\"article:published_time\" content=\"2014-12-15T13:07:46+00:00\" \/>\n<meta property=\"article:modified_time\" content=\"2015-01-28T17:48:28+00:00\" \/>\n<meta property=\"og:image\" content=\"https:\/\/www.naturparkmagazin.de\/am-stettiner-haff\/wp-content\/uploads\/sites\/29\/Januar_Feuer.jpg\" \/>\n\t<meta property=\"og:image:width\" content=\"1632\" \/>\n\t<meta property=\"og:image:height\" content=\"1070\" \/>\n\t<meta property=\"og:image:type\" content=\"image\/jpeg\" \/>\n<meta name=\"author\" content=\"Jochen Elberskirch\" \/>\n<meta name=\"twitter:label1\" content=\"Verfasst von\" \/>\n\t<meta name=\"twitter:data1\" content=\"Jochen Elberskirch\" \/>\n<script type=\"application\/ld+json\" class=\"yoast-schema-graph\">{\"@context\":\"https:\/\/schema.org\",\"@graph\":[{\"@type\":\"WebPage\",\"@id\":\"https:\/\/www.naturparkmagazin.de\/am-stettiner-haff\/das-januarfeuer-an-der-haffkueste-wanderfreunde-haffkueste-begruessen-das-neue-jahr\/\",\"url\":\"https:\/\/www.naturparkmagazin.de\/am-stettiner-haff\/das-januarfeuer-an-der-haffkueste-wanderfreunde-haffkueste-begruessen-das-neue-jahr\/\",\"name\":\"\u201eDas Januarfeuer an der Haffk\u00fcste\u201c - Wanderfreunde Haffk\u00fcste begr\u00fc\u00dfen das neue Jahr - Naturpark Am Stettiner Haff\",\"isPartOf\":{\"@id\":\"https:\/\/www.naturparkmagazin.de\/am-stettiner-haff\/#website\"},\"datePublished\":\"2014-12-15T13:07:46+00:00\",\"dateModified\":\"2015-01-28T17:48:28+00:00\",\"author\":{\"@id\":\"https:\/\/www.naturparkmagazin.de\/am-stettiner-haff\/#\/schema\/person\/4a7208080dbbfb024d81129b7960c725\"},\"breadcrumb\":{\"@id\":\"https:\/\/www.naturparkmagazin.de\/am-stettiner-haff\/das-januarfeuer-an-der-haffkueste-wanderfreunde-haffkueste-begruessen-das-neue-jahr\/#breadcrumb\"},\"inLanguage\":\"de\",\"potentialAction\":[{\"@type\":\"ReadAction\",\"target\":[\"https:\/\/www.naturparkmagazin.de\/am-stettiner-haff\/das-januarfeuer-an-der-haffkueste-wanderfreunde-haffkueste-begruessen-das-neue-jahr\/\"]}]},{\"@type\":\"BreadcrumbList\",\"@id\":\"https:\/\/www.naturparkmagazin.de\/am-stettiner-haff\/das-januarfeuer-an-der-haffkueste-wanderfreunde-haffkueste-begruessen-das-neue-jahr\/#breadcrumb\",\"itemListElement\":[{\"@type\":\"ListItem\",\"position\":1,\"name\":\"Home\",\"item\":\"https:\/\/www.naturparkmagazin.de\/am-stettiner-haff\/\"},{\"@type\":\"ListItem\",\"position\":2,\"name\":\"\u201eDas Januarfeuer an der Haffk\u00fcste\u201c &#8211; Wanderfreunde Haffk\u00fcste begr\u00fc\u00dfen das neue Jahr\"}]},{\"@type\":\"WebSite\",\"@id\":\"https:\/\/www.naturparkmagazin.de\/am-stettiner-haff\/#website\",\"url\":\"https:\/\/www.naturparkmagazin.de\/am-stettiner-haff\/\",\"name\":\"Naturpark Am Stettiner Haff\",\"description\":\"\",\"potentialAction\":[{\"@type\":\"SearchAction\",\"target\":{\"@type\":\"EntryPoint\",\"urlTemplate\":\"https:\/\/www.naturparkmagazin.de\/am-stettiner-haff\/?s={search_term_string}\"},\"query-input\":\"required name=search_term_string\"}],\"inLanguage\":\"de\"},{\"@type\":\"Person\",\"@id\":\"https:\/\/www.naturparkmagazin.de\/am-stettiner-haff\/#\/schema\/person\/4a7208080dbbfb024d81129b7960c725\",\"name\":\"Jochen Elberskirch\",\"sameAs\":[\"http:\/\/www.naturpark-am-stettiner-haff.de\"],\"url\":\"https:\/\/www.naturparkmagazin.de\/am-stettiner-haff\/author\/jochenelberskirch\/\"}]}<\/script>\n<!-- \/ Yoast SEO plugin. -->","yoast_head_json":{"title":"\u201eDas Januarfeuer an der Haffk\u00fcste\u201c - Wanderfreunde Haffk\u00fcste begr\u00fc\u00dfen das neue Jahr - Naturpark Am Stettiner Haff","robots":{"index":"index","follow":"follow","max-snippet":"max-snippet:-1","max-image-preview":"max-image-preview:large","max-video-preview":"max-video-preview:-1"},"canonical":"https:\/\/www.naturparkmagazin.de\/am-stettiner-haff\/das-januarfeuer-an-der-haffkueste-wanderfreunde-haffkueste-begruessen-das-neue-jahr\/","og_locale":"de_DE","og_type":"article","og_title":"\u201eDas Januarfeuer an der Haffk\u00fcste\u201c - Wanderfreunde Haffk\u00fcste begr\u00fc\u00dfen das neue Jahr - Naturpark Am Stettiner Haff","og_description":"Die Wanderfreunde Haffk\u00fcste starten auch 2015 wieder z\u00fcnftig ins neue Jahr. Entlang der Haffk\u00fcste geht es am 10. Januar 2015 auf einer rund 10 km langen Tour in Richtung Osten.","og_url":"https:\/\/www.naturparkmagazin.de\/am-stettiner-haff\/das-januarfeuer-an-der-haffkueste-wanderfreunde-haffkueste-begruessen-das-neue-jahr\/","og_site_name":"Naturpark Am Stettiner Haff","article_published_time":"2014-12-15T13:07:46+00:00","article_modified_time":"2015-01-28T17:48:28+00:00","og_image":[{"width":1632,"height":1070,"url":"https:\/\/www.naturparkmagazin.de\/am-stettiner-haff\/wp-content\/uploads\/sites\/29\/Januar_Feuer.jpg","type":"image\/jpeg"}],"author":"Jochen Elberskirch","twitter_misc":{"Verfasst von":"Jochen Elberskirch"},"schema":{"@context":"https:\/\/schema.org","@graph":[{"@type":"WebPage","@id":"https:\/\/www.naturparkmagazin.de\/am-stettiner-haff\/das-januarfeuer-an-der-haffkueste-wanderfreunde-haffkueste-begruessen-das-neue-jahr\/","url":"https:\/\/www.naturparkmagazin.de\/am-stettiner-haff\/das-januarfeuer-an-der-haffkueste-wanderfreunde-haffkueste-begruessen-das-neue-jahr\/","name":"\u201eDas Januarfeuer an der Haffk\u00fcste\u201c - Wanderfreunde Haffk\u00fcste begr\u00fc\u00dfen das neue Jahr - Naturpark Am Stettiner Haff","isPartOf":{"@id":"https:\/\/www.naturparkmagazin.de\/am-stettiner-haff\/#website"},"datePublished":"2014-12-15T13:07:46+00:00","dateModified":"2015-01-28T17:48:28+00:00","author":{"@id":"https:\/\/www.naturparkmagazin.de\/am-stettiner-haff\/#\/schema\/person\/4a7208080dbbfb024d81129b7960c725"},"breadcrumb":{"@id":"https:\/\/www.naturparkmagazin.de\/am-stettiner-haff\/das-januarfeuer-an-der-haffkueste-wanderfreunde-haffkueste-begruessen-das-neue-jahr\/#breadcrumb"},"inLanguage":"de","potentialAction":[{"@type":"ReadAction","target":["https:\/\/www.naturparkmagazin.de\/am-stettiner-haff\/das-januarfeuer-an-der-haffkueste-wanderfreunde-haffkueste-begruessen-das-neue-jahr\/"]}]},{"@type":"BreadcrumbList","@id":"https:\/\/www.naturparkmagazin.de\/am-stettiner-haff\/das-januarfeuer-an-der-haffkueste-wanderfreunde-haffkueste-begruessen-das-neue-jahr\/#breadcrumb","itemListElement":[{"@type":"ListItem","position":1,"name":"Home","item":"https:\/\/www.naturparkmagazin.de\/am-stettiner-haff\/"},{"@type":"ListItem","position":2,"name":"\u201eDas Januarfeuer an der Haffk\u00fcste\u201c &#8211; Wanderfreunde Haffk\u00fcste begr\u00fc\u00dfen das neue Jahr"}]},{"@type":"WebSite","@id":"https:\/\/www.naturparkmagazin.de\/am-stettiner-haff\/#website","url":"https:\/\/www.naturparkmagazin.de\/am-stettiner-haff\/","name":"Naturpark Am Stettiner Haff","description":"","potentialAction":[{"@type":"SearchAction","target":{"@type":"EntryPoint","urlTemplate":"https:\/\/www.naturparkmagazin.de\/am-stettiner-haff\/?s={search_term_string}"},"query-input":"required name=search_term_string"}],"inLanguage":"de"},{"@type":"Person","@id":"https:\/\/www.naturparkmagazin.de\/am-stettiner-haff\/#\/schema\/person\/4a7208080dbbfb024d81129b7960c725","name":"Jochen Elberskirch","sameAs":["http:\/\/www.naturpark-am-stettiner-haff.de"],"url":"https:\/\/www.naturparkmagazin.de\/am-stettiner-haff\/author\/jochenelberskirch\/"}]}},"_links":{"self":[{"href":"https:\/\/www.naturparkmagazin.de\/am-stettiner-haff\/wp-json\/wp\/v2\/posts\/1172"}],"collection":[{"href":"https:\/\/www.naturparkmagazin.de\/am-stettiner-haff\/wp-json\/wp\/v2\/posts"}],"about":[{"href":"https:\/\/www.naturparkmagazin.de\/am-stettiner-haff\/wp-json\/wp\/v2\/types\/post"}],"author":[{"embeddable":true,"href":"https:\/\/www.naturparkmagazin.de\/am-stettiner-haff\/wp-json\/wp\/v2\/users\/26"}],"replies":[{"embeddable":true,"href":"https:\/\/www.naturparkmagazin.de\/am-stettiner-haff\/wp-json\/wp\/v2\/comments?post=1172"}],"version-history":[{"count":3,"href":"https:\/\/www.naturparkmagazin.de\/am-stettiner-haff\/wp-json\/wp\/v2\/posts\/1172\/revisions"}],"predecessor-version":[{"id":1182,"href":"https:\/\/www.naturparkmagazin.de\/am-stettiner-haff\/wp-json\/wp\/v2\/posts\/1172\/revisions\/1182"}],"wp:featuredmedia":[{"embeddable":true,"href":"https:\/\/www.naturparkmagazin.de\/am-stettiner-haff\/wp-json\/wp\/v2\/media\/1180"}],"wp:attachment":[{"href":"https:\/\/www.naturparkmagazin.de\/am-stettiner-haff\/wp-json\/wp\/v2\/media?parent=1172"}],"wp:term":[{"taxonomy":"category","embeddable":true,"href":"https:\/\/www.naturparkmagazin.de\/am-stettiner-haff\/wp-json\/wp\/v2\/categories?post=1172"},{"taxonomy":"post_tag","embeddable":true,"href":"https:\/\/www.naturparkmagazin.de\/am-stettiner-haff\/wp-json\/wp\/v2\/tags?post=1172"}],"curies":[{"name":"wp","href":"https:\/\/api.w.org\/{rel}","templated":true}]}}