{"id":1176,"date":"2014-12-15T14:01:28","date_gmt":"2014-12-15T13:01:28","guid":{"rendered":"http:\/\/www.naturparkmagazin.de\/am-stettiner-haff\/?p=1176"},"modified":"2014-12-18T12:10:21","modified_gmt":"2014-12-18T11:10:21","slug":"liebe-leser-3","status":"publish","type":"post","link":"https:\/\/www.naturparkmagazin.de\/am-stettiner-haff\/liebe-leser-3\/","title":{"rendered":"Liebe Leser,"},"content":{"rendered":"<p>ich hoffe auch Sie\u00a0konnten die zur\u00fcckliegenden Feiertage im Kreise Ihrer Lieben genie\u00dfen und haben Energie getankt, um voller Elan ins neue Jahr zu starten.<\/p>\n<p>Mit dem Jahreswechsel geht es nun in ein weiteres aufregendes Jahr. Spannende Termine und Projekte stehen auch auf der Agenda des Naturparks, der in diesem neuen Jahr bereits auf sein 10 J\u00e4hriges Bestehen zur\u00fcckblicken kann. Wie gewohnt m\u00f6chte ich Sie mit dem monatlichen Naturpark-Newsletter auf dem Laufenden halten. Viel Spa\u00df beim Lesen des ersten Newsletters des Jahres 2015 w\u00fcnscht Ihnen<\/p>\n<p>Jochen Elberskirch<\/p>\n<p>Leiter des Naturparks Am Stettiner Haff<\/p>\n","protected":false},"excerpt":{"rendered":"<p>ich hoffe auch Sie\u00a0konnten die zur\u00fcckliegenden Feiertage im Kreise Ihrer Lieben genie\u00dfen und haben Energie getankt, um voller Elan ins neue Jahr zu starten. Mit dem Jahreswechsel geht es nun in ein weiteres aufregendes Jahr. Spannende Termine und Projekte stehen auch auf der Agenda des Naturparks, der in diesem neuen Jahr bereits auf sein 10<\/p>\n","protected":false},"author":26,"featured_media":0,"comment_status":"open","ping_status":"open","sticky":false,"template":"","format":"standard","meta":[],"categories":[52],"tags":[],"yoast_head":"<!-- This site is optimized with the Yoast SEO plugin v19.10 - https:\/\/yoast.com\/wordpress\/plugins\/seo\/ -->\n<title>Liebe Leser, - Naturpark Am Stettiner Haff<\/title>\n<meta name=\"robots\" content=\"index, follow, max-snippet:-1, max-image-preview:large, max-video-preview:-1\" \/>\n<link rel=\"canonical\" href=\"https:\/\/www.naturparkmagazin.de\/am-stettiner-haff\/liebe-leser-3\/\" \/>\n<meta property=\"og:locale\" content=\"de_DE\" \/>\n<meta property=\"og:type\" content=\"article\" \/>\n<meta property=\"og:title\" content=\"Liebe Leser, - Naturpark Am Stettiner Haff\" \/>\n<meta property=\"og:description\" content=\"ich hoffe auch Sie\u00a0konnten die zur\u00fcckliegenden Feiertage im Kreise Ihrer Lieben genie\u00dfen und haben Energie getankt, um voller Elan ins neue Jahr zu starten. Mit dem Jahreswechsel geht es nun in ein weiteres aufregendes Jahr. Spannende Termine und Projekte stehen auch auf der Agenda des Naturparks, der in diesem neuen Jahr bereits auf sein 10\" \/>\n<meta property=\"og:url\" content=\"https:\/\/www.naturparkmagazin.de\/am-stettiner-haff\/liebe-leser-3\/\" \/>\n<meta property=\"og:site_name\" content=\"Naturpark Am Stettiner Haff\" \/>\n<meta property=\"article:published_time\" content=\"2014-12-15T13:01:28+00:00\" \/>\n<meta property=\"article:modified_time\" content=\"2014-12-18T11:10:21+00:00\" \/>\n<meta name=\"author\" content=\"Jochen Elberskirch\" \/>\n<meta name=\"twitter:label1\" content=\"Verfasst von\" \/>\n\t<meta name=\"twitter:data1\" content=\"Jochen Elberskirch\" \/>\n<script type=\"application\/ld+json\" class=\"yoast-schema-graph\">{\"@context\":\"https:\/\/schema.org\",\"@graph\":[{\"@type\":\"WebPage\",\"@id\":\"https:\/\/www.naturparkmagazin.de\/am-stettiner-haff\/liebe-leser-3\/\",\"url\":\"https:\/\/www.naturparkmagazin.de\/am-stettiner-haff\/liebe-leser-3\/\",\"name\":\"Liebe Leser, - Naturpark Am Stettiner Haff\",\"isPartOf\":{\"@id\":\"https:\/\/www.naturparkmagazin.de\/am-stettiner-haff\/#website\"},\"datePublished\":\"2014-12-15T13:01:28+00:00\",\"dateModified\":\"2014-12-18T11:10:21+00:00\",\"author\":{\"@id\":\"https:\/\/www.naturparkmagazin.de\/am-stettiner-haff\/#\/schema\/person\/4a7208080dbbfb024d81129b7960c725\"},\"breadcrumb\":{\"@id\":\"https:\/\/www.naturparkmagazin.de\/am-stettiner-haff\/liebe-leser-3\/#breadcrumb\"},\"inLanguage\":\"de\",\"potentialAction\":[{\"@type\":\"ReadAction\",\"target\":[\"https:\/\/www.naturparkmagazin.de\/am-stettiner-haff\/liebe-leser-3\/\"]}]},{\"@type\":\"BreadcrumbList\",\"@id\":\"https:\/\/www.naturparkmagazin.de\/am-stettiner-haff\/liebe-leser-3\/#breadcrumb\",\"itemListElement\":[{\"@type\":\"ListItem\",\"position\":1,\"name\":\"Home\",\"item\":\"https:\/\/www.naturparkmagazin.de\/am-stettiner-haff\/\"},{\"@type\":\"ListItem\",\"position\":2,\"name\":\"Liebe Leser,\"}]},{\"@type\":\"WebSite\",\"@id\":\"https:\/\/www.naturparkmagazin.de\/am-stettiner-haff\/#website\",\"url\":\"https:\/\/www.naturparkmagazin.de\/am-stettiner-haff\/\",\"name\":\"Naturpark Am Stettiner Haff\",\"description\":\"\",\"potentialAction\":[{\"@type\":\"SearchAction\",\"target\":{\"@type\":\"EntryPoint\",\"urlTemplate\":\"https:\/\/www.naturparkmagazin.de\/am-stettiner-haff\/?s={search_term_string}\"},\"query-input\":\"required name=search_term_string\"}],\"inLanguage\":\"de\"},{\"@type\":\"Person\",\"@id\":\"https:\/\/www.naturparkmagazin.de\/am-stettiner-haff\/#\/schema\/person\/4a7208080dbbfb024d81129b7960c725\",\"name\":\"Jochen Elberskirch\",\"sameAs\":[\"http:\/\/www.naturpark-am-stettiner-haff.de\"],\"url\":\"https:\/\/www.naturparkmagazin.de\/am-stettiner-haff\/author\/jochenelberskirch\/\"}]}<\/script>\n<!-- \/ Yoast SEO plugin. -->","yoast_head_json":{"title":"Liebe Leser, - Naturpark Am Stettiner Haff","robots":{"index":"index","follow":"follow","max-snippet":"max-snippet:-1","max-image-preview":"max-image-preview:large","max-video-preview":"max-video-preview:-1"},"canonical":"https:\/\/www.naturparkmagazin.de\/am-stettiner-haff\/liebe-leser-3\/","og_locale":"de_DE","og_type":"article","og_title":"Liebe Leser, - Naturpark Am Stettiner Haff","og_description":"ich hoffe auch Sie\u00a0konnten die zur\u00fcckliegenden Feiertage im Kreise Ihrer Lieben genie\u00dfen und haben Energie getankt, um voller Elan ins neue Jahr zu starten. Mit dem Jahreswechsel geht es nun in ein weiteres aufregendes Jahr. Spannende Termine und Projekte stehen auch auf der Agenda des Naturparks, der in diesem neuen Jahr bereits auf sein 10","og_url":"https:\/\/www.naturparkmagazin.de\/am-stettiner-haff\/liebe-leser-3\/","og_site_name":"Naturpark Am Stettiner Haff","article_published_time":"2014-12-15T13:01:28+00:00","article_modified_time":"2014-12-18T11:10:21+00:00","author":"Jochen Elberskirch","twitter_misc":{"Verfasst von":"Jochen Elberskirch"},"schema":{"@context":"https:\/\/schema.org","@graph":[{"@type":"WebPage","@id":"https:\/\/www.naturparkmagazin.de\/am-stettiner-haff\/liebe-leser-3\/","url":"https:\/\/www.naturparkmagazin.de\/am-stettiner-haff\/liebe-leser-3\/","name":"Liebe Leser, - Naturpark Am Stettiner Haff","isPartOf":{"@id":"https:\/\/www.naturparkmagazin.de\/am-stettiner-haff\/#website"},"datePublished":"2014-12-15T13:01:28+00:00","dateModified":"2014-12-18T11:10:21+00:00","author":{"@id":"https:\/\/www.naturparkmagazin.de\/am-stettiner-haff\/#\/schema\/person\/4a7208080dbbfb024d81129b7960c725"},"breadcrumb":{"@id":"https:\/\/www.naturparkmagazin.de\/am-stettiner-haff\/liebe-leser-3\/#breadcrumb"},"inLanguage":"de","potentialAction":[{"@type":"ReadAction","target":["https:\/\/www.naturparkmagazin.de\/am-stettiner-haff\/liebe-leser-3\/"]}]},{"@type":"BreadcrumbList","@id":"https:\/\/www.naturparkmagazin.de\/am-stettiner-haff\/liebe-leser-3\/#breadcrumb","itemListElement":[{"@type":"ListItem","position":1,"name":"Home","item":"https:\/\/www.naturparkmagazin.de\/am-stettiner-haff\/"},{"@type":"ListItem","position":2,"name":"Liebe Leser,"}]},{"@type":"WebSite","@id":"https:\/\/www.naturparkmagazin.de\/am-stettiner-haff\/#website","url":"https:\/\/www.naturparkmagazin.de\/am-stettiner-haff\/","name":"Naturpark Am Stettiner Haff","description":"","potentialAction":[{"@type":"SearchAction","target":{"@type":"EntryPoint","urlTemplate":"https:\/\/www.naturparkmagazin.de\/am-stettiner-haff\/?s={search_term_string}"},"query-input":"required name=search_term_string"}],"inLanguage":"de"},{"@type":"Person","@id":"https:\/\/www.naturparkmagazin.de\/am-stettiner-haff\/#\/schema\/person\/4a7208080dbbfb024d81129b7960c725","name":"Jochen Elberskirch","sameAs":["http:\/\/www.naturpark-am-stettiner-haff.de"],"url":"https:\/\/www.naturparkmagazin.de\/am-stettiner-haff\/author\/jochenelberskirch\/"}]}},"_links":{"self":[{"href":"https:\/\/www.naturparkmagazin.de\/am-stettiner-haff\/wp-json\/wp\/v2\/posts\/1176"}],"collection":[{"href":"https:\/\/www.naturparkmagazin.de\/am-stettiner-haff\/wp-json\/wp\/v2\/posts"}],"about":[{"href":"https:\/\/www.naturparkmagazin.de\/am-stettiner-haff\/wp-json\/wp\/v2\/types\/post"}],"author":[{"embeddable":true,"href":"https:\/\/www.naturparkmagazin.de\/am-stettiner-haff\/wp-json\/wp\/v2\/users\/26"}],"replies":[{"embeddable":true,"href":"https:\/\/www.naturparkmagazin.de\/am-stettiner-haff\/wp-json\/wp\/v2\/comments?post=1176"}],"version-history":[{"count":3,"href":"https:\/\/www.naturparkmagazin.de\/am-stettiner-haff\/wp-json\/wp\/v2\/posts\/1176\/revisions"}],"predecessor-version":[{"id":1186,"href":"https:\/\/www.naturparkmagazin.de\/am-stettiner-haff\/wp-json\/wp\/v2\/posts\/1176\/revisions\/1186"}],"wp:attachment":[{"href":"https:\/\/www.naturparkmagazin.de\/am-stettiner-haff\/wp-json\/wp\/v2\/media?parent=1176"}],"wp:term":[{"taxonomy":"category","embeddable":true,"href":"https:\/\/www.naturparkmagazin.de\/am-stettiner-haff\/wp-json\/wp\/v2\/categories?post=1176"},{"taxonomy":"post_tag","embeddable":true,"href":"https:\/\/www.naturparkmagazin.de\/am-stettiner-haff\/wp-json\/wp\/v2\/tags?post=1176"}],"curies":[{"name":"wp","href":"https:\/\/api.w.org\/{rel}","templated":true}]}}