{"id":1193,"date":"2015-01-16T12:43:46","date_gmt":"2015-01-16T11:43:46","guid":{"rendered":"http:\/\/www.naturparkmagazin.de\/am-stettiner-haff\/?p=1193"},"modified":"2015-01-27T16:27:40","modified_gmt":"2015-01-27T15:27:40","slug":"landkreis-stellt-neue-broschuere-zum-naturschutz-vor","status":"publish","type":"post","link":"https:\/\/www.naturparkmagazin.de\/am-stettiner-haff\/landkreis-stellt-neue-broschuere-zum-naturschutz-vor\/","title":{"rendered":"Landkreis stellt neue Brosch\u00fcre zum Naturschutz vor"},"content":{"rendered":"<p><a href=\"https:\/\/www.naturparkmagazin.de\/am-stettiner-haff\/wp-content\/uploads\/sites\/29\/Naturschutzbrosch\u00fcre_Titel.jpg\"><img decoding=\"async\" loading=\"lazy\" class=\"aligncenter size-medium wp-image-1194\" alt=\"Naturschutzbrosch\u00fcre_Titel\" src=\"https:\/\/www.naturparkmagazin.de\/am-stettiner-haff\/wp-content\/uploads\/sites\/29\/Naturschutzbrosch\u00fcre_Titel-620x933.jpg\" width=\"620\" height=\"933\" srcset=\"https:\/\/www.naturparkmagazin.de\/am-stettiner-haff\/wp-content\/uploads\/sites\/29\/Naturschutzbrosch\u00fcre_Titel-620x933.jpg 620w, https:\/\/www.naturparkmagazin.de\/am-stettiner-haff\/wp-content\/uploads\/sites\/29\/Naturschutzbrosch\u00fcre_Titel-300x452.jpg 300w, https:\/\/www.naturparkmagazin.de\/am-stettiner-haff\/wp-content\/uploads\/sites\/29\/Naturschutzbrosch\u00fcre_Titel-670x1008.jpg 670w, https:\/\/www.naturparkmagazin.de\/am-stettiner-haff\/wp-content\/uploads\/sites\/29\/Naturschutzbrosch\u00fcre_Titel-200x301.jpg 200w, https:\/\/www.naturparkmagazin.de\/am-stettiner-haff\/wp-content\/uploads\/sites\/29\/Naturschutzbrosch\u00fcre_Titel.jpg 689w\" sizes=\"(max-width: 620px) 100vw, 620px\" \/><\/a>Die untere Naturschutzbeh\u00f6rde des Landkreises Vorpommern-Greifswald stellt im Februar den ersten Teil der\u00a0neuen Brosch\u00fcre &#8222;Naturschutz zwischen Bodden und Randowtal&#8220; vor.\u00a0 Auf insgesamt 160 Seiten und zwei Karten im A3 &#8211; Format gibt der erste Teil der Brosch\u00fcre\u00a0den Lesern einen \u00dcberblick \u00fcber den Landschaftsraum, die Nutzungsgeschichte und die Schutzkategorien. Au\u00dferdem werden die 46 Naturschutzgebiete, die 15 Landschaftsschutzgebiete und die 3 Naturparke\u00a0des Landkreises kurz\u00a0 vorgestellt.\u00a0Die Brosch\u00fcre entstand in Kooperation\u00a0 mit dem Verein &#8222;Ostseelandschaft Vorpommern\u00a0&#8211; Vereinigung zum Schutz der Landschaft und ihrer nat\u00fcrlichen Vielfalt&#8220; e. V. Das Anliegen der Autoren und Herausgeber ist es, den B\u00fcrgern des Landkreises Vorpommern-Greifswald\u00a0 die Sch\u00e4tze der Natur vor der eigenen Haust\u00fcr n\u00e4her zu bringen. Die Brosch\u00fcre\u00a0wird an alle ehrenamtliche Naturschutzmitarbeiter sowie an alle Gemeinden und Beh\u00f6rden kostenlos abgegeben.\u00a0Dar\u00fcber hinaus kann die Brosch\u00fcre gegen eine Schutzgeb\u00fchr bei der unteren Naturschutzbeh\u00f6rde des\u00a0 Landkreises\u00a0bezogen werden. Die Finanzierung der Brosch\u00fcre erfolgte \u00fcber die Haushaltsmittel des Landkreises und des Naturparks &#8222;Insel Usedom&#8220;\u00a0sowie durch Zuwendungen der Stiftung Umwelt und Natur M-V, der Fl\u00e4chenagentur Mecklenburg-Vorpommern gGmbH und aus zweckgebundenen Spendenmitteln an den Verein Ostseek\u00fcstenland.<\/p>\n<p>Der zweite Teil befindet sich derzeit in Bearbeitung und wird voraussichtlich Ende des Jahres 2015 erscheinen und wird einen Katalog der Naturdenkmale und der gesch\u00fctzten Landschaftsbestandteile des Landkreises Vorpommern-Greifswald enthalten.<\/p>\n<p>&nbsp;<\/p>\n","protected":false},"excerpt":{"rendered":"<p>Die untere Naturschutzbeh\u00f6rde des Landkreises Vorpommern-Greifswald stellt im Februar den ersten Teil der neuen Brosch\u00fcre&#8220;Naturschutz zwischen Bodden und Randowtal&#8220; vor. <\/p>\n","protected":false},"author":26,"featured_media":1194,"comment_status":"open","ping_status":"open","sticky":false,"template":"","format":"standard","meta":[],"categories":[7],"tags":[],"yoast_head":"<!-- This site is optimized with the Yoast SEO plugin v19.10 - https:\/\/yoast.com\/wordpress\/plugins\/seo\/ -->\n<title>Landkreis stellt neue Brosch\u00fcre zum Naturschutz vor - Naturpark Am Stettiner Haff<\/title>\n<meta name=\"robots\" content=\"index, follow, max-snippet:-1, max-image-preview:large, max-video-preview:-1\" \/>\n<link rel=\"canonical\" href=\"https:\/\/www.naturparkmagazin.de\/am-stettiner-haff\/landkreis-stellt-neue-broschuere-zum-naturschutz-vor\/\" \/>\n<meta property=\"og:locale\" content=\"de_DE\" \/>\n<meta property=\"og:type\" content=\"article\" \/>\n<meta property=\"og:title\" content=\"Landkreis stellt neue Brosch\u00fcre zum Naturschutz vor - Naturpark Am Stettiner Haff\" \/>\n<meta property=\"og:description\" content=\"Die untere Naturschutzbeh\u00f6rde des Landkreises Vorpommern-Greifswald stellt im Februar den ersten Teil der neuen Brosch\u00fcre&quot;Naturschutz zwischen Bodden und Randowtal&quot; vor.\" \/>\n<meta property=\"og:url\" content=\"https:\/\/www.naturparkmagazin.de\/am-stettiner-haff\/landkreis-stellt-neue-broschuere-zum-naturschutz-vor\/\" \/>\n<meta property=\"og:site_name\" content=\"Naturpark Am Stettiner Haff\" \/>\n<meta property=\"article:published_time\" content=\"2015-01-16T11:43:46+00:00\" \/>\n<meta property=\"article:modified_time\" content=\"2015-01-27T15:27:40+00:00\" \/>\n<meta property=\"og:image\" content=\"https:\/\/www.naturparkmagazin.de\/am-stettiner-haff\/wp-content\/uploads\/sites\/29\/Naturschutzbrosch\u00fcre_Titel.jpg\" \/>\n\t<meta property=\"og:image:width\" content=\"689\" \/>\n\t<meta property=\"og:image:height\" content=\"1037\" \/>\n\t<meta property=\"og:image:type\" content=\"image\/jpeg\" \/>\n<meta name=\"author\" content=\"Jochen Elberskirch\" \/>\n<meta name=\"twitter:label1\" content=\"Verfasst von\" \/>\n\t<meta name=\"twitter:data1\" content=\"Jochen Elberskirch\" \/>\n\t<meta name=\"twitter:label2\" content=\"Gesch\u00e4tzte Lesezeit\" \/>\n\t<meta name=\"twitter:data2\" content=\"1\u00a0Minute\" \/>\n<script type=\"application\/ld+json\" class=\"yoast-schema-graph\">{\"@context\":\"https:\/\/schema.org\",\"@graph\":[{\"@type\":\"WebPage\",\"@id\":\"https:\/\/www.naturparkmagazin.de\/am-stettiner-haff\/landkreis-stellt-neue-broschuere-zum-naturschutz-vor\/\",\"url\":\"https:\/\/www.naturparkmagazin.de\/am-stettiner-haff\/landkreis-stellt-neue-broschuere-zum-naturschutz-vor\/\",\"name\":\"Landkreis stellt neue Brosch\u00fcre zum Naturschutz vor - Naturpark Am Stettiner Haff\",\"isPartOf\":{\"@id\":\"https:\/\/www.naturparkmagazin.de\/am-stettiner-haff\/#website\"},\"datePublished\":\"2015-01-16T11:43:46+00:00\",\"dateModified\":\"2015-01-27T15:27:40+00:00\",\"author\":{\"@id\":\"https:\/\/www.naturparkmagazin.de\/am-stettiner-haff\/#\/schema\/person\/4a7208080dbbfb024d81129b7960c725\"},\"breadcrumb\":{\"@id\":\"https:\/\/www.naturparkmagazin.de\/am-stettiner-haff\/landkreis-stellt-neue-broschuere-zum-naturschutz-vor\/#breadcrumb\"},\"inLanguage\":\"de\",\"potentialAction\":[{\"@type\":\"ReadAction\",\"target\":[\"https:\/\/www.naturparkmagazin.de\/am-stettiner-haff\/landkreis-stellt-neue-broschuere-zum-naturschutz-vor\/\"]}]},{\"@type\":\"BreadcrumbList\",\"@id\":\"https:\/\/www.naturparkmagazin.de\/am-stettiner-haff\/landkreis-stellt-neue-broschuere-zum-naturschutz-vor\/#breadcrumb\",\"itemListElement\":[{\"@type\":\"ListItem\",\"position\":1,\"name\":\"Home\",\"item\":\"https:\/\/www.naturparkmagazin.de\/am-stettiner-haff\/\"},{\"@type\":\"ListItem\",\"position\":2,\"name\":\"Landkreis stellt neue Brosch\u00fcre zum Naturschutz vor\"}]},{\"@type\":\"WebSite\",\"@id\":\"https:\/\/www.naturparkmagazin.de\/am-stettiner-haff\/#website\",\"url\":\"https:\/\/www.naturparkmagazin.de\/am-stettiner-haff\/\",\"name\":\"Naturpark Am Stettiner Haff\",\"description\":\"\",\"potentialAction\":[{\"@type\":\"SearchAction\",\"target\":{\"@type\":\"EntryPoint\",\"urlTemplate\":\"https:\/\/www.naturparkmagazin.de\/am-stettiner-haff\/?s={search_term_string}\"},\"query-input\":\"required name=search_term_string\"}],\"inLanguage\":\"de\"},{\"@type\":\"Person\",\"@id\":\"https:\/\/www.naturparkmagazin.de\/am-stettiner-haff\/#\/schema\/person\/4a7208080dbbfb024d81129b7960c725\",\"name\":\"Jochen Elberskirch\",\"sameAs\":[\"http:\/\/www.naturpark-am-stettiner-haff.de\"],\"url\":\"https:\/\/www.naturparkmagazin.de\/am-stettiner-haff\/author\/jochenelberskirch\/\"}]}<\/script>\n<!-- \/ Yoast SEO plugin. -->","yoast_head_json":{"title":"Landkreis stellt neue Brosch\u00fcre zum Naturschutz vor - Naturpark Am Stettiner Haff","robots":{"index":"index","follow":"follow","max-snippet":"max-snippet:-1","max-image-preview":"max-image-preview:large","max-video-preview":"max-video-preview:-1"},"canonical":"https:\/\/www.naturparkmagazin.de\/am-stettiner-haff\/landkreis-stellt-neue-broschuere-zum-naturschutz-vor\/","og_locale":"de_DE","og_type":"article","og_title":"Landkreis stellt neue Brosch\u00fcre zum Naturschutz vor - Naturpark Am Stettiner Haff","og_description":"Die untere Naturschutzbeh\u00f6rde des Landkreises Vorpommern-Greifswald stellt im Februar den ersten Teil der neuen Brosch\u00fcre\"Naturschutz zwischen Bodden und Randowtal\" vor.","og_url":"https:\/\/www.naturparkmagazin.de\/am-stettiner-haff\/landkreis-stellt-neue-broschuere-zum-naturschutz-vor\/","og_site_name":"Naturpark Am Stettiner Haff","article_published_time":"2015-01-16T11:43:46+00:00","article_modified_time":"2015-01-27T15:27:40+00:00","og_image":[{"width":689,"height":1037,"url":"https:\/\/www.naturparkmagazin.de\/am-stettiner-haff\/wp-content\/uploads\/sites\/29\/Naturschutzbrosch\u00fcre_Titel.jpg","type":"image\/jpeg"}],"author":"Jochen Elberskirch","twitter_misc":{"Verfasst von":"Jochen Elberskirch","Gesch\u00e4tzte Lesezeit":"1\u00a0Minute"},"schema":{"@context":"https:\/\/schema.org","@graph":[{"@type":"WebPage","@id":"https:\/\/www.naturparkmagazin.de\/am-stettiner-haff\/landkreis-stellt-neue-broschuere-zum-naturschutz-vor\/","url":"https:\/\/www.naturparkmagazin.de\/am-stettiner-haff\/landkreis-stellt-neue-broschuere-zum-naturschutz-vor\/","name":"Landkreis stellt neue Brosch\u00fcre zum Naturschutz vor - Naturpark Am Stettiner Haff","isPartOf":{"@id":"https:\/\/www.naturparkmagazin.de\/am-stettiner-haff\/#website"},"datePublished":"2015-01-16T11:43:46+00:00","dateModified":"2015-01-27T15:27:40+00:00","author":{"@id":"https:\/\/www.naturparkmagazin.de\/am-stettiner-haff\/#\/schema\/person\/4a7208080dbbfb024d81129b7960c725"},"breadcrumb":{"@id":"https:\/\/www.naturparkmagazin.de\/am-stettiner-haff\/landkreis-stellt-neue-broschuere-zum-naturschutz-vor\/#breadcrumb"},"inLanguage":"de","potentialAction":[{"@type":"ReadAction","target":["https:\/\/www.naturparkmagazin.de\/am-stettiner-haff\/landkreis-stellt-neue-broschuere-zum-naturschutz-vor\/"]}]},{"@type":"BreadcrumbList","@id":"https:\/\/www.naturparkmagazin.de\/am-stettiner-haff\/landkreis-stellt-neue-broschuere-zum-naturschutz-vor\/#breadcrumb","itemListElement":[{"@type":"ListItem","position":1,"name":"Home","item":"https:\/\/www.naturparkmagazin.de\/am-stettiner-haff\/"},{"@type":"ListItem","position":2,"name":"Landkreis stellt neue Brosch\u00fcre zum Naturschutz vor"}]},{"@type":"WebSite","@id":"https:\/\/www.naturparkmagazin.de\/am-stettiner-haff\/#website","url":"https:\/\/www.naturparkmagazin.de\/am-stettiner-haff\/","name":"Naturpark Am Stettiner Haff","description":"","potentialAction":[{"@type":"SearchAction","target":{"@type":"EntryPoint","urlTemplate":"https:\/\/www.naturparkmagazin.de\/am-stettiner-haff\/?s={search_term_string}"},"query-input":"required name=search_term_string"}],"inLanguage":"de"},{"@type":"Person","@id":"https:\/\/www.naturparkmagazin.de\/am-stettiner-haff\/#\/schema\/person\/4a7208080dbbfb024d81129b7960c725","name":"Jochen Elberskirch","sameAs":["http:\/\/www.naturpark-am-stettiner-haff.de"],"url":"https:\/\/www.naturparkmagazin.de\/am-stettiner-haff\/author\/jochenelberskirch\/"}]}},"_links":{"self":[{"href":"https:\/\/www.naturparkmagazin.de\/am-stettiner-haff\/wp-json\/wp\/v2\/posts\/1193"}],"collection":[{"href":"https:\/\/www.naturparkmagazin.de\/am-stettiner-haff\/wp-json\/wp\/v2\/posts"}],"about":[{"href":"https:\/\/www.naturparkmagazin.de\/am-stettiner-haff\/wp-json\/wp\/v2\/types\/post"}],"author":[{"embeddable":true,"href":"https:\/\/www.naturparkmagazin.de\/am-stettiner-haff\/wp-json\/wp\/v2\/users\/26"}],"replies":[{"embeddable":true,"href":"https:\/\/www.naturparkmagazin.de\/am-stettiner-haff\/wp-json\/wp\/v2\/comments?post=1193"}],"version-history":[{"count":10,"href":"https:\/\/www.naturparkmagazin.de\/am-stettiner-haff\/wp-json\/wp\/v2\/posts\/1193\/revisions"}],"predecessor-version":[{"id":1216,"href":"https:\/\/www.naturparkmagazin.de\/am-stettiner-haff\/wp-json\/wp\/v2\/posts\/1193\/revisions\/1216"}],"wp:featuredmedia":[{"embeddable":true,"href":"https:\/\/www.naturparkmagazin.de\/am-stettiner-haff\/wp-json\/wp\/v2\/media\/1194"}],"wp:attachment":[{"href":"https:\/\/www.naturparkmagazin.de\/am-stettiner-haff\/wp-json\/wp\/v2\/media?parent=1193"}],"wp:term":[{"taxonomy":"category","embeddable":true,"href":"https:\/\/www.naturparkmagazin.de\/am-stettiner-haff\/wp-json\/wp\/v2\/categories?post=1193"},{"taxonomy":"post_tag","embeddable":true,"href":"https:\/\/www.naturparkmagazin.de\/am-stettiner-haff\/wp-json\/wp\/v2\/tags?post=1193"}],"curies":[{"name":"wp","href":"https:\/\/api.w.org\/{rel}","templated":true}]}}