{"id":1202,"date":"2015-01-20T10:35:32","date_gmt":"2015-01-20T09:35:32","guid":{"rendered":"http:\/\/www.naturparkmagazin.de\/am-stettiner-haff\/?p=1202"},"modified":"2015-01-29T14:17:33","modified_gmt":"2015-01-29T13:17:33","slug":"liebe-leser-2","status":"publish","type":"post","link":"https:\/\/www.naturparkmagazin.de\/am-stettiner-haff\/liebe-leser-2\/","title":{"rendered":"Liebe Leser,"},"content":{"rendered":"<p>st\u00fcrmischen Wind und viele Niederschl\u00e4ge hat uns der erste Monat des Jahres beschert. Zahlreiche Spuren der letzten St\u00fcrme sind noch vieler Orts zu sehen. Aber nicht f\u00fcr alle stellen umgest\u00fcrzte oder abgebrochene B\u00e4ume wirklich ein \u00c4rgernis dar. Gerade in der N\u00e4he von Gew\u00e4ssern gibt es sogar Nutznie\u00dfer dieser Naturgewalten. So muss Meister Bockert nicht selber Hand, oder eher Zahn anlegen um an die jungen \u00c4ste von B\u00e4umen zu gelangen. Gerne nutzt er die M\u00f6glichkeit sich ohne zus\u00e4tzlichen Aufwand an den Kronen der liegenden B\u00e4ume schadlos zu halten. Und dort wo die Spuren der St\u00fcrme keine Gefahren oder Hindernisse darstellen, sollten wir den Bibern auch diesen Gefallen tun und ihnen die \u00c4ste als Nahrung \u00fcberlassen. Was der Biber sonst noch aus dem Holz macht und was es Neues aus der unteren Naturschutzbeh\u00f6rde zu berichten gibt erfahren Sie in der neuen Ausgabe des Naturpark-Magazins.<\/p>\n<p>Viel Spa\u00df beim Lesen w\u00fcnscht Ihnen<\/p>\n<p>Jochen Elberskirch\nLeiter des Naturparks Am Stettiner Haff<\/p>\n","protected":false},"excerpt":{"rendered":"<p>st\u00fcrmischen Wind und viele Niederschl\u00e4ge hat uns der erste Monat des Jahres beschert. Zahlreiche Spuren der letzten St\u00fcrme sind noch vieler Orts zu sehen. Aber nicht f\u00fcr alle stellen umgest\u00fcrzte oder abgebrochene B\u00e4ume wirklich ein \u00c4rgernis dar. Gerade in der N\u00e4he von Gew\u00e4ssern gibt es sogar Nutznie\u00dfer dieser Naturgewalten. So muss Meister Bockert nicht selber<\/p>\n","protected":false},"author":26,"featured_media":0,"comment_status":"open","ping_status":"open","sticky":false,"template":"","format":"standard","meta":[],"categories":[52],"tags":[],"yoast_head":"<!-- This site is optimized with the Yoast SEO plugin v19.10 - https:\/\/yoast.com\/wordpress\/plugins\/seo\/ -->\n<title>Liebe Leser, - Naturpark Am Stettiner Haff<\/title>\n<meta name=\"robots\" content=\"index, follow, max-snippet:-1, max-image-preview:large, max-video-preview:-1\" \/>\n<link rel=\"canonical\" href=\"https:\/\/www.naturparkmagazin.de\/am-stettiner-haff\/liebe-leser-2\/\" \/>\n<meta property=\"og:locale\" content=\"de_DE\" \/>\n<meta property=\"og:type\" content=\"article\" \/>\n<meta property=\"og:title\" content=\"Liebe Leser, - Naturpark Am Stettiner Haff\" \/>\n<meta property=\"og:description\" content=\"st\u00fcrmischen Wind und viele Niederschl\u00e4ge hat uns der erste Monat des Jahres beschert. Zahlreiche Spuren der letzten St\u00fcrme sind noch vieler Orts zu sehen. Aber nicht f\u00fcr alle stellen umgest\u00fcrzte oder abgebrochene B\u00e4ume wirklich ein \u00c4rgernis dar. Gerade in der N\u00e4he von Gew\u00e4ssern gibt es sogar Nutznie\u00dfer dieser Naturgewalten. So muss Meister Bockert nicht selber\" \/>\n<meta property=\"og:url\" content=\"https:\/\/www.naturparkmagazin.de\/am-stettiner-haff\/liebe-leser-2\/\" \/>\n<meta property=\"og:site_name\" content=\"Naturpark Am Stettiner Haff\" \/>\n<meta property=\"article:published_time\" content=\"2015-01-20T09:35:32+00:00\" \/>\n<meta property=\"article:modified_time\" content=\"2015-01-29T13:17:33+00:00\" \/>\n<meta name=\"author\" content=\"Jochen Elberskirch\" \/>\n<meta name=\"twitter:label1\" content=\"Verfasst von\" \/>\n\t<meta name=\"twitter:data1\" content=\"Jochen Elberskirch\" \/>\n\t<meta name=\"twitter:label2\" content=\"Gesch\u00e4tzte Lesezeit\" \/>\n\t<meta name=\"twitter:data2\" content=\"1\u00a0Minute\" \/>\n<script type=\"application\/ld+json\" class=\"yoast-schema-graph\">{\"@context\":\"https:\/\/schema.org\",\"@graph\":[{\"@type\":\"WebPage\",\"@id\":\"https:\/\/www.naturparkmagazin.de\/am-stettiner-haff\/liebe-leser-2\/\",\"url\":\"https:\/\/www.naturparkmagazin.de\/am-stettiner-haff\/liebe-leser-2\/\",\"name\":\"Liebe Leser, - Naturpark Am Stettiner Haff\",\"isPartOf\":{\"@id\":\"https:\/\/www.naturparkmagazin.de\/am-stettiner-haff\/#website\"},\"datePublished\":\"2015-01-20T09:35:32+00:00\",\"dateModified\":\"2015-01-29T13:17:33+00:00\",\"author\":{\"@id\":\"https:\/\/www.naturparkmagazin.de\/am-stettiner-haff\/#\/schema\/person\/4a7208080dbbfb024d81129b7960c725\"},\"breadcrumb\":{\"@id\":\"https:\/\/www.naturparkmagazin.de\/am-stettiner-haff\/liebe-leser-2\/#breadcrumb\"},\"inLanguage\":\"de\",\"potentialAction\":[{\"@type\":\"ReadAction\",\"target\":[\"https:\/\/www.naturparkmagazin.de\/am-stettiner-haff\/liebe-leser-2\/\"]}]},{\"@type\":\"BreadcrumbList\",\"@id\":\"https:\/\/www.naturparkmagazin.de\/am-stettiner-haff\/liebe-leser-2\/#breadcrumb\",\"itemListElement\":[{\"@type\":\"ListItem\",\"position\":1,\"name\":\"Home\",\"item\":\"https:\/\/www.naturparkmagazin.de\/am-stettiner-haff\/\"},{\"@type\":\"ListItem\",\"position\":2,\"name\":\"Liebe Leser,\"}]},{\"@type\":\"WebSite\",\"@id\":\"https:\/\/www.naturparkmagazin.de\/am-stettiner-haff\/#website\",\"url\":\"https:\/\/www.naturparkmagazin.de\/am-stettiner-haff\/\",\"name\":\"Naturpark Am Stettiner Haff\",\"description\":\"\",\"potentialAction\":[{\"@type\":\"SearchAction\",\"target\":{\"@type\":\"EntryPoint\",\"urlTemplate\":\"https:\/\/www.naturparkmagazin.de\/am-stettiner-haff\/?s={search_term_string}\"},\"query-input\":\"required name=search_term_string\"}],\"inLanguage\":\"de\"},{\"@type\":\"Person\",\"@id\":\"https:\/\/www.naturparkmagazin.de\/am-stettiner-haff\/#\/schema\/person\/4a7208080dbbfb024d81129b7960c725\",\"name\":\"Jochen Elberskirch\",\"sameAs\":[\"http:\/\/www.naturpark-am-stettiner-haff.de\"],\"url\":\"https:\/\/www.naturparkmagazin.de\/am-stettiner-haff\/author\/jochenelberskirch\/\"}]}<\/script>\n<!-- \/ Yoast SEO plugin. -->","yoast_head_json":{"title":"Liebe Leser, - Naturpark Am Stettiner Haff","robots":{"index":"index","follow":"follow","max-snippet":"max-snippet:-1","max-image-preview":"max-image-preview:large","max-video-preview":"max-video-preview:-1"},"canonical":"https:\/\/www.naturparkmagazin.de\/am-stettiner-haff\/liebe-leser-2\/","og_locale":"de_DE","og_type":"article","og_title":"Liebe Leser, - Naturpark Am Stettiner Haff","og_description":"st\u00fcrmischen Wind und viele Niederschl\u00e4ge hat uns der erste Monat des Jahres beschert. Zahlreiche Spuren der letzten St\u00fcrme sind noch vieler Orts zu sehen. Aber nicht f\u00fcr alle stellen umgest\u00fcrzte oder abgebrochene B\u00e4ume wirklich ein \u00c4rgernis dar. Gerade in der N\u00e4he von Gew\u00e4ssern gibt es sogar Nutznie\u00dfer dieser Naturgewalten. So muss Meister Bockert nicht selber","og_url":"https:\/\/www.naturparkmagazin.de\/am-stettiner-haff\/liebe-leser-2\/","og_site_name":"Naturpark Am Stettiner Haff","article_published_time":"2015-01-20T09:35:32+00:00","article_modified_time":"2015-01-29T13:17:33+00:00","author":"Jochen Elberskirch","twitter_misc":{"Verfasst von":"Jochen Elberskirch","Gesch\u00e4tzte Lesezeit":"1\u00a0Minute"},"schema":{"@context":"https:\/\/schema.org","@graph":[{"@type":"WebPage","@id":"https:\/\/www.naturparkmagazin.de\/am-stettiner-haff\/liebe-leser-2\/","url":"https:\/\/www.naturparkmagazin.de\/am-stettiner-haff\/liebe-leser-2\/","name":"Liebe Leser, - Naturpark Am Stettiner Haff","isPartOf":{"@id":"https:\/\/www.naturparkmagazin.de\/am-stettiner-haff\/#website"},"datePublished":"2015-01-20T09:35:32+00:00","dateModified":"2015-01-29T13:17:33+00:00","author":{"@id":"https:\/\/www.naturparkmagazin.de\/am-stettiner-haff\/#\/schema\/person\/4a7208080dbbfb024d81129b7960c725"},"breadcrumb":{"@id":"https:\/\/www.naturparkmagazin.de\/am-stettiner-haff\/liebe-leser-2\/#breadcrumb"},"inLanguage":"de","potentialAction":[{"@type":"ReadAction","target":["https:\/\/www.naturparkmagazin.de\/am-stettiner-haff\/liebe-leser-2\/"]}]},{"@type":"BreadcrumbList","@id":"https:\/\/www.naturparkmagazin.de\/am-stettiner-haff\/liebe-leser-2\/#breadcrumb","itemListElement":[{"@type":"ListItem","position":1,"name":"Home","item":"https:\/\/www.naturparkmagazin.de\/am-stettiner-haff\/"},{"@type":"ListItem","position":2,"name":"Liebe Leser,"}]},{"@type":"WebSite","@id":"https:\/\/www.naturparkmagazin.de\/am-stettiner-haff\/#website","url":"https:\/\/www.naturparkmagazin.de\/am-stettiner-haff\/","name":"Naturpark Am Stettiner Haff","description":"","potentialAction":[{"@type":"SearchAction","target":{"@type":"EntryPoint","urlTemplate":"https:\/\/www.naturparkmagazin.de\/am-stettiner-haff\/?s={search_term_string}"},"query-input":"required name=search_term_string"}],"inLanguage":"de"},{"@type":"Person","@id":"https:\/\/www.naturparkmagazin.de\/am-stettiner-haff\/#\/schema\/person\/4a7208080dbbfb024d81129b7960c725","name":"Jochen Elberskirch","sameAs":["http:\/\/www.naturpark-am-stettiner-haff.de"],"url":"https:\/\/www.naturparkmagazin.de\/am-stettiner-haff\/author\/jochenelberskirch\/"}]}},"_links":{"self":[{"href":"https:\/\/www.naturparkmagazin.de\/am-stettiner-haff\/wp-json\/wp\/v2\/posts\/1202"}],"collection":[{"href":"https:\/\/www.naturparkmagazin.de\/am-stettiner-haff\/wp-json\/wp\/v2\/posts"}],"about":[{"href":"https:\/\/www.naturparkmagazin.de\/am-stettiner-haff\/wp-json\/wp\/v2\/types\/post"}],"author":[{"embeddable":true,"href":"https:\/\/www.naturparkmagazin.de\/am-stettiner-haff\/wp-json\/wp\/v2\/users\/26"}],"replies":[{"embeddable":true,"href":"https:\/\/www.naturparkmagazin.de\/am-stettiner-haff\/wp-json\/wp\/v2\/comments?post=1202"}],"version-history":[{"count":2,"href":"https:\/\/www.naturparkmagazin.de\/am-stettiner-haff\/wp-json\/wp\/v2\/posts\/1202\/revisions"}],"predecessor-version":[{"id":1218,"href":"https:\/\/www.naturparkmagazin.de\/am-stettiner-haff\/wp-json\/wp\/v2\/posts\/1202\/revisions\/1218"}],"wp:attachment":[{"href":"https:\/\/www.naturparkmagazin.de\/am-stettiner-haff\/wp-json\/wp\/v2\/media?parent=1202"}],"wp:term":[{"taxonomy":"category","embeddable":true,"href":"https:\/\/www.naturparkmagazin.de\/am-stettiner-haff\/wp-json\/wp\/v2\/categories?post=1202"},{"taxonomy":"post_tag","embeddable":true,"href":"https:\/\/www.naturparkmagazin.de\/am-stettiner-haff\/wp-json\/wp\/v2\/tags?post=1202"}],"curies":[{"name":"wp","href":"https:\/\/api.w.org\/{rel}","templated":true}]}}