{"id":1204,"date":"2015-01-16T13:18:03","date_gmt":"2015-01-16T12:18:03","guid":{"rendered":"http:\/\/www.naturparkmagazin.de\/am-stettiner-haff\/?p=1204"},"modified":"2015-01-29T14:20:00","modified_gmt":"2015-01-29T13:20:00","slug":"4-februar-2015-naturpark-stammtisch","status":"publish","type":"post","link":"https:\/\/www.naturparkmagazin.de\/am-stettiner-haff\/4-februar-2015-naturpark-stammtisch\/","title":{"rendered":"4. Februar 2015 &#8211; Naturpark-Stammtisch"},"content":{"rendered":"<div id=\"attachment_1160\" style=\"width: 630px\" class=\"wp-caption aligncenter\"><a href=\"https:\/\/www.naturparkmagazin.de\/am-stettiner-haff\/wp-content\/uploads\/sites\/29\/CAM00283.jpg\"><img aria-describedby=\"caption-attachment-1160\" decoding=\"async\" loading=\"lazy\" class=\"size-medium wp-image-1160\" alt=\"Besucherinformationszentrum des Naturparks in Eggesin mit neu eingef\u00e4rbten Schriftzug (Foto: Naturparkarchiv)\" src=\"https:\/\/www.naturparkmagazin.de\/am-stettiner-haff\/wp-content\/uploads\/sites\/29\/CAM00283-620x465.jpg\" width=\"620\" height=\"465\" \/><\/a><p id=\"caption-attachment-1160\" class=\"wp-caption-text\">Besucherinformationszentrum des Naturparks in Eggesin (Foto: Naturparkarchiv)<\/p><\/div>\n<p>Der Chef des Naturpark-F\u00f6rdervereins, J\u00fcrgen Barth l\u00e4dt wieder alle Naturpark-Freunde und -Interessierte zum Naturpark-Stammtisch am 4. Februar 2015, ab 18:30 Uhr in das Besucherinformationszentrum des\u00a0Naturparks ein. In geselliger Runde besteht wieder die M\u00f6glichkeiten sich \u00fcber die Aktivit\u00e4ten im Naturpark zu informieren bzw. auszutauschen. Unter anderem wird an diesem\u00a0Abend auch Teil 1. der neuen Brosch\u00fcre &#8222;Naturschutz zwischen Bodden und Randowtal&#8220; der unteren Naturschutzbeh\u00f6rde zur Ansicht ausliegen.<\/p>\n<p><a href=\"https:\/\/www.naturparkmagazin.de\/am-stettiner-haff\/wp-content\/uploads\/sites\/29\/Naturschutzbrosch\u00fcre_Titel.jpg\"><img decoding=\"async\" loading=\"lazy\" class=\"aligncenter size-thumbnail wp-image-1194\" alt=\"Naturschutzbrosch\u00fcre_Titel\" src=\"https:\/\/www.naturparkmagazin.de\/am-stettiner-haff\/wp-content\/uploads\/sites\/29\/Naturschutzbrosch\u00fcre_Titel-300x451.jpg\" width=\"300\" height=\"451\" \/><\/a><\/p>\n<p>&nbsp;<\/p>\n<p>&nbsp;<\/p>\n","protected":false},"excerpt":{"rendered":"<p>Der Chef des Naturpark-F\u00f6rdervereins, J\u00fcrgen Barth l\u00e4dt wieder alle Naturpark-Freunde und -Interessierte zum Naturpark-Stammtisch am 4. Februar 2015, ab 18:30 Uhr in das Besucherinformationszentrum des Naturparks ein.<\/p>\n","protected":false},"author":26,"featured_media":0,"comment_status":"open","ping_status":"open","sticky":false,"template":"","format":"standard","meta":[],"categories":[11],"tags":[],"yoast_head":"<!-- This site is optimized with the Yoast SEO plugin v19.10 - https:\/\/yoast.com\/wordpress\/plugins\/seo\/ -->\n<title>4. Februar 2015 - Naturpark-Stammtisch - Naturpark Am Stettiner Haff<\/title>\n<meta name=\"robots\" content=\"index, follow, max-snippet:-1, max-image-preview:large, max-video-preview:-1\" \/>\n<link rel=\"canonical\" href=\"https:\/\/www.naturparkmagazin.de\/am-stettiner-haff\/4-februar-2015-naturpark-stammtisch\/\" \/>\n<meta property=\"og:locale\" content=\"de_DE\" \/>\n<meta property=\"og:type\" content=\"article\" \/>\n<meta property=\"og:title\" content=\"4. Februar 2015 - Naturpark-Stammtisch - Naturpark Am Stettiner Haff\" \/>\n<meta property=\"og:description\" content=\"Der Chef des Naturpark-F\u00f6rdervereins, J\u00fcrgen Barth l\u00e4dt wieder alle Naturpark-Freunde und -Interessierte zum Naturpark-Stammtisch am 4. Februar 2015, ab 18:30 Uhr in das Besucherinformationszentrum des Naturparks ein.\" \/>\n<meta property=\"og:url\" content=\"https:\/\/www.naturparkmagazin.de\/am-stettiner-haff\/4-februar-2015-naturpark-stammtisch\/\" \/>\n<meta property=\"og:site_name\" content=\"Naturpark Am Stettiner Haff\" \/>\n<meta property=\"article:published_time\" content=\"2015-01-16T12:18:03+00:00\" \/>\n<meta property=\"article:modified_time\" content=\"2015-01-29T13:20:00+00:00\" \/>\n<meta property=\"og:image\" content=\"https:\/\/www.naturparkmagazin.de\/am-stettiner-haff\/wp-content\/uploads\/sites\/29\/CAM00283-620x465.jpg\" \/>\n<meta name=\"author\" content=\"Jochen Elberskirch\" \/>\n<meta name=\"twitter:label1\" content=\"Verfasst von\" \/>\n\t<meta name=\"twitter:data1\" content=\"Jochen Elberskirch\" \/>\n<script type=\"application\/ld+json\" class=\"yoast-schema-graph\">{\"@context\":\"https:\/\/schema.org\",\"@graph\":[{\"@type\":\"WebPage\",\"@id\":\"https:\/\/www.naturparkmagazin.de\/am-stettiner-haff\/4-februar-2015-naturpark-stammtisch\/\",\"url\":\"https:\/\/www.naturparkmagazin.de\/am-stettiner-haff\/4-februar-2015-naturpark-stammtisch\/\",\"name\":\"4. Februar 2015 - Naturpark-Stammtisch - Naturpark Am Stettiner Haff\",\"isPartOf\":{\"@id\":\"https:\/\/www.naturparkmagazin.de\/am-stettiner-haff\/#website\"},\"datePublished\":\"2015-01-16T12:18:03+00:00\",\"dateModified\":\"2015-01-29T13:20:00+00:00\",\"author\":{\"@id\":\"https:\/\/www.naturparkmagazin.de\/am-stettiner-haff\/#\/schema\/person\/4a7208080dbbfb024d81129b7960c725\"},\"breadcrumb\":{\"@id\":\"https:\/\/www.naturparkmagazin.de\/am-stettiner-haff\/4-februar-2015-naturpark-stammtisch\/#breadcrumb\"},\"inLanguage\":\"de\",\"potentialAction\":[{\"@type\":\"ReadAction\",\"target\":[\"https:\/\/www.naturparkmagazin.de\/am-stettiner-haff\/4-februar-2015-naturpark-stammtisch\/\"]}]},{\"@type\":\"BreadcrumbList\",\"@id\":\"https:\/\/www.naturparkmagazin.de\/am-stettiner-haff\/4-februar-2015-naturpark-stammtisch\/#breadcrumb\",\"itemListElement\":[{\"@type\":\"ListItem\",\"position\":1,\"name\":\"Home\",\"item\":\"https:\/\/www.naturparkmagazin.de\/am-stettiner-haff\/\"},{\"@type\":\"ListItem\",\"position\":2,\"name\":\"4. Februar 2015 &#8211; Naturpark-Stammtisch\"}]},{\"@type\":\"WebSite\",\"@id\":\"https:\/\/www.naturparkmagazin.de\/am-stettiner-haff\/#website\",\"url\":\"https:\/\/www.naturparkmagazin.de\/am-stettiner-haff\/\",\"name\":\"Naturpark Am Stettiner Haff\",\"description\":\"\",\"potentialAction\":[{\"@type\":\"SearchAction\",\"target\":{\"@type\":\"EntryPoint\",\"urlTemplate\":\"https:\/\/www.naturparkmagazin.de\/am-stettiner-haff\/?s={search_term_string}\"},\"query-input\":\"required name=search_term_string\"}],\"inLanguage\":\"de\"},{\"@type\":\"Person\",\"@id\":\"https:\/\/www.naturparkmagazin.de\/am-stettiner-haff\/#\/schema\/person\/4a7208080dbbfb024d81129b7960c725\",\"name\":\"Jochen Elberskirch\",\"sameAs\":[\"http:\/\/www.naturpark-am-stettiner-haff.de\"],\"url\":\"https:\/\/www.naturparkmagazin.de\/am-stettiner-haff\/author\/jochenelberskirch\/\"}]}<\/script>\n<!-- \/ Yoast SEO plugin. -->","yoast_head_json":{"title":"4. Februar 2015 - Naturpark-Stammtisch - Naturpark Am Stettiner Haff","robots":{"index":"index","follow":"follow","max-snippet":"max-snippet:-1","max-image-preview":"max-image-preview:large","max-video-preview":"max-video-preview:-1"},"canonical":"https:\/\/www.naturparkmagazin.de\/am-stettiner-haff\/4-februar-2015-naturpark-stammtisch\/","og_locale":"de_DE","og_type":"article","og_title":"4. Februar 2015 - Naturpark-Stammtisch - Naturpark Am Stettiner Haff","og_description":"Der Chef des Naturpark-F\u00f6rdervereins, J\u00fcrgen Barth l\u00e4dt wieder alle Naturpark-Freunde und -Interessierte zum Naturpark-Stammtisch am 4. Februar 2015, ab 18:30 Uhr in das Besucherinformationszentrum des Naturparks ein.","og_url":"https:\/\/www.naturparkmagazin.de\/am-stettiner-haff\/4-februar-2015-naturpark-stammtisch\/","og_site_name":"Naturpark Am Stettiner Haff","article_published_time":"2015-01-16T12:18:03+00:00","article_modified_time":"2015-01-29T13:20:00+00:00","og_image":[{"url":"https:\/\/www.naturparkmagazin.de\/am-stettiner-haff\/wp-content\/uploads\/sites\/29\/CAM00283-620x465.jpg"}],"author":"Jochen Elberskirch","twitter_misc":{"Verfasst von":"Jochen Elberskirch"},"schema":{"@context":"https:\/\/schema.org","@graph":[{"@type":"WebPage","@id":"https:\/\/www.naturparkmagazin.de\/am-stettiner-haff\/4-februar-2015-naturpark-stammtisch\/","url":"https:\/\/www.naturparkmagazin.de\/am-stettiner-haff\/4-februar-2015-naturpark-stammtisch\/","name":"4. Februar 2015 - Naturpark-Stammtisch - Naturpark Am Stettiner Haff","isPartOf":{"@id":"https:\/\/www.naturparkmagazin.de\/am-stettiner-haff\/#website"},"datePublished":"2015-01-16T12:18:03+00:00","dateModified":"2015-01-29T13:20:00+00:00","author":{"@id":"https:\/\/www.naturparkmagazin.de\/am-stettiner-haff\/#\/schema\/person\/4a7208080dbbfb024d81129b7960c725"},"breadcrumb":{"@id":"https:\/\/www.naturparkmagazin.de\/am-stettiner-haff\/4-februar-2015-naturpark-stammtisch\/#breadcrumb"},"inLanguage":"de","potentialAction":[{"@type":"ReadAction","target":["https:\/\/www.naturparkmagazin.de\/am-stettiner-haff\/4-februar-2015-naturpark-stammtisch\/"]}]},{"@type":"BreadcrumbList","@id":"https:\/\/www.naturparkmagazin.de\/am-stettiner-haff\/4-februar-2015-naturpark-stammtisch\/#breadcrumb","itemListElement":[{"@type":"ListItem","position":1,"name":"Home","item":"https:\/\/www.naturparkmagazin.de\/am-stettiner-haff\/"},{"@type":"ListItem","position":2,"name":"4. Februar 2015 &#8211; Naturpark-Stammtisch"}]},{"@type":"WebSite","@id":"https:\/\/www.naturparkmagazin.de\/am-stettiner-haff\/#website","url":"https:\/\/www.naturparkmagazin.de\/am-stettiner-haff\/","name":"Naturpark Am Stettiner Haff","description":"","potentialAction":[{"@type":"SearchAction","target":{"@type":"EntryPoint","urlTemplate":"https:\/\/www.naturparkmagazin.de\/am-stettiner-haff\/?s={search_term_string}"},"query-input":"required name=search_term_string"}],"inLanguage":"de"},{"@type":"Person","@id":"https:\/\/www.naturparkmagazin.de\/am-stettiner-haff\/#\/schema\/person\/4a7208080dbbfb024d81129b7960c725","name":"Jochen Elberskirch","sameAs":["http:\/\/www.naturpark-am-stettiner-haff.de"],"url":"https:\/\/www.naturparkmagazin.de\/am-stettiner-haff\/author\/jochenelberskirch\/"}]}},"_links":{"self":[{"href":"https:\/\/www.naturparkmagazin.de\/am-stettiner-haff\/wp-json\/wp\/v2\/posts\/1204"}],"collection":[{"href":"https:\/\/www.naturparkmagazin.de\/am-stettiner-haff\/wp-json\/wp\/v2\/posts"}],"about":[{"href":"https:\/\/www.naturparkmagazin.de\/am-stettiner-haff\/wp-json\/wp\/v2\/types\/post"}],"author":[{"embeddable":true,"href":"https:\/\/www.naturparkmagazin.de\/am-stettiner-haff\/wp-json\/wp\/v2\/users\/26"}],"replies":[{"embeddable":true,"href":"https:\/\/www.naturparkmagazin.de\/am-stettiner-haff\/wp-json\/wp\/v2\/comments?post=1204"}],"version-history":[{"count":5,"href":"https:\/\/www.naturparkmagazin.de\/am-stettiner-haff\/wp-json\/wp\/v2\/posts\/1204\/revisions"}],"predecessor-version":[{"id":1217,"href":"https:\/\/www.naturparkmagazin.de\/am-stettiner-haff\/wp-json\/wp\/v2\/posts\/1204\/revisions\/1217"}],"wp:attachment":[{"href":"https:\/\/www.naturparkmagazin.de\/am-stettiner-haff\/wp-json\/wp\/v2\/media?parent=1204"}],"wp:term":[{"taxonomy":"category","embeddable":true,"href":"https:\/\/www.naturparkmagazin.de\/am-stettiner-haff\/wp-json\/wp\/v2\/categories?post=1204"},{"taxonomy":"post_tag","embeddable":true,"href":"https:\/\/www.naturparkmagazin.de\/am-stettiner-haff\/wp-json\/wp\/v2\/tags?post=1204"}],"curies":[{"name":"wp","href":"https:\/\/api.w.org\/{rel}","templated":true}]}}