{"id":1227,"date":"2015-02-18T12:07:01","date_gmt":"2015-02-18T11:07:01","guid":{"rendered":"http:\/\/www.naturparkmagazin.de\/am-stettiner-haff\/?p=1227"},"modified":"2015-02-24T14:33:51","modified_gmt":"2015-02-24T13:33:51","slug":"10-jahre-naturpark-am-stettiner-haff","status":"publish","type":"post","link":"https:\/\/www.naturparkmagazin.de\/am-stettiner-haff\/10-jahre-naturpark-am-stettiner-haff\/","title":{"rendered":"10 Jahre Naturpark Am Stettiner Haff"},"content":{"rendered":"<p>Anl\u00e4sslich des 10j\u00e4hrigen Bestehens des Naturparks &#8222;Am Stettiner Haff&#8220; laufen der derzeit die Vorbereitungen f\u00fcr ein z\u00fcnftiges Naturparkfest auf Hochtouren. Gemeinsam mit den Aktiven des Kahnschifferzentrums und der Stadt Eggesin planen der Naturpark-F\u00f6rderverein und die Naturparkverwaltung die Festlichkeiten. Selbstverst\u00e4ndlich sollen viele regionale Partner und Freunde des Naturparks mit dabei sein. So verwundert es kaum, dass das Team vom ZERUM Ueckerm\u00fcnde sofort zugesagt hat. So werden sie mit\u00a0ihrem schwimmenden Lernort, der Silva-Vega und mit\u00a0einer kleinen Herausforderung f\u00fcr Wagemutige mit vor Ort sein und das Fest bereichern. Selbstverst\u00e4ndlich soll es neben regionalen Produkten\u00a0und Informationsst\u00e4nden auch ein ausgewogenes Kulturprogramm geben. Man darf alsogespannt sein, wer sich womit\u00a0pr\u00e4sentiert und was es auf der B\u00fchne zu sehen geben wird. Mehr Informationen gibt es in der April Ausgabe des Naturparkmagazins. Wer Lust und Interesse hat sich zu beteiligen, bzw.\u00a0das Fest mit unterst\u00fczen m\u00f6chte \u00a0ist herzlich dazu eingeladen (Infos\u00a0 hierzu gibt es in der Naturparkstation).<\/p>\n<div id=\"attachment_1228\" style=\"width: 630px\" class=\"wp-caption aligncenter\"><a href=\"https:\/\/www.naturparkmagazin.de\/am-stettiner-haff\/wp-content\/uploads\/sites\/29\/klein.jpg\"><img aria-describedby=\"caption-attachment-1228\" decoding=\"async\" loading=\"lazy\" class=\"size-medium wp-image-1228\" alt=\"Impressionen eines Naturparkfestes (Foto: Naturpark-Archiv)\" src=\"https:\/\/www.naturparkmagazin.de\/am-stettiner-haff\/wp-content\/uploads\/sites\/29\/klein-620x427.jpg\" width=\"620\" height=\"427\" srcset=\"https:\/\/www.naturparkmagazin.de\/am-stettiner-haff\/wp-content\/uploads\/sites\/29\/klein-620x427.jpg 620w, https:\/\/www.naturparkmagazin.de\/am-stettiner-haff\/wp-content\/uploads\/sites\/29\/klein-300x207.jpg 300w, https:\/\/www.naturparkmagazin.de\/am-stettiner-haff\/wp-content\/uploads\/sites\/29\/klein-670x462.jpg 670w, https:\/\/www.naturparkmagazin.de\/am-stettiner-haff\/wp-content\/uploads\/sites\/29\/klein-200x138.jpg 200w, https:\/\/www.naturparkmagazin.de\/am-stettiner-haff\/wp-content\/uploads\/sites\/29\/klein.jpg 905w\" sizes=\"(max-width: 620px) 100vw, 620px\" \/><\/a><p id=\"caption-attachment-1228\" class=\"wp-caption-text\">Impressionen eines Naturparkfestes (Foto: Naturpark-Archiv)<\/p><\/div>\n<p>&nbsp;<\/p>\n","protected":false},"excerpt":{"rendered":"<p>Anl\u00e4sslich des 10j\u00e4hrigen Bestehens des Naturparks &#8222;Am Stettiner Haff&#8220; laufen der derzeit die Vorbereitungen f\u00fcr ein z\u00fcnftiges Naturparkfest auf Hochtouren. <\/p>\n","protected":false},"author":26,"featured_media":1228,"comment_status":"open","ping_status":"open","sticky":false,"template":"","format":"standard","meta":[],"categories":[7],"tags":[],"yoast_head":"<!-- This site is optimized with the Yoast SEO plugin v19.10 - https:\/\/yoast.com\/wordpress\/plugins\/seo\/ -->\n<title>10 Jahre Naturpark Am Stettiner Haff - Naturpark Am Stettiner Haff<\/title>\n<meta name=\"robots\" content=\"index, follow, max-snippet:-1, max-image-preview:large, max-video-preview:-1\" \/>\n<link rel=\"canonical\" href=\"https:\/\/www.naturparkmagazin.de\/am-stettiner-haff\/10-jahre-naturpark-am-stettiner-haff\/\" \/>\n<meta property=\"og:locale\" content=\"de_DE\" \/>\n<meta property=\"og:type\" content=\"article\" \/>\n<meta property=\"og:title\" content=\"10 Jahre Naturpark Am Stettiner Haff - Naturpark Am Stettiner Haff\" \/>\n<meta property=\"og:description\" content=\"Anl\u00e4sslich des 10j\u00e4hrigen Bestehens des Naturparks &quot;Am Stettiner Haff&quot; laufen der derzeit die Vorbereitungen f\u00fcr ein z\u00fcnftiges Naturparkfest auf Hochtouren.\" \/>\n<meta property=\"og:url\" content=\"https:\/\/www.naturparkmagazin.de\/am-stettiner-haff\/10-jahre-naturpark-am-stettiner-haff\/\" \/>\n<meta property=\"og:site_name\" content=\"Naturpark Am Stettiner Haff\" \/>\n<meta property=\"article:published_time\" content=\"2015-02-18T11:07:01+00:00\" \/>\n<meta property=\"article:modified_time\" content=\"2015-02-24T13:33:51+00:00\" \/>\n<meta property=\"og:image\" content=\"https:\/\/www.naturparkmagazin.de\/am-stettiner-haff\/wp-content\/uploads\/sites\/29\/klein.jpg\" \/>\n\t<meta property=\"og:image:width\" content=\"905\" \/>\n\t<meta property=\"og:image:height\" content=\"624\" \/>\n\t<meta property=\"og:image:type\" content=\"image\/jpeg\" \/>\n<meta name=\"author\" content=\"Jochen Elberskirch\" \/>\n<meta name=\"twitter:label1\" content=\"Verfasst von\" \/>\n\t<meta name=\"twitter:data1\" content=\"Jochen Elberskirch\" \/>\n\t<meta name=\"twitter:label2\" content=\"Gesch\u00e4tzte Lesezeit\" \/>\n\t<meta name=\"twitter:data2\" content=\"1\u00a0Minute\" \/>\n<script type=\"application\/ld+json\" class=\"yoast-schema-graph\">{\"@context\":\"https:\/\/schema.org\",\"@graph\":[{\"@type\":\"WebPage\",\"@id\":\"https:\/\/www.naturparkmagazin.de\/am-stettiner-haff\/10-jahre-naturpark-am-stettiner-haff\/\",\"url\":\"https:\/\/www.naturparkmagazin.de\/am-stettiner-haff\/10-jahre-naturpark-am-stettiner-haff\/\",\"name\":\"10 Jahre Naturpark Am Stettiner Haff - Naturpark Am Stettiner Haff\",\"isPartOf\":{\"@id\":\"https:\/\/www.naturparkmagazin.de\/am-stettiner-haff\/#website\"},\"datePublished\":\"2015-02-18T11:07:01+00:00\",\"dateModified\":\"2015-02-24T13:33:51+00:00\",\"author\":{\"@id\":\"https:\/\/www.naturparkmagazin.de\/am-stettiner-haff\/#\/schema\/person\/4a7208080dbbfb024d81129b7960c725\"},\"breadcrumb\":{\"@id\":\"https:\/\/www.naturparkmagazin.de\/am-stettiner-haff\/10-jahre-naturpark-am-stettiner-haff\/#breadcrumb\"},\"inLanguage\":\"de\",\"potentialAction\":[{\"@type\":\"ReadAction\",\"target\":[\"https:\/\/www.naturparkmagazin.de\/am-stettiner-haff\/10-jahre-naturpark-am-stettiner-haff\/\"]}]},{\"@type\":\"BreadcrumbList\",\"@id\":\"https:\/\/www.naturparkmagazin.de\/am-stettiner-haff\/10-jahre-naturpark-am-stettiner-haff\/#breadcrumb\",\"itemListElement\":[{\"@type\":\"ListItem\",\"position\":1,\"name\":\"Home\",\"item\":\"https:\/\/www.naturparkmagazin.de\/am-stettiner-haff\/\"},{\"@type\":\"ListItem\",\"position\":2,\"name\":\"10 Jahre Naturpark Am Stettiner Haff\"}]},{\"@type\":\"WebSite\",\"@id\":\"https:\/\/www.naturparkmagazin.de\/am-stettiner-haff\/#website\",\"url\":\"https:\/\/www.naturparkmagazin.de\/am-stettiner-haff\/\",\"name\":\"Naturpark Am Stettiner Haff\",\"description\":\"\",\"potentialAction\":[{\"@type\":\"SearchAction\",\"target\":{\"@type\":\"EntryPoint\",\"urlTemplate\":\"https:\/\/www.naturparkmagazin.de\/am-stettiner-haff\/?s={search_term_string}\"},\"query-input\":\"required name=search_term_string\"}],\"inLanguage\":\"de\"},{\"@type\":\"Person\",\"@id\":\"https:\/\/www.naturparkmagazin.de\/am-stettiner-haff\/#\/schema\/person\/4a7208080dbbfb024d81129b7960c725\",\"name\":\"Jochen Elberskirch\",\"sameAs\":[\"http:\/\/www.naturpark-am-stettiner-haff.de\"],\"url\":\"https:\/\/www.naturparkmagazin.de\/am-stettiner-haff\/author\/jochenelberskirch\/\"}]}<\/script>\n<!-- \/ Yoast SEO plugin. -->","yoast_head_json":{"title":"10 Jahre Naturpark Am Stettiner Haff - Naturpark Am Stettiner Haff","robots":{"index":"index","follow":"follow","max-snippet":"max-snippet:-1","max-image-preview":"max-image-preview:large","max-video-preview":"max-video-preview:-1"},"canonical":"https:\/\/www.naturparkmagazin.de\/am-stettiner-haff\/10-jahre-naturpark-am-stettiner-haff\/","og_locale":"de_DE","og_type":"article","og_title":"10 Jahre Naturpark Am Stettiner Haff - Naturpark Am Stettiner Haff","og_description":"Anl\u00e4sslich des 10j\u00e4hrigen Bestehens des Naturparks \"Am Stettiner Haff\" laufen der derzeit die Vorbereitungen f\u00fcr ein z\u00fcnftiges Naturparkfest auf Hochtouren.","og_url":"https:\/\/www.naturparkmagazin.de\/am-stettiner-haff\/10-jahre-naturpark-am-stettiner-haff\/","og_site_name":"Naturpark Am Stettiner Haff","article_published_time":"2015-02-18T11:07:01+00:00","article_modified_time":"2015-02-24T13:33:51+00:00","og_image":[{"width":905,"height":624,"url":"https:\/\/www.naturparkmagazin.de\/am-stettiner-haff\/wp-content\/uploads\/sites\/29\/klein.jpg","type":"image\/jpeg"}],"author":"Jochen Elberskirch","twitter_misc":{"Verfasst von":"Jochen Elberskirch","Gesch\u00e4tzte Lesezeit":"1\u00a0Minute"},"schema":{"@context":"https:\/\/schema.org","@graph":[{"@type":"WebPage","@id":"https:\/\/www.naturparkmagazin.de\/am-stettiner-haff\/10-jahre-naturpark-am-stettiner-haff\/","url":"https:\/\/www.naturparkmagazin.de\/am-stettiner-haff\/10-jahre-naturpark-am-stettiner-haff\/","name":"10 Jahre Naturpark Am Stettiner Haff - Naturpark Am Stettiner Haff","isPartOf":{"@id":"https:\/\/www.naturparkmagazin.de\/am-stettiner-haff\/#website"},"datePublished":"2015-02-18T11:07:01+00:00","dateModified":"2015-02-24T13:33:51+00:00","author":{"@id":"https:\/\/www.naturparkmagazin.de\/am-stettiner-haff\/#\/schema\/person\/4a7208080dbbfb024d81129b7960c725"},"breadcrumb":{"@id":"https:\/\/www.naturparkmagazin.de\/am-stettiner-haff\/10-jahre-naturpark-am-stettiner-haff\/#breadcrumb"},"inLanguage":"de","potentialAction":[{"@type":"ReadAction","target":["https:\/\/www.naturparkmagazin.de\/am-stettiner-haff\/10-jahre-naturpark-am-stettiner-haff\/"]}]},{"@type":"BreadcrumbList","@id":"https:\/\/www.naturparkmagazin.de\/am-stettiner-haff\/10-jahre-naturpark-am-stettiner-haff\/#breadcrumb","itemListElement":[{"@type":"ListItem","position":1,"name":"Home","item":"https:\/\/www.naturparkmagazin.de\/am-stettiner-haff\/"},{"@type":"ListItem","position":2,"name":"10 Jahre Naturpark Am Stettiner Haff"}]},{"@type":"WebSite","@id":"https:\/\/www.naturparkmagazin.de\/am-stettiner-haff\/#website","url":"https:\/\/www.naturparkmagazin.de\/am-stettiner-haff\/","name":"Naturpark Am Stettiner Haff","description":"","potentialAction":[{"@type":"SearchAction","target":{"@type":"EntryPoint","urlTemplate":"https:\/\/www.naturparkmagazin.de\/am-stettiner-haff\/?s={search_term_string}"},"query-input":"required name=search_term_string"}],"inLanguage":"de"},{"@type":"Person","@id":"https:\/\/www.naturparkmagazin.de\/am-stettiner-haff\/#\/schema\/person\/4a7208080dbbfb024d81129b7960c725","name":"Jochen Elberskirch","sameAs":["http:\/\/www.naturpark-am-stettiner-haff.de"],"url":"https:\/\/www.naturparkmagazin.de\/am-stettiner-haff\/author\/jochenelberskirch\/"}]}},"_links":{"self":[{"href":"https:\/\/www.naturparkmagazin.de\/am-stettiner-haff\/wp-json\/wp\/v2\/posts\/1227"}],"collection":[{"href":"https:\/\/www.naturparkmagazin.de\/am-stettiner-haff\/wp-json\/wp\/v2\/posts"}],"about":[{"href":"https:\/\/www.naturparkmagazin.de\/am-stettiner-haff\/wp-json\/wp\/v2\/types\/post"}],"author":[{"embeddable":true,"href":"https:\/\/www.naturparkmagazin.de\/am-stettiner-haff\/wp-json\/wp\/v2\/users\/26"}],"replies":[{"embeddable":true,"href":"https:\/\/www.naturparkmagazin.de\/am-stettiner-haff\/wp-json\/wp\/v2\/comments?post=1227"}],"version-history":[{"count":5,"href":"https:\/\/www.naturparkmagazin.de\/am-stettiner-haff\/wp-json\/wp\/v2\/posts\/1227\/revisions"}],"predecessor-version":[{"id":1237,"href":"https:\/\/www.naturparkmagazin.de\/am-stettiner-haff\/wp-json\/wp\/v2\/posts\/1227\/revisions\/1237"}],"wp:featuredmedia":[{"embeddable":true,"href":"https:\/\/www.naturparkmagazin.de\/am-stettiner-haff\/wp-json\/wp\/v2\/media\/1228"}],"wp:attachment":[{"href":"https:\/\/www.naturparkmagazin.de\/am-stettiner-haff\/wp-json\/wp\/v2\/media?parent=1227"}],"wp:term":[{"taxonomy":"category","embeddable":true,"href":"https:\/\/www.naturparkmagazin.de\/am-stettiner-haff\/wp-json\/wp\/v2\/categories?post=1227"},{"taxonomy":"post_tag","embeddable":true,"href":"https:\/\/www.naturparkmagazin.de\/am-stettiner-haff\/wp-json\/wp\/v2\/tags?post=1227"}],"curies":[{"name":"wp","href":"https:\/\/api.w.org\/{rel}","templated":true}]}}