{"id":1239,"date":"2015-03-18T07:45:34","date_gmt":"2015-03-18T06:45:34","guid":{"rendered":"http:\/\/www.naturparkmagazin.de\/am-stettiner-haff\/?p=1239"},"modified":"2015-03-18T13:35:23","modified_gmt":"2015-03-18T12:35:23","slug":"naturparkfest-in-eggesin","status":"publish","type":"post","link":"https:\/\/www.naturparkmagazin.de\/am-stettiner-haff\/naturparkfest-in-eggesin\/","title":{"rendered":"Naturparkfest in Eggesin"},"content":{"rendered":"<div id=\"attachment_1241\" style=\"width: 650px\" class=\"wp-caption aligncenter\"><a href=\"https:\/\/www.naturparkmagazin.de\/am-stettiner-haff\/wp-content\/uploads\/sites\/29\/Naturpark-Infostand.jpg\"><img aria-describedby=\"caption-attachment-1241\" decoding=\"async\" loading=\"lazy\" class=\"size-full wp-image-1241\" alt=\"Informationsstand des Naturpark-F\u00f6rdervereins (Foto: Naturpark-Archiv)\" src=\"https:\/\/www.naturparkmagazin.de\/am-stettiner-haff\/wp-content\/uploads\/sites\/29\/Naturpark-Infostand.jpg\" width=\"640\" height=\"426\" srcset=\"https:\/\/www.naturparkmagazin.de\/am-stettiner-haff\/wp-content\/uploads\/sites\/29\/Naturpark-Infostand.jpg 640w, https:\/\/www.naturparkmagazin.de\/am-stettiner-haff\/wp-content\/uploads\/sites\/29\/Naturpark-Infostand-300x200.jpg 300w, https:\/\/www.naturparkmagazin.de\/am-stettiner-haff\/wp-content\/uploads\/sites\/29\/Naturpark-Infostand-620x413.jpg 620w, https:\/\/www.naturparkmagazin.de\/am-stettiner-haff\/wp-content\/uploads\/sites\/29\/Naturpark-Infostand-200x133.jpg 200w\" sizes=\"(max-width: 640px) 100vw, 640px\" \/><\/a><p id=\"caption-attachment-1241\" class=\"wp-caption-text\">Informationsstand des Naturpark-F\u00f6rdervereins (Foto: Naturpark-Archiv)<\/p><\/div>\n<p>&nbsp;<\/p>\n<p><span style=\"color: #000000;font-family: Arial;font-size: medium\">Am 2. Mai 2015 ist es soweit. Der Naturpark \u201eAm Stettiner Haff\u201c feiert sein 10j\u00e4hriges Bestehen. Von 10:00\u00a0 bis 16:00 Uhr findet das Fest an der Randow im Bereich des Kahnschifferzentrums Eggesin statt. Die Naturparke, Vereine und Institutionen der Region werden sich vorstellen. Das Team vom ZERUM Ueckerm\u00fcnde zeigt einen schwimmenden Lernort und der Naturpark das Umweltmobil. Regionale Produkte werden zum Verkauf angeboten. Nat\u00fcrlich wird es auch eine kulturelle Umrahmung geben. Mit von der Partie sind die Tanzgruppe von befree, der Shantychor \u201eSeegrund Ahlbeck\u201c, die Eggesiner M\u00e4rchentruhe und \u00a0\u201eSoundGulasch\u201c &#8211; die Sch\u00fclerband des Oskar-Picht-Gymnasiums Pasewalk. Weitere sind angefragt. F\u00fcr das leibliche Wohl ist gesorgt. Au\u00dferdem wird die Eggesiner Feuerwehr zur Mittagszeit mit einer Feldk\u00fcche vor Ort sein. Eine Springburg wird neben dem Spielplatz Anziehungspunkt f\u00fcr die J\u00fcngsten sein. Desweiteren wartet eine \u00dcberraschungstombola auf die Kinder. \u00a0Auch eine Besichtigung des Besucherinformationszentrums des Naturparks \u201eAm Stettiner Haff\u201c und des Kahnschifferzentrums ist m\u00f6glich.\n<\/span><span style=\"color: #000000;font-family: Arial;font-size: medium\">Unterst\u00fctzt wird der Naturpark bei der Vorbereitung und Durchf\u00fchrung des Festes von den Aktiven des Kahnschifferzentrums Eggesin und der Stadt Eggesin.<\/span><\/p>\n","protected":false},"excerpt":{"rendered":"<p>Am 2. Mai 2015 ist es soweit. Der Naturpark \u201eAm Stettiner Haff\u201c feiert sein 10j\u00e4hriges Bestehen. Von 10:00  bis 16:00 Uhr findet das Fest an der Randow im Bereich des Kahnschifferzentrums Eggesin statt.<\/p>\n","protected":false},"author":26,"featured_media":1241,"comment_status":"open","ping_status":"open","sticky":false,"template":"","format":"standard","meta":[],"categories":[11],"tags":[],"yoast_head":"<!-- This site is optimized with the Yoast SEO plugin v19.10 - https:\/\/yoast.com\/wordpress\/plugins\/seo\/ -->\n<title>Naturparkfest in Eggesin - Naturpark Am Stettiner Haff<\/title>\n<meta name=\"robots\" content=\"index, follow, max-snippet:-1, max-image-preview:large, max-video-preview:-1\" \/>\n<link rel=\"canonical\" href=\"https:\/\/www.naturparkmagazin.de\/am-stettiner-haff\/naturparkfest-in-eggesin\/\" \/>\n<meta property=\"og:locale\" content=\"de_DE\" \/>\n<meta property=\"og:type\" content=\"article\" \/>\n<meta property=\"og:title\" content=\"Naturparkfest in Eggesin - Naturpark Am Stettiner Haff\" \/>\n<meta property=\"og:description\" content=\"Am 2. Mai 2015 ist es soweit. Der Naturpark \u201eAm Stettiner Haff\u201c feiert sein 10j\u00e4hriges Bestehen. Von 10:00 bis 16:00 Uhr findet das Fest an der Randow im Bereich des Kahnschifferzentrums Eggesin statt.\" \/>\n<meta property=\"og:url\" content=\"https:\/\/www.naturparkmagazin.de\/am-stettiner-haff\/naturparkfest-in-eggesin\/\" \/>\n<meta property=\"og:site_name\" content=\"Naturpark Am Stettiner Haff\" \/>\n<meta property=\"article:published_time\" content=\"2015-03-18T06:45:34+00:00\" \/>\n<meta property=\"article:modified_time\" content=\"2015-03-18T12:35:23+00:00\" \/>\n<meta property=\"og:image\" content=\"https:\/\/www.naturparkmagazin.de\/am-stettiner-haff\/wp-content\/uploads\/sites\/29\/Naturpark-Infostand.jpg\" \/>\n\t<meta property=\"og:image:width\" content=\"640\" \/>\n\t<meta property=\"og:image:height\" content=\"426\" \/>\n\t<meta property=\"og:image:type\" content=\"image\/jpeg\" \/>\n<meta name=\"author\" content=\"Jochen Elberskirch\" \/>\n<meta name=\"twitter:label1\" content=\"Verfasst von\" \/>\n\t<meta name=\"twitter:data1\" content=\"Jochen Elberskirch\" \/>\n\t<meta name=\"twitter:label2\" content=\"Gesch\u00e4tzte Lesezeit\" \/>\n\t<meta name=\"twitter:data2\" content=\"1\u00a0Minute\" \/>\n<script type=\"application\/ld+json\" class=\"yoast-schema-graph\">{\"@context\":\"https:\/\/schema.org\",\"@graph\":[{\"@type\":\"WebPage\",\"@id\":\"https:\/\/www.naturparkmagazin.de\/am-stettiner-haff\/naturparkfest-in-eggesin\/\",\"url\":\"https:\/\/www.naturparkmagazin.de\/am-stettiner-haff\/naturparkfest-in-eggesin\/\",\"name\":\"Naturparkfest in Eggesin - Naturpark Am Stettiner Haff\",\"isPartOf\":{\"@id\":\"https:\/\/www.naturparkmagazin.de\/am-stettiner-haff\/#website\"},\"datePublished\":\"2015-03-18T06:45:34+00:00\",\"dateModified\":\"2015-03-18T12:35:23+00:00\",\"author\":{\"@id\":\"https:\/\/www.naturparkmagazin.de\/am-stettiner-haff\/#\/schema\/person\/4a7208080dbbfb024d81129b7960c725\"},\"breadcrumb\":{\"@id\":\"https:\/\/www.naturparkmagazin.de\/am-stettiner-haff\/naturparkfest-in-eggesin\/#breadcrumb\"},\"inLanguage\":\"de\",\"potentialAction\":[{\"@type\":\"ReadAction\",\"target\":[\"https:\/\/www.naturparkmagazin.de\/am-stettiner-haff\/naturparkfest-in-eggesin\/\"]}]},{\"@type\":\"BreadcrumbList\",\"@id\":\"https:\/\/www.naturparkmagazin.de\/am-stettiner-haff\/naturparkfest-in-eggesin\/#breadcrumb\",\"itemListElement\":[{\"@type\":\"ListItem\",\"position\":1,\"name\":\"Home\",\"item\":\"https:\/\/www.naturparkmagazin.de\/am-stettiner-haff\/\"},{\"@type\":\"ListItem\",\"position\":2,\"name\":\"Naturparkfest in Eggesin\"}]},{\"@type\":\"WebSite\",\"@id\":\"https:\/\/www.naturparkmagazin.de\/am-stettiner-haff\/#website\",\"url\":\"https:\/\/www.naturparkmagazin.de\/am-stettiner-haff\/\",\"name\":\"Naturpark Am Stettiner Haff\",\"description\":\"\",\"potentialAction\":[{\"@type\":\"SearchAction\",\"target\":{\"@type\":\"EntryPoint\",\"urlTemplate\":\"https:\/\/www.naturparkmagazin.de\/am-stettiner-haff\/?s={search_term_string}\"},\"query-input\":\"required name=search_term_string\"}],\"inLanguage\":\"de\"},{\"@type\":\"Person\",\"@id\":\"https:\/\/www.naturparkmagazin.de\/am-stettiner-haff\/#\/schema\/person\/4a7208080dbbfb024d81129b7960c725\",\"name\":\"Jochen Elberskirch\",\"sameAs\":[\"http:\/\/www.naturpark-am-stettiner-haff.de\"],\"url\":\"https:\/\/www.naturparkmagazin.de\/am-stettiner-haff\/author\/jochenelberskirch\/\"}]}<\/script>\n<!-- \/ Yoast SEO plugin. -->","yoast_head_json":{"title":"Naturparkfest in Eggesin - Naturpark Am Stettiner Haff","robots":{"index":"index","follow":"follow","max-snippet":"max-snippet:-1","max-image-preview":"max-image-preview:large","max-video-preview":"max-video-preview:-1"},"canonical":"https:\/\/www.naturparkmagazin.de\/am-stettiner-haff\/naturparkfest-in-eggesin\/","og_locale":"de_DE","og_type":"article","og_title":"Naturparkfest in Eggesin - Naturpark Am Stettiner Haff","og_description":"Am 2. Mai 2015 ist es soweit. Der Naturpark \u201eAm Stettiner Haff\u201c feiert sein 10j\u00e4hriges Bestehen. Von 10:00 bis 16:00 Uhr findet das Fest an der Randow im Bereich des Kahnschifferzentrums Eggesin statt.","og_url":"https:\/\/www.naturparkmagazin.de\/am-stettiner-haff\/naturparkfest-in-eggesin\/","og_site_name":"Naturpark Am Stettiner Haff","article_published_time":"2015-03-18T06:45:34+00:00","article_modified_time":"2015-03-18T12:35:23+00:00","og_image":[{"width":640,"height":426,"url":"https:\/\/www.naturparkmagazin.de\/am-stettiner-haff\/wp-content\/uploads\/sites\/29\/Naturpark-Infostand.jpg","type":"image\/jpeg"}],"author":"Jochen Elberskirch","twitter_misc":{"Verfasst von":"Jochen Elberskirch","Gesch\u00e4tzte Lesezeit":"1\u00a0Minute"},"schema":{"@context":"https:\/\/schema.org","@graph":[{"@type":"WebPage","@id":"https:\/\/www.naturparkmagazin.de\/am-stettiner-haff\/naturparkfest-in-eggesin\/","url":"https:\/\/www.naturparkmagazin.de\/am-stettiner-haff\/naturparkfest-in-eggesin\/","name":"Naturparkfest in Eggesin - Naturpark Am Stettiner Haff","isPartOf":{"@id":"https:\/\/www.naturparkmagazin.de\/am-stettiner-haff\/#website"},"datePublished":"2015-03-18T06:45:34+00:00","dateModified":"2015-03-18T12:35:23+00:00","author":{"@id":"https:\/\/www.naturparkmagazin.de\/am-stettiner-haff\/#\/schema\/person\/4a7208080dbbfb024d81129b7960c725"},"breadcrumb":{"@id":"https:\/\/www.naturparkmagazin.de\/am-stettiner-haff\/naturparkfest-in-eggesin\/#breadcrumb"},"inLanguage":"de","potentialAction":[{"@type":"ReadAction","target":["https:\/\/www.naturparkmagazin.de\/am-stettiner-haff\/naturparkfest-in-eggesin\/"]}]},{"@type":"BreadcrumbList","@id":"https:\/\/www.naturparkmagazin.de\/am-stettiner-haff\/naturparkfest-in-eggesin\/#breadcrumb","itemListElement":[{"@type":"ListItem","position":1,"name":"Home","item":"https:\/\/www.naturparkmagazin.de\/am-stettiner-haff\/"},{"@type":"ListItem","position":2,"name":"Naturparkfest in Eggesin"}]},{"@type":"WebSite","@id":"https:\/\/www.naturparkmagazin.de\/am-stettiner-haff\/#website","url":"https:\/\/www.naturparkmagazin.de\/am-stettiner-haff\/","name":"Naturpark Am Stettiner Haff","description":"","potentialAction":[{"@type":"SearchAction","target":{"@type":"EntryPoint","urlTemplate":"https:\/\/www.naturparkmagazin.de\/am-stettiner-haff\/?s={search_term_string}"},"query-input":"required name=search_term_string"}],"inLanguage":"de"},{"@type":"Person","@id":"https:\/\/www.naturparkmagazin.de\/am-stettiner-haff\/#\/schema\/person\/4a7208080dbbfb024d81129b7960c725","name":"Jochen Elberskirch","sameAs":["http:\/\/www.naturpark-am-stettiner-haff.de"],"url":"https:\/\/www.naturparkmagazin.de\/am-stettiner-haff\/author\/jochenelberskirch\/"}]}},"_links":{"self":[{"href":"https:\/\/www.naturparkmagazin.de\/am-stettiner-haff\/wp-json\/wp\/v2\/posts\/1239"}],"collection":[{"href":"https:\/\/www.naturparkmagazin.de\/am-stettiner-haff\/wp-json\/wp\/v2\/posts"}],"about":[{"href":"https:\/\/www.naturparkmagazin.de\/am-stettiner-haff\/wp-json\/wp\/v2\/types\/post"}],"author":[{"embeddable":true,"href":"https:\/\/www.naturparkmagazin.de\/am-stettiner-haff\/wp-json\/wp\/v2\/users\/26"}],"replies":[{"embeddable":true,"href":"https:\/\/www.naturparkmagazin.de\/am-stettiner-haff\/wp-json\/wp\/v2\/comments?post=1239"}],"version-history":[{"count":3,"href":"https:\/\/www.naturparkmagazin.de\/am-stettiner-haff\/wp-json\/wp\/v2\/posts\/1239\/revisions"}],"predecessor-version":[{"id":1245,"href":"https:\/\/www.naturparkmagazin.de\/am-stettiner-haff\/wp-json\/wp\/v2\/posts\/1239\/revisions\/1245"}],"wp:featuredmedia":[{"embeddable":true,"href":"https:\/\/www.naturparkmagazin.de\/am-stettiner-haff\/wp-json\/wp\/v2\/media\/1241"}],"wp:attachment":[{"href":"https:\/\/www.naturparkmagazin.de\/am-stettiner-haff\/wp-json\/wp\/v2\/media?parent=1239"}],"wp:term":[{"taxonomy":"category","embeddable":true,"href":"https:\/\/www.naturparkmagazin.de\/am-stettiner-haff\/wp-json\/wp\/v2\/categories?post=1239"},{"taxonomy":"post_tag","embeddable":true,"href":"https:\/\/www.naturparkmagazin.de\/am-stettiner-haff\/wp-json\/wp\/v2\/tags?post=1239"}],"curies":[{"name":"wp","href":"https:\/\/api.w.org\/{rel}","templated":true}]}}