{"id":1246,"date":"2015-03-18T14:48:05","date_gmt":"2015-03-18T13:48:05","guid":{"rendered":"http:\/\/www.naturparkmagazin.de\/am-stettiner-haff\/?p=1246"},"modified":"2015-03-23T10:54:45","modified_gmt":"2015-03-23T09:54:45","slug":"festivalexkursion-fuehrt-in-naturpark-am-stettiner-haff","status":"publish","type":"post","link":"https:\/\/www.naturparkmagazin.de\/am-stettiner-haff\/festivalexkursion-fuehrt-in-naturpark-am-stettiner-haff\/","title":{"rendered":"Festivalexkursion f\u00fchrt in Naturpark Am Stettiner Haff"},"content":{"rendered":"<p>Im Rahmen des 9. Gryfinoer Festivals Orte und Reisen &#8222;Snufkin&#8220; organisierte die Direktion der Landschaftsschutzparke der Wojewodschaft Westpommern in Kooperation mit der Naturparkverwaltung eine Exkursion in den Naturpark &#8222;Am Stettiner Haff&#8220;. Dieser Einladung folgten am 1. M\u00e4rz mehr als 60 Interessierte. Im Besucherinformationszentrum am Bahnhof Eggesin erhielten die G\u00e4ste mit einer F\u00fchrung durch die Ausstellung und mit Hilfe\u00a0kurzer informativer Filme einen \u00dcberblick \u00fcber unsere\u00a0sch\u00f6ne Naturpark-Region.\u00a0Zur anschlie\u00dfenden Kaffeepause geleitete der Vorsitzende des Naturpark-F\u00f6rdervereins,\u00a0J\u00fcrgen Barth die\u00a0Exkursionsteilnehmer zum\u00a0 Vierseiten Hof, nicht ohne \u00fcber die Geschichte der Stadt Eggesin zu informieren. In der Kulturscheune wurden die G\u00e4ste von den Aktiven des Kulturwerkes Vorpommern erwartet und herzlich willkommen gehei\u00dfen.\u00a0\u00a0Nach einer ausgiebigen St\u00e4rkung bei Kaffee und Tee\u00a0brach\u00a0die Gruppe unter der Leitung von Helga Bachmann und\u00a0 Eckhardt Dabrunz\u00a0zu einer Stadtf\u00fchrung\u00a0nach Ueckerm\u00fcnde auf.\u00a0 Der R\u00fcckweg\u00a0nach Gryfino f\u00fchrte\u00a0schlie\u00dflich noch Quer durch die Ueckerm\u00fcnder Heide bzw. die &#8222;Puszcza Wkrzanska&#8220; mit einem letzten Zwischenstopp im Umweltbildungszentrum Zalesie.<\/p>\n<div id=\"attachment_1261\" style=\"width: 650px\" class=\"wp-caption aligncenter\"><a href=\"https:\/\/www.naturparkmagazin.de\/am-stettiner-haff\/wp-content\/uploads\/sites\/29\/Besucher_im_BIZ.jpg\"><img aria-describedby=\"caption-attachment-1261\" decoding=\"async\" loading=\"lazy\" class=\"size-full wp-image-1261\" alt=\"Polnische G\u00e4ste im BIZ (Foto: M. Barth)\" src=\"https:\/\/www.naturparkmagazin.de\/am-stettiner-haff\/wp-content\/uploads\/sites\/29\/Besucher_im_BIZ.jpg\" width=\"640\" height=\"480\" srcset=\"https:\/\/www.naturparkmagazin.de\/am-stettiner-haff\/wp-content\/uploads\/sites\/29\/Besucher_im_BIZ.jpg 640w, https:\/\/www.naturparkmagazin.de\/am-stettiner-haff\/wp-content\/uploads\/sites\/29\/Besucher_im_BIZ-300x225.jpg 300w, https:\/\/www.naturparkmagazin.de\/am-stettiner-haff\/wp-content\/uploads\/sites\/29\/Besucher_im_BIZ-620x465.jpg 620w, https:\/\/www.naturparkmagazin.de\/am-stettiner-haff\/wp-content\/uploads\/sites\/29\/Besucher_im_BIZ-580x435.jpg 580w, https:\/\/www.naturparkmagazin.de\/am-stettiner-haff\/wp-content\/uploads\/sites\/29\/Besucher_im_BIZ-420x315.jpg 420w, https:\/\/www.naturparkmagazin.de\/am-stettiner-haff\/wp-content\/uploads\/sites\/29\/Besucher_im_BIZ-180x135.jpg 180w, https:\/\/www.naturparkmagazin.de\/am-stettiner-haff\/wp-content\/uploads\/sites\/29\/Besucher_im_BIZ-95x71.jpg 95w, https:\/\/www.naturparkmagazin.de\/am-stettiner-haff\/wp-content\/uploads\/sites\/29\/Besucher_im_BIZ-200x150.jpg 200w\" sizes=\"(max-width: 640px) 100vw, 640px\" \/><\/a><p id=\"caption-attachment-1261\" class=\"wp-caption-text\">Polnische G\u00e4ste im BIZ (Foto: M. Barth)<\/p><\/div>\n","protected":false},"excerpt":{"rendered":"<p>Im Rahmen des 9. Gryfinoer Festivals Orte und Reisen &#8222;Snufkin&#8220; organisierte die Direktion der Landschaftsschutzparke der Wojewodschaft Westpommern in Kooperation mit der Naturparkverwaltung eine Exkursion in den Naturpark &#8222;Am Stettiner Haff&#8220;.<\/p>\n","protected":false},"author":26,"featured_media":1261,"comment_status":"open","ping_status":"open","sticky":false,"template":"","format":"standard","meta":[],"categories":[7],"tags":[],"yoast_head":"<!-- This site is optimized with the Yoast SEO plugin v19.10 - https:\/\/yoast.com\/wordpress\/plugins\/seo\/ -->\n<title>Festivalexkursion f\u00fchrt in Naturpark Am Stettiner Haff - Naturpark Am Stettiner Haff<\/title>\n<meta name=\"robots\" content=\"index, follow, max-snippet:-1, max-image-preview:large, max-video-preview:-1\" \/>\n<link rel=\"canonical\" href=\"https:\/\/www.naturparkmagazin.de\/am-stettiner-haff\/festivalexkursion-fuehrt-in-naturpark-am-stettiner-haff\/\" \/>\n<meta property=\"og:locale\" content=\"de_DE\" \/>\n<meta property=\"og:type\" content=\"article\" \/>\n<meta property=\"og:title\" content=\"Festivalexkursion f\u00fchrt in Naturpark Am Stettiner Haff - Naturpark Am Stettiner Haff\" \/>\n<meta property=\"og:description\" content=\"Im Rahmen des 9. Gryfinoer Festivals Orte und Reisen &quot;Snufkin&quot; organisierte die Direktion der Landschaftsschutzparke der Wojewodschaft Westpommern in Kooperation mit der Naturparkverwaltung eine Exkursion in den Naturpark &quot;Am Stettiner Haff&quot;.\" \/>\n<meta property=\"og:url\" content=\"https:\/\/www.naturparkmagazin.de\/am-stettiner-haff\/festivalexkursion-fuehrt-in-naturpark-am-stettiner-haff\/\" \/>\n<meta property=\"og:site_name\" content=\"Naturpark Am Stettiner Haff\" \/>\n<meta property=\"article:published_time\" content=\"2015-03-18T13:48:05+00:00\" \/>\n<meta property=\"article:modified_time\" content=\"2015-03-23T09:54:45+00:00\" \/>\n<meta property=\"og:image\" content=\"https:\/\/www.naturparkmagazin.de\/am-stettiner-haff\/wp-content\/uploads\/sites\/29\/Besucher_im_BIZ.jpg\" \/>\n\t<meta property=\"og:image:width\" content=\"640\" \/>\n\t<meta property=\"og:image:height\" content=\"480\" \/>\n\t<meta property=\"og:image:type\" content=\"image\/jpeg\" \/>\n<meta name=\"author\" content=\"Jochen Elberskirch\" \/>\n<meta name=\"twitter:label1\" content=\"Verfasst von\" \/>\n\t<meta name=\"twitter:data1\" content=\"Jochen Elberskirch\" \/>\n\t<meta name=\"twitter:label2\" content=\"Gesch\u00e4tzte Lesezeit\" \/>\n\t<meta name=\"twitter:data2\" content=\"1\u00a0Minute\" \/>\n<script type=\"application\/ld+json\" class=\"yoast-schema-graph\">{\"@context\":\"https:\/\/schema.org\",\"@graph\":[{\"@type\":\"WebPage\",\"@id\":\"https:\/\/www.naturparkmagazin.de\/am-stettiner-haff\/festivalexkursion-fuehrt-in-naturpark-am-stettiner-haff\/\",\"url\":\"https:\/\/www.naturparkmagazin.de\/am-stettiner-haff\/festivalexkursion-fuehrt-in-naturpark-am-stettiner-haff\/\",\"name\":\"Festivalexkursion f\u00fchrt in Naturpark Am Stettiner Haff - Naturpark Am Stettiner Haff\",\"isPartOf\":{\"@id\":\"https:\/\/www.naturparkmagazin.de\/am-stettiner-haff\/#website\"},\"datePublished\":\"2015-03-18T13:48:05+00:00\",\"dateModified\":\"2015-03-23T09:54:45+00:00\",\"author\":{\"@id\":\"https:\/\/www.naturparkmagazin.de\/am-stettiner-haff\/#\/schema\/person\/4a7208080dbbfb024d81129b7960c725\"},\"breadcrumb\":{\"@id\":\"https:\/\/www.naturparkmagazin.de\/am-stettiner-haff\/festivalexkursion-fuehrt-in-naturpark-am-stettiner-haff\/#breadcrumb\"},\"inLanguage\":\"de\",\"potentialAction\":[{\"@type\":\"ReadAction\",\"target\":[\"https:\/\/www.naturparkmagazin.de\/am-stettiner-haff\/festivalexkursion-fuehrt-in-naturpark-am-stettiner-haff\/\"]}]},{\"@type\":\"BreadcrumbList\",\"@id\":\"https:\/\/www.naturparkmagazin.de\/am-stettiner-haff\/festivalexkursion-fuehrt-in-naturpark-am-stettiner-haff\/#breadcrumb\",\"itemListElement\":[{\"@type\":\"ListItem\",\"position\":1,\"name\":\"Home\",\"item\":\"https:\/\/www.naturparkmagazin.de\/am-stettiner-haff\/\"},{\"@type\":\"ListItem\",\"position\":2,\"name\":\"Festivalexkursion f\u00fchrt in Naturpark Am Stettiner Haff\"}]},{\"@type\":\"WebSite\",\"@id\":\"https:\/\/www.naturparkmagazin.de\/am-stettiner-haff\/#website\",\"url\":\"https:\/\/www.naturparkmagazin.de\/am-stettiner-haff\/\",\"name\":\"Naturpark Am Stettiner Haff\",\"description\":\"\",\"potentialAction\":[{\"@type\":\"SearchAction\",\"target\":{\"@type\":\"EntryPoint\",\"urlTemplate\":\"https:\/\/www.naturparkmagazin.de\/am-stettiner-haff\/?s={search_term_string}\"},\"query-input\":\"required name=search_term_string\"}],\"inLanguage\":\"de\"},{\"@type\":\"Person\",\"@id\":\"https:\/\/www.naturparkmagazin.de\/am-stettiner-haff\/#\/schema\/person\/4a7208080dbbfb024d81129b7960c725\",\"name\":\"Jochen Elberskirch\",\"sameAs\":[\"http:\/\/www.naturpark-am-stettiner-haff.de\"],\"url\":\"https:\/\/www.naturparkmagazin.de\/am-stettiner-haff\/author\/jochenelberskirch\/\"}]}<\/script>\n<!-- \/ Yoast SEO plugin. -->","yoast_head_json":{"title":"Festivalexkursion f\u00fchrt in Naturpark Am Stettiner Haff - Naturpark Am Stettiner Haff","robots":{"index":"index","follow":"follow","max-snippet":"max-snippet:-1","max-image-preview":"max-image-preview:large","max-video-preview":"max-video-preview:-1"},"canonical":"https:\/\/www.naturparkmagazin.de\/am-stettiner-haff\/festivalexkursion-fuehrt-in-naturpark-am-stettiner-haff\/","og_locale":"de_DE","og_type":"article","og_title":"Festivalexkursion f\u00fchrt in Naturpark Am Stettiner Haff - Naturpark Am Stettiner Haff","og_description":"Im Rahmen des 9. Gryfinoer Festivals Orte und Reisen \"Snufkin\" organisierte die Direktion der Landschaftsschutzparke der Wojewodschaft Westpommern in Kooperation mit der Naturparkverwaltung eine Exkursion in den Naturpark \"Am Stettiner Haff\".","og_url":"https:\/\/www.naturparkmagazin.de\/am-stettiner-haff\/festivalexkursion-fuehrt-in-naturpark-am-stettiner-haff\/","og_site_name":"Naturpark Am Stettiner Haff","article_published_time":"2015-03-18T13:48:05+00:00","article_modified_time":"2015-03-23T09:54:45+00:00","og_image":[{"width":640,"height":480,"url":"https:\/\/www.naturparkmagazin.de\/am-stettiner-haff\/wp-content\/uploads\/sites\/29\/Besucher_im_BIZ.jpg","type":"image\/jpeg"}],"author":"Jochen Elberskirch","twitter_misc":{"Verfasst von":"Jochen Elberskirch","Gesch\u00e4tzte Lesezeit":"1\u00a0Minute"},"schema":{"@context":"https:\/\/schema.org","@graph":[{"@type":"WebPage","@id":"https:\/\/www.naturparkmagazin.de\/am-stettiner-haff\/festivalexkursion-fuehrt-in-naturpark-am-stettiner-haff\/","url":"https:\/\/www.naturparkmagazin.de\/am-stettiner-haff\/festivalexkursion-fuehrt-in-naturpark-am-stettiner-haff\/","name":"Festivalexkursion f\u00fchrt in Naturpark Am Stettiner Haff - Naturpark Am Stettiner Haff","isPartOf":{"@id":"https:\/\/www.naturparkmagazin.de\/am-stettiner-haff\/#website"},"datePublished":"2015-03-18T13:48:05+00:00","dateModified":"2015-03-23T09:54:45+00:00","author":{"@id":"https:\/\/www.naturparkmagazin.de\/am-stettiner-haff\/#\/schema\/person\/4a7208080dbbfb024d81129b7960c725"},"breadcrumb":{"@id":"https:\/\/www.naturparkmagazin.de\/am-stettiner-haff\/festivalexkursion-fuehrt-in-naturpark-am-stettiner-haff\/#breadcrumb"},"inLanguage":"de","potentialAction":[{"@type":"ReadAction","target":["https:\/\/www.naturparkmagazin.de\/am-stettiner-haff\/festivalexkursion-fuehrt-in-naturpark-am-stettiner-haff\/"]}]},{"@type":"BreadcrumbList","@id":"https:\/\/www.naturparkmagazin.de\/am-stettiner-haff\/festivalexkursion-fuehrt-in-naturpark-am-stettiner-haff\/#breadcrumb","itemListElement":[{"@type":"ListItem","position":1,"name":"Home","item":"https:\/\/www.naturparkmagazin.de\/am-stettiner-haff\/"},{"@type":"ListItem","position":2,"name":"Festivalexkursion f\u00fchrt in Naturpark Am Stettiner Haff"}]},{"@type":"WebSite","@id":"https:\/\/www.naturparkmagazin.de\/am-stettiner-haff\/#website","url":"https:\/\/www.naturparkmagazin.de\/am-stettiner-haff\/","name":"Naturpark Am Stettiner Haff","description":"","potentialAction":[{"@type":"SearchAction","target":{"@type":"EntryPoint","urlTemplate":"https:\/\/www.naturparkmagazin.de\/am-stettiner-haff\/?s={search_term_string}"},"query-input":"required name=search_term_string"}],"inLanguage":"de"},{"@type":"Person","@id":"https:\/\/www.naturparkmagazin.de\/am-stettiner-haff\/#\/schema\/person\/4a7208080dbbfb024d81129b7960c725","name":"Jochen Elberskirch","sameAs":["http:\/\/www.naturpark-am-stettiner-haff.de"],"url":"https:\/\/www.naturparkmagazin.de\/am-stettiner-haff\/author\/jochenelberskirch\/"}]}},"_links":{"self":[{"href":"https:\/\/www.naturparkmagazin.de\/am-stettiner-haff\/wp-json\/wp\/v2\/posts\/1246"}],"collection":[{"href":"https:\/\/www.naturparkmagazin.de\/am-stettiner-haff\/wp-json\/wp\/v2\/posts"}],"about":[{"href":"https:\/\/www.naturparkmagazin.de\/am-stettiner-haff\/wp-json\/wp\/v2\/types\/post"}],"author":[{"embeddable":true,"href":"https:\/\/www.naturparkmagazin.de\/am-stettiner-haff\/wp-json\/wp\/v2\/users\/26"}],"replies":[{"embeddable":true,"href":"https:\/\/www.naturparkmagazin.de\/am-stettiner-haff\/wp-json\/wp\/v2\/comments?post=1246"}],"version-history":[{"count":8,"href":"https:\/\/www.naturparkmagazin.de\/am-stettiner-haff\/wp-json\/wp\/v2\/posts\/1246\/revisions"}],"predecessor-version":[{"id":1266,"href":"https:\/\/www.naturparkmagazin.de\/am-stettiner-haff\/wp-json\/wp\/v2\/posts\/1246\/revisions\/1266"}],"wp:featuredmedia":[{"embeddable":true,"href":"https:\/\/www.naturparkmagazin.de\/am-stettiner-haff\/wp-json\/wp\/v2\/media\/1261"}],"wp:attachment":[{"href":"https:\/\/www.naturparkmagazin.de\/am-stettiner-haff\/wp-json\/wp\/v2\/media?parent=1246"}],"wp:term":[{"taxonomy":"category","embeddable":true,"href":"https:\/\/www.naturparkmagazin.de\/am-stettiner-haff\/wp-json\/wp\/v2\/categories?post=1246"},{"taxonomy":"post_tag","embeddable":true,"href":"https:\/\/www.naturparkmagazin.de\/am-stettiner-haff\/wp-json\/wp\/v2\/tags?post=1246"}],"curies":[{"name":"wp","href":"https:\/\/api.w.org\/{rel}","templated":true}]}}