{"id":1270,"date":"2015-04-17T13:30:44","date_gmt":"2015-04-17T11:30:44","guid":{"rendered":"http:\/\/www.naturparkmagazin.de\/am-stettiner-haff\/?p=1270"},"modified":"2015-04-28T10:27:32","modified_gmt":"2015-04-28T08:27:32","slug":"das-kahnschifferzentrum-in-eggesin-praesentiert-das-naturparkfest","status":"publish","type":"post","link":"https:\/\/www.naturparkmagazin.de\/am-stettiner-haff\/das-kahnschifferzentrum-in-eggesin-praesentiert-das-naturparkfest\/","title":{"rendered":"Das internationale Kahnschifferzentrum Eggesin pr\u00e4sentiert das Naturparkfest"},"content":{"rendered":"<p>Am 2. Mai 2015 findet das diesj\u00e4hrige Naturparkfest auf dem Gel\u00e4nde des internationalen Kahnschifferzentrums in Eggesin statt. Mit der aktiven Unterst\u00fctzung der Mitglieder des Kahnschifferzentrums ist ein rundes Programm zusammen gekommen. So wird es eine Reihe von Aktionen insbesondere f\u00fcr die kleinen G\u00e4ste an den Informationsst\u00e4nden geben. Neben dem gastgebenden Naturpark &#8222;Am Stettiner Haff&#8220; ist auch die Vorstellung der anderen beiden Naturparke im Landkreis Vorpommern-Greifswald geplant. So wird der Naturpark &#8222;Insel Usedom&#8220; mit dem neuen Umweltmobil der beiden Naturparke anreisen. Aber auch das ZERUM wird an diesem Tag mit seinem &#8222;Schwimmenden Lernort&#8220;, der Silva-Vega mit dabei sein. Der Tierpark Ueckerm\u00fcnde hat f\u00fcr diesen Tag angek\u00fcndigt, seinen &#8222;L\u00f6wen&#8220; vorbeizuschicken. Nat\u00fcrlich wird es eine H\u00fcpfburg geben und die Damen des Eggesiner Sch\u00fcler- und Freizeitzentrums sind vor Ort, um die Gesichter der Kinder zu versch\u00f6nern. Die Freiwillige Feuerwehr wird mit der Drehleiter\u00a0 und &#8222;ihrer&#8220; ber\u00fchmten Feldk\u00fcche erwartet. Besonders Wagemutige k\u00f6nnen an diesem Tag eine Fahrt in luftige H\u00f6hen ersteigern. F\u00fcr die &#8222;gro\u00dfen&#8220; Besucher gibt es ein kleines regionales Markttreiben . Auf der B\u00fchne sorgen ein DJ und verschiedene Live Acts f\u00fcr Abwechslung. Mit dabei sein werden: der Shantychor &#8222;Seegrund Ahlbeck&#8220;, die Buchkinder mit ihren Geschichten und die Eggesiner M\u00e4rchentrue. Ausklingen soll das Fest mit dem Bandprojekt des Oskar-Picht-Gymnasiums Pasewalk &#8222;Soundgulasch&#8220;. Man darf also wirklich gespannt sein.<\/p>\n<p>Freuen sie sich also auf ein buntes Naturparkfest am 2. Mai 2015, ab 10:00 Uhr im internationalen Kahnschifferzentrum an der Randow in Eggesin.<\/p>\n<p>&nbsp;<\/p>\n<p><a href=\"https:\/\/www.naturparkmagazin.de\/am-stettiner-haff\/wp-content\/uploads\/sites\/29\/150416_Poster.jpg\"><img decoding=\"async\" loading=\"lazy\" class=\"aligncenter size-large wp-image-1271\" alt=\"Poster-Naturparkfest\" src=\"https:\/\/www.naturparkmagazin.de\/am-stettiner-haff\/wp-content\/uploads\/sites\/29\/150416_Poster-940x1332.jpg\" width=\"620\" height=\"878\" srcset=\"https:\/\/www.naturparkmagazin.de\/am-stettiner-haff\/wp-content\/uploads\/sites\/29\/150416_Poster-940x1332.jpg 940w, https:\/\/www.naturparkmagazin.de\/am-stettiner-haff\/wp-content\/uploads\/sites\/29\/150416_Poster-300x425.jpg 300w, https:\/\/www.naturparkmagazin.de\/am-stettiner-haff\/wp-content\/uploads\/sites\/29\/150416_Poster-620x879.jpg 620w, https:\/\/www.naturparkmagazin.de\/am-stettiner-haff\/wp-content\/uploads\/sites\/29\/150416_Poster-670x949.jpg 670w, https:\/\/www.naturparkmagazin.de\/am-stettiner-haff\/wp-content\/uploads\/sites\/29\/150416_Poster-200x283.jpg 200w, https:\/\/www.naturparkmagazin.de\/am-stettiner-haff\/wp-content\/uploads\/sites\/29\/150416_Poster.jpg 1297w\" sizes=\"(max-width: 620px) 100vw, 620px\" \/><\/a><\/p>\n<p>&nbsp;<\/p>\n<p>&nbsp;<\/p>\n<p>&nbsp;<\/p>\n<p>&nbsp;<\/p>\n<p>&nbsp;<\/p>\n<p>&nbsp;<\/p>\n<p>&nbsp;<\/p>\n<p>&nbsp;<\/p>\n","protected":false},"excerpt":{"rendered":"<p>Am 2. Mai 2015 findet das diesj\u00e4hrige Naturparkfest auf dem Gel\u00e4nde des internationalen Kahnschifferzentrums in Eggesin statt. Mit der aktiven Unterst\u00fctzung der Mitglieder des Kahnschifferzentrums ist ein rundes Programm zusammen gekommen. So wird es eine Reihe von Aktionen insbesondere f\u00fcr die kleinen G\u00e4ste an den Informationsst\u00e4nden geben.<\/p>\n","protected":false},"author":26,"featured_media":1294,"comment_status":"open","ping_status":"open","sticky":false,"template":"","format":"standard","meta":[],"categories":[11],"tags":[],"yoast_head":"<!-- This site is optimized with the Yoast SEO plugin v19.10 - https:\/\/yoast.com\/wordpress\/plugins\/seo\/ -->\n<title>Das internationale Kahnschifferzentrum Eggesin pr\u00e4sentiert das Naturparkfest - Naturpark Am Stettiner Haff<\/title>\n<meta name=\"robots\" content=\"index, follow, max-snippet:-1, max-image-preview:large, max-video-preview:-1\" \/>\n<link rel=\"canonical\" href=\"https:\/\/www.naturparkmagazin.de\/am-stettiner-haff\/das-kahnschifferzentrum-in-eggesin-praesentiert-das-naturparkfest\/\" \/>\n<meta property=\"og:locale\" content=\"de_DE\" \/>\n<meta property=\"og:type\" content=\"article\" \/>\n<meta property=\"og:title\" content=\"Das internationale Kahnschifferzentrum Eggesin pr\u00e4sentiert das Naturparkfest - Naturpark Am Stettiner Haff\" \/>\n<meta property=\"og:description\" content=\"Am 2. Mai 2015 findet das diesj\u00e4hrige Naturparkfest auf dem Gel\u00e4nde des internationalen Kahnschifferzentrums in Eggesin statt. Mit der aktiven Unterst\u00fctzung der Mitglieder des Kahnschifferzentrums ist ein rundes Programm zusammen gekommen. So wird es eine Reihe von Aktionen insbesondere f\u00fcr die kleinen G\u00e4ste an den Informationsst\u00e4nden geben.\" \/>\n<meta property=\"og:url\" content=\"https:\/\/www.naturparkmagazin.de\/am-stettiner-haff\/das-kahnschifferzentrum-in-eggesin-praesentiert-das-naturparkfest\/\" \/>\n<meta property=\"og:site_name\" content=\"Naturpark Am Stettiner Haff\" \/>\n<meta property=\"article:published_time\" content=\"2015-04-17T11:30:44+00:00\" \/>\n<meta property=\"article:modified_time\" content=\"2015-04-28T08:27:32+00:00\" \/>\n<meta property=\"og:image\" content=\"https:\/\/www.naturparkmagazin.de\/am-stettiner-haff\/wp-content\/uploads\/sites\/29\/stettin_beitrgasbild.jpg\" \/>\n\t<meta property=\"og:image:width\" content=\"180\" \/>\n\t<meta property=\"og:image:height\" content=\"135\" \/>\n\t<meta property=\"og:image:type\" content=\"image\/jpeg\" \/>\n<meta name=\"author\" content=\"Jochen Elberskirch\" \/>\n<meta name=\"twitter:label1\" content=\"Verfasst von\" \/>\n\t<meta name=\"twitter:data1\" content=\"Jochen Elberskirch\" \/>\n\t<meta name=\"twitter:label2\" content=\"Gesch\u00e4tzte Lesezeit\" \/>\n\t<meta name=\"twitter:data2\" content=\"1\u00a0Minute\" \/>\n<script type=\"application\/ld+json\" class=\"yoast-schema-graph\">{\"@context\":\"https:\/\/schema.org\",\"@graph\":[{\"@type\":\"WebPage\",\"@id\":\"https:\/\/www.naturparkmagazin.de\/am-stettiner-haff\/das-kahnschifferzentrum-in-eggesin-praesentiert-das-naturparkfest\/\",\"url\":\"https:\/\/www.naturparkmagazin.de\/am-stettiner-haff\/das-kahnschifferzentrum-in-eggesin-praesentiert-das-naturparkfest\/\",\"name\":\"Das internationale Kahnschifferzentrum Eggesin pr\u00e4sentiert das Naturparkfest - Naturpark Am Stettiner Haff\",\"isPartOf\":{\"@id\":\"https:\/\/www.naturparkmagazin.de\/am-stettiner-haff\/#website\"},\"datePublished\":\"2015-04-17T11:30:44+00:00\",\"dateModified\":\"2015-04-28T08:27:32+00:00\",\"author\":{\"@id\":\"https:\/\/www.naturparkmagazin.de\/am-stettiner-haff\/#\/schema\/person\/4a7208080dbbfb024d81129b7960c725\"},\"breadcrumb\":{\"@id\":\"https:\/\/www.naturparkmagazin.de\/am-stettiner-haff\/das-kahnschifferzentrum-in-eggesin-praesentiert-das-naturparkfest\/#breadcrumb\"},\"inLanguage\":\"de\",\"potentialAction\":[{\"@type\":\"ReadAction\",\"target\":[\"https:\/\/www.naturparkmagazin.de\/am-stettiner-haff\/das-kahnschifferzentrum-in-eggesin-praesentiert-das-naturparkfest\/\"]}]},{\"@type\":\"BreadcrumbList\",\"@id\":\"https:\/\/www.naturparkmagazin.de\/am-stettiner-haff\/das-kahnschifferzentrum-in-eggesin-praesentiert-das-naturparkfest\/#breadcrumb\",\"itemListElement\":[{\"@type\":\"ListItem\",\"position\":1,\"name\":\"Home\",\"item\":\"https:\/\/www.naturparkmagazin.de\/am-stettiner-haff\/\"},{\"@type\":\"ListItem\",\"position\":2,\"name\":\"Das internationale Kahnschifferzentrum Eggesin pr\u00e4sentiert das Naturparkfest\"}]},{\"@type\":\"WebSite\",\"@id\":\"https:\/\/www.naturparkmagazin.de\/am-stettiner-haff\/#website\",\"url\":\"https:\/\/www.naturparkmagazin.de\/am-stettiner-haff\/\",\"name\":\"Naturpark Am Stettiner Haff\",\"description\":\"\",\"potentialAction\":[{\"@type\":\"SearchAction\",\"target\":{\"@type\":\"EntryPoint\",\"urlTemplate\":\"https:\/\/www.naturparkmagazin.de\/am-stettiner-haff\/?s={search_term_string}\"},\"query-input\":\"required name=search_term_string\"}],\"inLanguage\":\"de\"},{\"@type\":\"Person\",\"@id\":\"https:\/\/www.naturparkmagazin.de\/am-stettiner-haff\/#\/schema\/person\/4a7208080dbbfb024d81129b7960c725\",\"name\":\"Jochen Elberskirch\",\"sameAs\":[\"http:\/\/www.naturpark-am-stettiner-haff.de\"],\"url\":\"https:\/\/www.naturparkmagazin.de\/am-stettiner-haff\/author\/jochenelberskirch\/\"}]}<\/script>\n<!-- \/ Yoast SEO plugin. -->","yoast_head_json":{"title":"Das internationale Kahnschifferzentrum Eggesin pr\u00e4sentiert das Naturparkfest - Naturpark Am Stettiner Haff","robots":{"index":"index","follow":"follow","max-snippet":"max-snippet:-1","max-image-preview":"max-image-preview:large","max-video-preview":"max-video-preview:-1"},"canonical":"https:\/\/www.naturparkmagazin.de\/am-stettiner-haff\/das-kahnschifferzentrum-in-eggesin-praesentiert-das-naturparkfest\/","og_locale":"de_DE","og_type":"article","og_title":"Das internationale Kahnschifferzentrum Eggesin pr\u00e4sentiert das Naturparkfest - Naturpark Am Stettiner Haff","og_description":"Am 2. Mai 2015 findet das diesj\u00e4hrige Naturparkfest auf dem Gel\u00e4nde des internationalen Kahnschifferzentrums in Eggesin statt. Mit der aktiven Unterst\u00fctzung der Mitglieder des Kahnschifferzentrums ist ein rundes Programm zusammen gekommen. So wird es eine Reihe von Aktionen insbesondere f\u00fcr die kleinen G\u00e4ste an den Informationsst\u00e4nden geben.","og_url":"https:\/\/www.naturparkmagazin.de\/am-stettiner-haff\/das-kahnschifferzentrum-in-eggesin-praesentiert-das-naturparkfest\/","og_site_name":"Naturpark Am Stettiner Haff","article_published_time":"2015-04-17T11:30:44+00:00","article_modified_time":"2015-04-28T08:27:32+00:00","og_image":[{"width":180,"height":135,"url":"https:\/\/www.naturparkmagazin.de\/am-stettiner-haff\/wp-content\/uploads\/sites\/29\/stettin_beitrgasbild.jpg","type":"image\/jpeg"}],"author":"Jochen Elberskirch","twitter_misc":{"Verfasst von":"Jochen Elberskirch","Gesch\u00e4tzte Lesezeit":"1\u00a0Minute"},"schema":{"@context":"https:\/\/schema.org","@graph":[{"@type":"WebPage","@id":"https:\/\/www.naturparkmagazin.de\/am-stettiner-haff\/das-kahnschifferzentrum-in-eggesin-praesentiert-das-naturparkfest\/","url":"https:\/\/www.naturparkmagazin.de\/am-stettiner-haff\/das-kahnschifferzentrum-in-eggesin-praesentiert-das-naturparkfest\/","name":"Das internationale Kahnschifferzentrum Eggesin pr\u00e4sentiert das Naturparkfest - Naturpark Am Stettiner Haff","isPartOf":{"@id":"https:\/\/www.naturparkmagazin.de\/am-stettiner-haff\/#website"},"datePublished":"2015-04-17T11:30:44+00:00","dateModified":"2015-04-28T08:27:32+00:00","author":{"@id":"https:\/\/www.naturparkmagazin.de\/am-stettiner-haff\/#\/schema\/person\/4a7208080dbbfb024d81129b7960c725"},"breadcrumb":{"@id":"https:\/\/www.naturparkmagazin.de\/am-stettiner-haff\/das-kahnschifferzentrum-in-eggesin-praesentiert-das-naturparkfest\/#breadcrumb"},"inLanguage":"de","potentialAction":[{"@type":"ReadAction","target":["https:\/\/www.naturparkmagazin.de\/am-stettiner-haff\/das-kahnschifferzentrum-in-eggesin-praesentiert-das-naturparkfest\/"]}]},{"@type":"BreadcrumbList","@id":"https:\/\/www.naturparkmagazin.de\/am-stettiner-haff\/das-kahnschifferzentrum-in-eggesin-praesentiert-das-naturparkfest\/#breadcrumb","itemListElement":[{"@type":"ListItem","position":1,"name":"Home","item":"https:\/\/www.naturparkmagazin.de\/am-stettiner-haff\/"},{"@type":"ListItem","position":2,"name":"Das internationale Kahnschifferzentrum Eggesin pr\u00e4sentiert das Naturparkfest"}]},{"@type":"WebSite","@id":"https:\/\/www.naturparkmagazin.de\/am-stettiner-haff\/#website","url":"https:\/\/www.naturparkmagazin.de\/am-stettiner-haff\/","name":"Naturpark Am Stettiner Haff","description":"","potentialAction":[{"@type":"SearchAction","target":{"@type":"EntryPoint","urlTemplate":"https:\/\/www.naturparkmagazin.de\/am-stettiner-haff\/?s={search_term_string}"},"query-input":"required name=search_term_string"}],"inLanguage":"de"},{"@type":"Person","@id":"https:\/\/www.naturparkmagazin.de\/am-stettiner-haff\/#\/schema\/person\/4a7208080dbbfb024d81129b7960c725","name":"Jochen Elberskirch","sameAs":["http:\/\/www.naturpark-am-stettiner-haff.de"],"url":"https:\/\/www.naturparkmagazin.de\/am-stettiner-haff\/author\/jochenelberskirch\/"}]}},"_links":{"self":[{"href":"https:\/\/www.naturparkmagazin.de\/am-stettiner-haff\/wp-json\/wp\/v2\/posts\/1270"}],"collection":[{"href":"https:\/\/www.naturparkmagazin.de\/am-stettiner-haff\/wp-json\/wp\/v2\/posts"}],"about":[{"href":"https:\/\/www.naturparkmagazin.de\/am-stettiner-haff\/wp-json\/wp\/v2\/types\/post"}],"author":[{"embeddable":true,"href":"https:\/\/www.naturparkmagazin.de\/am-stettiner-haff\/wp-json\/wp\/v2\/users\/26"}],"replies":[{"embeddable":true,"href":"https:\/\/www.naturparkmagazin.de\/am-stettiner-haff\/wp-json\/wp\/v2\/comments?post=1270"}],"version-history":[{"count":5,"href":"https:\/\/www.naturparkmagazin.de\/am-stettiner-haff\/wp-json\/wp\/v2\/posts\/1270\/revisions"}],"predecessor-version":[{"id":1295,"href":"https:\/\/www.naturparkmagazin.de\/am-stettiner-haff\/wp-json\/wp\/v2\/posts\/1270\/revisions\/1295"}],"wp:featuredmedia":[{"embeddable":true,"href":"https:\/\/www.naturparkmagazin.de\/am-stettiner-haff\/wp-json\/wp\/v2\/media\/1294"}],"wp:attachment":[{"href":"https:\/\/www.naturparkmagazin.de\/am-stettiner-haff\/wp-json\/wp\/v2\/media?parent=1270"}],"wp:term":[{"taxonomy":"category","embeddable":true,"href":"https:\/\/www.naturparkmagazin.de\/am-stettiner-haff\/wp-json\/wp\/v2\/categories?post=1270"},{"taxonomy":"post_tag","embeddable":true,"href":"https:\/\/www.naturparkmagazin.de\/am-stettiner-haff\/wp-json\/wp\/v2\/tags?post=1270"}],"curies":[{"name":"wp","href":"https:\/\/api.w.org\/{rel}","templated":true}]}}