{"id":1282,"date":"2015-04-17T19:43:38","date_gmt":"2015-04-17T17:43:38","guid":{"rendered":"http:\/\/www.naturparkmagazin.de\/am-stettiner-haff\/?p=1282"},"modified":"2015-04-23T14:11:48","modified_gmt":"2015-04-23T12:11:48","slug":"liebe-leser-5","status":"publish","type":"post","link":"https:\/\/www.naturparkmagazin.de\/am-stettiner-haff\/liebe-leser-5\/","title":{"rendered":"Liebe Leser,"},"content":{"rendered":"<p>das Warten hat sich gelohnt! Endlich verw\u00f6hnt uns die Sonne wieder mit ihren Zuwendungen. In den G\u00e4rten und in der Flur hat sie es geschafft alles wiederzubeleben. Kr\u00e4ftige, leuchtende Farben pr\u00e4gen wieder mehr und mehr unseren Alltag. Wer da keine Lust auf Unternehmungen hat &#8222;bleibe mit seinen Sorgen zu Haus&#8220;. Ein paar Anregungen f\u00fcr kurze Ausfl\u00fcge finden sie in dieser Ausgabe des Naturparkmagazins.<\/p>\n<p>Viel Spa\u00df beim Lesen w\u00fcnscht Ihnen<\/p>\n<p>Jochen Elberskirch\nLeiter des Naturparks Am Stettiner Haff<\/p>\n","protected":false},"excerpt":{"rendered":"<p>das Warten hat sich gelohnt! Endlich verw\u00f6hnt uns die Sonne wieder mit ihren Zuwendungen. In den G\u00e4rten und in der Flur hat sie es geschafft alles wiederzubeleben. Kr\u00e4ftige, leuchtende Farben pr\u00e4gen wieder mehr und mehr unseren Alltag. Wer da keine Lust auf Unternehmungen hat &#8222;bleibe mit seinen Sorgen zu Haus&#8220;. Ein paar Anregungen f\u00fcr kurze<\/p>\n","protected":false},"author":26,"featured_media":0,"comment_status":"open","ping_status":"open","sticky":false,"template":"","format":"standard","meta":[],"categories":[52],"tags":[],"yoast_head":"<!-- This site is optimized with the Yoast SEO plugin v19.10 - https:\/\/yoast.com\/wordpress\/plugins\/seo\/ -->\n<title>Liebe Leser, - Naturpark Am Stettiner Haff<\/title>\n<meta name=\"robots\" content=\"index, follow, max-snippet:-1, max-image-preview:large, max-video-preview:-1\" \/>\n<link rel=\"canonical\" href=\"https:\/\/www.naturparkmagazin.de\/am-stettiner-haff\/liebe-leser-5\/\" \/>\n<meta property=\"og:locale\" content=\"de_DE\" \/>\n<meta property=\"og:type\" content=\"article\" \/>\n<meta property=\"og:title\" content=\"Liebe Leser, - Naturpark Am Stettiner Haff\" \/>\n<meta property=\"og:description\" content=\"das Warten hat sich gelohnt! Endlich verw\u00f6hnt uns die Sonne wieder mit ihren Zuwendungen. In den G\u00e4rten und in der Flur hat sie es geschafft alles wiederzubeleben. Kr\u00e4ftige, leuchtende Farben pr\u00e4gen wieder mehr und mehr unseren Alltag. Wer da keine Lust auf Unternehmungen hat &#8222;bleibe mit seinen Sorgen zu Haus&#8220;. Ein paar Anregungen f\u00fcr kurze\" \/>\n<meta property=\"og:url\" content=\"https:\/\/www.naturparkmagazin.de\/am-stettiner-haff\/liebe-leser-5\/\" \/>\n<meta property=\"og:site_name\" content=\"Naturpark Am Stettiner Haff\" \/>\n<meta property=\"article:published_time\" content=\"2015-04-17T17:43:38+00:00\" \/>\n<meta property=\"article:modified_time\" content=\"2015-04-23T12:11:48+00:00\" \/>\n<meta name=\"author\" content=\"Jochen Elberskirch\" \/>\n<meta name=\"twitter:label1\" content=\"Verfasst von\" \/>\n\t<meta name=\"twitter:data1\" content=\"Jochen Elberskirch\" \/>\n<script type=\"application\/ld+json\" class=\"yoast-schema-graph\">{\"@context\":\"https:\/\/schema.org\",\"@graph\":[{\"@type\":\"WebPage\",\"@id\":\"https:\/\/www.naturparkmagazin.de\/am-stettiner-haff\/liebe-leser-5\/\",\"url\":\"https:\/\/www.naturparkmagazin.de\/am-stettiner-haff\/liebe-leser-5\/\",\"name\":\"Liebe Leser, - Naturpark Am Stettiner Haff\",\"isPartOf\":{\"@id\":\"https:\/\/www.naturparkmagazin.de\/am-stettiner-haff\/#website\"},\"datePublished\":\"2015-04-17T17:43:38+00:00\",\"dateModified\":\"2015-04-23T12:11:48+00:00\",\"author\":{\"@id\":\"https:\/\/www.naturparkmagazin.de\/am-stettiner-haff\/#\/schema\/person\/4a7208080dbbfb024d81129b7960c725\"},\"breadcrumb\":{\"@id\":\"https:\/\/www.naturparkmagazin.de\/am-stettiner-haff\/liebe-leser-5\/#breadcrumb\"},\"inLanguage\":\"de\",\"potentialAction\":[{\"@type\":\"ReadAction\",\"target\":[\"https:\/\/www.naturparkmagazin.de\/am-stettiner-haff\/liebe-leser-5\/\"]}]},{\"@type\":\"BreadcrumbList\",\"@id\":\"https:\/\/www.naturparkmagazin.de\/am-stettiner-haff\/liebe-leser-5\/#breadcrumb\",\"itemListElement\":[{\"@type\":\"ListItem\",\"position\":1,\"name\":\"Home\",\"item\":\"https:\/\/www.naturparkmagazin.de\/am-stettiner-haff\/\"},{\"@type\":\"ListItem\",\"position\":2,\"name\":\"Liebe Leser,\"}]},{\"@type\":\"WebSite\",\"@id\":\"https:\/\/www.naturparkmagazin.de\/am-stettiner-haff\/#website\",\"url\":\"https:\/\/www.naturparkmagazin.de\/am-stettiner-haff\/\",\"name\":\"Naturpark Am Stettiner Haff\",\"description\":\"\",\"potentialAction\":[{\"@type\":\"SearchAction\",\"target\":{\"@type\":\"EntryPoint\",\"urlTemplate\":\"https:\/\/www.naturparkmagazin.de\/am-stettiner-haff\/?s={search_term_string}\"},\"query-input\":\"required name=search_term_string\"}],\"inLanguage\":\"de\"},{\"@type\":\"Person\",\"@id\":\"https:\/\/www.naturparkmagazin.de\/am-stettiner-haff\/#\/schema\/person\/4a7208080dbbfb024d81129b7960c725\",\"name\":\"Jochen Elberskirch\",\"sameAs\":[\"http:\/\/www.naturpark-am-stettiner-haff.de\"],\"url\":\"https:\/\/www.naturparkmagazin.de\/am-stettiner-haff\/author\/jochenelberskirch\/\"}]}<\/script>\n<!-- \/ Yoast SEO plugin. -->","yoast_head_json":{"title":"Liebe Leser, - Naturpark Am Stettiner Haff","robots":{"index":"index","follow":"follow","max-snippet":"max-snippet:-1","max-image-preview":"max-image-preview:large","max-video-preview":"max-video-preview:-1"},"canonical":"https:\/\/www.naturparkmagazin.de\/am-stettiner-haff\/liebe-leser-5\/","og_locale":"de_DE","og_type":"article","og_title":"Liebe Leser, - Naturpark Am Stettiner Haff","og_description":"das Warten hat sich gelohnt! Endlich verw\u00f6hnt uns die Sonne wieder mit ihren Zuwendungen. In den G\u00e4rten und in der Flur hat sie es geschafft alles wiederzubeleben. Kr\u00e4ftige, leuchtende Farben pr\u00e4gen wieder mehr und mehr unseren Alltag. Wer da keine Lust auf Unternehmungen hat &#8222;bleibe mit seinen Sorgen zu Haus&#8220;. Ein paar Anregungen f\u00fcr kurze","og_url":"https:\/\/www.naturparkmagazin.de\/am-stettiner-haff\/liebe-leser-5\/","og_site_name":"Naturpark Am Stettiner Haff","article_published_time":"2015-04-17T17:43:38+00:00","article_modified_time":"2015-04-23T12:11:48+00:00","author":"Jochen Elberskirch","twitter_misc":{"Verfasst von":"Jochen Elberskirch"},"schema":{"@context":"https:\/\/schema.org","@graph":[{"@type":"WebPage","@id":"https:\/\/www.naturparkmagazin.de\/am-stettiner-haff\/liebe-leser-5\/","url":"https:\/\/www.naturparkmagazin.de\/am-stettiner-haff\/liebe-leser-5\/","name":"Liebe Leser, - Naturpark Am Stettiner Haff","isPartOf":{"@id":"https:\/\/www.naturparkmagazin.de\/am-stettiner-haff\/#website"},"datePublished":"2015-04-17T17:43:38+00:00","dateModified":"2015-04-23T12:11:48+00:00","author":{"@id":"https:\/\/www.naturparkmagazin.de\/am-stettiner-haff\/#\/schema\/person\/4a7208080dbbfb024d81129b7960c725"},"breadcrumb":{"@id":"https:\/\/www.naturparkmagazin.de\/am-stettiner-haff\/liebe-leser-5\/#breadcrumb"},"inLanguage":"de","potentialAction":[{"@type":"ReadAction","target":["https:\/\/www.naturparkmagazin.de\/am-stettiner-haff\/liebe-leser-5\/"]}]},{"@type":"BreadcrumbList","@id":"https:\/\/www.naturparkmagazin.de\/am-stettiner-haff\/liebe-leser-5\/#breadcrumb","itemListElement":[{"@type":"ListItem","position":1,"name":"Home","item":"https:\/\/www.naturparkmagazin.de\/am-stettiner-haff\/"},{"@type":"ListItem","position":2,"name":"Liebe Leser,"}]},{"@type":"WebSite","@id":"https:\/\/www.naturparkmagazin.de\/am-stettiner-haff\/#website","url":"https:\/\/www.naturparkmagazin.de\/am-stettiner-haff\/","name":"Naturpark Am Stettiner Haff","description":"","potentialAction":[{"@type":"SearchAction","target":{"@type":"EntryPoint","urlTemplate":"https:\/\/www.naturparkmagazin.de\/am-stettiner-haff\/?s={search_term_string}"},"query-input":"required name=search_term_string"}],"inLanguage":"de"},{"@type":"Person","@id":"https:\/\/www.naturparkmagazin.de\/am-stettiner-haff\/#\/schema\/person\/4a7208080dbbfb024d81129b7960c725","name":"Jochen Elberskirch","sameAs":["http:\/\/www.naturpark-am-stettiner-haff.de"],"url":"https:\/\/www.naturparkmagazin.de\/am-stettiner-haff\/author\/jochenelberskirch\/"}]}},"_links":{"self":[{"href":"https:\/\/www.naturparkmagazin.de\/am-stettiner-haff\/wp-json\/wp\/v2\/posts\/1282"}],"collection":[{"href":"https:\/\/www.naturparkmagazin.de\/am-stettiner-haff\/wp-json\/wp\/v2\/posts"}],"about":[{"href":"https:\/\/www.naturparkmagazin.de\/am-stettiner-haff\/wp-json\/wp\/v2\/types\/post"}],"author":[{"embeddable":true,"href":"https:\/\/www.naturparkmagazin.de\/am-stettiner-haff\/wp-json\/wp\/v2\/users\/26"}],"replies":[{"embeddable":true,"href":"https:\/\/www.naturparkmagazin.de\/am-stettiner-haff\/wp-json\/wp\/v2\/comments?post=1282"}],"version-history":[{"count":5,"href":"https:\/\/www.naturparkmagazin.de\/am-stettiner-haff\/wp-json\/wp\/v2\/posts\/1282\/revisions"}],"predecessor-version":[{"id":1525,"href":"https:\/\/www.naturparkmagazin.de\/am-stettiner-haff\/wp-json\/wp\/v2\/posts\/1282\/revisions\/1525"}],"wp:attachment":[{"href":"https:\/\/www.naturparkmagazin.de\/am-stettiner-haff\/wp-json\/wp\/v2\/media?parent=1282"}],"wp:term":[{"taxonomy":"category","embeddable":true,"href":"https:\/\/www.naturparkmagazin.de\/am-stettiner-haff\/wp-json\/wp\/v2\/categories?post=1282"},{"taxonomy":"post_tag","embeddable":true,"href":"https:\/\/www.naturparkmagazin.de\/am-stettiner-haff\/wp-json\/wp\/v2\/tags?post=1282"}],"curies":[{"name":"wp","href":"https:\/\/api.w.org\/{rel}","templated":true}]}}