{"id":1310,"date":"2015-05-20T13:59:29","date_gmt":"2015-05-20T11:59:29","guid":{"rendered":"http:\/\/www.naturparkmagazin.de\/am-stettiner-haff\/?p=1310"},"modified":"2015-05-26T12:43:16","modified_gmt":"2015-05-26T10:43:16","slug":"nachts-allein-im-zoo-einfach-so","status":"publish","type":"post","link":"https:\/\/www.naturparkmagazin.de\/am-stettiner-haff\/nachts-allein-im-zoo-einfach-so\/","title":{"rendered":"Nachts allein im Zoo &#8211; einfach so ?"},"content":{"rendered":"<p>Nein nat\u00fcrlich nicht einfach so! Unter dem Titel &#8222;Nachts allein im Zoo&#8220; pr\u00e4sentieren die Zooschule des Tierparks Ueckerm\u00fcnde und das Zentrum f\u00fcr Erlebnisp\u00e4dagogik Ueckerm\u00fcnde (ZERUM) in Kooperation mit dem Naturpark &#8222;Am Stettiner Haff&#8220; ein Umweltbildungsangebot der besonderen Art. Im November 2015 besteht f\u00fcr Schulklassen (4. &#8211; 12. Klasse) die M\u00f6glichkeit den Zoo zu einer ganz anderen &#8222;Tageszeit&#8220; kennen zu\u00a0 lernen. Nach Einbruch der Dunkelheit geht es zun\u00e4chst mit dem &#8222;Nachtw\u00e4chter&#8220; vom Licht ins Dunkle\u00a0zum Ausgangspunkt einer thematischen Lichterwanderung. Ab hier geht es dann in Zweier-Teams von Licht zu Licht durch den nahezu menschenleeren\u00a0 Zoo. An jedem Licht gilt es eine kleine Aufgabe zu l\u00f6sen und sich die L\u00f6sung auch bis zum Schluss zu merken. Denn wenn alle Teams wieder wohlbehalten\u00a0zur\u00fcck sind gibt es eine kurze Auswertung der Aufgaben. Im Anschluss geht es dann ins ZERUM wo schon hei\u00dfe Getr\u00e4nke und W\u00fcrstchen warten.\u00a0Den Abschluss des beschaulichen Abends bildet eine Lesenacht, in der es noch einmal inhaltlich um den Zoobesuch der anderen Art gehen kann, aber nicht muss. Die m\u00fcden H\u00e4upter k\u00f6nnen dann zur Nacht in den komfortablen Betten des ZERUMS oder auf einem gro\u00dfen Matratzenlager zur Ruhegebettet werden. Das Angebot wird als Variante LIGHT f\u00fcr 16 \u20ac p.P. und als Variante DELUXE f\u00fcr 23 \u20ac p.P. angeboten. Buchungen und Informationen unter Tel.\u00a00151-17128235(Zooschule des Tierparks Ueckerm\u00fcnde).<\/p>\n<p><a href=\"https:\/\/www.naturparkmagazin.de\/am-stettiner-haff\/wp-content\/uploads\/sites\/29\/Nachts_allein_im_Zoo.jpg\"><img decoding=\"async\" loading=\"lazy\" class=\"aligncenter size-full wp-image-1314\" src=\"https:\/\/www.naturparkmagazin.de\/am-stettiner-haff\/wp-content\/uploads\/sites\/29\/Nachts_allein_im_Zoo.jpg\" alt=\"Nachts_allein_im_Zoo\" width=\"451\" height=\"640\" srcset=\"https:\/\/www.naturparkmagazin.de\/am-stettiner-haff\/wp-content\/uploads\/sites\/29\/Nachts_allein_im_Zoo.jpg 451w, https:\/\/www.naturparkmagazin.de\/am-stettiner-haff\/wp-content\/uploads\/sites\/29\/Nachts_allein_im_Zoo-300x426.jpg 300w, https:\/\/www.naturparkmagazin.de\/am-stettiner-haff\/wp-content\/uploads\/sites\/29\/Nachts_allein_im_Zoo-200x284.jpg 200w\" sizes=\"(max-width: 451px) 100vw, 451px\" \/><\/a><\/p>\n<p>&nbsp;<\/p>\n<p>&nbsp;<\/p>\n<p>&nbsp;<\/p>\n","protected":false},"excerpt":{"rendered":"<p> Im November 2015 besteht f\u00fcr Schulklassen (4. &#8211; 12. Klasse) die M\u00f6glichkeit den Zoo zu einer ganz anderen &#8222;Tageszeit&#8220; kennen zulernen.<\/p>\n","protected":false},"author":26,"featured_media":1314,"comment_status":"open","ping_status":"open","sticky":false,"template":"","format":"standard","meta":[],"categories":[7],"tags":[316,84,327],"yoast_head":"<!-- This site is optimized with the Yoast SEO plugin v19.10 - https:\/\/yoast.com\/wordpress\/plugins\/seo\/ -->\n<title>Nachts allein im Zoo - einfach so ? - Naturpark Am Stettiner Haff<\/title>\n<meta name=\"robots\" content=\"index, follow, max-snippet:-1, max-image-preview:large, max-video-preview:-1\" \/>\n<link rel=\"canonical\" href=\"https:\/\/www.naturparkmagazin.de\/am-stettiner-haff\/nachts-allein-im-zoo-einfach-so\/\" \/>\n<meta property=\"og:locale\" content=\"de_DE\" \/>\n<meta property=\"og:type\" content=\"article\" \/>\n<meta property=\"og:title\" content=\"Nachts allein im Zoo - einfach so ? - Naturpark Am Stettiner Haff\" \/>\n<meta property=\"og:description\" content=\"Im November 2015 besteht f\u00fcr Schulklassen (4. - 12. Klasse) die M\u00f6glichkeit den Zoo zu einer ganz anderen &quot;Tageszeit&quot; kennen zulernen.\" \/>\n<meta property=\"og:url\" content=\"https:\/\/www.naturparkmagazin.de\/am-stettiner-haff\/nachts-allein-im-zoo-einfach-so\/\" \/>\n<meta property=\"og:site_name\" content=\"Naturpark Am Stettiner Haff\" \/>\n<meta property=\"article:published_time\" content=\"2015-05-20T11:59:29+00:00\" \/>\n<meta property=\"article:modified_time\" content=\"2015-05-26T10:43:16+00:00\" \/>\n<meta property=\"og:image\" content=\"https:\/\/www.naturparkmagazin.de\/am-stettiner-haff\/wp-content\/uploads\/sites\/29\/Nachts_allein_im_Zoo.jpg\" \/>\n\t<meta property=\"og:image:width\" content=\"451\" \/>\n\t<meta property=\"og:image:height\" content=\"640\" \/>\n\t<meta property=\"og:image:type\" content=\"image\/jpeg\" \/>\n<meta name=\"author\" content=\"Jochen Elberskirch\" \/>\n<meta name=\"twitter:label1\" content=\"Verfasst von\" \/>\n\t<meta name=\"twitter:data1\" content=\"Jochen Elberskirch\" \/>\n\t<meta name=\"twitter:label2\" content=\"Gesch\u00e4tzte Lesezeit\" \/>\n\t<meta name=\"twitter:data2\" content=\"1\u00a0Minute\" \/>\n<script type=\"application\/ld+json\" class=\"yoast-schema-graph\">{\"@context\":\"https:\/\/schema.org\",\"@graph\":[{\"@type\":\"WebPage\",\"@id\":\"https:\/\/www.naturparkmagazin.de\/am-stettiner-haff\/nachts-allein-im-zoo-einfach-so\/\",\"url\":\"https:\/\/www.naturparkmagazin.de\/am-stettiner-haff\/nachts-allein-im-zoo-einfach-so\/\",\"name\":\"Nachts allein im Zoo - einfach so ? - Naturpark Am Stettiner Haff\",\"isPartOf\":{\"@id\":\"https:\/\/www.naturparkmagazin.de\/am-stettiner-haff\/#website\"},\"datePublished\":\"2015-05-20T11:59:29+00:00\",\"dateModified\":\"2015-05-26T10:43:16+00:00\",\"author\":{\"@id\":\"https:\/\/www.naturparkmagazin.de\/am-stettiner-haff\/#\/schema\/person\/4a7208080dbbfb024d81129b7960c725\"},\"breadcrumb\":{\"@id\":\"https:\/\/www.naturparkmagazin.de\/am-stettiner-haff\/nachts-allein-im-zoo-einfach-so\/#breadcrumb\"},\"inLanguage\":\"de\",\"potentialAction\":[{\"@type\":\"ReadAction\",\"target\":[\"https:\/\/www.naturparkmagazin.de\/am-stettiner-haff\/nachts-allein-im-zoo-einfach-so\/\"]}]},{\"@type\":\"BreadcrumbList\",\"@id\":\"https:\/\/www.naturparkmagazin.de\/am-stettiner-haff\/nachts-allein-im-zoo-einfach-so\/#breadcrumb\",\"itemListElement\":[{\"@type\":\"ListItem\",\"position\":1,\"name\":\"Home\",\"item\":\"https:\/\/www.naturparkmagazin.de\/am-stettiner-haff\/\"},{\"@type\":\"ListItem\",\"position\":2,\"name\":\"Nachts allein im Zoo &#8211; einfach so ?\"}]},{\"@type\":\"WebSite\",\"@id\":\"https:\/\/www.naturparkmagazin.de\/am-stettiner-haff\/#website\",\"url\":\"https:\/\/www.naturparkmagazin.de\/am-stettiner-haff\/\",\"name\":\"Naturpark Am Stettiner Haff\",\"description\":\"\",\"potentialAction\":[{\"@type\":\"SearchAction\",\"target\":{\"@type\":\"EntryPoint\",\"urlTemplate\":\"https:\/\/www.naturparkmagazin.de\/am-stettiner-haff\/?s={search_term_string}\"},\"query-input\":\"required name=search_term_string\"}],\"inLanguage\":\"de\"},{\"@type\":\"Person\",\"@id\":\"https:\/\/www.naturparkmagazin.de\/am-stettiner-haff\/#\/schema\/person\/4a7208080dbbfb024d81129b7960c725\",\"name\":\"Jochen Elberskirch\",\"sameAs\":[\"http:\/\/www.naturpark-am-stettiner-haff.de\"],\"url\":\"https:\/\/www.naturparkmagazin.de\/am-stettiner-haff\/author\/jochenelberskirch\/\"}]}<\/script>\n<!-- \/ Yoast SEO plugin. -->","yoast_head_json":{"title":"Nachts allein im Zoo - einfach so ? - Naturpark Am Stettiner Haff","robots":{"index":"index","follow":"follow","max-snippet":"max-snippet:-1","max-image-preview":"max-image-preview:large","max-video-preview":"max-video-preview:-1"},"canonical":"https:\/\/www.naturparkmagazin.de\/am-stettiner-haff\/nachts-allein-im-zoo-einfach-so\/","og_locale":"de_DE","og_type":"article","og_title":"Nachts allein im Zoo - einfach so ? - Naturpark Am Stettiner Haff","og_description":"Im November 2015 besteht f\u00fcr Schulklassen (4. - 12. Klasse) die M\u00f6glichkeit den Zoo zu einer ganz anderen \"Tageszeit\" kennen zulernen.","og_url":"https:\/\/www.naturparkmagazin.de\/am-stettiner-haff\/nachts-allein-im-zoo-einfach-so\/","og_site_name":"Naturpark Am Stettiner Haff","article_published_time":"2015-05-20T11:59:29+00:00","article_modified_time":"2015-05-26T10:43:16+00:00","og_image":[{"width":451,"height":640,"url":"https:\/\/www.naturparkmagazin.de\/am-stettiner-haff\/wp-content\/uploads\/sites\/29\/Nachts_allein_im_Zoo.jpg","type":"image\/jpeg"}],"author":"Jochen Elberskirch","twitter_misc":{"Verfasst von":"Jochen Elberskirch","Gesch\u00e4tzte Lesezeit":"1\u00a0Minute"},"schema":{"@context":"https:\/\/schema.org","@graph":[{"@type":"WebPage","@id":"https:\/\/www.naturparkmagazin.de\/am-stettiner-haff\/nachts-allein-im-zoo-einfach-so\/","url":"https:\/\/www.naturparkmagazin.de\/am-stettiner-haff\/nachts-allein-im-zoo-einfach-so\/","name":"Nachts allein im Zoo - einfach so ? - Naturpark Am Stettiner Haff","isPartOf":{"@id":"https:\/\/www.naturparkmagazin.de\/am-stettiner-haff\/#website"},"datePublished":"2015-05-20T11:59:29+00:00","dateModified":"2015-05-26T10:43:16+00:00","author":{"@id":"https:\/\/www.naturparkmagazin.de\/am-stettiner-haff\/#\/schema\/person\/4a7208080dbbfb024d81129b7960c725"},"breadcrumb":{"@id":"https:\/\/www.naturparkmagazin.de\/am-stettiner-haff\/nachts-allein-im-zoo-einfach-so\/#breadcrumb"},"inLanguage":"de","potentialAction":[{"@type":"ReadAction","target":["https:\/\/www.naturparkmagazin.de\/am-stettiner-haff\/nachts-allein-im-zoo-einfach-so\/"]}]},{"@type":"BreadcrumbList","@id":"https:\/\/www.naturparkmagazin.de\/am-stettiner-haff\/nachts-allein-im-zoo-einfach-so\/#breadcrumb","itemListElement":[{"@type":"ListItem","position":1,"name":"Home","item":"https:\/\/www.naturparkmagazin.de\/am-stettiner-haff\/"},{"@type":"ListItem","position":2,"name":"Nachts allein im Zoo &#8211; einfach so ?"}]},{"@type":"WebSite","@id":"https:\/\/www.naturparkmagazin.de\/am-stettiner-haff\/#website","url":"https:\/\/www.naturparkmagazin.de\/am-stettiner-haff\/","name":"Naturpark Am Stettiner Haff","description":"","potentialAction":[{"@type":"SearchAction","target":{"@type":"EntryPoint","urlTemplate":"https:\/\/www.naturparkmagazin.de\/am-stettiner-haff\/?s={search_term_string}"},"query-input":"required name=search_term_string"}],"inLanguage":"de"},{"@type":"Person","@id":"https:\/\/www.naturparkmagazin.de\/am-stettiner-haff\/#\/schema\/person\/4a7208080dbbfb024d81129b7960c725","name":"Jochen Elberskirch","sameAs":["http:\/\/www.naturpark-am-stettiner-haff.de"],"url":"https:\/\/www.naturparkmagazin.de\/am-stettiner-haff\/author\/jochenelberskirch\/"}]}},"_links":{"self":[{"href":"https:\/\/www.naturparkmagazin.de\/am-stettiner-haff\/wp-json\/wp\/v2\/posts\/1310"}],"collection":[{"href":"https:\/\/www.naturparkmagazin.de\/am-stettiner-haff\/wp-json\/wp\/v2\/posts"}],"about":[{"href":"https:\/\/www.naturparkmagazin.de\/am-stettiner-haff\/wp-json\/wp\/v2\/types\/post"}],"author":[{"embeddable":true,"href":"https:\/\/www.naturparkmagazin.de\/am-stettiner-haff\/wp-json\/wp\/v2\/users\/26"}],"replies":[{"embeddable":true,"href":"https:\/\/www.naturparkmagazin.de\/am-stettiner-haff\/wp-json\/wp\/v2\/comments?post=1310"}],"version-history":[{"count":6,"href":"https:\/\/www.naturparkmagazin.de\/am-stettiner-haff\/wp-json\/wp\/v2\/posts\/1310\/revisions"}],"predecessor-version":[{"id":1325,"href":"https:\/\/www.naturparkmagazin.de\/am-stettiner-haff\/wp-json\/wp\/v2\/posts\/1310\/revisions\/1325"}],"wp:featuredmedia":[{"embeddable":true,"href":"https:\/\/www.naturparkmagazin.de\/am-stettiner-haff\/wp-json\/wp\/v2\/media\/1314"}],"wp:attachment":[{"href":"https:\/\/www.naturparkmagazin.de\/am-stettiner-haff\/wp-json\/wp\/v2\/media?parent=1310"}],"wp:term":[{"taxonomy":"category","embeddable":true,"href":"https:\/\/www.naturparkmagazin.de\/am-stettiner-haff\/wp-json\/wp\/v2\/categories?post=1310"},{"taxonomy":"post_tag","embeddable":true,"href":"https:\/\/www.naturparkmagazin.de\/am-stettiner-haff\/wp-json\/wp\/v2\/tags?post=1310"}],"curies":[{"name":"wp","href":"https:\/\/api.w.org\/{rel}","templated":true}]}}