{"id":1317,"date":"2015-05-20T14:26:49","date_gmt":"2015-05-20T12:26:49","guid":{"rendered":"http:\/\/www.naturparkmagazin.de\/am-stettiner-haff\/?p=1317"},"modified":"2015-06-01T13:40:33","modified_gmt":"2015-06-01T11:40:33","slug":"3-juni-2015-naturpark-stammtisch-im-gruenen","status":"publish","type":"post","link":"https:\/\/www.naturparkmagazin.de\/am-stettiner-haff\/3-juni-2015-naturpark-stammtisch-im-gruenen\/","title":{"rendered":"3. Juni 2015 &#8211; Naturpark-Stammtisch im Gr\u00fcnen&#8220;"},"content":{"rendered":"<p>Auch in diesem Jahr findet der letzte Naturpark-Stammtisch vor der Sommerpause wieder im Gr\u00fcnen statt. Diesmal zieht es den Naturpark-F\u00f6rderverein und das Team der Naturparkverwaltung nach Rothenklempenow. Gemeinsam mit der Zukunftswerkstatt Blankensee soll es an diesem Abend in lockerer Runde insbesondere um die Frage gehen, wie sich die vorhandenen touristischen Strukturen im s\u00fcdlichen Bereich des Naturparks k\u00fcnftig besser b\u00fcndeln lassen. Alle Interessierten sind daher herzlich eingeladen sich am 3. Juni 2015 ab 18:30 Uhr\u00a0gemeinsam dar\u00fcber und nat\u00fcrlich \u00fcber alle anderen Themen auszutauschen. Treffpunkt ist diesmal die Kellergastst\u00e4tte bzw. der Schlosspark in Rothenklempenow\u00a0.<\/p>\n<p><a href=\"https:\/\/www.naturparkmagazin.de\/am-stettiner-haff\/wp-content\/uploads\/sites\/29\/Stammtisch1.jpg\"><img decoding=\"async\" loading=\"lazy\" class=\"aligncenter size-full wp-image-1318\" src=\"https:\/\/www.naturparkmagazin.de\/am-stettiner-haff\/wp-content\/uploads\/sites\/29\/Stammtisch1.jpg\" alt=\"Stammtisch1\" width=\"1090\" height=\"745\" srcset=\"https:\/\/www.naturparkmagazin.de\/am-stettiner-haff\/wp-content\/uploads\/sites\/29\/Stammtisch1.jpg 1090w, https:\/\/www.naturparkmagazin.de\/am-stettiner-haff\/wp-content\/uploads\/sites\/29\/Stammtisch1-300x205.jpg 300w, https:\/\/www.naturparkmagazin.de\/am-stettiner-haff\/wp-content\/uploads\/sites\/29\/Stammtisch1-620x424.jpg 620w, https:\/\/www.naturparkmagazin.de\/am-stettiner-haff\/wp-content\/uploads\/sites\/29\/Stammtisch1-940x642.jpg 940w, https:\/\/www.naturparkmagazin.de\/am-stettiner-haff\/wp-content\/uploads\/sites\/29\/Stammtisch1-670x458.jpg 670w, https:\/\/www.naturparkmagazin.de\/am-stettiner-haff\/wp-content\/uploads\/sites\/29\/Stammtisch1-200x137.jpg 200w\" sizes=\"(max-width: 1090px) 100vw, 1090px\" \/><\/a><\/p>\n","protected":false},"excerpt":{"rendered":"<p>Auch in diesem Jahr findet der letzte Natupark-Stammtisch vor der Sommerpause wieder im Gr\u00fcnen statt. Diesmal zieht es den Naturpark-F\u00f6rderverein und das Team der Naturparkverwaltung nach Rothenklempenow.<\/p>\n","protected":false},"author":26,"featured_media":1318,"comment_status":"open","ping_status":"open","sticky":false,"template":"","format":"standard","meta":[],"categories":[11],"tags":[],"yoast_head":"<!-- This site is optimized with the Yoast SEO plugin v19.10 - https:\/\/yoast.com\/wordpress\/plugins\/seo\/ -->\n<title>3. Juni 2015 - Naturpark-Stammtisch im Gr\u00fcnen&quot; - Naturpark Am Stettiner Haff<\/title>\n<meta name=\"robots\" content=\"index, follow, max-snippet:-1, max-image-preview:large, max-video-preview:-1\" \/>\n<link rel=\"canonical\" href=\"https:\/\/www.naturparkmagazin.de\/am-stettiner-haff\/3-juni-2015-naturpark-stammtisch-im-gruenen\/\" \/>\n<meta property=\"og:locale\" content=\"de_DE\" \/>\n<meta property=\"og:type\" content=\"article\" \/>\n<meta property=\"og:title\" content=\"3. Juni 2015 - Naturpark-Stammtisch im Gr\u00fcnen&quot; - Naturpark Am Stettiner Haff\" \/>\n<meta property=\"og:description\" content=\"Auch in diesem Jahr findet der letzte Natupark-Stammtisch vor der Sommerpause wieder im Gr\u00fcnen statt. Diesmal zieht es den Naturpark-F\u00f6rderverein und das Team der Naturparkverwaltung nach Rothenklempenow.\" \/>\n<meta property=\"og:url\" content=\"https:\/\/www.naturparkmagazin.de\/am-stettiner-haff\/3-juni-2015-naturpark-stammtisch-im-gruenen\/\" \/>\n<meta property=\"og:site_name\" content=\"Naturpark Am Stettiner Haff\" \/>\n<meta property=\"article:published_time\" content=\"2015-05-20T12:26:49+00:00\" \/>\n<meta property=\"article:modified_time\" content=\"2015-06-01T11:40:33+00:00\" \/>\n<meta property=\"og:image\" content=\"https:\/\/www.naturparkmagazin.de\/am-stettiner-haff\/wp-content\/uploads\/sites\/29\/Stammtisch1.jpg\" \/>\n\t<meta property=\"og:image:width\" content=\"1090\" \/>\n\t<meta property=\"og:image:height\" content=\"745\" \/>\n\t<meta property=\"og:image:type\" content=\"image\/jpeg\" \/>\n<meta name=\"author\" content=\"Jochen Elberskirch\" \/>\n<meta name=\"twitter:label1\" content=\"Verfasst von\" \/>\n\t<meta name=\"twitter:data1\" content=\"Jochen Elberskirch\" \/>\n<script type=\"application\/ld+json\" class=\"yoast-schema-graph\">{\"@context\":\"https:\/\/schema.org\",\"@graph\":[{\"@type\":\"WebPage\",\"@id\":\"https:\/\/www.naturparkmagazin.de\/am-stettiner-haff\/3-juni-2015-naturpark-stammtisch-im-gruenen\/\",\"url\":\"https:\/\/www.naturparkmagazin.de\/am-stettiner-haff\/3-juni-2015-naturpark-stammtisch-im-gruenen\/\",\"name\":\"3. Juni 2015 - Naturpark-Stammtisch im Gr\u00fcnen\\\" - Naturpark Am Stettiner Haff\",\"isPartOf\":{\"@id\":\"https:\/\/www.naturparkmagazin.de\/am-stettiner-haff\/#website\"},\"datePublished\":\"2015-05-20T12:26:49+00:00\",\"dateModified\":\"2015-06-01T11:40:33+00:00\",\"author\":{\"@id\":\"https:\/\/www.naturparkmagazin.de\/am-stettiner-haff\/#\/schema\/person\/4a7208080dbbfb024d81129b7960c725\"},\"breadcrumb\":{\"@id\":\"https:\/\/www.naturparkmagazin.de\/am-stettiner-haff\/3-juni-2015-naturpark-stammtisch-im-gruenen\/#breadcrumb\"},\"inLanguage\":\"de\",\"potentialAction\":[{\"@type\":\"ReadAction\",\"target\":[\"https:\/\/www.naturparkmagazin.de\/am-stettiner-haff\/3-juni-2015-naturpark-stammtisch-im-gruenen\/\"]}]},{\"@type\":\"BreadcrumbList\",\"@id\":\"https:\/\/www.naturparkmagazin.de\/am-stettiner-haff\/3-juni-2015-naturpark-stammtisch-im-gruenen\/#breadcrumb\",\"itemListElement\":[{\"@type\":\"ListItem\",\"position\":1,\"name\":\"Home\",\"item\":\"https:\/\/www.naturparkmagazin.de\/am-stettiner-haff\/\"},{\"@type\":\"ListItem\",\"position\":2,\"name\":\"3. Juni 2015 &#8211; Naturpark-Stammtisch im Gr\u00fcnen&#8220;\"}]},{\"@type\":\"WebSite\",\"@id\":\"https:\/\/www.naturparkmagazin.de\/am-stettiner-haff\/#website\",\"url\":\"https:\/\/www.naturparkmagazin.de\/am-stettiner-haff\/\",\"name\":\"Naturpark Am Stettiner Haff\",\"description\":\"\",\"potentialAction\":[{\"@type\":\"SearchAction\",\"target\":{\"@type\":\"EntryPoint\",\"urlTemplate\":\"https:\/\/www.naturparkmagazin.de\/am-stettiner-haff\/?s={search_term_string}\"},\"query-input\":\"required name=search_term_string\"}],\"inLanguage\":\"de\"},{\"@type\":\"Person\",\"@id\":\"https:\/\/www.naturparkmagazin.de\/am-stettiner-haff\/#\/schema\/person\/4a7208080dbbfb024d81129b7960c725\",\"name\":\"Jochen Elberskirch\",\"sameAs\":[\"http:\/\/www.naturpark-am-stettiner-haff.de\"],\"url\":\"https:\/\/www.naturparkmagazin.de\/am-stettiner-haff\/author\/jochenelberskirch\/\"}]}<\/script>\n<!-- \/ Yoast SEO plugin. -->","yoast_head_json":{"title":"3. Juni 2015 - Naturpark-Stammtisch im Gr\u00fcnen\" - Naturpark Am Stettiner Haff","robots":{"index":"index","follow":"follow","max-snippet":"max-snippet:-1","max-image-preview":"max-image-preview:large","max-video-preview":"max-video-preview:-1"},"canonical":"https:\/\/www.naturparkmagazin.de\/am-stettiner-haff\/3-juni-2015-naturpark-stammtisch-im-gruenen\/","og_locale":"de_DE","og_type":"article","og_title":"3. Juni 2015 - Naturpark-Stammtisch im Gr\u00fcnen\" - Naturpark Am Stettiner Haff","og_description":"Auch in diesem Jahr findet der letzte Natupark-Stammtisch vor der Sommerpause wieder im Gr\u00fcnen statt. Diesmal zieht es den Naturpark-F\u00f6rderverein und das Team der Naturparkverwaltung nach Rothenklempenow.","og_url":"https:\/\/www.naturparkmagazin.de\/am-stettiner-haff\/3-juni-2015-naturpark-stammtisch-im-gruenen\/","og_site_name":"Naturpark Am Stettiner Haff","article_published_time":"2015-05-20T12:26:49+00:00","article_modified_time":"2015-06-01T11:40:33+00:00","og_image":[{"width":1090,"height":745,"url":"https:\/\/www.naturparkmagazin.de\/am-stettiner-haff\/wp-content\/uploads\/sites\/29\/Stammtisch1.jpg","type":"image\/jpeg"}],"author":"Jochen Elberskirch","twitter_misc":{"Verfasst von":"Jochen Elberskirch"},"schema":{"@context":"https:\/\/schema.org","@graph":[{"@type":"WebPage","@id":"https:\/\/www.naturparkmagazin.de\/am-stettiner-haff\/3-juni-2015-naturpark-stammtisch-im-gruenen\/","url":"https:\/\/www.naturparkmagazin.de\/am-stettiner-haff\/3-juni-2015-naturpark-stammtisch-im-gruenen\/","name":"3. Juni 2015 - Naturpark-Stammtisch im Gr\u00fcnen\" - Naturpark Am Stettiner Haff","isPartOf":{"@id":"https:\/\/www.naturparkmagazin.de\/am-stettiner-haff\/#website"},"datePublished":"2015-05-20T12:26:49+00:00","dateModified":"2015-06-01T11:40:33+00:00","author":{"@id":"https:\/\/www.naturparkmagazin.de\/am-stettiner-haff\/#\/schema\/person\/4a7208080dbbfb024d81129b7960c725"},"breadcrumb":{"@id":"https:\/\/www.naturparkmagazin.de\/am-stettiner-haff\/3-juni-2015-naturpark-stammtisch-im-gruenen\/#breadcrumb"},"inLanguage":"de","potentialAction":[{"@type":"ReadAction","target":["https:\/\/www.naturparkmagazin.de\/am-stettiner-haff\/3-juni-2015-naturpark-stammtisch-im-gruenen\/"]}]},{"@type":"BreadcrumbList","@id":"https:\/\/www.naturparkmagazin.de\/am-stettiner-haff\/3-juni-2015-naturpark-stammtisch-im-gruenen\/#breadcrumb","itemListElement":[{"@type":"ListItem","position":1,"name":"Home","item":"https:\/\/www.naturparkmagazin.de\/am-stettiner-haff\/"},{"@type":"ListItem","position":2,"name":"3. Juni 2015 &#8211; Naturpark-Stammtisch im Gr\u00fcnen&#8220;"}]},{"@type":"WebSite","@id":"https:\/\/www.naturparkmagazin.de\/am-stettiner-haff\/#website","url":"https:\/\/www.naturparkmagazin.de\/am-stettiner-haff\/","name":"Naturpark Am Stettiner Haff","description":"","potentialAction":[{"@type":"SearchAction","target":{"@type":"EntryPoint","urlTemplate":"https:\/\/www.naturparkmagazin.de\/am-stettiner-haff\/?s={search_term_string}"},"query-input":"required name=search_term_string"}],"inLanguage":"de"},{"@type":"Person","@id":"https:\/\/www.naturparkmagazin.de\/am-stettiner-haff\/#\/schema\/person\/4a7208080dbbfb024d81129b7960c725","name":"Jochen Elberskirch","sameAs":["http:\/\/www.naturpark-am-stettiner-haff.de"],"url":"https:\/\/www.naturparkmagazin.de\/am-stettiner-haff\/author\/jochenelberskirch\/"}]}},"_links":{"self":[{"href":"https:\/\/www.naturparkmagazin.de\/am-stettiner-haff\/wp-json\/wp\/v2\/posts\/1317"}],"collection":[{"href":"https:\/\/www.naturparkmagazin.de\/am-stettiner-haff\/wp-json\/wp\/v2\/posts"}],"about":[{"href":"https:\/\/www.naturparkmagazin.de\/am-stettiner-haff\/wp-json\/wp\/v2\/types\/post"}],"author":[{"embeddable":true,"href":"https:\/\/www.naturparkmagazin.de\/am-stettiner-haff\/wp-json\/wp\/v2\/users\/26"}],"replies":[{"embeddable":true,"href":"https:\/\/www.naturparkmagazin.de\/am-stettiner-haff\/wp-json\/wp\/v2\/comments?post=1317"}],"version-history":[{"count":4,"href":"https:\/\/www.naturparkmagazin.de\/am-stettiner-haff\/wp-json\/wp\/v2\/posts\/1317\/revisions"}],"predecessor-version":[{"id":1330,"href":"https:\/\/www.naturparkmagazin.de\/am-stettiner-haff\/wp-json\/wp\/v2\/posts\/1317\/revisions\/1330"}],"wp:featuredmedia":[{"embeddable":true,"href":"https:\/\/www.naturparkmagazin.de\/am-stettiner-haff\/wp-json\/wp\/v2\/media\/1318"}],"wp:attachment":[{"href":"https:\/\/www.naturparkmagazin.de\/am-stettiner-haff\/wp-json\/wp\/v2\/media?parent=1317"}],"wp:term":[{"taxonomy":"category","embeddable":true,"href":"https:\/\/www.naturparkmagazin.de\/am-stettiner-haff\/wp-json\/wp\/v2\/categories?post=1317"},{"taxonomy":"post_tag","embeddable":true,"href":"https:\/\/www.naturparkmagazin.de\/am-stettiner-haff\/wp-json\/wp\/v2\/tags?post=1317"}],"curies":[{"name":"wp","href":"https:\/\/api.w.org\/{rel}","templated":true}]}}