{"id":1333,"date":"2015-06-17T15:00:03","date_gmt":"2015-06-17T13:00:03","guid":{"rendered":"http:\/\/www.naturparkmagazin.de\/am-stettiner-haff\/?p=1333"},"modified":"2015-06-16T10:18:05","modified_gmt":"2015-06-16T08:18:05","slug":"10-jahre-mit-den-menschen-fuer-die-natur-und-mit-der-natur-fuer-die-menschen","status":"publish","type":"post","link":"https:\/\/www.naturparkmagazin.de\/am-stettiner-haff\/10-jahre-mit-den-menschen-fuer-die-natur-und-mit-der-natur-fuer-die-menschen\/","title":{"rendered":"10 Jahre &#8211; Mit den Menschen f\u00fcr die Natur und mit der Natur f\u00fcr die Menschen"},"content":{"rendered":"<div id=\"attachment_1341\" style=\"width: 650px\" class=\"wp-caption aligncenter\"><a href=\"https:\/\/www.naturparkmagazin.de\/am-stettiner-haff\/wp-content\/uploads\/sites\/29\/10_Jahre_NP_ASH.jpg\"><img aria-describedby=\"caption-attachment-1341\" decoding=\"async\" loading=\"lazy\" class=\"size-full wp-image-1341\" src=\"https:\/\/www.naturparkmagazin.de\/am-stettiner-haff\/wp-content\/uploads\/sites\/29\/10_Jahre_NP_ASH.jpg\" alt=\"Festveranstaltung 10 Jahre Naturpark Am Stettiner Haff\" width=\"640\" height=\"480\" srcset=\"https:\/\/www.naturparkmagazin.de\/am-stettiner-haff\/wp-content\/uploads\/sites\/29\/10_Jahre_NP_ASH.jpg 640w, https:\/\/www.naturparkmagazin.de\/am-stettiner-haff\/wp-content\/uploads\/sites\/29\/10_Jahre_NP_ASH-300x225.jpg 300w, https:\/\/www.naturparkmagazin.de\/am-stettiner-haff\/wp-content\/uploads\/sites\/29\/10_Jahre_NP_ASH-620x465.jpg 620w, https:\/\/www.naturparkmagazin.de\/am-stettiner-haff\/wp-content\/uploads\/sites\/29\/10_Jahre_NP_ASH-580x435.jpg 580w, https:\/\/www.naturparkmagazin.de\/am-stettiner-haff\/wp-content\/uploads\/sites\/29\/10_Jahre_NP_ASH-420x315.jpg 420w, https:\/\/www.naturparkmagazin.de\/am-stettiner-haff\/wp-content\/uploads\/sites\/29\/10_Jahre_NP_ASH-180x135.jpg 180w, https:\/\/www.naturparkmagazin.de\/am-stettiner-haff\/wp-content\/uploads\/sites\/29\/10_Jahre_NP_ASH-95x71.jpg 95w, https:\/\/www.naturparkmagazin.de\/am-stettiner-haff\/wp-content\/uploads\/sites\/29\/10_Jahre_NP_ASH-200x150.jpg 200w\" sizes=\"(max-width: 640px) 100vw, 640px\" \/><\/a><p id=\"caption-attachment-1341\" class=\"wp-caption-text\">Festveranstaltung 10 Jahre Naturpark Am Stettiner Haff (Foto: J. Henke)<\/p><\/div>\n<p>Mit einer feierlichen Veranstaltung im Bildungs- und Informationszentrum (BIZ) des Naturparks am Bahnhof in Eggesin wurde das zehnj\u00e4hrige Jubil\u00e4um des Naturparks \u201e Am Stettiner Haff\u201c begangen. Im Beisein des Direktors des Landesamtes f\u00fcr Umwelt, Naturschutz und Geologie Mecklenburg-Vorpommerns (LUNG), Dr. Harald Stegemann und des 2. Stellvertreters der Landr\u00e4tin des Landkreises Vorpommern-Greifswald, Dennis Gutgesell sowie zahlreicher regionaler Akteure und Freunde des Naturparks pr\u00e4sentierte Jochen Elberskirch, Leiter des Naturparks einen kurzweiligen R\u00fcckblick auf 10 Jahre Naturpark und wagte dar\u00fcber hinaus auch einen kleinen Ausblick auf die kommenden Jahre. Mit seinen bebilderten Ausf\u00fchrungen zeigte er einmal mehr die Bandbreite der Aufgaben des Naturparks, die vom klassischen Naturschutz \u00fcber Umweltbildung bis hin zu naturvertr\u00e4glichen Tourismus und einer nachhaltigen Regionalentwicklung reichen. Am Ende seiner Ausf\u00fchrungen nutzte der Naturparkleiter die Gelegenheit, um sich bei den Anwesenden zu bedanken. Denn nur durch das gemeinsame Miteinander ist es m\u00f6glich einen Naturpark auch mit Leben zu f\u00fcllen. Dies wird auch mit dem Motto \u201eMit den Menschen f\u00fcr die Natur und mit der Natur f\u00fcr die Menschen\u201c welches sich die Naturparkverwaltung in Anlehnung an das Leitbild der Naturparke f\u00fcr ihre t\u00e4gliche Arbeit gew\u00e4hlt haben deutlich. Auch die Gru\u00dfworte des Direktors des LUNG und des Stellvertreters der Landr\u00e4tin zielten in die gleiche Richtung. Sie betonten, dass der Naturpark \u201eAm Stettiner Haff\u201c ein von \u201eunten\u201c gewollter und initiierter Naturpark ist. Beide brachten in ihren Reden zum Ausdruck, dass sich der Naturparkgedanke in den letzten zehn Jahren in der Region erfolgreich etablieren konnte und dass die Naturparkarbeit auch k\u00fcnftig so fortgef\u00fchrt werden sollte. Dem stimmte auch der Leiter der Unteren Naturschutzbeh\u00f6rde des Landkreises, Dietmar Weier zu. In seinem Beitrag f\u00fchrte er an Hand von Beispielen die gute Zusammenarbeit aus die fast t\u00e4glich praktizierte wird und unterstrich, dass die im Rahmen der Verwaltungsvereinbarung zwischen Land und Landkreis festgelegten finanzielle Zuwendungen an den Naturpark gut angelegte Mittel seien.<\/p>\n<div id=\"attachment_1342\" style=\"width: 650px\" class=\"wp-caption aligncenter\"><a href=\"https:\/\/www.naturparkmagazin.de\/am-stettiner-haff\/wp-content\/uploads\/sites\/29\/10_Jahre_NP_ASH_Exkursion.jpg\"><img aria-describedby=\"caption-attachment-1342\" decoding=\"async\" loading=\"lazy\" class=\"size-full wp-image-1342\" src=\"https:\/\/www.naturparkmagazin.de\/am-stettiner-haff\/wp-content\/uploads\/sites\/29\/10_Jahre_NP_ASH_Exkursion.jpg\" alt=\"Unterwegs mit dem Schwimmenden Lernort (Foto: J. Henke)\" width=\"640\" height=\"480\" srcset=\"https:\/\/www.naturparkmagazin.de\/am-stettiner-haff\/wp-content\/uploads\/sites\/29\/10_Jahre_NP_ASH_Exkursion.jpg 640w, https:\/\/www.naturparkmagazin.de\/am-stettiner-haff\/wp-content\/uploads\/sites\/29\/10_Jahre_NP_ASH_Exkursion-300x225.jpg 300w, https:\/\/www.naturparkmagazin.de\/am-stettiner-haff\/wp-content\/uploads\/sites\/29\/10_Jahre_NP_ASH_Exkursion-620x465.jpg 620w, https:\/\/www.naturparkmagazin.de\/am-stettiner-haff\/wp-content\/uploads\/sites\/29\/10_Jahre_NP_ASH_Exkursion-580x435.jpg 580w, https:\/\/www.naturparkmagazin.de\/am-stettiner-haff\/wp-content\/uploads\/sites\/29\/10_Jahre_NP_ASH_Exkursion-420x315.jpg 420w, https:\/\/www.naturparkmagazin.de\/am-stettiner-haff\/wp-content\/uploads\/sites\/29\/10_Jahre_NP_ASH_Exkursion-180x135.jpg 180w, https:\/\/www.naturparkmagazin.de\/am-stettiner-haff\/wp-content\/uploads\/sites\/29\/10_Jahre_NP_ASH_Exkursion-95x71.jpg 95w, https:\/\/www.naturparkmagazin.de\/am-stettiner-haff\/wp-content\/uploads\/sites\/29\/10_Jahre_NP_ASH_Exkursion-200x150.jpg 200w\" sizes=\"(max-width: 640px) 100vw, 640px\" \/><\/a><p id=\"caption-attachment-1342\" class=\"wp-caption-text\">Unterwegs mit dem Schwimmenden Lernort (Foto: J. Henke)<\/p><\/div>\n<p>Nach dem kurzen Festakt im BIZ demonstrierte die Naturparkverwaltung live wie die Zusammenarbeit funktioniert. Mit zwei Fl\u00f6\u00dfen ging es auf Naturpark-Exkursion. Zwei gute Partner des Naturparks, Detlef Ertelt (Randow-Floss) und Sebastian Preuss (ZERUM) \u201eentf\u00fchrten\u201c die G\u00e4ste mit ihrem Flo\u00df bzw. mit dem Schwimmenden Lernort in den Naturpark und demonstrierten auf der Randow und Uecker ihre Arbeit mit der Natur f\u00fcr die Menschen und mit den Menschen f\u00fcr die Natur.<\/p>\n","protected":false},"excerpt":{"rendered":"<p>Mit einer feierlichen Veranstaltung im Bildungs- und Informationszentrum (BIZ) des Naturparks am Bahnhof in Eggesin wurde das zehnj\u00e4hrige Jubil\u00e4um des Naturparks \u201e Am Stettiner Haff\u201c begangen.<\/p>\n","protected":false},"author":26,"featured_media":1341,"comment_status":"open","ping_status":"open","sticky":false,"template":"","format":"standard","meta":[],"categories":[7],"tags":[316],"yoast_head":"<!-- This site is optimized with the Yoast SEO plugin v19.10 - https:\/\/yoast.com\/wordpress\/plugins\/seo\/ -->\n<title>10 Jahre - Mit den Menschen f\u00fcr die Natur und mit der Natur f\u00fcr die Menschen - Naturpark Am Stettiner Haff<\/title>\n<meta name=\"robots\" content=\"index, follow, max-snippet:-1, max-image-preview:large, max-video-preview:-1\" \/>\n<link rel=\"canonical\" href=\"https:\/\/www.naturparkmagazin.de\/am-stettiner-haff\/10-jahre-mit-den-menschen-fuer-die-natur-und-mit-der-natur-fuer-die-menschen\/\" \/>\n<meta property=\"og:locale\" content=\"de_DE\" \/>\n<meta property=\"og:type\" content=\"article\" \/>\n<meta property=\"og:title\" content=\"10 Jahre - Mit den Menschen f\u00fcr die Natur und mit der Natur f\u00fcr die Menschen - Naturpark Am Stettiner Haff\" \/>\n<meta property=\"og:description\" content=\"Mit einer feierlichen Veranstaltung im Bildungs- und Informationszentrum (BIZ) des Naturparks am Bahnhof in Eggesin wurde das zehnj\u00e4hrige Jubil\u00e4um des Naturparks \u201e Am Stettiner Haff\u201c begangen.\" \/>\n<meta property=\"og:url\" content=\"https:\/\/www.naturparkmagazin.de\/am-stettiner-haff\/10-jahre-mit-den-menschen-fuer-die-natur-und-mit-der-natur-fuer-die-menschen\/\" \/>\n<meta property=\"og:site_name\" content=\"Naturpark Am Stettiner Haff\" \/>\n<meta property=\"article:published_time\" content=\"2015-06-17T13:00:03+00:00\" \/>\n<meta property=\"article:modified_time\" content=\"2015-06-16T08:18:05+00:00\" \/>\n<meta property=\"og:image\" content=\"https:\/\/www.naturparkmagazin.de\/am-stettiner-haff\/wp-content\/uploads\/sites\/29\/10_Jahre_NP_ASH.jpg\" \/>\n\t<meta property=\"og:image:width\" content=\"640\" \/>\n\t<meta property=\"og:image:height\" content=\"480\" \/>\n\t<meta property=\"og:image:type\" content=\"image\/jpeg\" \/>\n<meta name=\"author\" content=\"Jochen Elberskirch\" \/>\n<meta name=\"twitter:label1\" content=\"Verfasst von\" \/>\n\t<meta name=\"twitter:data1\" content=\"Jochen Elberskirch\" \/>\n\t<meta name=\"twitter:label2\" content=\"Gesch\u00e4tzte Lesezeit\" \/>\n\t<meta name=\"twitter:data2\" content=\"2\u00a0Minuten\" \/>\n<script type=\"application\/ld+json\" class=\"yoast-schema-graph\">{\"@context\":\"https:\/\/schema.org\",\"@graph\":[{\"@type\":\"WebPage\",\"@id\":\"https:\/\/www.naturparkmagazin.de\/am-stettiner-haff\/10-jahre-mit-den-menschen-fuer-die-natur-und-mit-der-natur-fuer-die-menschen\/\",\"url\":\"https:\/\/www.naturparkmagazin.de\/am-stettiner-haff\/10-jahre-mit-den-menschen-fuer-die-natur-und-mit-der-natur-fuer-die-menschen\/\",\"name\":\"10 Jahre - Mit den Menschen f\u00fcr die Natur und mit der Natur f\u00fcr die Menschen - Naturpark Am Stettiner Haff\",\"isPartOf\":{\"@id\":\"https:\/\/www.naturparkmagazin.de\/am-stettiner-haff\/#website\"},\"datePublished\":\"2015-06-17T13:00:03+00:00\",\"dateModified\":\"2015-06-16T08:18:05+00:00\",\"author\":{\"@id\":\"https:\/\/www.naturparkmagazin.de\/am-stettiner-haff\/#\/schema\/person\/4a7208080dbbfb024d81129b7960c725\"},\"breadcrumb\":{\"@id\":\"https:\/\/www.naturparkmagazin.de\/am-stettiner-haff\/10-jahre-mit-den-menschen-fuer-die-natur-und-mit-der-natur-fuer-die-menschen\/#breadcrumb\"},\"inLanguage\":\"de\",\"potentialAction\":[{\"@type\":\"ReadAction\",\"target\":[\"https:\/\/www.naturparkmagazin.de\/am-stettiner-haff\/10-jahre-mit-den-menschen-fuer-die-natur-und-mit-der-natur-fuer-die-menschen\/\"]}]},{\"@type\":\"BreadcrumbList\",\"@id\":\"https:\/\/www.naturparkmagazin.de\/am-stettiner-haff\/10-jahre-mit-den-menschen-fuer-die-natur-und-mit-der-natur-fuer-die-menschen\/#breadcrumb\",\"itemListElement\":[{\"@type\":\"ListItem\",\"position\":1,\"name\":\"Home\",\"item\":\"https:\/\/www.naturparkmagazin.de\/am-stettiner-haff\/\"},{\"@type\":\"ListItem\",\"position\":2,\"name\":\"10 Jahre &#8211; Mit den Menschen f\u00fcr die Natur und mit der Natur f\u00fcr die Menschen\"}]},{\"@type\":\"WebSite\",\"@id\":\"https:\/\/www.naturparkmagazin.de\/am-stettiner-haff\/#website\",\"url\":\"https:\/\/www.naturparkmagazin.de\/am-stettiner-haff\/\",\"name\":\"Naturpark Am Stettiner Haff\",\"description\":\"\",\"potentialAction\":[{\"@type\":\"SearchAction\",\"target\":{\"@type\":\"EntryPoint\",\"urlTemplate\":\"https:\/\/www.naturparkmagazin.de\/am-stettiner-haff\/?s={search_term_string}\"},\"query-input\":\"required name=search_term_string\"}],\"inLanguage\":\"de\"},{\"@type\":\"Person\",\"@id\":\"https:\/\/www.naturparkmagazin.de\/am-stettiner-haff\/#\/schema\/person\/4a7208080dbbfb024d81129b7960c725\",\"name\":\"Jochen Elberskirch\",\"sameAs\":[\"http:\/\/www.naturpark-am-stettiner-haff.de\"],\"url\":\"https:\/\/www.naturparkmagazin.de\/am-stettiner-haff\/author\/jochenelberskirch\/\"}]}<\/script>\n<!-- \/ Yoast SEO plugin. -->","yoast_head_json":{"title":"10 Jahre - Mit den Menschen f\u00fcr die Natur und mit der Natur f\u00fcr die Menschen - Naturpark Am Stettiner Haff","robots":{"index":"index","follow":"follow","max-snippet":"max-snippet:-1","max-image-preview":"max-image-preview:large","max-video-preview":"max-video-preview:-1"},"canonical":"https:\/\/www.naturparkmagazin.de\/am-stettiner-haff\/10-jahre-mit-den-menschen-fuer-die-natur-und-mit-der-natur-fuer-die-menschen\/","og_locale":"de_DE","og_type":"article","og_title":"10 Jahre - Mit den Menschen f\u00fcr die Natur und mit der Natur f\u00fcr die Menschen - Naturpark Am Stettiner Haff","og_description":"Mit einer feierlichen Veranstaltung im Bildungs- und Informationszentrum (BIZ) des Naturparks am Bahnhof in Eggesin wurde das zehnj\u00e4hrige Jubil\u00e4um des Naturparks \u201e Am Stettiner Haff\u201c begangen.","og_url":"https:\/\/www.naturparkmagazin.de\/am-stettiner-haff\/10-jahre-mit-den-menschen-fuer-die-natur-und-mit-der-natur-fuer-die-menschen\/","og_site_name":"Naturpark Am Stettiner Haff","article_published_time":"2015-06-17T13:00:03+00:00","article_modified_time":"2015-06-16T08:18:05+00:00","og_image":[{"width":640,"height":480,"url":"https:\/\/www.naturparkmagazin.de\/am-stettiner-haff\/wp-content\/uploads\/sites\/29\/10_Jahre_NP_ASH.jpg","type":"image\/jpeg"}],"author":"Jochen Elberskirch","twitter_misc":{"Verfasst von":"Jochen Elberskirch","Gesch\u00e4tzte Lesezeit":"2\u00a0Minuten"},"schema":{"@context":"https:\/\/schema.org","@graph":[{"@type":"WebPage","@id":"https:\/\/www.naturparkmagazin.de\/am-stettiner-haff\/10-jahre-mit-den-menschen-fuer-die-natur-und-mit-der-natur-fuer-die-menschen\/","url":"https:\/\/www.naturparkmagazin.de\/am-stettiner-haff\/10-jahre-mit-den-menschen-fuer-die-natur-und-mit-der-natur-fuer-die-menschen\/","name":"10 Jahre - Mit den Menschen f\u00fcr die Natur und mit der Natur f\u00fcr die Menschen - Naturpark Am Stettiner Haff","isPartOf":{"@id":"https:\/\/www.naturparkmagazin.de\/am-stettiner-haff\/#website"},"datePublished":"2015-06-17T13:00:03+00:00","dateModified":"2015-06-16T08:18:05+00:00","author":{"@id":"https:\/\/www.naturparkmagazin.de\/am-stettiner-haff\/#\/schema\/person\/4a7208080dbbfb024d81129b7960c725"},"breadcrumb":{"@id":"https:\/\/www.naturparkmagazin.de\/am-stettiner-haff\/10-jahre-mit-den-menschen-fuer-die-natur-und-mit-der-natur-fuer-die-menschen\/#breadcrumb"},"inLanguage":"de","potentialAction":[{"@type":"ReadAction","target":["https:\/\/www.naturparkmagazin.de\/am-stettiner-haff\/10-jahre-mit-den-menschen-fuer-die-natur-und-mit-der-natur-fuer-die-menschen\/"]}]},{"@type":"BreadcrumbList","@id":"https:\/\/www.naturparkmagazin.de\/am-stettiner-haff\/10-jahre-mit-den-menschen-fuer-die-natur-und-mit-der-natur-fuer-die-menschen\/#breadcrumb","itemListElement":[{"@type":"ListItem","position":1,"name":"Home","item":"https:\/\/www.naturparkmagazin.de\/am-stettiner-haff\/"},{"@type":"ListItem","position":2,"name":"10 Jahre &#8211; Mit den Menschen f\u00fcr die Natur und mit der Natur f\u00fcr die Menschen"}]},{"@type":"WebSite","@id":"https:\/\/www.naturparkmagazin.de\/am-stettiner-haff\/#website","url":"https:\/\/www.naturparkmagazin.de\/am-stettiner-haff\/","name":"Naturpark Am Stettiner Haff","description":"","potentialAction":[{"@type":"SearchAction","target":{"@type":"EntryPoint","urlTemplate":"https:\/\/www.naturparkmagazin.de\/am-stettiner-haff\/?s={search_term_string}"},"query-input":"required name=search_term_string"}],"inLanguage":"de"},{"@type":"Person","@id":"https:\/\/www.naturparkmagazin.de\/am-stettiner-haff\/#\/schema\/person\/4a7208080dbbfb024d81129b7960c725","name":"Jochen Elberskirch","sameAs":["http:\/\/www.naturpark-am-stettiner-haff.de"],"url":"https:\/\/www.naturparkmagazin.de\/am-stettiner-haff\/author\/jochenelberskirch\/"}]}},"_links":{"self":[{"href":"https:\/\/www.naturparkmagazin.de\/am-stettiner-haff\/wp-json\/wp\/v2\/posts\/1333"}],"collection":[{"href":"https:\/\/www.naturparkmagazin.de\/am-stettiner-haff\/wp-json\/wp\/v2\/posts"}],"about":[{"href":"https:\/\/www.naturparkmagazin.de\/am-stettiner-haff\/wp-json\/wp\/v2\/types\/post"}],"author":[{"embeddable":true,"href":"https:\/\/www.naturparkmagazin.de\/am-stettiner-haff\/wp-json\/wp\/v2\/users\/26"}],"replies":[{"embeddable":true,"href":"https:\/\/www.naturparkmagazin.de\/am-stettiner-haff\/wp-json\/wp\/v2\/comments?post=1333"}],"version-history":[{"count":5,"href":"https:\/\/www.naturparkmagazin.de\/am-stettiner-haff\/wp-json\/wp\/v2\/posts\/1333\/revisions"}],"predecessor-version":[{"id":1344,"href":"https:\/\/www.naturparkmagazin.de\/am-stettiner-haff\/wp-json\/wp\/v2\/posts\/1333\/revisions\/1344"}],"wp:featuredmedia":[{"embeddable":true,"href":"https:\/\/www.naturparkmagazin.de\/am-stettiner-haff\/wp-json\/wp\/v2\/media\/1341"}],"wp:attachment":[{"href":"https:\/\/www.naturparkmagazin.de\/am-stettiner-haff\/wp-json\/wp\/v2\/media?parent=1333"}],"wp:term":[{"taxonomy":"category","embeddable":true,"href":"https:\/\/www.naturparkmagazin.de\/am-stettiner-haff\/wp-json\/wp\/v2\/categories?post=1333"},{"taxonomy":"post_tag","embeddable":true,"href":"https:\/\/www.naturparkmagazin.de\/am-stettiner-haff\/wp-json\/wp\/v2\/tags?post=1333"}],"curies":[{"name":"wp","href":"https:\/\/api.w.org\/{rel}","templated":true}]}}