{"id":1337,"date":"2015-06-17T15:01:26","date_gmt":"2015-06-17T13:01:26","guid":{"rendered":"http:\/\/www.naturparkmagazin.de\/am-stettiner-haff\/?p=1337"},"modified":"2015-06-24T14:31:49","modified_gmt":"2015-06-24T12:31:49","slug":"umweltwoche-im-naturpark-begangen","status":"publish","type":"post","link":"https:\/\/www.naturparkmagazin.de\/am-stettiner-haff\/umweltwoche-im-naturpark-begangen\/","title":{"rendered":"Umweltwoche im Naturpark begangen"},"content":{"rendered":"<p>Der 5. Juni ist der Tag der Umwelt. In den letzten Jahren gab rund um diesen Termin unter der Federf\u00fchrung Ministeriums f\u00fcr Landwirtschaft, Umwelt und Verbraucherschutz M-V eine zentrale Veranstaltung f\u00fcr Kinder und Jugendliche. Doch in diesem Jahr\u00a0waren die Nationalen Naturlandschaften Mecklenburg-Vorpommerns nicht nur am Tag der Umwelt gefordert. Das Ministerium f\u00fcr Landwirtschaft, Umwelt und Verbraucherschutz M-V wollte m\u00f6glichst viele Schulkinder im ganzen Land\u00a0im Rahmen einer &#8222;Umweltwoche&#8220; erreichen. Daher wandte sich das Ministerium an alle Gro\u00dfschutzgebiete mit der Bitte,\u00a0geeignete Angebote zu melden. Der Naturpark &#8222;Am Stettiner Haff&#8220; kam dieser Bitte mit f\u00fcnf Aktionen an\u00a0f\u00fcnf Tagen nach. Der Montag und der Mittwoch standen im Zeichen von Lichterwanderungen. In Zweier-Teams galt es sich im Dunkeln von Licht zu Licht zu bewegen. An den einzelnen Lichtern mussten die Teilnehmer kleine Aufgaben l\u00f6sen und sich die L\u00f6sung bis zum Schluss merken.\u00a0Am Dienstag gingen die Sch\u00fcler der 3. Klasse der Grundschule Mewegen, der ersten Naturpark-Schule M-Vs auf Exkursion durch den Naturpark. Mit Hilfe eines &#8222;Oldtimer&#8220;-Busses gelangten die Kinder auch in weit entfernte Bereiche\u00a0ihres Naturparks, die sie so noch nicht zu sehen bekommen hatten. So fuhren Sie in das s\u00fcdwestlich im Naturpark gelegene Naturschutzgebiet &#8222;Burgwall Rothem\u00fchl&#8220;. Au\u00dferdem\u00a0schauten die M\u00e4dchen und Jungen spontan bei der K\u00f6hlerei in Jatznick vorbei und konnten so erleben, wie\u00a0Holzkohle hergestellt wird. Der R\u00fcckweg f\u00fchrte Exkursionsgruppe\u00a0nat\u00fcrlich auch am Bildungs- und Informationszentrum des\u00a0\u00a0Naturparks vorbei.<\/p>\n<div id=\"attachment_1350\" style=\"width: 650px\" class=\"wp-caption aligncenter\"><a href=\"https:\/\/www.naturparkmagazin.de\/am-stettiner-haff\/wp-content\/uploads\/sites\/29\/01_Umweltwoche_Naturpark-Tour.jpg\"><img aria-describedby=\"caption-attachment-1350\" decoding=\"async\" loading=\"lazy\" class=\"size-full wp-image-1350\" src=\"https:\/\/www.naturparkmagazin.de\/am-stettiner-haff\/wp-content\/uploads\/sites\/29\/01_Umweltwoche_Naturpark-Tour.jpg\" alt=\"Auf Naturpark-Tour -K\u00f6hlerei Jatznick (Foto: Naturpark)\" width=\"640\" height=\"426\" srcset=\"https:\/\/www.naturparkmagazin.de\/am-stettiner-haff\/wp-content\/uploads\/sites\/29\/01_Umweltwoche_Naturpark-Tour.jpg 640w, https:\/\/www.naturparkmagazin.de\/am-stettiner-haff\/wp-content\/uploads\/sites\/29\/01_Umweltwoche_Naturpark-Tour-300x200.jpg 300w, https:\/\/www.naturparkmagazin.de\/am-stettiner-haff\/wp-content\/uploads\/sites\/29\/01_Umweltwoche_Naturpark-Tour-620x413.jpg 620w, https:\/\/www.naturparkmagazin.de\/am-stettiner-haff\/wp-content\/uploads\/sites\/29\/01_Umweltwoche_Naturpark-Tour-200x133.jpg 200w\" sizes=\"(max-width: 640px) 100vw, 640px\" \/><\/a><p id=\"caption-attachment-1350\" class=\"wp-caption-text\">Auf Naturpark-Tour &#8211; Zwischenstopp in der K\u00f6hlerei\u00a0Jatznick (Foto: Naturpark)<\/p><\/div>\n<p>Am Donnerstag nutzten die\u00a0Sch\u00fcler der dritten Klasse der Grundschule Eggesin\u00a0die Gelegenheit, um bei sch\u00f6nstem Wetter eine Ausfahrt\u00a0mit dem Randow-Floss unter der Leitung des Zertifizierten Natur- und Landschaftsf\u00fchrer Detlef\u00a0Ertelt zu machen. Bevor es mit dem Flo\u00df auf die Radow und die Uecker ging, pflanzten die M\u00e4dchen\u00a0und Jungen\u00a0einen Baum auf dem Hafengel\u00e4nde.<\/p>\n<p>Die letzte Veranstaltung im Rahmen der Umweltwoche\u00a0fand am Freitag (05.06.15) statt. Ein Ausflug\u00a0der\u00a04. Klasse der Grundschule Mewegen f\u00fchrte zur Orchideenwiese am Latzigsee.\u00a0Dort wurden die M\u00e4dchen und Jungen\u00a0ganz und gar in die Arbeit des Naturparks eingebunden. Gemeinsam mit den Mitarbeitern des Naturparks ging es an das Orchideen z\u00e4hlen. Aufgereiht wie\u00a0auf einer Perlenkette ging es langsam und vorsichtig \u00fcber die Orchideenwiese. Alle Orchideenfunde wurden gez\u00e4hlt und dem Schriftf\u00fchrer zu gerufen. Am Ende wurden so \u00fcber 900 Exemplare des fleischfarbenen Knabenkrautes gez\u00e4hlt.\u00a0Bei strahlendem Sonnenschein machte diese Arbeit nicht nur Spa\u00df sondern auch besonders durstig. Daher verstand\u00a0es sich fast von selbst, dass die Naturparkmitarbeiter an ausreichend Getr\u00e4nke f\u00fcr ihre flei\u00dfigen Helfer gedacht haben.<\/p>\n<div id=\"attachment_1348\" style=\"width: 527px\" class=\"wp-caption aligncenter\"><a href=\"https:\/\/www.naturparkmagazin.de\/am-stettiner-haff\/wp-content\/uploads\/sites\/29\/02_Umweltwoche_Orchideen-z\u00e4hlen.jpg\"><img aria-describedby=\"caption-attachment-1348\" decoding=\"async\" loading=\"lazy\" class=\"size-medium wp-image-1348\" src=\"https:\/\/www.naturparkmagazin.de\/am-stettiner-haff\/wp-content\/uploads\/sites\/29\/02_Umweltwoche_Orchideen-z\u00e4hlen-620x413.jpg\" alt=\"Ochideen z\u00e4hlen am Latzigsee (Foto: Naturpark)\" width=\"517\" height=\"351\" \/><\/a><p id=\"caption-attachment-1348\" class=\"wp-caption-text\">Ochideen z\u00e4hlen am Latzigsee (Foto: Naturpark)<\/p><\/div>\n<div id=\"attachment_1349\" style=\"width: 630px\" class=\"wp-caption aligncenter\"><a href=\"https:\/\/www.naturparkmagazin.de\/am-stettiner-haff\/wp-content\/uploads\/sites\/29\/03_Umweltwoche_Orchideen-z\u00e4hlen.jpg\"><img aria-describedby=\"caption-attachment-1349\" decoding=\"async\" loading=\"lazy\" class=\"size-medium wp-image-1349\" src=\"https:\/\/www.naturparkmagazin.de\/am-stettiner-haff\/wp-content\/uploads\/sites\/29\/03_Umweltwoche_Orchideen-z\u00e4hlen-620x413.jpg\" alt=\"Nach dem Ochideenz\u00e4hlen am Latzigsee Foto: Naturpark)\" width=\"620\" height=\"413\" srcset=\"https:\/\/www.naturparkmagazin.de\/am-stettiner-haff\/wp-content\/uploads\/sites\/29\/03_Umweltwoche_Orchideen-z\u00e4hlen-620x413.jpg 620w, https:\/\/www.naturparkmagazin.de\/am-stettiner-haff\/wp-content\/uploads\/sites\/29\/03_Umweltwoche_Orchideen-z\u00e4hlen-300x200.jpg 300w, https:\/\/www.naturparkmagazin.de\/am-stettiner-haff\/wp-content\/uploads\/sites\/29\/03_Umweltwoche_Orchideen-z\u00e4hlen-200x133.jpg 200w, https:\/\/www.naturparkmagazin.de\/am-stettiner-haff\/wp-content\/uploads\/sites\/29\/03_Umweltwoche_Orchideen-z\u00e4hlen.jpg 640w\" sizes=\"(max-width: 620px) 100vw, 620px\" \/><\/a><p id=\"caption-attachment-1349\" class=\"wp-caption-text\">Nach dem Ochideenz\u00e4hlen am Latzigsee Foto: Naturpark)<\/p><\/div>\n<p>&nbsp;<\/p>\n<p>Alle teilnehmenden Klassen absolvierten\u00a0im Anschluss an ihre jeweilige Veranstaltung das Quizz des Ministeriums, welches sich anlasslich des 25 j\u00e4hrigen Bestehens unseres Bundeslandes und des Nationalpark-Programms\u00a0beonders spendabel zeigte. So winken der Gewinnerklasse 1.000 \u20ac in bar f\u00fcr einen ihrer n\u00e4chsten Ausfl\u00fcge. Aber auch alle Kosten, die bei den einzelnen\u00a0Aktivit\u00e4ten in den einzelnen Gro\u00dfschutzgebieten aufgelaufen sind, \u00fcbernahm freundlicher\u00a0Weise das Ministerium f\u00fcr Landwirtschaft, Umwelt\u00a0und Verbraucherschutz\u00a0M-V.<\/p>\n","protected":false},"excerpt":{"rendered":"<p>Der 5. Juni ist der Tag der Umwelt. In den letzten Jahren gab rund um diesen Termin unter der Federf\u00fchrung Ministeriums f\u00fcr Landwirtschaft, Umwelt und Verbraucherschutz M-V eine zentrale Veranstaltung f\u00fcr Kinder und Jugendliche.<\/p>\n","protected":false},"author":26,"featured_media":1348,"comment_status":"open","ping_status":"open","sticky":false,"template":"","format":"standard","meta":[],"categories":[7],"tags":[],"yoast_head":"<!-- This site is optimized with the Yoast SEO plugin v19.10 - https:\/\/yoast.com\/wordpress\/plugins\/seo\/ -->\n<title>Umweltwoche im Naturpark begangen - Naturpark Am Stettiner Haff<\/title>\n<meta name=\"robots\" content=\"index, follow, max-snippet:-1, max-image-preview:large, max-video-preview:-1\" \/>\n<link rel=\"canonical\" href=\"https:\/\/www.naturparkmagazin.de\/am-stettiner-haff\/umweltwoche-im-naturpark-begangen\/\" \/>\n<meta property=\"og:locale\" content=\"de_DE\" \/>\n<meta property=\"og:type\" content=\"article\" \/>\n<meta property=\"og:title\" content=\"Umweltwoche im Naturpark begangen - Naturpark Am Stettiner Haff\" \/>\n<meta property=\"og:description\" content=\"Der 5. Juni ist der Tag der Umwelt. In den letzten Jahren gab rund um diesen Termin unter der Federf\u00fchrung Ministeriums f\u00fcr Landwirtschaft, Umwelt und Verbraucherschutz M-V eine zentrale Veranstaltung f\u00fcr Kinder und Jugendliche.\" \/>\n<meta property=\"og:url\" content=\"https:\/\/www.naturparkmagazin.de\/am-stettiner-haff\/umweltwoche-im-naturpark-begangen\/\" \/>\n<meta property=\"og:site_name\" content=\"Naturpark Am Stettiner Haff\" \/>\n<meta property=\"article:published_time\" content=\"2015-06-17T13:01:26+00:00\" \/>\n<meta property=\"article:modified_time\" content=\"2015-06-24T12:31:49+00:00\" \/>\n<meta property=\"og:image\" content=\"https:\/\/www.naturparkmagazin.de\/am-stettiner-haff\/wp-content\/uploads\/sites\/29\/02_Umweltwoche_Orchideen-z\u00e4hlen.jpg\" \/>\n\t<meta property=\"og:image:width\" content=\"640\" \/>\n\t<meta property=\"og:image:height\" content=\"426\" \/>\n\t<meta property=\"og:image:type\" content=\"image\/jpeg\" \/>\n<meta name=\"author\" content=\"Jochen Elberskirch\" \/>\n<meta name=\"twitter:label1\" content=\"Verfasst von\" \/>\n\t<meta name=\"twitter:data1\" content=\"Jochen Elberskirch\" \/>\n\t<meta name=\"twitter:label2\" content=\"Gesch\u00e4tzte Lesezeit\" \/>\n\t<meta name=\"twitter:data2\" content=\"3\u00a0Minuten\" \/>\n<script type=\"application\/ld+json\" class=\"yoast-schema-graph\">{\"@context\":\"https:\/\/schema.org\",\"@graph\":[{\"@type\":\"WebPage\",\"@id\":\"https:\/\/www.naturparkmagazin.de\/am-stettiner-haff\/umweltwoche-im-naturpark-begangen\/\",\"url\":\"https:\/\/www.naturparkmagazin.de\/am-stettiner-haff\/umweltwoche-im-naturpark-begangen\/\",\"name\":\"Umweltwoche im Naturpark begangen - Naturpark Am Stettiner Haff\",\"isPartOf\":{\"@id\":\"https:\/\/www.naturparkmagazin.de\/am-stettiner-haff\/#website\"},\"datePublished\":\"2015-06-17T13:01:26+00:00\",\"dateModified\":\"2015-06-24T12:31:49+00:00\",\"author\":{\"@id\":\"https:\/\/www.naturparkmagazin.de\/am-stettiner-haff\/#\/schema\/person\/4a7208080dbbfb024d81129b7960c725\"},\"breadcrumb\":{\"@id\":\"https:\/\/www.naturparkmagazin.de\/am-stettiner-haff\/umweltwoche-im-naturpark-begangen\/#breadcrumb\"},\"inLanguage\":\"de\",\"potentialAction\":[{\"@type\":\"ReadAction\",\"target\":[\"https:\/\/www.naturparkmagazin.de\/am-stettiner-haff\/umweltwoche-im-naturpark-begangen\/\"]}]},{\"@type\":\"BreadcrumbList\",\"@id\":\"https:\/\/www.naturparkmagazin.de\/am-stettiner-haff\/umweltwoche-im-naturpark-begangen\/#breadcrumb\",\"itemListElement\":[{\"@type\":\"ListItem\",\"position\":1,\"name\":\"Home\",\"item\":\"https:\/\/www.naturparkmagazin.de\/am-stettiner-haff\/\"},{\"@type\":\"ListItem\",\"position\":2,\"name\":\"Umweltwoche im Naturpark begangen\"}]},{\"@type\":\"WebSite\",\"@id\":\"https:\/\/www.naturparkmagazin.de\/am-stettiner-haff\/#website\",\"url\":\"https:\/\/www.naturparkmagazin.de\/am-stettiner-haff\/\",\"name\":\"Naturpark Am Stettiner Haff\",\"description\":\"\",\"potentialAction\":[{\"@type\":\"SearchAction\",\"target\":{\"@type\":\"EntryPoint\",\"urlTemplate\":\"https:\/\/www.naturparkmagazin.de\/am-stettiner-haff\/?s={search_term_string}\"},\"query-input\":\"required name=search_term_string\"}],\"inLanguage\":\"de\"},{\"@type\":\"Person\",\"@id\":\"https:\/\/www.naturparkmagazin.de\/am-stettiner-haff\/#\/schema\/person\/4a7208080dbbfb024d81129b7960c725\",\"name\":\"Jochen Elberskirch\",\"sameAs\":[\"http:\/\/www.naturpark-am-stettiner-haff.de\"],\"url\":\"https:\/\/www.naturparkmagazin.de\/am-stettiner-haff\/author\/jochenelberskirch\/\"}]}<\/script>\n<!-- \/ Yoast SEO plugin. -->","yoast_head_json":{"title":"Umweltwoche im Naturpark begangen - Naturpark Am Stettiner Haff","robots":{"index":"index","follow":"follow","max-snippet":"max-snippet:-1","max-image-preview":"max-image-preview:large","max-video-preview":"max-video-preview:-1"},"canonical":"https:\/\/www.naturparkmagazin.de\/am-stettiner-haff\/umweltwoche-im-naturpark-begangen\/","og_locale":"de_DE","og_type":"article","og_title":"Umweltwoche im Naturpark begangen - Naturpark Am Stettiner Haff","og_description":"Der 5. Juni ist der Tag der Umwelt. In den letzten Jahren gab rund um diesen Termin unter der Federf\u00fchrung Ministeriums f\u00fcr Landwirtschaft, Umwelt und Verbraucherschutz M-V eine zentrale Veranstaltung f\u00fcr Kinder und Jugendliche.","og_url":"https:\/\/www.naturparkmagazin.de\/am-stettiner-haff\/umweltwoche-im-naturpark-begangen\/","og_site_name":"Naturpark Am Stettiner Haff","article_published_time":"2015-06-17T13:01:26+00:00","article_modified_time":"2015-06-24T12:31:49+00:00","og_image":[{"width":640,"height":426,"url":"https:\/\/www.naturparkmagazin.de\/am-stettiner-haff\/wp-content\/uploads\/sites\/29\/02_Umweltwoche_Orchideen-z\u00e4hlen.jpg","type":"image\/jpeg"}],"author":"Jochen Elberskirch","twitter_misc":{"Verfasst von":"Jochen Elberskirch","Gesch\u00e4tzte Lesezeit":"3\u00a0Minuten"},"schema":{"@context":"https:\/\/schema.org","@graph":[{"@type":"WebPage","@id":"https:\/\/www.naturparkmagazin.de\/am-stettiner-haff\/umweltwoche-im-naturpark-begangen\/","url":"https:\/\/www.naturparkmagazin.de\/am-stettiner-haff\/umweltwoche-im-naturpark-begangen\/","name":"Umweltwoche im Naturpark begangen - Naturpark Am Stettiner Haff","isPartOf":{"@id":"https:\/\/www.naturparkmagazin.de\/am-stettiner-haff\/#website"},"datePublished":"2015-06-17T13:01:26+00:00","dateModified":"2015-06-24T12:31:49+00:00","author":{"@id":"https:\/\/www.naturparkmagazin.de\/am-stettiner-haff\/#\/schema\/person\/4a7208080dbbfb024d81129b7960c725"},"breadcrumb":{"@id":"https:\/\/www.naturparkmagazin.de\/am-stettiner-haff\/umweltwoche-im-naturpark-begangen\/#breadcrumb"},"inLanguage":"de","potentialAction":[{"@type":"ReadAction","target":["https:\/\/www.naturparkmagazin.de\/am-stettiner-haff\/umweltwoche-im-naturpark-begangen\/"]}]},{"@type":"BreadcrumbList","@id":"https:\/\/www.naturparkmagazin.de\/am-stettiner-haff\/umweltwoche-im-naturpark-begangen\/#breadcrumb","itemListElement":[{"@type":"ListItem","position":1,"name":"Home","item":"https:\/\/www.naturparkmagazin.de\/am-stettiner-haff\/"},{"@type":"ListItem","position":2,"name":"Umweltwoche im Naturpark begangen"}]},{"@type":"WebSite","@id":"https:\/\/www.naturparkmagazin.de\/am-stettiner-haff\/#website","url":"https:\/\/www.naturparkmagazin.de\/am-stettiner-haff\/","name":"Naturpark Am Stettiner Haff","description":"","potentialAction":[{"@type":"SearchAction","target":{"@type":"EntryPoint","urlTemplate":"https:\/\/www.naturparkmagazin.de\/am-stettiner-haff\/?s={search_term_string}"},"query-input":"required name=search_term_string"}],"inLanguage":"de"},{"@type":"Person","@id":"https:\/\/www.naturparkmagazin.de\/am-stettiner-haff\/#\/schema\/person\/4a7208080dbbfb024d81129b7960c725","name":"Jochen Elberskirch","sameAs":["http:\/\/www.naturpark-am-stettiner-haff.de"],"url":"https:\/\/www.naturparkmagazin.de\/am-stettiner-haff\/author\/jochenelberskirch\/"}]}},"_links":{"self":[{"href":"https:\/\/www.naturparkmagazin.de\/am-stettiner-haff\/wp-json\/wp\/v2\/posts\/1337"}],"collection":[{"href":"https:\/\/www.naturparkmagazin.de\/am-stettiner-haff\/wp-json\/wp\/v2\/posts"}],"about":[{"href":"https:\/\/www.naturparkmagazin.de\/am-stettiner-haff\/wp-json\/wp\/v2\/types\/post"}],"author":[{"embeddable":true,"href":"https:\/\/www.naturparkmagazin.de\/am-stettiner-haff\/wp-json\/wp\/v2\/users\/26"}],"replies":[{"embeddable":true,"href":"https:\/\/www.naturparkmagazin.de\/am-stettiner-haff\/wp-json\/wp\/v2\/comments?post=1337"}],"version-history":[{"count":15,"href":"https:\/\/www.naturparkmagazin.de\/am-stettiner-haff\/wp-json\/wp\/v2\/posts\/1337\/revisions"}],"predecessor-version":[{"id":1367,"href":"https:\/\/www.naturparkmagazin.de\/am-stettiner-haff\/wp-json\/wp\/v2\/posts\/1337\/revisions\/1367"}],"wp:featuredmedia":[{"embeddable":true,"href":"https:\/\/www.naturparkmagazin.de\/am-stettiner-haff\/wp-json\/wp\/v2\/media\/1348"}],"wp:attachment":[{"href":"https:\/\/www.naturparkmagazin.de\/am-stettiner-haff\/wp-json\/wp\/v2\/media?parent=1337"}],"wp:term":[{"taxonomy":"category","embeddable":true,"href":"https:\/\/www.naturparkmagazin.de\/am-stettiner-haff\/wp-json\/wp\/v2\/categories?post=1337"},{"taxonomy":"post_tag","embeddable":true,"href":"https:\/\/www.naturparkmagazin.de\/am-stettiner-haff\/wp-json\/wp\/v2\/tags?post=1337"}],"curies":[{"name":"wp","href":"https:\/\/api.w.org\/{rel}","templated":true}]}}