{"id":1373,"date":"2015-06-17T17:34:04","date_gmt":"2015-06-17T15:34:04","guid":{"rendered":"http:\/\/www.naturparkmagazin.de\/am-stettiner-haff\/?p=1373"},"modified":"2015-06-24T14:28:27","modified_gmt":"2015-06-24T12:28:27","slug":"ueber-und-durch-die-altwarper-wueste-2","status":"publish","type":"post","link":"https:\/\/www.naturparkmagazin.de\/am-stettiner-haff\/ueber-und-durch-die-altwarper-wueste-2\/","title":{"rendered":"\u00dcber und durch die Altwarper &#8222;W\u00fcste&#8220;"},"content":{"rendered":"<div id=\"attachment_1374\" style=\"width: 510px\" class=\"wp-caption aligncenter\"><a href=\"https:\/\/www.naturparkmagazin.de\/am-stettiner-haff\/wp-content\/uploads\/sites\/29\/Binnend\u00fcne_beitrag.jpg\"><img aria-describedby=\"caption-attachment-1374\" decoding=\"async\" loading=\"lazy\" class=\"size-full wp-image-1374\" src=\"https:\/\/www.naturparkmagazin.de\/am-stettiner-haff\/wp-content\/uploads\/sites\/29\/Binnend\u00fcne_beitrag.jpg\" alt=\"Altwarper Binnd\u00fcne - Copyright: Naturpark Am Stettiner Haff\" width=\"500\" height=\"300\" srcset=\"https:\/\/www.naturparkmagazin.de\/am-stettiner-haff\/wp-content\/uploads\/sites\/29\/Binnend\u00fcne_beitrag.jpg 500w, https:\/\/www.naturparkmagazin.de\/am-stettiner-haff\/wp-content\/uploads\/sites\/29\/Binnend\u00fcne_beitrag-300x180.jpg 300w, https:\/\/www.naturparkmagazin.de\/am-stettiner-haff\/wp-content\/uploads\/sites\/29\/Binnend\u00fcne_beitrag-200x120.jpg 200w\" sizes=\"(max-width: 500px) 100vw, 500px\" \/><\/a><p id=\"caption-attachment-1374\" class=\"wp-caption-text\">Altwarper Binnd\u00fcne &#8211; Copyright: Naturpark Am Stettiner Haff<\/p><\/div>\n<p>Moor, Erlenbr\u00fcche, Wiesen und \u201eW\u00fcsten\u201c k\u00f6nnen bei dieser F\u00fchrung im Juli dienstgas von 10:00 &#8211; 13:30 Uhr bestaunt werden. Wie diese vielf\u00e4ltige Landschaft entstanden ist und welche Kostbarkeiten es zu entdecken gibt, wird durch die Mitarbeiter des Naturparks kurzweilig erl\u00e4utert.<\/p>\n<p><em><strong>Tour:<\/strong><\/em> ca. 4,5 km familienfreundlich<\/p>\n<p><em><strong>Termine:<\/strong> <\/em>Dienstag, 7. Juli 14. Juli, 21. Juli und 28. Juli jeweils 10:00 &#8211; 13:30 Uhr<\/p>\n<p><em><strong>Leitung:<\/strong><\/em> Naturwacht<\/p>\n<p><strong><em>Treffpunkt:<\/em> <\/strong>Hafen Altwarp (Touristeninformation). Anmeldung erforderlich<\/p>\n<p><strong><em>Anmeldung<\/em><\/strong> bis zum Vortag 15:00 Uhr unter Tel. 039779 296810 oder direkt in der Touristeninformation im Hafen Altwarp. Bitte bei der Anmeldung eine R\u00fcckrufnummer hinterlassen, fall die Tour wegen zu geringer Beteiligung bzw. wegen schlechter Wetterkonditionen abgesagt werden muss.<\/p>\n<p>&nbsp;<\/p>\n<p>&nbsp;<\/p>\n","protected":false},"excerpt":{"rendered":"<p>Erleben Sie aktiv auf einer gef\u00fchrten Wanderung im Juli dienstags von 10:00 bis 13:30 Uhr die offenen Binnend\u00fcnen und erfahren Sie mehr \u00fcber das Naturschutzgebiet und den Naturpark.<\/p>\n","protected":false},"author":51,"featured_media":1375,"comment_status":"open","ping_status":"open","sticky":false,"template":"","format":"standard","meta":[],"categories":[11],"tags":[],"yoast_head":"<!-- This site is optimized with the Yoast SEO plugin v19.10 - https:\/\/yoast.com\/wordpress\/plugins\/seo\/ -->\n<title>\u00dcber und durch die Altwarper &quot;W\u00fcste&quot; - Naturpark Am Stettiner Haff<\/title>\n<meta name=\"robots\" content=\"index, follow, max-snippet:-1, max-image-preview:large, max-video-preview:-1\" \/>\n<link rel=\"canonical\" href=\"https:\/\/www.naturparkmagazin.de\/am-stettiner-haff\/ueber-und-durch-die-altwarper-wueste-2\/\" \/>\n<meta property=\"og:locale\" content=\"de_DE\" \/>\n<meta property=\"og:type\" content=\"article\" \/>\n<meta property=\"og:title\" content=\"\u00dcber und durch die Altwarper &quot;W\u00fcste&quot; - Naturpark Am Stettiner Haff\" \/>\n<meta property=\"og:description\" content=\"Erleben Sie aktiv auf einer gef\u00fchrten Wanderung im Juli dienstags von 10:00 bis 13:30 Uhr die offenen Binnend\u00fcnen und erfahren Sie mehr \u00fcber das Naturschutzgebiet und den Naturpark.\" \/>\n<meta property=\"og:url\" content=\"https:\/\/www.naturparkmagazin.de\/am-stettiner-haff\/ueber-und-durch-die-altwarper-wueste-2\/\" \/>\n<meta property=\"og:site_name\" content=\"Naturpark Am Stettiner Haff\" \/>\n<meta property=\"article:published_time\" content=\"2015-06-17T15:34:04+00:00\" \/>\n<meta property=\"article:modified_time\" content=\"2015-06-24T12:28:27+00:00\" \/>\n<meta property=\"og:image\" content=\"https:\/\/www.naturparkmagazin.de\/am-stettiner-haff\/wp-content\/uploads\/sites\/29\/Binnend\u00fcne_beitragsbild.jpg\" \/>\n\t<meta property=\"og:image:width\" content=\"200\" \/>\n\t<meta property=\"og:image:height\" content=\"200\" \/>\n\t<meta property=\"og:image:type\" content=\"image\/jpeg\" \/>\n<meta name=\"author\" content=\"beatrixlosem\" \/>\n<meta name=\"twitter:label1\" content=\"Verfasst von\" \/>\n\t<meta name=\"twitter:data1\" content=\"beatrixlosem\" \/>\n\t<meta name=\"twitter:label2\" content=\"Gesch\u00e4tzte Lesezeit\" \/>\n\t<meta name=\"twitter:data2\" content=\"1\u00a0Minute\" \/>\n<script type=\"application\/ld+json\" class=\"yoast-schema-graph\">{\"@context\":\"https:\/\/schema.org\",\"@graph\":[{\"@type\":\"WebPage\",\"@id\":\"https:\/\/www.naturparkmagazin.de\/am-stettiner-haff\/ueber-und-durch-die-altwarper-wueste-2\/\",\"url\":\"https:\/\/www.naturparkmagazin.de\/am-stettiner-haff\/ueber-und-durch-die-altwarper-wueste-2\/\",\"name\":\"\u00dcber und durch die Altwarper \\\"W\u00fcste\\\" - Naturpark Am Stettiner Haff\",\"isPartOf\":{\"@id\":\"https:\/\/www.naturparkmagazin.de\/am-stettiner-haff\/#website\"},\"datePublished\":\"2015-06-17T15:34:04+00:00\",\"dateModified\":\"2015-06-24T12:28:27+00:00\",\"author\":{\"@id\":\"https:\/\/www.naturparkmagazin.de\/am-stettiner-haff\/#\/schema\/person\/d71357578c318b6db03be60b1f60396b\"},\"breadcrumb\":{\"@id\":\"https:\/\/www.naturparkmagazin.de\/am-stettiner-haff\/ueber-und-durch-die-altwarper-wueste-2\/#breadcrumb\"},\"inLanguage\":\"de\",\"potentialAction\":[{\"@type\":\"ReadAction\",\"target\":[\"https:\/\/www.naturparkmagazin.de\/am-stettiner-haff\/ueber-und-durch-die-altwarper-wueste-2\/\"]}]},{\"@type\":\"BreadcrumbList\",\"@id\":\"https:\/\/www.naturparkmagazin.de\/am-stettiner-haff\/ueber-und-durch-die-altwarper-wueste-2\/#breadcrumb\",\"itemListElement\":[{\"@type\":\"ListItem\",\"position\":1,\"name\":\"Home\",\"item\":\"https:\/\/www.naturparkmagazin.de\/am-stettiner-haff\/\"},{\"@type\":\"ListItem\",\"position\":2,\"name\":\"\u00dcber und durch die Altwarper &#8222;W\u00fcste&#8220;\"}]},{\"@type\":\"WebSite\",\"@id\":\"https:\/\/www.naturparkmagazin.de\/am-stettiner-haff\/#website\",\"url\":\"https:\/\/www.naturparkmagazin.de\/am-stettiner-haff\/\",\"name\":\"Naturpark Am Stettiner Haff\",\"description\":\"\",\"potentialAction\":[{\"@type\":\"SearchAction\",\"target\":{\"@type\":\"EntryPoint\",\"urlTemplate\":\"https:\/\/www.naturparkmagazin.de\/am-stettiner-haff\/?s={search_term_string}\"},\"query-input\":\"required name=search_term_string\"}],\"inLanguage\":\"de\"},{\"@type\":\"Person\",\"@id\":\"https:\/\/www.naturparkmagazin.de\/am-stettiner-haff\/#\/schema\/person\/d71357578c318b6db03be60b1f60396b\",\"name\":\"beatrixlosem\",\"url\":\"https:\/\/www.naturparkmagazin.de\/am-stettiner-haff\/author\/beatrixlosem\/\"}]}<\/script>\n<!-- \/ Yoast SEO plugin. -->","yoast_head_json":{"title":"\u00dcber und durch die Altwarper \"W\u00fcste\" - Naturpark Am Stettiner Haff","robots":{"index":"index","follow":"follow","max-snippet":"max-snippet:-1","max-image-preview":"max-image-preview:large","max-video-preview":"max-video-preview:-1"},"canonical":"https:\/\/www.naturparkmagazin.de\/am-stettiner-haff\/ueber-und-durch-die-altwarper-wueste-2\/","og_locale":"de_DE","og_type":"article","og_title":"\u00dcber und durch die Altwarper \"W\u00fcste\" - Naturpark Am Stettiner Haff","og_description":"Erleben Sie aktiv auf einer gef\u00fchrten Wanderung im Juli dienstags von 10:00 bis 13:30 Uhr die offenen Binnend\u00fcnen und erfahren Sie mehr \u00fcber das Naturschutzgebiet und den Naturpark.","og_url":"https:\/\/www.naturparkmagazin.de\/am-stettiner-haff\/ueber-und-durch-die-altwarper-wueste-2\/","og_site_name":"Naturpark Am Stettiner Haff","article_published_time":"2015-06-17T15:34:04+00:00","article_modified_time":"2015-06-24T12:28:27+00:00","og_image":[{"width":200,"height":200,"url":"https:\/\/www.naturparkmagazin.de\/am-stettiner-haff\/wp-content\/uploads\/sites\/29\/Binnend\u00fcne_beitragsbild.jpg","type":"image\/jpeg"}],"author":"beatrixlosem","twitter_misc":{"Verfasst von":"beatrixlosem","Gesch\u00e4tzte Lesezeit":"1\u00a0Minute"},"schema":{"@context":"https:\/\/schema.org","@graph":[{"@type":"WebPage","@id":"https:\/\/www.naturparkmagazin.de\/am-stettiner-haff\/ueber-und-durch-die-altwarper-wueste-2\/","url":"https:\/\/www.naturparkmagazin.de\/am-stettiner-haff\/ueber-und-durch-die-altwarper-wueste-2\/","name":"\u00dcber und durch die Altwarper \"W\u00fcste\" - Naturpark Am Stettiner Haff","isPartOf":{"@id":"https:\/\/www.naturparkmagazin.de\/am-stettiner-haff\/#website"},"datePublished":"2015-06-17T15:34:04+00:00","dateModified":"2015-06-24T12:28:27+00:00","author":{"@id":"https:\/\/www.naturparkmagazin.de\/am-stettiner-haff\/#\/schema\/person\/d71357578c318b6db03be60b1f60396b"},"breadcrumb":{"@id":"https:\/\/www.naturparkmagazin.de\/am-stettiner-haff\/ueber-und-durch-die-altwarper-wueste-2\/#breadcrumb"},"inLanguage":"de","potentialAction":[{"@type":"ReadAction","target":["https:\/\/www.naturparkmagazin.de\/am-stettiner-haff\/ueber-und-durch-die-altwarper-wueste-2\/"]}]},{"@type":"BreadcrumbList","@id":"https:\/\/www.naturparkmagazin.de\/am-stettiner-haff\/ueber-und-durch-die-altwarper-wueste-2\/#breadcrumb","itemListElement":[{"@type":"ListItem","position":1,"name":"Home","item":"https:\/\/www.naturparkmagazin.de\/am-stettiner-haff\/"},{"@type":"ListItem","position":2,"name":"\u00dcber und durch die Altwarper &#8222;W\u00fcste&#8220;"}]},{"@type":"WebSite","@id":"https:\/\/www.naturparkmagazin.de\/am-stettiner-haff\/#website","url":"https:\/\/www.naturparkmagazin.de\/am-stettiner-haff\/","name":"Naturpark Am Stettiner Haff","description":"","potentialAction":[{"@type":"SearchAction","target":{"@type":"EntryPoint","urlTemplate":"https:\/\/www.naturparkmagazin.de\/am-stettiner-haff\/?s={search_term_string}"},"query-input":"required name=search_term_string"}],"inLanguage":"de"},{"@type":"Person","@id":"https:\/\/www.naturparkmagazin.de\/am-stettiner-haff\/#\/schema\/person\/d71357578c318b6db03be60b1f60396b","name":"beatrixlosem","url":"https:\/\/www.naturparkmagazin.de\/am-stettiner-haff\/author\/beatrixlosem\/"}]}},"_links":{"self":[{"href":"https:\/\/www.naturparkmagazin.de\/am-stettiner-haff\/wp-json\/wp\/v2\/posts\/1373"}],"collection":[{"href":"https:\/\/www.naturparkmagazin.de\/am-stettiner-haff\/wp-json\/wp\/v2\/posts"}],"about":[{"href":"https:\/\/www.naturparkmagazin.de\/am-stettiner-haff\/wp-json\/wp\/v2\/types\/post"}],"author":[{"embeddable":true,"href":"https:\/\/www.naturparkmagazin.de\/am-stettiner-haff\/wp-json\/wp\/v2\/users\/51"}],"replies":[{"embeddable":true,"href":"https:\/\/www.naturparkmagazin.de\/am-stettiner-haff\/wp-json\/wp\/v2\/comments?post=1373"}],"version-history":[{"count":6,"href":"https:\/\/www.naturparkmagazin.de\/am-stettiner-haff\/wp-json\/wp\/v2\/posts\/1373\/revisions"}],"predecessor-version":[{"id":1390,"href":"https:\/\/www.naturparkmagazin.de\/am-stettiner-haff\/wp-json\/wp\/v2\/posts\/1373\/revisions\/1390"}],"wp:featuredmedia":[{"embeddable":true,"href":"https:\/\/www.naturparkmagazin.de\/am-stettiner-haff\/wp-json\/wp\/v2\/media\/1375"}],"wp:attachment":[{"href":"https:\/\/www.naturparkmagazin.de\/am-stettiner-haff\/wp-json\/wp\/v2\/media?parent=1373"}],"wp:term":[{"taxonomy":"category","embeddable":true,"href":"https:\/\/www.naturparkmagazin.de\/am-stettiner-haff\/wp-json\/wp\/v2\/categories?post=1373"},{"taxonomy":"post_tag","embeddable":true,"href":"https:\/\/www.naturparkmagazin.de\/am-stettiner-haff\/wp-json\/wp\/v2\/tags?post=1373"}],"curies":[{"name":"wp","href":"https:\/\/api.w.org\/{rel}","templated":true}]}}