{"id":1381,"date":"2015-06-17T18:45:16","date_gmt":"2015-06-17T16:45:16","guid":{"rendered":"http:\/\/www.naturparkmagazin.de\/am-stettiner-haff\/?p=1381"},"modified":"2015-06-25T10:35:18","modified_gmt":"2015-06-25T08:35:18","slug":"naturkundliche-kutschfahrt-im-suedosten-des-naturparks","status":"publish","type":"post","link":"https:\/\/www.naturparkmagazin.de\/am-stettiner-haff\/naturkundliche-kutschfahrt-im-suedosten-des-naturparks\/","title":{"rendered":"Naturkundliche Kutschfahrt im S\u00fcdosten des Naturparks"},"content":{"rendered":"<p>Auf einer beschaulichen Kutschtour geht es im S\u00fcdosten des Naturparks durch die W\u00e4lder der Ueckerm\u00fcnder Heide. Die zertifizierte Natur- und Landschaftsf\u00fchrerin Michaela Schlegel bringt Ihnen die Natur und die Landschaft des Naturparks n\u00e4her.<\/p>\n<p><em><strong>Termine:<\/strong> <\/em>\nMontag, 6. Juli, 13. Juli, 20. Juli und 27.Juli von 9:30 &#8211; 11:30 Uhr\nMittwoch, 1. Juli, 8. Juli, 15. Juli, 22. Juli und 29. Juli von 9:30 &#8211; 11:30 Uhr\nSamstag, 4. Juli, 11. Juli, 18. Juli und 25. Juli von 14:00 &#8211; 16:00 Uhr<\/p>\n<p><strong>Anmeldung<\/strong> unter 0172 3873276 <span style=\"text-decoration: underline\">bis zum Vortag der Veranstaltung 15:00 Uhr<\/span><\/p>\n<p><strong>Kosten:<\/strong> 8,- \u20ac p. P.<\/p>\n<p><strong>Leitung:<\/strong> Michaela Schlegel (zertifizierte Natur- und Landschaftsf\u00fchrerin)<\/p>\n<p><strong>\u00a0Treffpunkt:<\/strong> Hintersee, Hof Zopfenbeck<\/p>\n<p>&nbsp;<\/p>\n","protected":false},"excerpt":{"rendered":"<p>Auf einer beschaulichen Kutschtour geht es im Juli montags, mittwochs und samstags im S\u00fcdosten des Naturparks durch die W\u00e4lder der Ueckerm\u00fcnder Heide. <\/p>\n","protected":false},"author":51,"featured_media":1391,"comment_status":"open","ping_status":"open","sticky":false,"template":"","format":"standard","meta":[],"categories":[11],"tags":[],"yoast_head":"<!-- This site is optimized with the Yoast SEO plugin v19.10 - https:\/\/yoast.com\/wordpress\/plugins\/seo\/ -->\n<title>Naturkundliche Kutschfahrt im S\u00fcdosten des Naturparks - Naturpark Am Stettiner Haff<\/title>\n<meta name=\"robots\" content=\"index, follow, max-snippet:-1, max-image-preview:large, max-video-preview:-1\" \/>\n<link rel=\"canonical\" href=\"https:\/\/www.naturparkmagazin.de\/am-stettiner-haff\/naturkundliche-kutschfahrt-im-suedosten-des-naturparks\/\" \/>\n<meta property=\"og:locale\" content=\"de_DE\" \/>\n<meta property=\"og:type\" content=\"article\" \/>\n<meta property=\"og:title\" content=\"Naturkundliche Kutschfahrt im S\u00fcdosten des Naturparks - Naturpark Am Stettiner Haff\" \/>\n<meta property=\"og:description\" content=\"Auf einer beschaulichen Kutschtour geht es im Juli montags, mittwochs und samstags im S\u00fcdosten des Naturparks durch die W\u00e4lder der Ueckerm\u00fcnder Heide.\" \/>\n<meta property=\"og:url\" content=\"https:\/\/www.naturparkmagazin.de\/am-stettiner-haff\/naturkundliche-kutschfahrt-im-suedosten-des-naturparks\/\" \/>\n<meta property=\"og:site_name\" content=\"Naturpark Am Stettiner Haff\" \/>\n<meta property=\"article:published_time\" content=\"2015-06-17T16:45:16+00:00\" \/>\n<meta property=\"article:modified_time\" content=\"2015-06-25T08:35:18+00:00\" \/>\n<meta property=\"og:image\" content=\"https:\/\/www.naturparkmagazin.de\/am-stettiner-haff\/wp-content\/uploads\/sites\/29\/Kutschfahrt.jpg\" \/>\n\t<meta property=\"og:image:width\" content=\"200\" \/>\n\t<meta property=\"og:image:height\" content=\"200\" \/>\n\t<meta property=\"og:image:type\" content=\"image\/jpeg\" \/>\n<meta name=\"author\" content=\"beatrixlosem\" \/>\n<meta name=\"twitter:label1\" content=\"Verfasst von\" \/>\n\t<meta name=\"twitter:data1\" content=\"beatrixlosem\" \/>\n<script type=\"application\/ld+json\" class=\"yoast-schema-graph\">{\"@context\":\"https:\/\/schema.org\",\"@graph\":[{\"@type\":\"WebPage\",\"@id\":\"https:\/\/www.naturparkmagazin.de\/am-stettiner-haff\/naturkundliche-kutschfahrt-im-suedosten-des-naturparks\/\",\"url\":\"https:\/\/www.naturparkmagazin.de\/am-stettiner-haff\/naturkundliche-kutschfahrt-im-suedosten-des-naturparks\/\",\"name\":\"Naturkundliche Kutschfahrt im S\u00fcdosten des Naturparks - Naturpark Am Stettiner Haff\",\"isPartOf\":{\"@id\":\"https:\/\/www.naturparkmagazin.de\/am-stettiner-haff\/#website\"},\"datePublished\":\"2015-06-17T16:45:16+00:00\",\"dateModified\":\"2015-06-25T08:35:18+00:00\",\"author\":{\"@id\":\"https:\/\/www.naturparkmagazin.de\/am-stettiner-haff\/#\/schema\/person\/d71357578c318b6db03be60b1f60396b\"},\"breadcrumb\":{\"@id\":\"https:\/\/www.naturparkmagazin.de\/am-stettiner-haff\/naturkundliche-kutschfahrt-im-suedosten-des-naturparks\/#breadcrumb\"},\"inLanguage\":\"de\",\"potentialAction\":[{\"@type\":\"ReadAction\",\"target\":[\"https:\/\/www.naturparkmagazin.de\/am-stettiner-haff\/naturkundliche-kutschfahrt-im-suedosten-des-naturparks\/\"]}]},{\"@type\":\"BreadcrumbList\",\"@id\":\"https:\/\/www.naturparkmagazin.de\/am-stettiner-haff\/naturkundliche-kutschfahrt-im-suedosten-des-naturparks\/#breadcrumb\",\"itemListElement\":[{\"@type\":\"ListItem\",\"position\":1,\"name\":\"Home\",\"item\":\"https:\/\/www.naturparkmagazin.de\/am-stettiner-haff\/\"},{\"@type\":\"ListItem\",\"position\":2,\"name\":\"Naturkundliche Kutschfahrt im S\u00fcdosten des Naturparks\"}]},{\"@type\":\"WebSite\",\"@id\":\"https:\/\/www.naturparkmagazin.de\/am-stettiner-haff\/#website\",\"url\":\"https:\/\/www.naturparkmagazin.de\/am-stettiner-haff\/\",\"name\":\"Naturpark Am Stettiner Haff\",\"description\":\"\",\"potentialAction\":[{\"@type\":\"SearchAction\",\"target\":{\"@type\":\"EntryPoint\",\"urlTemplate\":\"https:\/\/www.naturparkmagazin.de\/am-stettiner-haff\/?s={search_term_string}\"},\"query-input\":\"required name=search_term_string\"}],\"inLanguage\":\"de\"},{\"@type\":\"Person\",\"@id\":\"https:\/\/www.naturparkmagazin.de\/am-stettiner-haff\/#\/schema\/person\/d71357578c318b6db03be60b1f60396b\",\"name\":\"beatrixlosem\",\"url\":\"https:\/\/www.naturparkmagazin.de\/am-stettiner-haff\/author\/beatrixlosem\/\"}]}<\/script>\n<!-- \/ Yoast SEO plugin. -->","yoast_head_json":{"title":"Naturkundliche Kutschfahrt im S\u00fcdosten des Naturparks - Naturpark Am Stettiner Haff","robots":{"index":"index","follow":"follow","max-snippet":"max-snippet:-1","max-image-preview":"max-image-preview:large","max-video-preview":"max-video-preview:-1"},"canonical":"https:\/\/www.naturparkmagazin.de\/am-stettiner-haff\/naturkundliche-kutschfahrt-im-suedosten-des-naturparks\/","og_locale":"de_DE","og_type":"article","og_title":"Naturkundliche Kutschfahrt im S\u00fcdosten des Naturparks - Naturpark Am Stettiner Haff","og_description":"Auf einer beschaulichen Kutschtour geht es im Juli montags, mittwochs und samstags im S\u00fcdosten des Naturparks durch die W\u00e4lder der Ueckerm\u00fcnder Heide.","og_url":"https:\/\/www.naturparkmagazin.de\/am-stettiner-haff\/naturkundliche-kutschfahrt-im-suedosten-des-naturparks\/","og_site_name":"Naturpark Am Stettiner Haff","article_published_time":"2015-06-17T16:45:16+00:00","article_modified_time":"2015-06-25T08:35:18+00:00","og_image":[{"width":200,"height":200,"url":"https:\/\/www.naturparkmagazin.de\/am-stettiner-haff\/wp-content\/uploads\/sites\/29\/Kutschfahrt.jpg","type":"image\/jpeg"}],"author":"beatrixlosem","twitter_misc":{"Verfasst von":"beatrixlosem"},"schema":{"@context":"https:\/\/schema.org","@graph":[{"@type":"WebPage","@id":"https:\/\/www.naturparkmagazin.de\/am-stettiner-haff\/naturkundliche-kutschfahrt-im-suedosten-des-naturparks\/","url":"https:\/\/www.naturparkmagazin.de\/am-stettiner-haff\/naturkundliche-kutschfahrt-im-suedosten-des-naturparks\/","name":"Naturkundliche Kutschfahrt im S\u00fcdosten des Naturparks - Naturpark Am Stettiner Haff","isPartOf":{"@id":"https:\/\/www.naturparkmagazin.de\/am-stettiner-haff\/#website"},"datePublished":"2015-06-17T16:45:16+00:00","dateModified":"2015-06-25T08:35:18+00:00","author":{"@id":"https:\/\/www.naturparkmagazin.de\/am-stettiner-haff\/#\/schema\/person\/d71357578c318b6db03be60b1f60396b"},"breadcrumb":{"@id":"https:\/\/www.naturparkmagazin.de\/am-stettiner-haff\/naturkundliche-kutschfahrt-im-suedosten-des-naturparks\/#breadcrumb"},"inLanguage":"de","potentialAction":[{"@type":"ReadAction","target":["https:\/\/www.naturparkmagazin.de\/am-stettiner-haff\/naturkundliche-kutschfahrt-im-suedosten-des-naturparks\/"]}]},{"@type":"BreadcrumbList","@id":"https:\/\/www.naturparkmagazin.de\/am-stettiner-haff\/naturkundliche-kutschfahrt-im-suedosten-des-naturparks\/#breadcrumb","itemListElement":[{"@type":"ListItem","position":1,"name":"Home","item":"https:\/\/www.naturparkmagazin.de\/am-stettiner-haff\/"},{"@type":"ListItem","position":2,"name":"Naturkundliche Kutschfahrt im S\u00fcdosten des Naturparks"}]},{"@type":"WebSite","@id":"https:\/\/www.naturparkmagazin.de\/am-stettiner-haff\/#website","url":"https:\/\/www.naturparkmagazin.de\/am-stettiner-haff\/","name":"Naturpark Am Stettiner Haff","description":"","potentialAction":[{"@type":"SearchAction","target":{"@type":"EntryPoint","urlTemplate":"https:\/\/www.naturparkmagazin.de\/am-stettiner-haff\/?s={search_term_string}"},"query-input":"required name=search_term_string"}],"inLanguage":"de"},{"@type":"Person","@id":"https:\/\/www.naturparkmagazin.de\/am-stettiner-haff\/#\/schema\/person\/d71357578c318b6db03be60b1f60396b","name":"beatrixlosem","url":"https:\/\/www.naturparkmagazin.de\/am-stettiner-haff\/author\/beatrixlosem\/"}]}},"_links":{"self":[{"href":"https:\/\/www.naturparkmagazin.de\/am-stettiner-haff\/wp-json\/wp\/v2\/posts\/1381"}],"collection":[{"href":"https:\/\/www.naturparkmagazin.de\/am-stettiner-haff\/wp-json\/wp\/v2\/posts"}],"about":[{"href":"https:\/\/www.naturparkmagazin.de\/am-stettiner-haff\/wp-json\/wp\/v2\/types\/post"}],"author":[{"embeddable":true,"href":"https:\/\/www.naturparkmagazin.de\/am-stettiner-haff\/wp-json\/wp\/v2\/users\/51"}],"replies":[{"embeddable":true,"href":"https:\/\/www.naturparkmagazin.de\/am-stettiner-haff\/wp-json\/wp\/v2\/comments?post=1381"}],"version-history":[{"count":8,"href":"https:\/\/www.naturparkmagazin.de\/am-stettiner-haff\/wp-json\/wp\/v2\/posts\/1381\/revisions"}],"predecessor-version":[{"id":1393,"href":"https:\/\/www.naturparkmagazin.de\/am-stettiner-haff\/wp-json\/wp\/v2\/posts\/1381\/revisions\/1393"}],"wp:featuredmedia":[{"embeddable":true,"href":"https:\/\/www.naturparkmagazin.de\/am-stettiner-haff\/wp-json\/wp\/v2\/media\/1391"}],"wp:attachment":[{"href":"https:\/\/www.naturparkmagazin.de\/am-stettiner-haff\/wp-json\/wp\/v2\/media?parent=1381"}],"wp:term":[{"taxonomy":"category","embeddable":true,"href":"https:\/\/www.naturparkmagazin.de\/am-stettiner-haff\/wp-json\/wp\/v2\/categories?post=1381"},{"taxonomy":"post_tag","embeddable":true,"href":"https:\/\/www.naturparkmagazin.de\/am-stettiner-haff\/wp-json\/wp\/v2\/tags?post=1381"}],"curies":[{"name":"wp","href":"https:\/\/api.w.org\/{rel}","templated":true}]}}