{"id":1413,"date":"2015-07-21T15:00:02","date_gmt":"2015-07-21T13:00:02","guid":{"rendered":"http:\/\/www.naturparkmagazin.de\/am-stettiner-haff\/?p=1413"},"modified":"2015-07-20T14:33:24","modified_gmt":"2015-07-20T12:33:24","slug":"teufelsjuenger-am-galenbecker-see","status":"publish","type":"post","link":"https:\/\/www.naturparkmagazin.de\/am-stettiner-haff\/teufelsjuenger-am-galenbecker-see\/","title":{"rendered":"&#8222;Teufelsj\u00fcnger&#8220; am Galenbecker See"},"content":{"rendered":"<p>Rund 50 Interessierte folgten am 14. Juli der Einladung der Landeslehrst\u00e4tte f\u00fcr Naturschutz und Nachhaltige Entwicklung M-V nach Heinrichswalde. Die Gemeinde am Galenbecker See bot die besten Voraussetzungen f\u00fcr eine Vortragsveranstaltung zur Blume des Jahres &#8211; dem gew\u00f6hnlichen Teufelsabbiss.<\/p>\n<div id=\"attachment_1422\" style=\"width: 630px\" class=\"wp-caption aligncenter\"><a href=\"https:\/\/www.naturparkmagazin.de\/am-stettiner-haff\/wp-content\/uploads\/sites\/29\/Blaukernauge-auf-Teufelsabbiss.jpg\"><img aria-describedby=\"caption-attachment-1422\" decoding=\"async\" loading=\"lazy\" class=\"size-medium wp-image-1422\" src=\"https:\/\/www.naturparkmagazin.de\/am-stettiner-haff\/wp-content\/uploads\/sites\/29\/Blaukernauge-auf-Teufelsabbiss-620x414.jpg\" alt=\"Blaukernauge auf dem gew\u00f6hnlichen Teufelsabbiss (Foto: U. Steinh\u00e4user)\" width=\"620\" height=\"414\" srcset=\"https:\/\/www.naturparkmagazin.de\/am-stettiner-haff\/wp-content\/uploads\/sites\/29\/Blaukernauge-auf-Teufelsabbiss-620x414.jpg 620w, https:\/\/www.naturparkmagazin.de\/am-stettiner-haff\/wp-content\/uploads\/sites\/29\/Blaukernauge-auf-Teufelsabbiss-300x200.jpg 300w, https:\/\/www.naturparkmagazin.de\/am-stettiner-haff\/wp-content\/uploads\/sites\/29\/Blaukernauge-auf-Teufelsabbiss-200x133.jpg 200w, https:\/\/www.naturparkmagazin.de\/am-stettiner-haff\/wp-content\/uploads\/sites\/29\/Blaukernauge-auf-Teufelsabbiss.jpg 640w\" sizes=\"(max-width: 620px) 100vw, 620px\" \/><\/a><p id=\"caption-attachment-1422\" class=\"wp-caption-text\">Blaukernauge auf dem gew\u00f6hnlichen Teufelsabbiss (Foto: U. Steinh\u00e4user)<\/p><\/div>\n<p>In Kooperation mit der Loki-Schmidt Stiftung und dem gastgebenden Naturpark &#8222;Am Stettiner Haff&#8220; gab es ein reichgef\u00fclltes Vortragsprogramm zur Blume selbst und nat\u00fcrlich zum Exkursionsgebiet &#8211; dem Naturschutzgebiet Galenbecker See, dessen Wasserhaushalt im Rahmen eines EU-Life-Projektes nachhaltig verbessert wurde.\nNach\u00a0f\u00fcnf tollen Beitr\u00e4gen ging es f\u00fcr die Teilnehmer ins Gel\u00e4nde auf die Teufelsbr\u00fccke am Galenbecker See.<\/p>\n<div id=\"attachment_1416\" style=\"width: 630px\" class=\"wp-caption aligncenter\"><a href=\"https:\/\/www.naturparkmagazin.de\/am-stettiner-haff\/wp-content\/uploads\/sites\/29\/klein_Loki-Schmidt1.jpg\"><img aria-describedby=\"caption-attachment-1416\" decoding=\"async\" loading=\"lazy\" class=\"size-medium wp-image-1416\" src=\"https:\/\/www.naturparkmagazin.de\/am-stettiner-haff\/wp-content\/uploads\/sites\/29\/klein_Loki-Schmidt1-620x414.jpg\" alt=\"Zahlreich str\u00f6mten die &quot;Teufelsj\u00fcnger&quot; ins Gel\u00e4nde (Foto: U. Steinh\u00e4user)\" width=\"620\" height=\"414\" srcset=\"https:\/\/www.naturparkmagazin.de\/am-stettiner-haff\/wp-content\/uploads\/sites\/29\/klein_Loki-Schmidt1-620x414.jpg 620w, https:\/\/www.naturparkmagazin.de\/am-stettiner-haff\/wp-content\/uploads\/sites\/29\/klein_Loki-Schmidt1-300x200.jpg 300w, https:\/\/www.naturparkmagazin.de\/am-stettiner-haff\/wp-content\/uploads\/sites\/29\/klein_Loki-Schmidt1-200x133.jpg 200w, https:\/\/www.naturparkmagazin.de\/am-stettiner-haff\/wp-content\/uploads\/sites\/29\/klein_Loki-Schmidt1.jpg 640w\" sizes=\"(max-width: 620px) 100vw, 620px\" \/><\/a><p id=\"caption-attachment-1416\" class=\"wp-caption-text\">Zahlreich str\u00f6mten die &#8222;Teufelsj\u00fcnger&#8220; ins Gel\u00e4nde (Foto: U. Steinh\u00e4user)<\/p><\/div>\n<p>Die Teufelsbr\u00fccke ist eine Feuchtwiese, auf der fl\u00e4chig der gew\u00f6hnliche Teufelsabbiss bewundert werden kann. Aber nicht nur die Flora \u00fcberraschte die Exkursionsteilnehmer. Auch faunistisch ist das Gebiet eine wahre Fundgrube. So konnte das Nest einer Beutelmeise und kurzeitig auch ein Wanderfalke im Flug\u00a0beobachtet werden. Zwei der im Gebiet vorkommenden Adlerarten lie\u00dfen sich ebenfalls blicken. So zogen Fischadler und Seeadler elegant ihre Kreise. Alles in allem wieder eine gelungene Veranstaltung zur Blume des Jahres. Auch im\u00a0n\u00e4chsten Jahr soll es wieder eine \u00e4hnliche Veranstaltung geben &#8211; um welche Blume es dabei diesmal gehen wird, ist derzeit noch das Geheimnis des Kuratoriums &#8211; lassen wir uns \u00fcberraschen.<\/p>\n<div id=\"attachment_1415\" style=\"width: 437px\" class=\"wp-caption aligncenter\"><a href=\"https:\/\/www.naturparkmagazin.de\/am-stettiner-haff\/wp-content\/uploads\/sites\/29\/klein_Axel-Jahn.jpg\"><img aria-describedby=\"caption-attachment-1415\" decoding=\"async\" loading=\"lazy\" class=\"size-full wp-image-1415\" src=\"https:\/\/www.naturparkmagazin.de\/am-stettiner-haff\/wp-content\/uploads\/sites\/29\/klein_Axel-Jahn.jpg\" alt=\"Auch der Gesch\u00e4ftsf\u00fchrer der Loki Schmidt Stiftung z\u00e4hlte u den J\u00fcngern (Foto: U. Steinh\u00e4user)\" width=\"427\" height=\"640\" srcset=\"https:\/\/www.naturparkmagazin.de\/am-stettiner-haff\/wp-content\/uploads\/sites\/29\/klein_Axel-Jahn.jpg 427w, https:\/\/www.naturparkmagazin.de\/am-stettiner-haff\/wp-content\/uploads\/sites\/29\/klein_Axel-Jahn-300x450.jpg 300w, https:\/\/www.naturparkmagazin.de\/am-stettiner-haff\/wp-content\/uploads\/sites\/29\/klein_Axel-Jahn-200x300.jpg 200w\" sizes=\"(max-width: 427px) 100vw, 427px\" \/><\/a><p id=\"caption-attachment-1415\" class=\"wp-caption-text\">Auch der Gesch\u00e4ftsf\u00fchrer der Loki Schmidt Stiftung z\u00e4hlte zu den J\u00fcngern\u00a0\u00a0\u00a0\u00a0\u00a0\u00a0\u00a0\u00a0\u00a0\u00a0\u00a0\u00a0\u00a0\u00a0 (Foto: U. Steinh\u00e4user)<\/p><\/div>\n","protected":false},"excerpt":{"rendered":"<p>Zahlreiche &#8222;Teufelsj\u00fcnger&#8220; zog es am 14. Juli 2015 nach Heinrichswalde, einer Gemeinde am Galenbecker See.  Das Gebiet dort  bot die besten Voraussetzungen f\u00fcr eine Vortragsveranstaltung zur Blume des Jahres &#8211; dem gew\u00f6hnlichen Teufelsabbiss.  <\/p>\n","protected":false},"author":26,"featured_media":1416,"comment_status":"open","ping_status":"open","sticky":false,"template":"","format":"standard","meta":[],"categories":[7],"tags":[],"yoast_head":"<!-- This site is optimized with the Yoast SEO plugin v19.10 - https:\/\/yoast.com\/wordpress\/plugins\/seo\/ -->\n<title>&quot;Teufelsj\u00fcnger&quot; am Galenbecker See - Naturpark Am Stettiner Haff<\/title>\n<meta name=\"robots\" content=\"index, follow, max-snippet:-1, max-image-preview:large, max-video-preview:-1\" \/>\n<link rel=\"canonical\" href=\"https:\/\/www.naturparkmagazin.de\/am-stettiner-haff\/teufelsjuenger-am-galenbecker-see\/\" \/>\n<meta property=\"og:locale\" content=\"de_DE\" \/>\n<meta property=\"og:type\" content=\"article\" \/>\n<meta property=\"og:title\" content=\"&quot;Teufelsj\u00fcnger&quot; am Galenbecker See - Naturpark Am Stettiner Haff\" \/>\n<meta property=\"og:description\" content=\"Zahlreiche &quot;Teufelsj\u00fcnger&quot; zog es am 14. Juli 2015 nach Heinrichswalde, einer Gemeinde am Galenbecker See. Das Gebiet dort bot die besten Voraussetzungen f\u00fcr eine Vortragsveranstaltung zur Blume des Jahres - dem gew\u00f6hnlichen Teufelsabbiss.\" \/>\n<meta property=\"og:url\" content=\"https:\/\/www.naturparkmagazin.de\/am-stettiner-haff\/teufelsjuenger-am-galenbecker-see\/\" \/>\n<meta property=\"og:site_name\" content=\"Naturpark Am Stettiner Haff\" \/>\n<meta property=\"article:published_time\" content=\"2015-07-21T13:00:02+00:00\" \/>\n<meta property=\"article:modified_time\" content=\"2015-07-20T12:33:24+00:00\" \/>\n<meta property=\"og:image\" content=\"https:\/\/www.naturparkmagazin.de\/am-stettiner-haff\/wp-content\/uploads\/sites\/29\/klein_Loki-Schmidt1.jpg\" \/>\n\t<meta property=\"og:image:width\" content=\"640\" \/>\n\t<meta property=\"og:image:height\" content=\"427\" \/>\n\t<meta property=\"og:image:type\" content=\"image\/jpeg\" \/>\n<meta name=\"author\" content=\"Jochen Elberskirch\" \/>\n<meta name=\"twitter:label1\" content=\"Verfasst von\" \/>\n\t<meta name=\"twitter:data1\" content=\"Jochen Elberskirch\" \/>\n\t<meta name=\"twitter:label2\" content=\"Gesch\u00e4tzte Lesezeit\" \/>\n\t<meta name=\"twitter:data2\" content=\"1\u00a0Minute\" \/>\n<script type=\"application\/ld+json\" class=\"yoast-schema-graph\">{\"@context\":\"https:\/\/schema.org\",\"@graph\":[{\"@type\":\"WebPage\",\"@id\":\"https:\/\/www.naturparkmagazin.de\/am-stettiner-haff\/teufelsjuenger-am-galenbecker-see\/\",\"url\":\"https:\/\/www.naturparkmagazin.de\/am-stettiner-haff\/teufelsjuenger-am-galenbecker-see\/\",\"name\":\"\\\"Teufelsj\u00fcnger\\\" am Galenbecker See - Naturpark Am Stettiner Haff\",\"isPartOf\":{\"@id\":\"https:\/\/www.naturparkmagazin.de\/am-stettiner-haff\/#website\"},\"datePublished\":\"2015-07-21T13:00:02+00:00\",\"dateModified\":\"2015-07-20T12:33:24+00:00\",\"author\":{\"@id\":\"https:\/\/www.naturparkmagazin.de\/am-stettiner-haff\/#\/schema\/person\/4a7208080dbbfb024d81129b7960c725\"},\"breadcrumb\":{\"@id\":\"https:\/\/www.naturparkmagazin.de\/am-stettiner-haff\/teufelsjuenger-am-galenbecker-see\/#breadcrumb\"},\"inLanguage\":\"de\",\"potentialAction\":[{\"@type\":\"ReadAction\",\"target\":[\"https:\/\/www.naturparkmagazin.de\/am-stettiner-haff\/teufelsjuenger-am-galenbecker-see\/\"]}]},{\"@type\":\"BreadcrumbList\",\"@id\":\"https:\/\/www.naturparkmagazin.de\/am-stettiner-haff\/teufelsjuenger-am-galenbecker-see\/#breadcrumb\",\"itemListElement\":[{\"@type\":\"ListItem\",\"position\":1,\"name\":\"Home\",\"item\":\"https:\/\/www.naturparkmagazin.de\/am-stettiner-haff\/\"},{\"@type\":\"ListItem\",\"position\":2,\"name\":\"&#8222;Teufelsj\u00fcnger&#8220; am Galenbecker See\"}]},{\"@type\":\"WebSite\",\"@id\":\"https:\/\/www.naturparkmagazin.de\/am-stettiner-haff\/#website\",\"url\":\"https:\/\/www.naturparkmagazin.de\/am-stettiner-haff\/\",\"name\":\"Naturpark Am Stettiner Haff\",\"description\":\"\",\"potentialAction\":[{\"@type\":\"SearchAction\",\"target\":{\"@type\":\"EntryPoint\",\"urlTemplate\":\"https:\/\/www.naturparkmagazin.de\/am-stettiner-haff\/?s={search_term_string}\"},\"query-input\":\"required name=search_term_string\"}],\"inLanguage\":\"de\"},{\"@type\":\"Person\",\"@id\":\"https:\/\/www.naturparkmagazin.de\/am-stettiner-haff\/#\/schema\/person\/4a7208080dbbfb024d81129b7960c725\",\"name\":\"Jochen Elberskirch\",\"sameAs\":[\"http:\/\/www.naturpark-am-stettiner-haff.de\"],\"url\":\"https:\/\/www.naturparkmagazin.de\/am-stettiner-haff\/author\/jochenelberskirch\/\"}]}<\/script>\n<!-- \/ Yoast SEO plugin. -->","yoast_head_json":{"title":"\"Teufelsj\u00fcnger\" am Galenbecker See - Naturpark Am Stettiner Haff","robots":{"index":"index","follow":"follow","max-snippet":"max-snippet:-1","max-image-preview":"max-image-preview:large","max-video-preview":"max-video-preview:-1"},"canonical":"https:\/\/www.naturparkmagazin.de\/am-stettiner-haff\/teufelsjuenger-am-galenbecker-see\/","og_locale":"de_DE","og_type":"article","og_title":"\"Teufelsj\u00fcnger\" am Galenbecker See - Naturpark Am Stettiner Haff","og_description":"Zahlreiche \"Teufelsj\u00fcnger\" zog es am 14. Juli 2015 nach Heinrichswalde, einer Gemeinde am Galenbecker See. Das Gebiet dort bot die besten Voraussetzungen f\u00fcr eine Vortragsveranstaltung zur Blume des Jahres - dem gew\u00f6hnlichen Teufelsabbiss.","og_url":"https:\/\/www.naturparkmagazin.de\/am-stettiner-haff\/teufelsjuenger-am-galenbecker-see\/","og_site_name":"Naturpark Am Stettiner Haff","article_published_time":"2015-07-21T13:00:02+00:00","article_modified_time":"2015-07-20T12:33:24+00:00","og_image":[{"width":640,"height":427,"url":"https:\/\/www.naturparkmagazin.de\/am-stettiner-haff\/wp-content\/uploads\/sites\/29\/klein_Loki-Schmidt1.jpg","type":"image\/jpeg"}],"author":"Jochen Elberskirch","twitter_misc":{"Verfasst von":"Jochen Elberskirch","Gesch\u00e4tzte Lesezeit":"1\u00a0Minute"},"schema":{"@context":"https:\/\/schema.org","@graph":[{"@type":"WebPage","@id":"https:\/\/www.naturparkmagazin.de\/am-stettiner-haff\/teufelsjuenger-am-galenbecker-see\/","url":"https:\/\/www.naturparkmagazin.de\/am-stettiner-haff\/teufelsjuenger-am-galenbecker-see\/","name":"\"Teufelsj\u00fcnger\" am Galenbecker See - Naturpark Am Stettiner Haff","isPartOf":{"@id":"https:\/\/www.naturparkmagazin.de\/am-stettiner-haff\/#website"},"datePublished":"2015-07-21T13:00:02+00:00","dateModified":"2015-07-20T12:33:24+00:00","author":{"@id":"https:\/\/www.naturparkmagazin.de\/am-stettiner-haff\/#\/schema\/person\/4a7208080dbbfb024d81129b7960c725"},"breadcrumb":{"@id":"https:\/\/www.naturparkmagazin.de\/am-stettiner-haff\/teufelsjuenger-am-galenbecker-see\/#breadcrumb"},"inLanguage":"de","potentialAction":[{"@type":"ReadAction","target":["https:\/\/www.naturparkmagazin.de\/am-stettiner-haff\/teufelsjuenger-am-galenbecker-see\/"]}]},{"@type":"BreadcrumbList","@id":"https:\/\/www.naturparkmagazin.de\/am-stettiner-haff\/teufelsjuenger-am-galenbecker-see\/#breadcrumb","itemListElement":[{"@type":"ListItem","position":1,"name":"Home","item":"https:\/\/www.naturparkmagazin.de\/am-stettiner-haff\/"},{"@type":"ListItem","position":2,"name":"&#8222;Teufelsj\u00fcnger&#8220; am Galenbecker See"}]},{"@type":"WebSite","@id":"https:\/\/www.naturparkmagazin.de\/am-stettiner-haff\/#website","url":"https:\/\/www.naturparkmagazin.de\/am-stettiner-haff\/","name":"Naturpark Am Stettiner Haff","description":"","potentialAction":[{"@type":"SearchAction","target":{"@type":"EntryPoint","urlTemplate":"https:\/\/www.naturparkmagazin.de\/am-stettiner-haff\/?s={search_term_string}"},"query-input":"required name=search_term_string"}],"inLanguage":"de"},{"@type":"Person","@id":"https:\/\/www.naturparkmagazin.de\/am-stettiner-haff\/#\/schema\/person\/4a7208080dbbfb024d81129b7960c725","name":"Jochen Elberskirch","sameAs":["http:\/\/www.naturpark-am-stettiner-haff.de"],"url":"https:\/\/www.naturparkmagazin.de\/am-stettiner-haff\/author\/jochenelberskirch\/"}]}},"_links":{"self":[{"href":"https:\/\/www.naturparkmagazin.de\/am-stettiner-haff\/wp-json\/wp\/v2\/posts\/1413"}],"collection":[{"href":"https:\/\/www.naturparkmagazin.de\/am-stettiner-haff\/wp-json\/wp\/v2\/posts"}],"about":[{"href":"https:\/\/www.naturparkmagazin.de\/am-stettiner-haff\/wp-json\/wp\/v2\/types\/post"}],"author":[{"embeddable":true,"href":"https:\/\/www.naturparkmagazin.de\/am-stettiner-haff\/wp-json\/wp\/v2\/users\/26"}],"replies":[{"embeddable":true,"href":"https:\/\/www.naturparkmagazin.de\/am-stettiner-haff\/wp-json\/wp\/v2\/comments?post=1413"}],"version-history":[{"count":6,"href":"https:\/\/www.naturparkmagazin.de\/am-stettiner-haff\/wp-json\/wp\/v2\/posts\/1413\/revisions"}],"predecessor-version":[{"id":1423,"href":"https:\/\/www.naturparkmagazin.de\/am-stettiner-haff\/wp-json\/wp\/v2\/posts\/1413\/revisions\/1423"}],"wp:featuredmedia":[{"embeddable":true,"href":"https:\/\/www.naturparkmagazin.de\/am-stettiner-haff\/wp-json\/wp\/v2\/media\/1416"}],"wp:attachment":[{"href":"https:\/\/www.naturparkmagazin.de\/am-stettiner-haff\/wp-json\/wp\/v2\/media?parent=1413"}],"wp:term":[{"taxonomy":"category","embeddable":true,"href":"https:\/\/www.naturparkmagazin.de\/am-stettiner-haff\/wp-json\/wp\/v2\/categories?post=1413"},{"taxonomy":"post_tag","embeddable":true,"href":"https:\/\/www.naturparkmagazin.de\/am-stettiner-haff\/wp-json\/wp\/v2\/tags?post=1413"}],"curies":[{"name":"wp","href":"https:\/\/api.w.org\/{rel}","templated":true}]}}