{"id":1426,"date":"2015-07-22T14:51:40","date_gmt":"2015-07-22T12:51:40","guid":{"rendered":"http:\/\/www.naturparkmagazin.de\/am-stettiner-haff\/?p=1426"},"modified":"2015-07-28T21:53:04","modified_gmt":"2015-07-28T19:53:04","slug":"zweites-internationales-brueckenbauer-team","status":"publish","type":"post","link":"https:\/\/www.naturparkmagazin.de\/am-stettiner-haff\/zweites-internationales-brueckenbauer-team\/","title":{"rendered":"Zweites internationales Br\u00fcckenbauer-Team"},"content":{"rendered":"<p>Wieder einmal trafen sich Studenten aus\u00a0unterschiedlichsten L\u00e4ndern in unserem Naturpark, um gemeinsam\u00a0f\u00fcr die Natur im\u00a0Naturpark t\u00e4tig zu werden. Auf dem Fennhof Ludwigshof fanden die Teilnehmer\u00a0des Workcamps ihr Zuhause auf Zeit. Eingeladen hatte der Landschaftspflegeverband Region Oderm\u00fcndung e. V.\u00a0in Zusammenarbeit mit dem Naturpark &#8222;Am Stettiner Haff&#8220;. Gerne \u00fcbernahm auch diesmal die Vereinigung junger Freiwilliger e.V. die Bewerbung des Workcamps und vermittelte die Teilnehmer. So trafen acht Nationen zusammen, die\u00a0unter der Anleitung der Naturparkmitarbeiter verschiedene\u00a0Projekte bearbeiteten. So wurde unter anderem die Stegerneuerung am Latzigsee durch die Jugendlichen unterst\u00fctzt. Hauptaugenmerk lag\u00a0in diesem Jahr jedoch auf der Reparatur der landwirtschaftlichen \u00dcberfahrtshilfe auf der nord\u00f6stlichsten Vogelschutzinsel Deutschlands &#8211; dem \u00a0Riether Werder. Ein Widerlager der Br\u00fccke, welche ebenfalls im Rahmen eines Jugendworkcamps errichtet wurde, war erheblich durch die Aktivit\u00e4ten eines Bibers in Mitleidenschaft gezogen worden, daher galt es dieses zu erneuern.<\/p>\n<div id=\"attachment_1433\" style=\"width: 630px\" class=\"wp-caption aligncenter\"><a href=\"https:\/\/www.naturparkmagazin.de\/am-stettiner-haff\/wp-content\/uploads\/sites\/29\/Steinewerben.jpg\"><img aria-describedby=\"caption-attachment-1433\" decoding=\"async\" loading=\"lazy\" class=\"size-medium wp-image-1433\" src=\"https:\/\/www.naturparkmagazin.de\/am-stettiner-haff\/wp-content\/uploads\/sites\/29\/Steinewerben-620x465.jpg\" alt=\"Werben von Feldsteinen als Baumaterial (Foto: Naturparkarchiv)\" width=\"620\" height=\"465\" srcset=\"https:\/\/www.naturparkmagazin.de\/am-stettiner-haff\/wp-content\/uploads\/sites\/29\/Steinewerben-620x465.jpg 620w, https:\/\/www.naturparkmagazin.de\/am-stettiner-haff\/wp-content\/uploads\/sites\/29\/Steinewerben-300x225.jpg 300w, https:\/\/www.naturparkmagazin.de\/am-stettiner-haff\/wp-content\/uploads\/sites\/29\/Steinewerben-580x435.jpg 580w, https:\/\/www.naturparkmagazin.de\/am-stettiner-haff\/wp-content\/uploads\/sites\/29\/Steinewerben-420x315.jpg 420w, https:\/\/www.naturparkmagazin.de\/am-stettiner-haff\/wp-content\/uploads\/sites\/29\/Steinewerben-180x135.jpg 180w, https:\/\/www.naturparkmagazin.de\/am-stettiner-haff\/wp-content\/uploads\/sites\/29\/Steinewerben-95x71.jpg 95w, https:\/\/www.naturparkmagazin.de\/am-stettiner-haff\/wp-content\/uploads\/sites\/29\/Steinewerben-200x150.jpg 200w, https:\/\/www.naturparkmagazin.de\/am-stettiner-haff\/wp-content\/uploads\/sites\/29\/Steinewerben.jpg 640w\" sizes=\"(max-width: 620px) 100vw, 620px\" \/><\/a><p id=\"caption-attachment-1433\" class=\"wp-caption-text\">Werben von Feldsteinen als Baumaterial (Foto: Naturparkarchiv)<\/p><\/div>\n<div id=\"attachment_1432\" style=\"width: 630px\" class=\"wp-caption aligncenter\"><a href=\"https:\/\/www.naturparkmagazin.de\/am-stettiner-haff\/wp-content\/uploads\/sites\/29\/Steinewerben-geschafft_01.jpg\"><img aria-describedby=\"caption-attachment-1432\" decoding=\"async\" loading=\"lazy\" class=\"size-medium wp-image-1432\" src=\"https:\/\/www.naturparkmagazin.de\/am-stettiner-haff\/wp-content\/uploads\/sites\/29\/Steinewerben-geschafft_01-620x463.jpg\" alt=\"Der (Lesestein) - haufen kann sich sehen lassen (Foto: Naturparkarchiv)\" width=\"620\" height=\"463\" srcset=\"https:\/\/www.naturparkmagazin.de\/am-stettiner-haff\/wp-content\/uploads\/sites\/29\/Steinewerben-geschafft_01-620x463.jpg 620w, https:\/\/www.naturparkmagazin.de\/am-stettiner-haff\/wp-content\/uploads\/sites\/29\/Steinewerben-geschafft_01-300x224.jpg 300w, https:\/\/www.naturparkmagazin.de\/am-stettiner-haff\/wp-content\/uploads\/sites\/29\/Steinewerben-geschafft_01-420x315.jpg 420w, https:\/\/www.naturparkmagazin.de\/am-stettiner-haff\/wp-content\/uploads\/sites\/29\/Steinewerben-geschafft_01-180x135.jpg 180w, https:\/\/www.naturparkmagazin.de\/am-stettiner-haff\/wp-content\/uploads\/sites\/29\/Steinewerben-geschafft_01-95x71.jpg 95w, https:\/\/www.naturparkmagazin.de\/am-stettiner-haff\/wp-content\/uploads\/sites\/29\/Steinewerben-geschafft_01-200x149.jpg 200w, https:\/\/www.naturparkmagazin.de\/am-stettiner-haff\/wp-content\/uploads\/sites\/29\/Steinewerben-geschafft_01.jpg 640w\" sizes=\"(max-width: 620px) 100vw, 620px\" \/><\/a><p id=\"caption-attachment-1432\" class=\"wp-caption-text\">Der (Lesestein) &#8211; Haufen kann sich sehen lassen (Foto: Naturparkarchiv)<\/p><\/div>\n<p>Hierzu mussten zun\u00e4chst geeignete Baumaterialien beschafft und zur Insel transportiert werden, bevor diese dann\u00a0eingebaut werden konnten.<\/p>\n<div id=\"attachment_1428\" style=\"width: 630px\" class=\"wp-caption aligncenter\"><a href=\"https:\/\/www.naturparkmagazin.de\/am-stettiner-haff\/wp-content\/uploads\/sites\/29\/Br\u00fcckenbau-Team-02.jpg\"><img aria-describedby=\"caption-attachment-1428\" decoding=\"async\" loading=\"lazy\" class=\"size-medium wp-image-1428\" src=\"https:\/\/www.naturparkmagazin.de\/am-stettiner-haff\/wp-content\/uploads\/sites\/29\/Br\u00fcckenbau-Team-02-620x465.jpg\" alt=\"Reparatur der \u00dcberfahrhilfe (Foto:. Naturparkarchiv)\" width=\"620\" height=\"465\" srcset=\"https:\/\/www.naturparkmagazin.de\/am-stettiner-haff\/wp-content\/uploads\/sites\/29\/Br\u00fcckenbau-Team-02-620x465.jpg 620w, https:\/\/www.naturparkmagazin.de\/am-stettiner-haff\/wp-content\/uploads\/sites\/29\/Br\u00fcckenbau-Team-02-300x225.jpg 300w, https:\/\/www.naturparkmagazin.de\/am-stettiner-haff\/wp-content\/uploads\/sites\/29\/Br\u00fcckenbau-Team-02-580x435.jpg 580w, https:\/\/www.naturparkmagazin.de\/am-stettiner-haff\/wp-content\/uploads\/sites\/29\/Br\u00fcckenbau-Team-02-420x315.jpg 420w, https:\/\/www.naturparkmagazin.de\/am-stettiner-haff\/wp-content\/uploads\/sites\/29\/Br\u00fcckenbau-Team-02-180x135.jpg 180w, https:\/\/www.naturparkmagazin.de\/am-stettiner-haff\/wp-content\/uploads\/sites\/29\/Br\u00fcckenbau-Team-02-95x71.jpg 95w, https:\/\/www.naturparkmagazin.de\/am-stettiner-haff\/wp-content\/uploads\/sites\/29\/Br\u00fcckenbau-Team-02-200x150.jpg 200w, https:\/\/www.naturparkmagazin.de\/am-stettiner-haff\/wp-content\/uploads\/sites\/29\/Br\u00fcckenbau-Team-02.jpg 640w\" sizes=\"(max-width: 620px) 100vw, 620px\" \/><\/a><p id=\"caption-attachment-1428\" class=\"wp-caption-text\">Reparatur der \u00dcberfahrhilfe (Foto: Naturparkarchiv)<\/p><\/div>\n<p>Neben der Arbeit wurde den Jugendlichen durch den Inselbetreuer Frank Joisten nat\u00fcrlich auch die Besonderheit und Sch\u00f6nheit des Eilandes vor Augen gef\u00fchrt.<\/p>\n<div id=\"attachment_1434\" style=\"width: 630px\" class=\"wp-caption aligncenter\"><a href=\"https:\/\/www.naturparkmagazin.de\/am-stettiner-haff\/wp-content\/uploads\/sites\/29\/Helfer-mit-2-Flussseeschwalben_01.jpg\"><img aria-describedby=\"caption-attachment-1434\" decoding=\"async\" loading=\"lazy\" class=\"size-medium wp-image-1434\" src=\"https:\/\/www.naturparkmagazin.de\/am-stettiner-haff\/wp-content\/uploads\/sites\/29\/Helfer-mit-2-Flussseeschwalben_01-620x465.jpg\" alt=\"Teilnehmer des Workamps mit frisch beringten Flussseeschwalben (Foto: Frank Joisten)\" width=\"620\" height=\"465\" srcset=\"https:\/\/www.naturparkmagazin.de\/am-stettiner-haff\/wp-content\/uploads\/sites\/29\/Helfer-mit-2-Flussseeschwalben_01-620x465.jpg 620w, https:\/\/www.naturparkmagazin.de\/am-stettiner-haff\/wp-content\/uploads\/sites\/29\/Helfer-mit-2-Flussseeschwalben_01-300x225.jpg 300w, https:\/\/www.naturparkmagazin.de\/am-stettiner-haff\/wp-content\/uploads\/sites\/29\/Helfer-mit-2-Flussseeschwalben_01-580x435.jpg 580w, https:\/\/www.naturparkmagazin.de\/am-stettiner-haff\/wp-content\/uploads\/sites\/29\/Helfer-mit-2-Flussseeschwalben_01-420x315.jpg 420w, https:\/\/www.naturparkmagazin.de\/am-stettiner-haff\/wp-content\/uploads\/sites\/29\/Helfer-mit-2-Flussseeschwalben_01-180x135.jpg 180w, https:\/\/www.naturparkmagazin.de\/am-stettiner-haff\/wp-content\/uploads\/sites\/29\/Helfer-mit-2-Flussseeschwalben_01-95x71.jpg 95w, https:\/\/www.naturparkmagazin.de\/am-stettiner-haff\/wp-content\/uploads\/sites\/29\/Helfer-mit-2-Flussseeschwalben_01-200x150.jpg 200w, https:\/\/www.naturparkmagazin.de\/am-stettiner-haff\/wp-content\/uploads\/sites\/29\/Helfer-mit-2-Flussseeschwalben_01.jpg 640w\" sizes=\"(max-width: 620px) 100vw, 620px\" \/><\/a><p id=\"caption-attachment-1434\" class=\"wp-caption-text\">Teilnehmer des Workamps mit frisch beringten Flussseeschwalben (Foto: Frank Joisten)<\/p><\/div>\n<p>Alle Aktivit\u00e4ten der erlebnisreichen 14 Tage standen immer unter dem Motto &#8222;Etwas Neues entdecken und Spa\u00df haben&#8220;. Und wie es scheint ist das auch gelungen, genau wie es den Teilnehmern gelungen ist, die \u00dcberfahrtshilfe zu reparieren.<\/p>\n<div id=\"attachment_1429\" style=\"width: 630px\" class=\"wp-caption aligncenter\"><a href=\"https:\/\/www.naturparkmagazin.de\/am-stettiner-haff\/wp-content\/uploads\/sites\/29\/Br\u00fcckenbau-Team-03.jpg\"><img aria-describedby=\"caption-attachment-1429\" decoding=\"async\" loading=\"lazy\" class=\"size-medium wp-image-1429\" src=\"https:\/\/www.naturparkmagazin.de\/am-stettiner-haff\/wp-content\/uploads\/sites\/29\/Br\u00fcckenbau-Team-03-620x465.jpg\" alt=\"\u00dcberfahrhilfe repariert - Auftrag erf\u00fcllt (Foto: Naturparkarchiv)\" width=\"620\" height=\"465\" srcset=\"https:\/\/www.naturparkmagazin.de\/am-stettiner-haff\/wp-content\/uploads\/sites\/29\/Br\u00fcckenbau-Team-03-620x465.jpg 620w, https:\/\/www.naturparkmagazin.de\/am-stettiner-haff\/wp-content\/uploads\/sites\/29\/Br\u00fcckenbau-Team-03-300x225.jpg 300w, https:\/\/www.naturparkmagazin.de\/am-stettiner-haff\/wp-content\/uploads\/sites\/29\/Br\u00fcckenbau-Team-03-580x435.jpg 580w, https:\/\/www.naturparkmagazin.de\/am-stettiner-haff\/wp-content\/uploads\/sites\/29\/Br\u00fcckenbau-Team-03-420x315.jpg 420w, https:\/\/www.naturparkmagazin.de\/am-stettiner-haff\/wp-content\/uploads\/sites\/29\/Br\u00fcckenbau-Team-03-180x135.jpg 180w, https:\/\/www.naturparkmagazin.de\/am-stettiner-haff\/wp-content\/uploads\/sites\/29\/Br\u00fcckenbau-Team-03-95x71.jpg 95w, https:\/\/www.naturparkmagazin.de\/am-stettiner-haff\/wp-content\/uploads\/sites\/29\/Br\u00fcckenbau-Team-03-200x150.jpg 200w, https:\/\/www.naturparkmagazin.de\/am-stettiner-haff\/wp-content\/uploads\/sites\/29\/Br\u00fcckenbau-Team-03.jpg 640w\" sizes=\"(max-width: 620px) 100vw, 620px\" \/><\/a><p id=\"caption-attachment-1429\" class=\"wp-caption-text\">\u00dcberfahrhilfe repariert &#8211; Auftrag erf\u00fcllt (Foto: Naturparkarchiv)<\/p><\/div>\n","protected":false},"excerpt":{"rendered":"<p>Wieder einmal trafen sich Studenten aus unterschiedlichsten L\u00e4ndern in unserem Naturpark, um gemeinsam t\u00e4tig zu werden. In diesem Jahr lag das Hauptaugenmerk auf der Reparatur der landwirtschaftlichen \u00dcberfahrtshilfe auf der nord\u00f6stlichsten Vogelschutzinsel Deutschlands &#8211; dem  Riether Werder. <\/p>\n","protected":false},"author":26,"featured_media":1429,"comment_status":"open","ping_status":"open","sticky":false,"template":"","format":"standard","meta":[],"categories":[7],"tags":[],"yoast_head":"<!-- This site is optimized with the Yoast SEO plugin v19.10 - https:\/\/yoast.com\/wordpress\/plugins\/seo\/ -->\n<title>Zweites internationales Br\u00fcckenbauer-Team - Naturpark Am Stettiner Haff<\/title>\n<meta name=\"robots\" content=\"index, follow, max-snippet:-1, max-image-preview:large, max-video-preview:-1\" \/>\n<link rel=\"canonical\" href=\"https:\/\/www.naturparkmagazin.de\/am-stettiner-haff\/zweites-internationales-brueckenbauer-team\/\" \/>\n<meta property=\"og:locale\" content=\"de_DE\" \/>\n<meta property=\"og:type\" content=\"article\" \/>\n<meta property=\"og:title\" content=\"Zweites internationales Br\u00fcckenbauer-Team - Naturpark Am Stettiner Haff\" \/>\n<meta property=\"og:description\" content=\"Wieder einmal trafen sich Studenten aus unterschiedlichsten L\u00e4ndern in unserem Naturpark, um gemeinsam t\u00e4tig zu werden. In diesem Jahr lag das Hauptaugenmerk auf der Reparatur der landwirtschaftlichen \u00dcberfahrtshilfe auf der nord\u00f6stlichsten Vogelschutzinsel Deutschlands - dem Riether Werder.\" \/>\n<meta property=\"og:url\" content=\"https:\/\/www.naturparkmagazin.de\/am-stettiner-haff\/zweites-internationales-brueckenbauer-team\/\" \/>\n<meta property=\"og:site_name\" content=\"Naturpark Am Stettiner Haff\" \/>\n<meta property=\"article:published_time\" content=\"2015-07-22T12:51:40+00:00\" \/>\n<meta property=\"article:modified_time\" content=\"2015-07-28T19:53:04+00:00\" \/>\n<meta property=\"og:image\" content=\"https:\/\/www.naturparkmagazin.de\/am-stettiner-haff\/wp-content\/uploads\/sites\/29\/Br\u00fcckenbau-Team-03.jpg\" \/>\n\t<meta property=\"og:image:width\" content=\"640\" \/>\n\t<meta property=\"og:image:height\" content=\"480\" \/>\n\t<meta property=\"og:image:type\" content=\"image\/jpeg\" \/>\n<meta name=\"author\" content=\"Jochen Elberskirch\" \/>\n<meta name=\"twitter:label1\" content=\"Verfasst von\" \/>\n\t<meta name=\"twitter:data1\" content=\"Jochen Elberskirch\" \/>\n\t<meta name=\"twitter:label2\" content=\"Gesch\u00e4tzte Lesezeit\" \/>\n\t<meta name=\"twitter:data2\" content=\"2\u00a0Minuten\" \/>\n<script type=\"application\/ld+json\" class=\"yoast-schema-graph\">{\"@context\":\"https:\/\/schema.org\",\"@graph\":[{\"@type\":\"WebPage\",\"@id\":\"https:\/\/www.naturparkmagazin.de\/am-stettiner-haff\/zweites-internationales-brueckenbauer-team\/\",\"url\":\"https:\/\/www.naturparkmagazin.de\/am-stettiner-haff\/zweites-internationales-brueckenbauer-team\/\",\"name\":\"Zweites internationales Br\u00fcckenbauer-Team - Naturpark Am Stettiner Haff\",\"isPartOf\":{\"@id\":\"https:\/\/www.naturparkmagazin.de\/am-stettiner-haff\/#website\"},\"datePublished\":\"2015-07-22T12:51:40+00:00\",\"dateModified\":\"2015-07-28T19:53:04+00:00\",\"author\":{\"@id\":\"https:\/\/www.naturparkmagazin.de\/am-stettiner-haff\/#\/schema\/person\/4a7208080dbbfb024d81129b7960c725\"},\"breadcrumb\":{\"@id\":\"https:\/\/www.naturparkmagazin.de\/am-stettiner-haff\/zweites-internationales-brueckenbauer-team\/#breadcrumb\"},\"inLanguage\":\"de\",\"potentialAction\":[{\"@type\":\"ReadAction\",\"target\":[\"https:\/\/www.naturparkmagazin.de\/am-stettiner-haff\/zweites-internationales-brueckenbauer-team\/\"]}]},{\"@type\":\"BreadcrumbList\",\"@id\":\"https:\/\/www.naturparkmagazin.de\/am-stettiner-haff\/zweites-internationales-brueckenbauer-team\/#breadcrumb\",\"itemListElement\":[{\"@type\":\"ListItem\",\"position\":1,\"name\":\"Home\",\"item\":\"https:\/\/www.naturparkmagazin.de\/am-stettiner-haff\/\"},{\"@type\":\"ListItem\",\"position\":2,\"name\":\"Zweites internationales Br\u00fcckenbauer-Team\"}]},{\"@type\":\"WebSite\",\"@id\":\"https:\/\/www.naturparkmagazin.de\/am-stettiner-haff\/#website\",\"url\":\"https:\/\/www.naturparkmagazin.de\/am-stettiner-haff\/\",\"name\":\"Naturpark Am Stettiner Haff\",\"description\":\"\",\"potentialAction\":[{\"@type\":\"SearchAction\",\"target\":{\"@type\":\"EntryPoint\",\"urlTemplate\":\"https:\/\/www.naturparkmagazin.de\/am-stettiner-haff\/?s={search_term_string}\"},\"query-input\":\"required name=search_term_string\"}],\"inLanguage\":\"de\"},{\"@type\":\"Person\",\"@id\":\"https:\/\/www.naturparkmagazin.de\/am-stettiner-haff\/#\/schema\/person\/4a7208080dbbfb024d81129b7960c725\",\"name\":\"Jochen Elberskirch\",\"sameAs\":[\"http:\/\/www.naturpark-am-stettiner-haff.de\"],\"url\":\"https:\/\/www.naturparkmagazin.de\/am-stettiner-haff\/author\/jochenelberskirch\/\"}]}<\/script>\n<!-- \/ Yoast SEO plugin. -->","yoast_head_json":{"title":"Zweites internationales Br\u00fcckenbauer-Team - Naturpark Am Stettiner Haff","robots":{"index":"index","follow":"follow","max-snippet":"max-snippet:-1","max-image-preview":"max-image-preview:large","max-video-preview":"max-video-preview:-1"},"canonical":"https:\/\/www.naturparkmagazin.de\/am-stettiner-haff\/zweites-internationales-brueckenbauer-team\/","og_locale":"de_DE","og_type":"article","og_title":"Zweites internationales Br\u00fcckenbauer-Team - Naturpark Am Stettiner Haff","og_description":"Wieder einmal trafen sich Studenten aus unterschiedlichsten L\u00e4ndern in unserem Naturpark, um gemeinsam t\u00e4tig zu werden. In diesem Jahr lag das Hauptaugenmerk auf der Reparatur der landwirtschaftlichen \u00dcberfahrtshilfe auf der nord\u00f6stlichsten Vogelschutzinsel Deutschlands - dem Riether Werder.","og_url":"https:\/\/www.naturparkmagazin.de\/am-stettiner-haff\/zweites-internationales-brueckenbauer-team\/","og_site_name":"Naturpark Am Stettiner Haff","article_published_time":"2015-07-22T12:51:40+00:00","article_modified_time":"2015-07-28T19:53:04+00:00","og_image":[{"width":640,"height":480,"url":"https:\/\/www.naturparkmagazin.de\/am-stettiner-haff\/wp-content\/uploads\/sites\/29\/Br\u00fcckenbau-Team-03.jpg","type":"image\/jpeg"}],"author":"Jochen Elberskirch","twitter_misc":{"Verfasst von":"Jochen Elberskirch","Gesch\u00e4tzte Lesezeit":"2\u00a0Minuten"},"schema":{"@context":"https:\/\/schema.org","@graph":[{"@type":"WebPage","@id":"https:\/\/www.naturparkmagazin.de\/am-stettiner-haff\/zweites-internationales-brueckenbauer-team\/","url":"https:\/\/www.naturparkmagazin.de\/am-stettiner-haff\/zweites-internationales-brueckenbauer-team\/","name":"Zweites internationales Br\u00fcckenbauer-Team - Naturpark Am Stettiner Haff","isPartOf":{"@id":"https:\/\/www.naturparkmagazin.de\/am-stettiner-haff\/#website"},"datePublished":"2015-07-22T12:51:40+00:00","dateModified":"2015-07-28T19:53:04+00:00","author":{"@id":"https:\/\/www.naturparkmagazin.de\/am-stettiner-haff\/#\/schema\/person\/4a7208080dbbfb024d81129b7960c725"},"breadcrumb":{"@id":"https:\/\/www.naturparkmagazin.de\/am-stettiner-haff\/zweites-internationales-brueckenbauer-team\/#breadcrumb"},"inLanguage":"de","potentialAction":[{"@type":"ReadAction","target":["https:\/\/www.naturparkmagazin.de\/am-stettiner-haff\/zweites-internationales-brueckenbauer-team\/"]}]},{"@type":"BreadcrumbList","@id":"https:\/\/www.naturparkmagazin.de\/am-stettiner-haff\/zweites-internationales-brueckenbauer-team\/#breadcrumb","itemListElement":[{"@type":"ListItem","position":1,"name":"Home","item":"https:\/\/www.naturparkmagazin.de\/am-stettiner-haff\/"},{"@type":"ListItem","position":2,"name":"Zweites internationales Br\u00fcckenbauer-Team"}]},{"@type":"WebSite","@id":"https:\/\/www.naturparkmagazin.de\/am-stettiner-haff\/#website","url":"https:\/\/www.naturparkmagazin.de\/am-stettiner-haff\/","name":"Naturpark Am Stettiner Haff","description":"","potentialAction":[{"@type":"SearchAction","target":{"@type":"EntryPoint","urlTemplate":"https:\/\/www.naturparkmagazin.de\/am-stettiner-haff\/?s={search_term_string}"},"query-input":"required name=search_term_string"}],"inLanguage":"de"},{"@type":"Person","@id":"https:\/\/www.naturparkmagazin.de\/am-stettiner-haff\/#\/schema\/person\/4a7208080dbbfb024d81129b7960c725","name":"Jochen Elberskirch","sameAs":["http:\/\/www.naturpark-am-stettiner-haff.de"],"url":"https:\/\/www.naturparkmagazin.de\/am-stettiner-haff\/author\/jochenelberskirch\/"}]}},"_links":{"self":[{"href":"https:\/\/www.naturparkmagazin.de\/am-stettiner-haff\/wp-json\/wp\/v2\/posts\/1426"}],"collection":[{"href":"https:\/\/www.naturparkmagazin.de\/am-stettiner-haff\/wp-json\/wp\/v2\/posts"}],"about":[{"href":"https:\/\/www.naturparkmagazin.de\/am-stettiner-haff\/wp-json\/wp\/v2\/types\/post"}],"author":[{"embeddable":true,"href":"https:\/\/www.naturparkmagazin.de\/am-stettiner-haff\/wp-json\/wp\/v2\/users\/26"}],"replies":[{"embeddable":true,"href":"https:\/\/www.naturparkmagazin.de\/am-stettiner-haff\/wp-json\/wp\/v2\/comments?post=1426"}],"version-history":[{"count":16,"href":"https:\/\/www.naturparkmagazin.de\/am-stettiner-haff\/wp-json\/wp\/v2\/posts\/1426\/revisions"}],"predecessor-version":[{"id":1463,"href":"https:\/\/www.naturparkmagazin.de\/am-stettiner-haff\/wp-json\/wp\/v2\/posts\/1426\/revisions\/1463"}],"wp:featuredmedia":[{"embeddable":true,"href":"https:\/\/www.naturparkmagazin.de\/am-stettiner-haff\/wp-json\/wp\/v2\/media\/1429"}],"wp:attachment":[{"href":"https:\/\/www.naturparkmagazin.de\/am-stettiner-haff\/wp-json\/wp\/v2\/media?parent=1426"}],"wp:term":[{"taxonomy":"category","embeddable":true,"href":"https:\/\/www.naturparkmagazin.de\/am-stettiner-haff\/wp-json\/wp\/v2\/categories?post=1426"},{"taxonomy":"post_tag","embeddable":true,"href":"https:\/\/www.naturparkmagazin.de\/am-stettiner-haff\/wp-json\/wp\/v2\/tags?post=1426"}],"curies":[{"name":"wp","href":"https:\/\/api.w.org\/{rel}","templated":true}]}}