{"id":1447,"date":"2015-07-22T15:04:33","date_gmt":"2015-07-22T13:04:33","guid":{"rendered":"http:\/\/www.naturparkmagazin.de\/am-stettiner-haff\/?p=1447"},"modified":"2015-07-23T15:29:01","modified_gmt":"2015-07-23T13:29:01","slug":"mit-dem-kanu-dem-biber-auf-der-spur","status":"publish","type":"post","link":"https:\/\/www.naturparkmagazin.de\/am-stettiner-haff\/mit-dem-kanu-dem-biber-auf-der-spur\/","title":{"rendered":"Mit dem Kanu dem Biber auf der Spur"},"content":{"rendered":"<p>Auch im August besteht f\u00fcr alle Interessierten die M\u00f6glichkeit mit dem Kanu auf Bibertour zu gehen. Jeden Donnerstag um 18:30 Uhr kann man sich in Begleitung des zertifizierten Natur- und Landschaftsf\u00fchrers Detlef Ertelt vom Wasserwanderrastplatz Eggesin auf den Weg zu den Biber-Revieren machen. Die Wasserl\u00e4ufe der Randow und Uecker bieten Ideale Lebensbedingungen f\u00fcr den tierischen Baumeister. Hier findet er die n\u00f6tige Ruhe, um seinen Baut\u00e4tigkeiten nachzugehen. Unterwegs geht es in\u00a0jedem Fall vorbei\u00a0an imposanten Burgen und aktuellen Fra\u00df Pl\u00e4tzne. Mit Ruhe und ein wenig Gl\u00fcck kann man den Biber vielleicht auch selbst in Aktion erleben.<\/p>\n<div id=\"attachment_167\" style=\"width: 500px\" class=\"wp-caption aligncenter\"><a href=\"https:\/\/www.naturparkmagazin.de\/am-stettiner-haff\/wp-content\/uploads\/sites\/29\/Viereck_klein.jpg\"><img aria-describedby=\"caption-attachment-167\" decoding=\"async\" loading=\"lazy\" class=\"size-full wp-image-167\" src=\"https:\/\/www.naturparkmagazin.de\/am-stettiner-haff\/wp-content\/uploads\/sites\/29\/Viereck_klein.jpg\" alt=\"Elbe-Biber an der Uecekr (Archiv: Naturpark)\" width=\"490\" height=\"497\" \/><\/a><p id=\"caption-attachment-167\" class=\"wp-caption-text\">Elbe-Biber an der Uecekr (Archiv: Naturpark)<\/p><\/div>\n<p>Wer Interesse an einer Tour hat, sollte sich vorab (bis mittwochs 15:00 Uhr) telefonisch anmelden unter 039779 &#8211; 60082 oder 0170-1695025. Die\u00a0etwa drei st\u00fcndige Tour kostet 10,00 \u20ac p. P.\u00a0Die Miete f\u00fcr die Kanus ist im Preis enthalten.<\/p>\n<div id=\"attachment_1453\" style=\"width: 630px\" class=\"wp-caption aligncenter\"><a href=\"https:\/\/www.naturparkmagazin.de\/am-stettiner-haff\/wp-content\/uploads\/sites\/29\/Auf-Bibertour-mit-Kanu.jpg\"><img aria-describedby=\"caption-attachment-1453\" decoding=\"async\" loading=\"lazy\" class=\"size-medium wp-image-1453\" src=\"https:\/\/www.naturparkmagazin.de\/am-stettiner-haff\/wp-content\/uploads\/sites\/29\/Auf-Bibertour-mit-Kanu-620x465.jpg\" alt=\"Auf Bibertour mit dem Kanu (Foto: Naturpark-F\u00f6rderverein)\" width=\"620\" height=\"465\" srcset=\"https:\/\/www.naturparkmagazin.de\/am-stettiner-haff\/wp-content\/uploads\/sites\/29\/Auf-Bibertour-mit-Kanu-620x465.jpg 620w, https:\/\/www.naturparkmagazin.de\/am-stettiner-haff\/wp-content\/uploads\/sites\/29\/Auf-Bibertour-mit-Kanu-300x225.jpg 300w, https:\/\/www.naturparkmagazin.de\/am-stettiner-haff\/wp-content\/uploads\/sites\/29\/Auf-Bibertour-mit-Kanu-580x435.jpg 580w, https:\/\/www.naturparkmagazin.de\/am-stettiner-haff\/wp-content\/uploads\/sites\/29\/Auf-Bibertour-mit-Kanu-420x315.jpg 420w, https:\/\/www.naturparkmagazin.de\/am-stettiner-haff\/wp-content\/uploads\/sites\/29\/Auf-Bibertour-mit-Kanu-180x135.jpg 180w, https:\/\/www.naturparkmagazin.de\/am-stettiner-haff\/wp-content\/uploads\/sites\/29\/Auf-Bibertour-mit-Kanu-95x71.jpg 95w, https:\/\/www.naturparkmagazin.de\/am-stettiner-haff\/wp-content\/uploads\/sites\/29\/Auf-Bibertour-mit-Kanu-200x150.jpg 200w, https:\/\/www.naturparkmagazin.de\/am-stettiner-haff\/wp-content\/uploads\/sites\/29\/Auf-Bibertour-mit-Kanu.jpg 640w\" sizes=\"(max-width: 620px) 100vw, 620px\" \/><\/a><p id=\"caption-attachment-1453\" class=\"wp-caption-text\">Auf Bibertour mit dem Kanu (Foto: Naturpark-F\u00f6rderverein)<\/p><\/div>\n","protected":false},"excerpt":{"rendered":"<p>Auch im August besteht f\u00fcr alle Interessierten die M\u00f6glichkeit mit dem Kanu auf Bibertour zu gehen. Jeden Donnerstag kann man sich in Begleitung des zertifizierten Natur- und Landschaftsf\u00fchrers Detlef Ertelt vom Wasserwanderrastplatz Eggesin auf den Weg zu den Biber-Revieren machen. <\/p>\n","protected":false},"author":26,"featured_media":1453,"comment_status":"open","ping_status":"open","sticky":false,"template":"","format":"standard","meta":[],"categories":[11],"tags":[],"yoast_head":"<!-- This site is optimized with the Yoast SEO plugin v19.10 - https:\/\/yoast.com\/wordpress\/plugins\/seo\/ -->\n<title>Mit dem Kanu dem Biber auf der Spur - Naturpark Am Stettiner Haff<\/title>\n<meta name=\"robots\" content=\"index, follow, max-snippet:-1, max-image-preview:large, max-video-preview:-1\" \/>\n<link rel=\"canonical\" href=\"https:\/\/www.naturparkmagazin.de\/am-stettiner-haff\/mit-dem-kanu-dem-biber-auf-der-spur\/\" \/>\n<meta property=\"og:locale\" content=\"de_DE\" \/>\n<meta property=\"og:type\" content=\"article\" \/>\n<meta property=\"og:title\" content=\"Mit dem Kanu dem Biber auf der Spur - Naturpark Am Stettiner Haff\" \/>\n<meta property=\"og:description\" content=\"Auch im August besteht f\u00fcr alle Interessierten die M\u00f6glichkeit mit dem Kanu auf Bibertour zu gehen. Jeden Donnerstag kann man sich in Begleitung des zertifizierten Natur- und Landschaftsf\u00fchrers Detlef Ertelt vom Wasserwanderrastplatz Eggesin auf den Weg zu den Biber-Revieren machen.\" \/>\n<meta property=\"og:url\" content=\"https:\/\/www.naturparkmagazin.de\/am-stettiner-haff\/mit-dem-kanu-dem-biber-auf-der-spur\/\" \/>\n<meta property=\"og:site_name\" content=\"Naturpark Am Stettiner Haff\" \/>\n<meta property=\"article:published_time\" content=\"2015-07-22T13:04:33+00:00\" \/>\n<meta property=\"article:modified_time\" content=\"2015-07-23T13:29:01+00:00\" \/>\n<meta property=\"og:image\" content=\"https:\/\/www.naturparkmagazin.de\/am-stettiner-haff\/wp-content\/uploads\/sites\/29\/Auf-Bibertour-mit-Kanu.jpg\" \/>\n\t<meta property=\"og:image:width\" content=\"640\" \/>\n\t<meta property=\"og:image:height\" content=\"480\" \/>\n\t<meta property=\"og:image:type\" content=\"image\/jpeg\" \/>\n<meta name=\"author\" content=\"Jochen Elberskirch\" \/>\n<meta name=\"twitter:label1\" content=\"Verfasst von\" \/>\n\t<meta name=\"twitter:data1\" content=\"Jochen Elberskirch\" \/>\n\t<meta name=\"twitter:label2\" content=\"Gesch\u00e4tzte Lesezeit\" \/>\n\t<meta name=\"twitter:data2\" content=\"1\u00a0Minute\" \/>\n<script type=\"application\/ld+json\" class=\"yoast-schema-graph\">{\"@context\":\"https:\/\/schema.org\",\"@graph\":[{\"@type\":\"WebPage\",\"@id\":\"https:\/\/www.naturparkmagazin.de\/am-stettiner-haff\/mit-dem-kanu-dem-biber-auf-der-spur\/\",\"url\":\"https:\/\/www.naturparkmagazin.de\/am-stettiner-haff\/mit-dem-kanu-dem-biber-auf-der-spur\/\",\"name\":\"Mit dem Kanu dem Biber auf der Spur - Naturpark Am Stettiner Haff\",\"isPartOf\":{\"@id\":\"https:\/\/www.naturparkmagazin.de\/am-stettiner-haff\/#website\"},\"datePublished\":\"2015-07-22T13:04:33+00:00\",\"dateModified\":\"2015-07-23T13:29:01+00:00\",\"author\":{\"@id\":\"https:\/\/www.naturparkmagazin.de\/am-stettiner-haff\/#\/schema\/person\/4a7208080dbbfb024d81129b7960c725\"},\"breadcrumb\":{\"@id\":\"https:\/\/www.naturparkmagazin.de\/am-stettiner-haff\/mit-dem-kanu-dem-biber-auf-der-spur\/#breadcrumb\"},\"inLanguage\":\"de\",\"potentialAction\":[{\"@type\":\"ReadAction\",\"target\":[\"https:\/\/www.naturparkmagazin.de\/am-stettiner-haff\/mit-dem-kanu-dem-biber-auf-der-spur\/\"]}]},{\"@type\":\"BreadcrumbList\",\"@id\":\"https:\/\/www.naturparkmagazin.de\/am-stettiner-haff\/mit-dem-kanu-dem-biber-auf-der-spur\/#breadcrumb\",\"itemListElement\":[{\"@type\":\"ListItem\",\"position\":1,\"name\":\"Home\",\"item\":\"https:\/\/www.naturparkmagazin.de\/am-stettiner-haff\/\"},{\"@type\":\"ListItem\",\"position\":2,\"name\":\"Mit dem Kanu dem Biber auf der Spur\"}]},{\"@type\":\"WebSite\",\"@id\":\"https:\/\/www.naturparkmagazin.de\/am-stettiner-haff\/#website\",\"url\":\"https:\/\/www.naturparkmagazin.de\/am-stettiner-haff\/\",\"name\":\"Naturpark Am Stettiner Haff\",\"description\":\"\",\"potentialAction\":[{\"@type\":\"SearchAction\",\"target\":{\"@type\":\"EntryPoint\",\"urlTemplate\":\"https:\/\/www.naturparkmagazin.de\/am-stettiner-haff\/?s={search_term_string}\"},\"query-input\":\"required name=search_term_string\"}],\"inLanguage\":\"de\"},{\"@type\":\"Person\",\"@id\":\"https:\/\/www.naturparkmagazin.de\/am-stettiner-haff\/#\/schema\/person\/4a7208080dbbfb024d81129b7960c725\",\"name\":\"Jochen Elberskirch\",\"sameAs\":[\"http:\/\/www.naturpark-am-stettiner-haff.de\"],\"url\":\"https:\/\/www.naturparkmagazin.de\/am-stettiner-haff\/author\/jochenelberskirch\/\"}]}<\/script>\n<!-- \/ Yoast SEO plugin. -->","yoast_head_json":{"title":"Mit dem Kanu dem Biber auf der Spur - Naturpark Am Stettiner Haff","robots":{"index":"index","follow":"follow","max-snippet":"max-snippet:-1","max-image-preview":"max-image-preview:large","max-video-preview":"max-video-preview:-1"},"canonical":"https:\/\/www.naturparkmagazin.de\/am-stettiner-haff\/mit-dem-kanu-dem-biber-auf-der-spur\/","og_locale":"de_DE","og_type":"article","og_title":"Mit dem Kanu dem Biber auf der Spur - Naturpark Am Stettiner Haff","og_description":"Auch im August besteht f\u00fcr alle Interessierten die M\u00f6glichkeit mit dem Kanu auf Bibertour zu gehen. Jeden Donnerstag kann man sich in Begleitung des zertifizierten Natur- und Landschaftsf\u00fchrers Detlef Ertelt vom Wasserwanderrastplatz Eggesin auf den Weg zu den Biber-Revieren machen.","og_url":"https:\/\/www.naturparkmagazin.de\/am-stettiner-haff\/mit-dem-kanu-dem-biber-auf-der-spur\/","og_site_name":"Naturpark Am Stettiner Haff","article_published_time":"2015-07-22T13:04:33+00:00","article_modified_time":"2015-07-23T13:29:01+00:00","og_image":[{"width":640,"height":480,"url":"https:\/\/www.naturparkmagazin.de\/am-stettiner-haff\/wp-content\/uploads\/sites\/29\/Auf-Bibertour-mit-Kanu.jpg","type":"image\/jpeg"}],"author":"Jochen Elberskirch","twitter_misc":{"Verfasst von":"Jochen Elberskirch","Gesch\u00e4tzte Lesezeit":"1\u00a0Minute"},"schema":{"@context":"https:\/\/schema.org","@graph":[{"@type":"WebPage","@id":"https:\/\/www.naturparkmagazin.de\/am-stettiner-haff\/mit-dem-kanu-dem-biber-auf-der-spur\/","url":"https:\/\/www.naturparkmagazin.de\/am-stettiner-haff\/mit-dem-kanu-dem-biber-auf-der-spur\/","name":"Mit dem Kanu dem Biber auf der Spur - Naturpark Am Stettiner Haff","isPartOf":{"@id":"https:\/\/www.naturparkmagazin.de\/am-stettiner-haff\/#website"},"datePublished":"2015-07-22T13:04:33+00:00","dateModified":"2015-07-23T13:29:01+00:00","author":{"@id":"https:\/\/www.naturparkmagazin.de\/am-stettiner-haff\/#\/schema\/person\/4a7208080dbbfb024d81129b7960c725"},"breadcrumb":{"@id":"https:\/\/www.naturparkmagazin.de\/am-stettiner-haff\/mit-dem-kanu-dem-biber-auf-der-spur\/#breadcrumb"},"inLanguage":"de","potentialAction":[{"@type":"ReadAction","target":["https:\/\/www.naturparkmagazin.de\/am-stettiner-haff\/mit-dem-kanu-dem-biber-auf-der-spur\/"]}]},{"@type":"BreadcrumbList","@id":"https:\/\/www.naturparkmagazin.de\/am-stettiner-haff\/mit-dem-kanu-dem-biber-auf-der-spur\/#breadcrumb","itemListElement":[{"@type":"ListItem","position":1,"name":"Home","item":"https:\/\/www.naturparkmagazin.de\/am-stettiner-haff\/"},{"@type":"ListItem","position":2,"name":"Mit dem Kanu dem Biber auf der Spur"}]},{"@type":"WebSite","@id":"https:\/\/www.naturparkmagazin.de\/am-stettiner-haff\/#website","url":"https:\/\/www.naturparkmagazin.de\/am-stettiner-haff\/","name":"Naturpark Am Stettiner Haff","description":"","potentialAction":[{"@type":"SearchAction","target":{"@type":"EntryPoint","urlTemplate":"https:\/\/www.naturparkmagazin.de\/am-stettiner-haff\/?s={search_term_string}"},"query-input":"required name=search_term_string"}],"inLanguage":"de"},{"@type":"Person","@id":"https:\/\/www.naturparkmagazin.de\/am-stettiner-haff\/#\/schema\/person\/4a7208080dbbfb024d81129b7960c725","name":"Jochen Elberskirch","sameAs":["http:\/\/www.naturpark-am-stettiner-haff.de"],"url":"https:\/\/www.naturparkmagazin.de\/am-stettiner-haff\/author\/jochenelberskirch\/"}]}},"_links":{"self":[{"href":"https:\/\/www.naturparkmagazin.de\/am-stettiner-haff\/wp-json\/wp\/v2\/posts\/1447"}],"collection":[{"href":"https:\/\/www.naturparkmagazin.de\/am-stettiner-haff\/wp-json\/wp\/v2\/posts"}],"about":[{"href":"https:\/\/www.naturparkmagazin.de\/am-stettiner-haff\/wp-json\/wp\/v2\/types\/post"}],"author":[{"embeddable":true,"href":"https:\/\/www.naturparkmagazin.de\/am-stettiner-haff\/wp-json\/wp\/v2\/users\/26"}],"replies":[{"embeddable":true,"href":"https:\/\/www.naturparkmagazin.de\/am-stettiner-haff\/wp-json\/wp\/v2\/comments?post=1447"}],"version-history":[{"count":4,"href":"https:\/\/www.naturparkmagazin.de\/am-stettiner-haff\/wp-json\/wp\/v2\/posts\/1447\/revisions"}],"predecessor-version":[{"id":1454,"href":"https:\/\/www.naturparkmagazin.de\/am-stettiner-haff\/wp-json\/wp\/v2\/posts\/1447\/revisions\/1454"}],"wp:featuredmedia":[{"embeddable":true,"href":"https:\/\/www.naturparkmagazin.de\/am-stettiner-haff\/wp-json\/wp\/v2\/media\/1453"}],"wp:attachment":[{"href":"https:\/\/www.naturparkmagazin.de\/am-stettiner-haff\/wp-json\/wp\/v2\/media?parent=1447"}],"wp:term":[{"taxonomy":"category","embeddable":true,"href":"https:\/\/www.naturparkmagazin.de\/am-stettiner-haff\/wp-json\/wp\/v2\/categories?post=1447"},{"taxonomy":"post_tag","embeddable":true,"href":"https:\/\/www.naturparkmagazin.de\/am-stettiner-haff\/wp-json\/wp\/v2\/tags?post=1447"}],"curies":[{"name":"wp","href":"https:\/\/api.w.org\/{rel}","templated":true}]}}