{"id":1465,"date":"2015-08-19T13:10:57","date_gmt":"2015-08-19T11:10:57","guid":{"rendered":"http:\/\/www.naturparkmagazin.de\/am-stettiner-haff\/?p=1465"},"modified":"2015-08-26T14:07:41","modified_gmt":"2015-08-26T12:07:41","slug":"hilfe-fuer-einen-ungluecks-adler","status":"publish","type":"post","link":"https:\/\/www.naturparkmagazin.de\/am-stettiner-haff\/hilfe-fuer-einen-ungluecks-adler\/","title":{"rendered":"Hilfe f\u00fcr einen Ungl\u00fccks-Adler"},"content":{"rendered":"<p>W\u00e4hrend eines Vororttermins mit der unteren Naturschutzbeh\u00f6rde erhielt Naturw\u00e4chter Klaus-Dieter Schuldt die Information, dass im Bereich des Martensches Bruchs ein flugunf\u00e4higer Seeadler gesehen wurde. Als Adlerspezialist war f\u00fcr ihn sofort klar, dass er nach dem Tier suchen muss. Gemeinsam mit Milena Kafka, einer Kollegin der unteren Naturschutzbeh\u00f6rde, machte er sich auf die Suche. Zun\u00e4chst fehlte vom Adler jede Spur. Durch Hinweise der derzeit im Martensches Bruch t\u00e4tigen Bauleute konnte der Adler vom Dach eines Lkw schlie\u00dflich doch gefunden und eingefangen\u00a0werden. Der entkr\u00e4ftete junge Seeadler wurde zum Aufp\u00e4ppeln zum Storchenhof nach Pappendorf gebracht werden. Jens Kr\u00fcger, Chef des Storchenpflegehofes\u00a0nahm sich des\u00a0&#8222;Ungl\u00fccks-Adlers&#8220; an und gab ihm eins seiner speziell f\u00fcr solche Zwecke\u00a0vorgesehenen &#8222;Einzelzimmer&#8220;.<\/p>\n<div id=\"attachment_1467\" style=\"width: 630px\" class=\"wp-caption aligncenter\"><a href=\"https:\/\/www.naturparkmagazin.de\/am-stettiner-haff\/wp-content\/uploads\/sites\/29\/Bild-2386.jpg\"><img aria-describedby=\"caption-attachment-1467\" decoding=\"async\" loading=\"lazy\" class=\"size-medium wp-image-1467\" src=\"https:\/\/www.naturparkmagazin.de\/am-stettiner-haff\/wp-content\/uploads\/sites\/29\/Bild-2386-620x465.jpg\" alt=\"Der junge Adler in seinem Quartier (Foto: J. Kr\u00fcger)\" width=\"620\" height=\"465\" srcset=\"https:\/\/www.naturparkmagazin.de\/am-stettiner-haff\/wp-content\/uploads\/sites\/29\/Bild-2386-620x465.jpg 620w, https:\/\/www.naturparkmagazin.de\/am-stettiner-haff\/wp-content\/uploads\/sites\/29\/Bild-2386-300x225.jpg 300w, https:\/\/www.naturparkmagazin.de\/am-stettiner-haff\/wp-content\/uploads\/sites\/29\/Bild-2386-580x435.jpg 580w, https:\/\/www.naturparkmagazin.de\/am-stettiner-haff\/wp-content\/uploads\/sites\/29\/Bild-2386-420x315.jpg 420w, https:\/\/www.naturparkmagazin.de\/am-stettiner-haff\/wp-content\/uploads\/sites\/29\/Bild-2386-180x135.jpg 180w, https:\/\/www.naturparkmagazin.de\/am-stettiner-haff\/wp-content\/uploads\/sites\/29\/Bild-2386-95x71.jpg 95w, https:\/\/www.naturparkmagazin.de\/am-stettiner-haff\/wp-content\/uploads\/sites\/29\/Bild-2386-200x150.jpg 200w, https:\/\/www.naturparkmagazin.de\/am-stettiner-haff\/wp-content\/uploads\/sites\/29\/Bild-2386.jpg 640w\" sizes=\"(max-width: 620px) 100vw, 620px\" \/><\/a><p id=\"caption-attachment-1467\" class=\"wp-caption-text\">Der junge Adler in seinem Quartier (Foto: J. Kr\u00fcger)<\/p><\/div>\n<p>&nbsp;<\/p>\n<p>Nach dem der Adler sein Quartier bezogen hatte, offenbarte sich den Beteiligten der Grund f\u00fcr die Flugunf\u00e4higkeit des Greifs. Aus seiner Brust ragte ein Stock, den sich der Jungvogel vermutlich bei einem missgl\u00fcckten Landeman\u00f6ver am Horst zugezogen hatte.<\/p>\n<div id=\"attachment_1468\" style=\"width: 630px\" class=\"wp-caption aligncenter\"><a href=\"https:\/\/www.naturparkmagazin.de\/am-stettiner-haff\/wp-content\/uploads\/sites\/29\/Foto-1.jpg\"><img aria-describedby=\"caption-attachment-1468\" decoding=\"async\" loading=\"lazy\" class=\"size-medium wp-image-1468\" src=\"https:\/\/www.naturparkmagazin.de\/am-stettiner-haff\/wp-content\/uploads\/sites\/29\/Foto-1-620x463.jpg\" alt=\"Hier ist der Grund f\u00fcr die Flugunf\u00e4higkeit zu erkennen (Foto: J. Kr\u00fcger)  \" width=\"620\" height=\"463\" srcset=\"https:\/\/www.naturparkmagazin.de\/am-stettiner-haff\/wp-content\/uploads\/sites\/29\/Foto-1-620x463.jpg 620w, https:\/\/www.naturparkmagazin.de\/am-stettiner-haff\/wp-content\/uploads\/sites\/29\/Foto-1-300x224.jpg 300w, https:\/\/www.naturparkmagazin.de\/am-stettiner-haff\/wp-content\/uploads\/sites\/29\/Foto-1-420x315.jpg 420w, https:\/\/www.naturparkmagazin.de\/am-stettiner-haff\/wp-content\/uploads\/sites\/29\/Foto-1-180x135.jpg 180w, https:\/\/www.naturparkmagazin.de\/am-stettiner-haff\/wp-content\/uploads\/sites\/29\/Foto-1-95x71.jpg 95w, https:\/\/www.naturparkmagazin.de\/am-stettiner-haff\/wp-content\/uploads\/sites\/29\/Foto-1-670x501.jpg 670w, https:\/\/www.naturparkmagazin.de\/am-stettiner-haff\/wp-content\/uploads\/sites\/29\/Foto-1-200x150.jpg 200w, https:\/\/www.naturparkmagazin.de\/am-stettiner-haff\/wp-content\/uploads\/sites\/29\/Foto-1.jpg 800w\" sizes=\"(max-width: 620px) 100vw, 620px\" \/><\/a><p id=\"caption-attachment-1468\" class=\"wp-caption-text\">Hier ist der Grund f\u00fcr die Flugunf\u00e4higkeit zu erkennen (Foto: J. Kr\u00fcger)<\/p><\/div>\n<p>Nun war veterin\u00e4rmedizinische Hilfe von N\u00f6ten. Diese erhielt der Adler in Torgelow von Tier\u00e4rztin Denise Kutsch, die den Stock\u00a0entfernte und die\u00a0Wunde entsprechend versorgte.<\/p>\n<div id=\"attachment_1469\" style=\"width: 630px\" class=\"wp-caption aligncenter\"><a href=\"https:\/\/www.naturparkmagazin.de\/am-stettiner-haff\/wp-content\/uploads\/sites\/29\/IMG_4140.jpg\"><img aria-describedby=\"caption-attachment-1469\" decoding=\"async\" loading=\"lazy\" class=\"size-medium wp-image-1469\" src=\"https:\/\/www.naturparkmagazin.de\/am-stettiner-haff\/wp-content\/uploads\/sites\/29\/IMG_4140-620x349.jpg\" alt=\"Tier\u00e4rztin Kutsch bei der Versorgung des Patienten (Foto: J. Kr\u00fcger)\" width=\"620\" height=\"349\" srcset=\"https:\/\/www.naturparkmagazin.de\/am-stettiner-haff\/wp-content\/uploads\/sites\/29\/IMG_4140-620x349.jpg 620w, https:\/\/www.naturparkmagazin.de\/am-stettiner-haff\/wp-content\/uploads\/sites\/29\/IMG_4140-300x169.jpg 300w, https:\/\/www.naturparkmagazin.de\/am-stettiner-haff\/wp-content\/uploads\/sites\/29\/IMG_4140-200x113.jpg 200w, https:\/\/www.naturparkmagazin.de\/am-stettiner-haff\/wp-content\/uploads\/sites\/29\/IMG_4140.jpg 640w\" sizes=\"(max-width: 620px) 100vw, 620px\" \/><\/a><p id=\"caption-attachment-1469\" class=\"wp-caption-text\">Tier\u00e4rztin Kutsch bei der Versorgung des Patienten (Foto: Naturpark)<\/p><\/div>\n<div id=\"attachment_1470\" style=\"width: 630px\" class=\"wp-caption aligncenter\"><a href=\"https:\/\/www.naturparkmagazin.de\/am-stettiner-haff\/wp-content\/uploads\/sites\/29\/IMG_4143.jpg\"><img aria-describedby=\"caption-attachment-1470\" decoding=\"async\" loading=\"lazy\" class=\"size-medium wp-image-1470\" src=\"https:\/\/www.naturparkmagazin.de\/am-stettiner-haff\/wp-content\/uploads\/sites\/29\/IMG_4143-620x349.jpg\" alt=\"Ursache des Leidens des Adlers (Foto: Naturpark)\" width=\"620\" height=\"349\" srcset=\"https:\/\/www.naturparkmagazin.de\/am-stettiner-haff\/wp-content\/uploads\/sites\/29\/IMG_4143-620x349.jpg 620w, https:\/\/www.naturparkmagazin.de\/am-stettiner-haff\/wp-content\/uploads\/sites\/29\/IMG_4143-300x169.jpg 300w, https:\/\/www.naturparkmagazin.de\/am-stettiner-haff\/wp-content\/uploads\/sites\/29\/IMG_4143-200x113.jpg 200w, https:\/\/www.naturparkmagazin.de\/am-stettiner-haff\/wp-content\/uploads\/sites\/29\/IMG_4143.jpg 640w\" sizes=\"(max-width: 620px) 100vw, 620px\" \/><\/a><p id=\"caption-attachment-1470\" class=\"wp-caption-text\">Ursache des Leidens des Adlers (Foto: Naturpark)<\/p><\/div>\n<p>Zum Gl\u00fcck hatte der Adler keine ernsthaften Verletzungen davon getragen, so dass er zur weiteren Genesung in den Storchenhof entlassen werden konnte. Dort wurde er vom Chef des Storchenpflegehofes f\u00fcrsorglich umsorgt und gepflegt, so dass er bereits nach gut\u00a0zwei Wochen wieder in die Wildnis entlassen werden konnte. Ein gro\u00dfes Dankesch\u00f6n an alle Beteiligten!<\/p>\n<div id=\"attachment_1472\" style=\"width: 630px\" class=\"wp-caption aligncenter\"><a href=\"https:\/\/www.naturparkmagazin.de\/am-stettiner-haff\/wp-content\/uploads\/sites\/29\/kDSC02575.jpg\"><img aria-describedby=\"caption-attachment-1472\" decoding=\"async\" loading=\"lazy\" class=\"size-medium wp-image-1472\" src=\"https:\/\/www.naturparkmagazin.de\/am-stettiner-haff\/wp-content\/uploads\/sites\/29\/kDSC02575-620x465.jpg\" alt=\"Der Patient mit seinem Pfleger (Foto: J. Kr\u00fcger)\" width=\"620\" height=\"465\" srcset=\"https:\/\/www.naturparkmagazin.de\/am-stettiner-haff\/wp-content\/uploads\/sites\/29\/kDSC02575-620x465.jpg 620w, https:\/\/www.naturparkmagazin.de\/am-stettiner-haff\/wp-content\/uploads\/sites\/29\/kDSC02575-300x225.jpg 300w, https:\/\/www.naturparkmagazin.de\/am-stettiner-haff\/wp-content\/uploads\/sites\/29\/kDSC02575-580x435.jpg 580w, https:\/\/www.naturparkmagazin.de\/am-stettiner-haff\/wp-content\/uploads\/sites\/29\/kDSC02575-420x315.jpg 420w, https:\/\/www.naturparkmagazin.de\/am-stettiner-haff\/wp-content\/uploads\/sites\/29\/kDSC02575-180x135.jpg 180w, https:\/\/www.naturparkmagazin.de\/am-stettiner-haff\/wp-content\/uploads\/sites\/29\/kDSC02575-95x71.jpg 95w, https:\/\/www.naturparkmagazin.de\/am-stettiner-haff\/wp-content\/uploads\/sites\/29\/kDSC02575-200x150.jpg 200w, https:\/\/www.naturparkmagazin.de\/am-stettiner-haff\/wp-content\/uploads\/sites\/29\/kDSC02575.jpg 640w\" sizes=\"(max-width: 620px) 100vw, 620px\" \/><\/a><p id=\"caption-attachment-1472\" class=\"wp-caption-text\">Der Patient mit seinem Pfleger (Foto: J. Kr\u00fcger)<\/p><\/div>\n<div id=\"attachment_1471\" style=\"width: 630px\" class=\"wp-caption aligncenter\"><a href=\"https:\/\/www.naturparkmagazin.de\/am-stettiner-haff\/wp-content\/uploads\/sites\/29\/IMG_4230.jpg\"><img aria-describedby=\"caption-attachment-1471\" decoding=\"async\" loading=\"lazy\" class=\"size-medium wp-image-1471\" src=\"https:\/\/www.naturparkmagazin.de\/am-stettiner-haff\/wp-content\/uploads\/sites\/29\/IMG_4230-620x348.jpg\" alt=\"Danke und Tsch\u00fcss (Foto: J. Kr\u00fcger)\" width=\"620\" height=\"348\" srcset=\"https:\/\/www.naturparkmagazin.de\/am-stettiner-haff\/wp-content\/uploads\/sites\/29\/IMG_4230-620x348.jpg 620w, https:\/\/www.naturparkmagazin.de\/am-stettiner-haff\/wp-content\/uploads\/sites\/29\/IMG_4230-300x168.jpg 300w, https:\/\/www.naturparkmagazin.de\/am-stettiner-haff\/wp-content\/uploads\/sites\/29\/IMG_4230-940x528.jpg 940w, https:\/\/www.naturparkmagazin.de\/am-stettiner-haff\/wp-content\/uploads\/sites\/29\/IMG_4230-670x376.jpg 670w, https:\/\/www.naturparkmagazin.de\/am-stettiner-haff\/wp-content\/uploads\/sites\/29\/IMG_4230-200x112.jpg 200w, https:\/\/www.naturparkmagazin.de\/am-stettiner-haff\/wp-content\/uploads\/sites\/29\/IMG_4230.jpg 1024w\" sizes=\"(max-width: 620px) 100vw, 620px\" \/><\/a><p id=\"caption-attachment-1471\" class=\"wp-caption-text\">Danke und Tsch\u00fcss (Foto: J. Kr\u00fcger)<\/p><\/div>\n<p>&nbsp;<\/p>\n","protected":false},"excerpt":{"rendered":"<p>W\u00e4hrend eines Vororttermins mit der unteren Naturschutzbeh\u00f6rde erhielt Naturw\u00e4chter Klaus-Dieter Schuldt die Information, dass im Bereich des Martensches Bruchs ein flugunf\u00e4higer Seeadler gesehen wurde. Als Adlerspezialist war f\u00fcr ihn sofort klar, dass er nach dem Tier suchen muss.<\/p>\n","protected":false},"author":26,"featured_media":1468,"comment_status":"open","ping_status":"open","sticky":false,"template":"","format":"standard","meta":[],"categories":[7],"tags":[],"yoast_head":"<!-- This site is optimized with the Yoast SEO plugin v19.10 - https:\/\/yoast.com\/wordpress\/plugins\/seo\/ -->\n<title>Hilfe f\u00fcr einen Ungl\u00fccks-Adler - Naturpark Am Stettiner Haff<\/title>\n<meta name=\"robots\" content=\"index, follow, max-snippet:-1, max-image-preview:large, max-video-preview:-1\" \/>\n<link rel=\"canonical\" href=\"https:\/\/www.naturparkmagazin.de\/am-stettiner-haff\/hilfe-fuer-einen-ungluecks-adler\/\" \/>\n<meta property=\"og:locale\" content=\"de_DE\" \/>\n<meta property=\"og:type\" content=\"article\" \/>\n<meta property=\"og:title\" content=\"Hilfe f\u00fcr einen Ungl\u00fccks-Adler - Naturpark Am Stettiner Haff\" \/>\n<meta property=\"og:description\" content=\"W\u00e4hrend eines Vororttermins mit der unteren Naturschutzbeh\u00f6rde erhielt Naturw\u00e4chter Klaus-Dieter Schuldt die Information, dass im Bereich des Martensches Bruchs ein flugunf\u00e4higer Seeadler gesehen wurde. Als Adlerspezialist war f\u00fcr ihn sofort klar, dass er nach dem Tier suchen muss.\" \/>\n<meta property=\"og:url\" content=\"https:\/\/www.naturparkmagazin.de\/am-stettiner-haff\/hilfe-fuer-einen-ungluecks-adler\/\" \/>\n<meta property=\"og:site_name\" content=\"Naturpark Am Stettiner Haff\" \/>\n<meta property=\"article:published_time\" content=\"2015-08-19T11:10:57+00:00\" \/>\n<meta property=\"article:modified_time\" content=\"2015-08-26T12:07:41+00:00\" \/>\n<meta property=\"og:image\" content=\"https:\/\/www.naturparkmagazin.de\/am-stettiner-haff\/wp-content\/uploads\/sites\/29\/Foto-1.jpg\" \/>\n\t<meta property=\"og:image:width\" content=\"800\" \/>\n\t<meta property=\"og:image:height\" content=\"598\" \/>\n\t<meta property=\"og:image:type\" content=\"image\/jpeg\" \/>\n<meta name=\"author\" content=\"Jochen Elberskirch\" \/>\n<meta name=\"twitter:label1\" content=\"Verfasst von\" \/>\n\t<meta name=\"twitter:data1\" content=\"Jochen Elberskirch\" \/>\n\t<meta name=\"twitter:label2\" content=\"Gesch\u00e4tzte Lesezeit\" \/>\n\t<meta name=\"twitter:data2\" content=\"2\u00a0Minuten\" \/>\n<script type=\"application\/ld+json\" class=\"yoast-schema-graph\">{\"@context\":\"https:\/\/schema.org\",\"@graph\":[{\"@type\":\"WebPage\",\"@id\":\"https:\/\/www.naturparkmagazin.de\/am-stettiner-haff\/hilfe-fuer-einen-ungluecks-adler\/\",\"url\":\"https:\/\/www.naturparkmagazin.de\/am-stettiner-haff\/hilfe-fuer-einen-ungluecks-adler\/\",\"name\":\"Hilfe f\u00fcr einen Ungl\u00fccks-Adler - Naturpark Am Stettiner Haff\",\"isPartOf\":{\"@id\":\"https:\/\/www.naturparkmagazin.de\/am-stettiner-haff\/#website\"},\"datePublished\":\"2015-08-19T11:10:57+00:00\",\"dateModified\":\"2015-08-26T12:07:41+00:00\",\"author\":{\"@id\":\"https:\/\/www.naturparkmagazin.de\/am-stettiner-haff\/#\/schema\/person\/4a7208080dbbfb024d81129b7960c725\"},\"breadcrumb\":{\"@id\":\"https:\/\/www.naturparkmagazin.de\/am-stettiner-haff\/hilfe-fuer-einen-ungluecks-adler\/#breadcrumb\"},\"inLanguage\":\"de\",\"potentialAction\":[{\"@type\":\"ReadAction\",\"target\":[\"https:\/\/www.naturparkmagazin.de\/am-stettiner-haff\/hilfe-fuer-einen-ungluecks-adler\/\"]}]},{\"@type\":\"BreadcrumbList\",\"@id\":\"https:\/\/www.naturparkmagazin.de\/am-stettiner-haff\/hilfe-fuer-einen-ungluecks-adler\/#breadcrumb\",\"itemListElement\":[{\"@type\":\"ListItem\",\"position\":1,\"name\":\"Home\",\"item\":\"https:\/\/www.naturparkmagazin.de\/am-stettiner-haff\/\"},{\"@type\":\"ListItem\",\"position\":2,\"name\":\"Hilfe f\u00fcr einen Ungl\u00fccks-Adler\"}]},{\"@type\":\"WebSite\",\"@id\":\"https:\/\/www.naturparkmagazin.de\/am-stettiner-haff\/#website\",\"url\":\"https:\/\/www.naturparkmagazin.de\/am-stettiner-haff\/\",\"name\":\"Naturpark Am Stettiner Haff\",\"description\":\"\",\"potentialAction\":[{\"@type\":\"SearchAction\",\"target\":{\"@type\":\"EntryPoint\",\"urlTemplate\":\"https:\/\/www.naturparkmagazin.de\/am-stettiner-haff\/?s={search_term_string}\"},\"query-input\":\"required name=search_term_string\"}],\"inLanguage\":\"de\"},{\"@type\":\"Person\",\"@id\":\"https:\/\/www.naturparkmagazin.de\/am-stettiner-haff\/#\/schema\/person\/4a7208080dbbfb024d81129b7960c725\",\"name\":\"Jochen Elberskirch\",\"sameAs\":[\"http:\/\/www.naturpark-am-stettiner-haff.de\"],\"url\":\"https:\/\/www.naturparkmagazin.de\/am-stettiner-haff\/author\/jochenelberskirch\/\"}]}<\/script>\n<!-- \/ Yoast SEO plugin. -->","yoast_head_json":{"title":"Hilfe f\u00fcr einen Ungl\u00fccks-Adler - Naturpark Am Stettiner Haff","robots":{"index":"index","follow":"follow","max-snippet":"max-snippet:-1","max-image-preview":"max-image-preview:large","max-video-preview":"max-video-preview:-1"},"canonical":"https:\/\/www.naturparkmagazin.de\/am-stettiner-haff\/hilfe-fuer-einen-ungluecks-adler\/","og_locale":"de_DE","og_type":"article","og_title":"Hilfe f\u00fcr einen Ungl\u00fccks-Adler - Naturpark Am Stettiner Haff","og_description":"W\u00e4hrend eines Vororttermins mit der unteren Naturschutzbeh\u00f6rde erhielt Naturw\u00e4chter Klaus-Dieter Schuldt die Information, dass im Bereich des Martensches Bruchs ein flugunf\u00e4higer Seeadler gesehen wurde. Als Adlerspezialist war f\u00fcr ihn sofort klar, dass er nach dem Tier suchen muss.","og_url":"https:\/\/www.naturparkmagazin.de\/am-stettiner-haff\/hilfe-fuer-einen-ungluecks-adler\/","og_site_name":"Naturpark Am Stettiner Haff","article_published_time":"2015-08-19T11:10:57+00:00","article_modified_time":"2015-08-26T12:07:41+00:00","og_image":[{"width":800,"height":598,"url":"https:\/\/www.naturparkmagazin.de\/am-stettiner-haff\/wp-content\/uploads\/sites\/29\/Foto-1.jpg","type":"image\/jpeg"}],"author":"Jochen Elberskirch","twitter_misc":{"Verfasst von":"Jochen Elberskirch","Gesch\u00e4tzte Lesezeit":"2\u00a0Minuten"},"schema":{"@context":"https:\/\/schema.org","@graph":[{"@type":"WebPage","@id":"https:\/\/www.naturparkmagazin.de\/am-stettiner-haff\/hilfe-fuer-einen-ungluecks-adler\/","url":"https:\/\/www.naturparkmagazin.de\/am-stettiner-haff\/hilfe-fuer-einen-ungluecks-adler\/","name":"Hilfe f\u00fcr einen Ungl\u00fccks-Adler - Naturpark Am Stettiner Haff","isPartOf":{"@id":"https:\/\/www.naturparkmagazin.de\/am-stettiner-haff\/#website"},"datePublished":"2015-08-19T11:10:57+00:00","dateModified":"2015-08-26T12:07:41+00:00","author":{"@id":"https:\/\/www.naturparkmagazin.de\/am-stettiner-haff\/#\/schema\/person\/4a7208080dbbfb024d81129b7960c725"},"breadcrumb":{"@id":"https:\/\/www.naturparkmagazin.de\/am-stettiner-haff\/hilfe-fuer-einen-ungluecks-adler\/#breadcrumb"},"inLanguage":"de","potentialAction":[{"@type":"ReadAction","target":["https:\/\/www.naturparkmagazin.de\/am-stettiner-haff\/hilfe-fuer-einen-ungluecks-adler\/"]}]},{"@type":"BreadcrumbList","@id":"https:\/\/www.naturparkmagazin.de\/am-stettiner-haff\/hilfe-fuer-einen-ungluecks-adler\/#breadcrumb","itemListElement":[{"@type":"ListItem","position":1,"name":"Home","item":"https:\/\/www.naturparkmagazin.de\/am-stettiner-haff\/"},{"@type":"ListItem","position":2,"name":"Hilfe f\u00fcr einen Ungl\u00fccks-Adler"}]},{"@type":"WebSite","@id":"https:\/\/www.naturparkmagazin.de\/am-stettiner-haff\/#website","url":"https:\/\/www.naturparkmagazin.de\/am-stettiner-haff\/","name":"Naturpark Am Stettiner Haff","description":"","potentialAction":[{"@type":"SearchAction","target":{"@type":"EntryPoint","urlTemplate":"https:\/\/www.naturparkmagazin.de\/am-stettiner-haff\/?s={search_term_string}"},"query-input":"required name=search_term_string"}],"inLanguage":"de"},{"@type":"Person","@id":"https:\/\/www.naturparkmagazin.de\/am-stettiner-haff\/#\/schema\/person\/4a7208080dbbfb024d81129b7960c725","name":"Jochen Elberskirch","sameAs":["http:\/\/www.naturpark-am-stettiner-haff.de"],"url":"https:\/\/www.naturparkmagazin.de\/am-stettiner-haff\/author\/jochenelberskirch\/"}]}},"_links":{"self":[{"href":"https:\/\/www.naturparkmagazin.de\/am-stettiner-haff\/wp-json\/wp\/v2\/posts\/1465"}],"collection":[{"href":"https:\/\/www.naturparkmagazin.de\/am-stettiner-haff\/wp-json\/wp\/v2\/posts"}],"about":[{"href":"https:\/\/www.naturparkmagazin.de\/am-stettiner-haff\/wp-json\/wp\/v2\/types\/post"}],"author":[{"embeddable":true,"href":"https:\/\/www.naturparkmagazin.de\/am-stettiner-haff\/wp-json\/wp\/v2\/users\/26"}],"replies":[{"embeddable":true,"href":"https:\/\/www.naturparkmagazin.de\/am-stettiner-haff\/wp-json\/wp\/v2\/comments?post=1465"}],"version-history":[{"count":5,"href":"https:\/\/www.naturparkmagazin.de\/am-stettiner-haff\/wp-json\/wp\/v2\/posts\/1465\/revisions"}],"predecessor-version":[{"id":1481,"href":"https:\/\/www.naturparkmagazin.de\/am-stettiner-haff\/wp-json\/wp\/v2\/posts\/1465\/revisions\/1481"}],"wp:featuredmedia":[{"embeddable":true,"href":"https:\/\/www.naturparkmagazin.de\/am-stettiner-haff\/wp-json\/wp\/v2\/media\/1468"}],"wp:attachment":[{"href":"https:\/\/www.naturparkmagazin.de\/am-stettiner-haff\/wp-json\/wp\/v2\/media?parent=1465"}],"wp:term":[{"taxonomy":"category","embeddable":true,"href":"https:\/\/www.naturparkmagazin.de\/am-stettiner-haff\/wp-json\/wp\/v2\/categories?post=1465"},{"taxonomy":"post_tag","embeddable":true,"href":"https:\/\/www.naturparkmagazin.de\/am-stettiner-haff\/wp-json\/wp\/v2\/tags?post=1465"}],"curies":[{"name":"wp","href":"https:\/\/api.w.org\/{rel}","templated":true}]}}