{"id":1487,"date":"2015-09-21T07:30:34","date_gmt":"2015-09-21T05:30:34","guid":{"rendered":"http:\/\/www.naturparkmagazin.de\/am-stettiner-haff\/?p=1487"},"modified":"2015-09-28T11:02:32","modified_gmt":"2015-09-28T09:02:32","slug":"pilzwanderung-durch-die-ueckermuender-heide","status":"publish","type":"post","link":"https:\/\/www.naturparkmagazin.de\/am-stettiner-haff\/pilzwanderung-durch-die-ueckermuender-heide\/","title":{"rendered":"Pilzwanderung durch die Ueckerm\u00fcnder Heide"},"content":{"rendered":"<p>Einen sch\u00f6nen Herbstspaziergang mit der Suche nach Pilzen zu verbinden ist\u00a0eine Tradition, die vielen von Ihnen sicher noch gel\u00e4ufig ist. Doch wann und wo wachsen die richtigen Pilze? Welche B\u00f6den werden von bestimmten Pilzarten bevorzugt? Welche Umwelteinfl\u00fcsse spielen dabei eine entscheidende Rolle?<\/p>\n<p>&nbsp;<\/p>\n<div id=\"attachment_1491\" style=\"width: 630px\" class=\"wp-caption aligncenter\"><a href=\"https:\/\/www.naturparkmagazin.de\/am-stettiner-haff\/wp-content\/uploads\/sites\/29\/Samtfussruebl.jpg\"><img aria-describedby=\"caption-attachment-1491\" decoding=\"async\" loading=\"lazy\" class=\"size-medium wp-image-1491\" src=\"https:\/\/www.naturparkmagazin.de\/am-stettiner-haff\/wp-content\/uploads\/sites\/29\/Samtfussruebl-620x412.jpg\" alt=\"Samtfu\u00dfr\u00fcblinge (Foto: F\u00f6V f\u00fcr Naturschutzarbeit Uecker-Randow-Region e.V.) \" width=\"620\" height=\"412\" srcset=\"https:\/\/www.naturparkmagazin.de\/am-stettiner-haff\/wp-content\/uploads\/sites\/29\/Samtfussruebl-620x412.jpg 620w, https:\/\/www.naturparkmagazin.de\/am-stettiner-haff\/wp-content\/uploads\/sites\/29\/Samtfussruebl-300x199.jpg 300w, https:\/\/www.naturparkmagazin.de\/am-stettiner-haff\/wp-content\/uploads\/sites\/29\/Samtfussruebl-940x624.jpg 940w, https:\/\/www.naturparkmagazin.de\/am-stettiner-haff\/wp-content\/uploads\/sites\/29\/Samtfussruebl-670x445.jpg 670w, https:\/\/www.naturparkmagazin.de\/am-stettiner-haff\/wp-content\/uploads\/sites\/29\/Samtfussruebl-200x133.jpg 200w, https:\/\/www.naturparkmagazin.de\/am-stettiner-haff\/wp-content\/uploads\/sites\/29\/Samtfussruebl.jpg 1144w\" sizes=\"(max-width: 620px) 100vw, 620px\" \/><\/a><p id=\"caption-attachment-1491\" class=\"wp-caption-text\">Samtfu\u00dfr\u00fcblinge (Foto: F\u00f6V f\u00fcr Naturschutzarbeit Uecker-Randow-Region e.V.)<\/p><\/div>\n<p>Antworten auf diese Fragen k\u00f6nnen Interessierte auf einer Pilzwanderung der Volkshochschule\u00a0durch die Ueckerm\u00fcnde Heide am 25. Oktober 2015 erhalten. Nat\u00fcrlich k\u00f6nnen bei dieser Gelegenheit auch Pilze gesammelt werden. Die Funde werden im Anschluss an die Wanderung in einer gem\u00fctlichen Grillrunde besprochen.<\/p>\n<p>Treffpunkt ist die Touristeninformation in M\u00f6nkebude. Der Unkostenbeitrag f\u00fcr die Veranstaltung, inkl. Fahrradverleih, Snack und Trinken\u00a0bel\u00e4uft sich auf 10,00 \u20ac. Die Teilnehmerzahl ist begrenzt, daher ist eine Anmeldung unter <strong>039774-20323<\/strong> unbedingt erforderlich! Wetterfeste Kleidung, einen Korb und ein scharfes Messer sind mitzubringen.<\/p>\n","protected":false},"excerpt":{"rendered":"<p>Einen sch\u00f6nen Herbstspaziergang mit der Suche nach Pilzen zu verbinden ist eine Tradition, die vielen von Ihnen sicher noch gel\u00e4ufig ist. Doch wann und wo wachsen die richtigen Pilze? Welche B\u00f6den werden von bestimmten Pilzarten bevorzugt? Welche Umwelteinfl\u00fcsse spielen dabei eine entscheidende Rolle? Antworten auf diese Fragen k\u00f6nnen Interessierte auf einer Pilzwanderung am 25. Oktober erhalten.<\/p>\n","protected":false},"author":26,"featured_media":1491,"comment_status":"open","ping_status":"open","sticky":false,"template":"","format":"standard","meta":[],"categories":[11],"tags":[],"yoast_head":"<!-- This site is optimized with the Yoast SEO plugin v19.10 - https:\/\/yoast.com\/wordpress\/plugins\/seo\/ -->\n<title>Pilzwanderung durch die Ueckerm\u00fcnder Heide - Naturpark Am Stettiner Haff<\/title>\n<meta name=\"robots\" content=\"index, follow, max-snippet:-1, max-image-preview:large, max-video-preview:-1\" \/>\n<link rel=\"canonical\" href=\"https:\/\/www.naturparkmagazin.de\/am-stettiner-haff\/pilzwanderung-durch-die-ueckermuender-heide\/\" \/>\n<meta property=\"og:locale\" content=\"de_DE\" \/>\n<meta property=\"og:type\" content=\"article\" \/>\n<meta property=\"og:title\" content=\"Pilzwanderung durch die Ueckerm\u00fcnder Heide - Naturpark Am Stettiner Haff\" \/>\n<meta property=\"og:description\" content=\"Einen sch\u00f6nen Herbstspaziergang mit der Suche nach Pilzen zu verbinden ist eine Tradition, die vielen von Ihnen sicher noch gel\u00e4ufig ist. Doch wann und wo wachsen die richtigen Pilze? Welche B\u00f6den werden von bestimmten Pilzarten bevorzugt? Welche Umwelteinfl\u00fcsse spielen dabei eine entscheidende Rolle? Antworten auf diese Fragen k\u00f6nnen Interessierte auf einer Pilzwanderung am 25. Oktober erhalten.\" \/>\n<meta property=\"og:url\" content=\"https:\/\/www.naturparkmagazin.de\/am-stettiner-haff\/pilzwanderung-durch-die-ueckermuender-heide\/\" \/>\n<meta property=\"og:site_name\" content=\"Naturpark Am Stettiner Haff\" \/>\n<meta property=\"article:published_time\" content=\"2015-09-21T05:30:34+00:00\" \/>\n<meta property=\"article:modified_time\" content=\"2015-09-28T09:02:32+00:00\" \/>\n<meta property=\"og:image\" content=\"https:\/\/www.naturparkmagazin.de\/am-stettiner-haff\/wp-content\/uploads\/sites\/29\/Samtfussruebl.jpg\" \/>\n\t<meta property=\"og:image:width\" content=\"1144\" \/>\n\t<meta property=\"og:image:height\" content=\"760\" \/>\n\t<meta property=\"og:image:type\" content=\"image\/jpeg\" \/>\n<meta name=\"author\" content=\"Jochen Elberskirch\" \/>\n<meta name=\"twitter:label1\" content=\"Verfasst von\" \/>\n\t<meta name=\"twitter:data1\" content=\"Jochen Elberskirch\" \/>\n\t<meta name=\"twitter:label2\" content=\"Gesch\u00e4tzte Lesezeit\" \/>\n\t<meta name=\"twitter:data2\" content=\"1\u00a0Minute\" \/>\n<script type=\"application\/ld+json\" class=\"yoast-schema-graph\">{\"@context\":\"https:\/\/schema.org\",\"@graph\":[{\"@type\":\"WebPage\",\"@id\":\"https:\/\/www.naturparkmagazin.de\/am-stettiner-haff\/pilzwanderung-durch-die-ueckermuender-heide\/\",\"url\":\"https:\/\/www.naturparkmagazin.de\/am-stettiner-haff\/pilzwanderung-durch-die-ueckermuender-heide\/\",\"name\":\"Pilzwanderung durch die Ueckerm\u00fcnder Heide - Naturpark Am Stettiner Haff\",\"isPartOf\":{\"@id\":\"https:\/\/www.naturparkmagazin.de\/am-stettiner-haff\/#website\"},\"datePublished\":\"2015-09-21T05:30:34+00:00\",\"dateModified\":\"2015-09-28T09:02:32+00:00\",\"author\":{\"@id\":\"https:\/\/www.naturparkmagazin.de\/am-stettiner-haff\/#\/schema\/person\/4a7208080dbbfb024d81129b7960c725\"},\"breadcrumb\":{\"@id\":\"https:\/\/www.naturparkmagazin.de\/am-stettiner-haff\/pilzwanderung-durch-die-ueckermuender-heide\/#breadcrumb\"},\"inLanguage\":\"de\",\"potentialAction\":[{\"@type\":\"ReadAction\",\"target\":[\"https:\/\/www.naturparkmagazin.de\/am-stettiner-haff\/pilzwanderung-durch-die-ueckermuender-heide\/\"]}]},{\"@type\":\"BreadcrumbList\",\"@id\":\"https:\/\/www.naturparkmagazin.de\/am-stettiner-haff\/pilzwanderung-durch-die-ueckermuender-heide\/#breadcrumb\",\"itemListElement\":[{\"@type\":\"ListItem\",\"position\":1,\"name\":\"Home\",\"item\":\"https:\/\/www.naturparkmagazin.de\/am-stettiner-haff\/\"},{\"@type\":\"ListItem\",\"position\":2,\"name\":\"Pilzwanderung durch die Ueckerm\u00fcnder Heide\"}]},{\"@type\":\"WebSite\",\"@id\":\"https:\/\/www.naturparkmagazin.de\/am-stettiner-haff\/#website\",\"url\":\"https:\/\/www.naturparkmagazin.de\/am-stettiner-haff\/\",\"name\":\"Naturpark Am Stettiner Haff\",\"description\":\"\",\"potentialAction\":[{\"@type\":\"SearchAction\",\"target\":{\"@type\":\"EntryPoint\",\"urlTemplate\":\"https:\/\/www.naturparkmagazin.de\/am-stettiner-haff\/?s={search_term_string}\"},\"query-input\":\"required name=search_term_string\"}],\"inLanguage\":\"de\"},{\"@type\":\"Person\",\"@id\":\"https:\/\/www.naturparkmagazin.de\/am-stettiner-haff\/#\/schema\/person\/4a7208080dbbfb024d81129b7960c725\",\"name\":\"Jochen Elberskirch\",\"sameAs\":[\"http:\/\/www.naturpark-am-stettiner-haff.de\"],\"url\":\"https:\/\/www.naturparkmagazin.de\/am-stettiner-haff\/author\/jochenelberskirch\/\"}]}<\/script>\n<!-- \/ Yoast SEO plugin. -->","yoast_head_json":{"title":"Pilzwanderung durch die Ueckerm\u00fcnder Heide - Naturpark Am Stettiner Haff","robots":{"index":"index","follow":"follow","max-snippet":"max-snippet:-1","max-image-preview":"max-image-preview:large","max-video-preview":"max-video-preview:-1"},"canonical":"https:\/\/www.naturparkmagazin.de\/am-stettiner-haff\/pilzwanderung-durch-die-ueckermuender-heide\/","og_locale":"de_DE","og_type":"article","og_title":"Pilzwanderung durch die Ueckerm\u00fcnder Heide - Naturpark Am Stettiner Haff","og_description":"Einen sch\u00f6nen Herbstspaziergang mit der Suche nach Pilzen zu verbinden ist eine Tradition, die vielen von Ihnen sicher noch gel\u00e4ufig ist. Doch wann und wo wachsen die richtigen Pilze? Welche B\u00f6den werden von bestimmten Pilzarten bevorzugt? Welche Umwelteinfl\u00fcsse spielen dabei eine entscheidende Rolle? Antworten auf diese Fragen k\u00f6nnen Interessierte auf einer Pilzwanderung am 25. Oktober erhalten.","og_url":"https:\/\/www.naturparkmagazin.de\/am-stettiner-haff\/pilzwanderung-durch-die-ueckermuender-heide\/","og_site_name":"Naturpark Am Stettiner Haff","article_published_time":"2015-09-21T05:30:34+00:00","article_modified_time":"2015-09-28T09:02:32+00:00","og_image":[{"width":1144,"height":760,"url":"https:\/\/www.naturparkmagazin.de\/am-stettiner-haff\/wp-content\/uploads\/sites\/29\/Samtfussruebl.jpg","type":"image\/jpeg"}],"author":"Jochen Elberskirch","twitter_misc":{"Verfasst von":"Jochen Elberskirch","Gesch\u00e4tzte Lesezeit":"1\u00a0Minute"},"schema":{"@context":"https:\/\/schema.org","@graph":[{"@type":"WebPage","@id":"https:\/\/www.naturparkmagazin.de\/am-stettiner-haff\/pilzwanderung-durch-die-ueckermuender-heide\/","url":"https:\/\/www.naturparkmagazin.de\/am-stettiner-haff\/pilzwanderung-durch-die-ueckermuender-heide\/","name":"Pilzwanderung durch die Ueckerm\u00fcnder Heide - Naturpark Am Stettiner Haff","isPartOf":{"@id":"https:\/\/www.naturparkmagazin.de\/am-stettiner-haff\/#website"},"datePublished":"2015-09-21T05:30:34+00:00","dateModified":"2015-09-28T09:02:32+00:00","author":{"@id":"https:\/\/www.naturparkmagazin.de\/am-stettiner-haff\/#\/schema\/person\/4a7208080dbbfb024d81129b7960c725"},"breadcrumb":{"@id":"https:\/\/www.naturparkmagazin.de\/am-stettiner-haff\/pilzwanderung-durch-die-ueckermuender-heide\/#breadcrumb"},"inLanguage":"de","potentialAction":[{"@type":"ReadAction","target":["https:\/\/www.naturparkmagazin.de\/am-stettiner-haff\/pilzwanderung-durch-die-ueckermuender-heide\/"]}]},{"@type":"BreadcrumbList","@id":"https:\/\/www.naturparkmagazin.de\/am-stettiner-haff\/pilzwanderung-durch-die-ueckermuender-heide\/#breadcrumb","itemListElement":[{"@type":"ListItem","position":1,"name":"Home","item":"https:\/\/www.naturparkmagazin.de\/am-stettiner-haff\/"},{"@type":"ListItem","position":2,"name":"Pilzwanderung durch die Ueckerm\u00fcnder Heide"}]},{"@type":"WebSite","@id":"https:\/\/www.naturparkmagazin.de\/am-stettiner-haff\/#website","url":"https:\/\/www.naturparkmagazin.de\/am-stettiner-haff\/","name":"Naturpark Am Stettiner Haff","description":"","potentialAction":[{"@type":"SearchAction","target":{"@type":"EntryPoint","urlTemplate":"https:\/\/www.naturparkmagazin.de\/am-stettiner-haff\/?s={search_term_string}"},"query-input":"required name=search_term_string"}],"inLanguage":"de"},{"@type":"Person","@id":"https:\/\/www.naturparkmagazin.de\/am-stettiner-haff\/#\/schema\/person\/4a7208080dbbfb024d81129b7960c725","name":"Jochen Elberskirch","sameAs":["http:\/\/www.naturpark-am-stettiner-haff.de"],"url":"https:\/\/www.naturparkmagazin.de\/am-stettiner-haff\/author\/jochenelberskirch\/"}]}},"_links":{"self":[{"href":"https:\/\/www.naturparkmagazin.de\/am-stettiner-haff\/wp-json\/wp\/v2\/posts\/1487"}],"collection":[{"href":"https:\/\/www.naturparkmagazin.de\/am-stettiner-haff\/wp-json\/wp\/v2\/posts"}],"about":[{"href":"https:\/\/www.naturparkmagazin.de\/am-stettiner-haff\/wp-json\/wp\/v2\/types\/post"}],"author":[{"embeddable":true,"href":"https:\/\/www.naturparkmagazin.de\/am-stettiner-haff\/wp-json\/wp\/v2\/users\/26"}],"replies":[{"embeddable":true,"href":"https:\/\/www.naturparkmagazin.de\/am-stettiner-haff\/wp-json\/wp\/v2\/comments?post=1487"}],"version-history":[{"count":6,"href":"https:\/\/www.naturparkmagazin.de\/am-stettiner-haff\/wp-json\/wp\/v2\/posts\/1487\/revisions"}],"predecessor-version":[{"id":1505,"href":"https:\/\/www.naturparkmagazin.de\/am-stettiner-haff\/wp-json\/wp\/v2\/posts\/1487\/revisions\/1505"}],"wp:featuredmedia":[{"embeddable":true,"href":"https:\/\/www.naturparkmagazin.de\/am-stettiner-haff\/wp-json\/wp\/v2\/media\/1491"}],"wp:attachment":[{"href":"https:\/\/www.naturparkmagazin.de\/am-stettiner-haff\/wp-json\/wp\/v2\/media?parent=1487"}],"wp:term":[{"taxonomy":"category","embeddable":true,"href":"https:\/\/www.naturparkmagazin.de\/am-stettiner-haff\/wp-json\/wp\/v2\/categories?post=1487"},{"taxonomy":"post_tag","embeddable":true,"href":"https:\/\/www.naturparkmagazin.de\/am-stettiner-haff\/wp-json\/wp\/v2\/tags?post=1487"}],"curies":[{"name":"wp","href":"https:\/\/api.w.org\/{rel}","templated":true}]}}