{"id":1494,"date":"2015-09-21T08:38:53","date_gmt":"2015-09-21T06:38:53","guid":{"rendered":"http:\/\/www.naturparkmagazin.de\/am-stettiner-haff\/?p=1494"},"modified":"2015-09-28T11:05:17","modified_gmt":"2015-09-28T09:05:17","slug":"17-oktober-2015-schiffstaufe-im-ueckermuender-stadthafen","status":"publish","type":"post","link":"https:\/\/www.naturparkmagazin.de\/am-stettiner-haff\/17-oktober-2015-schiffstaufe-im-ueckermuender-stadthafen\/","title":{"rendered":"17. Oktober 2015 &#8211; Schiffstaufe im Ueckerm\u00fcnder Stadthafen"},"content":{"rendered":"<p>Aufmerksame Leser werden sich mit Sicherheit noch an den aufregenden Umzug der Uecker-Randow-Kogge vom &#8222;Trockendock&#8220; in den Industriehafen Berndshof erinnern.<\/p>\n<p>&nbsp;<\/p>\n<div id=\"attachment_1021\" style=\"width: 585px\" class=\"wp-caption aligncenter\"><a href=\"https:\/\/www.naturparkmagazin.de\/am-stettiner-haff\/wp-content\/uploads\/sites\/29\/Kogge.jpg\"><img aria-describedby=\"caption-attachment-1021\" decoding=\"async\" loading=\"lazy\" class=\"size-full wp-image-1021\" src=\"https:\/\/www.naturparkmagazin.de\/am-stettiner-haff\/wp-content\/uploads\/sites\/29\/Kogge.jpg\" alt=\"Uecker-Randow-Kogge (Foto: S. Piro)\" width=\"575\" height=\"1024\" srcset=\"https:\/\/www.naturparkmagazin.de\/am-stettiner-haff\/wp-content\/uploads\/sites\/29\/Kogge.jpg 575w, https:\/\/www.naturparkmagazin.de\/am-stettiner-haff\/wp-content\/uploads\/sites\/29\/Kogge-300x534.jpg 300w, https:\/\/www.naturparkmagazin.de\/am-stettiner-haff\/wp-content\/uploads\/sites\/29\/Kogge-200x356.jpg 200w\" sizes=\"(max-width: 575px) 100vw, 575px\" \/><\/a><p id=\"caption-attachment-1021\" class=\"wp-caption-text\">Uecker-Randow-Kogge (Foto: S. Piro)<\/p><\/div>\n<p>Seither wurde nat\u00fcrlich flei\u00dfig am Schiff weitergebaut. Das Achterkastell hat Gestalt angenommen und der Mast wurde gestellt. Nun soll die Kogge, die inzwischen im\u00a0Ueckerm\u00fcnder Stadthafen fest gemacht auch offiziell einen Namen erhalten. Das soll natt\u00fcrlich in Form einer traditionellen Schiffstaufe passieren. Diese Feierlichkeit, zu der nat\u00fcrlich alle Interessierten herzlich eingeladen sind, ist\u00a0f\u00fcr den 17. Oktober 2015 im Stadthafen Ueckerm\u00fcnde\u00a0geplant.<\/p>\n","protected":false},"excerpt":{"rendered":"<p>Aufmerksame Leser werden sich mit Sicherheit noch an den aufregenden Umzug der Uecker-Randow-Kogge vom &#8222;Trockendock&#8220; in den Industriehafen Berndshof erinnern. Nun soll die Kogge auf einer traditionellen Schiffstaufe offiziell einen Namen erhalten. <\/p>\n","protected":false},"author":26,"featured_media":1021,"comment_status":"open","ping_status":"open","sticky":false,"template":"","format":"standard","meta":[],"categories":[11],"tags":[],"yoast_head":"<!-- This site is optimized with the Yoast SEO plugin v19.10 - https:\/\/yoast.com\/wordpress\/plugins\/seo\/ -->\n<title>17. Oktober 2015 - Schiffstaufe im Ueckerm\u00fcnder Stadthafen - Naturpark Am Stettiner Haff<\/title>\n<meta name=\"robots\" content=\"index, follow, max-snippet:-1, max-image-preview:large, max-video-preview:-1\" \/>\n<link rel=\"canonical\" href=\"https:\/\/www.naturparkmagazin.de\/am-stettiner-haff\/17-oktober-2015-schiffstaufe-im-ueckermuender-stadthafen\/\" \/>\n<meta property=\"og:locale\" content=\"de_DE\" \/>\n<meta property=\"og:type\" content=\"article\" \/>\n<meta property=\"og:title\" content=\"17. Oktober 2015 - Schiffstaufe im Ueckerm\u00fcnder Stadthafen - Naturpark Am Stettiner Haff\" \/>\n<meta property=\"og:description\" content=\"Aufmerksame Leser werden sich mit Sicherheit noch an den aufregenden Umzug der Uecker-Randow-Kogge vom &quot;Trockendock&quot; in den Industriehafen Berndshof erinnern. Nun soll die Kogge auf einer traditionellen Schiffstaufe offiziell einen Namen erhalten.\" \/>\n<meta property=\"og:url\" content=\"https:\/\/www.naturparkmagazin.de\/am-stettiner-haff\/17-oktober-2015-schiffstaufe-im-ueckermuender-stadthafen\/\" \/>\n<meta property=\"og:site_name\" content=\"Naturpark Am Stettiner Haff\" \/>\n<meta property=\"article:published_time\" content=\"2015-09-21T06:38:53+00:00\" \/>\n<meta property=\"article:modified_time\" content=\"2015-09-28T09:05:17+00:00\" \/>\n<meta property=\"og:image\" content=\"https:\/\/www.naturparkmagazin.de\/am-stettiner-haff\/wp-content\/uploads\/sites\/29\/Kogge.jpg\" \/>\n\t<meta property=\"og:image:width\" content=\"575\" \/>\n\t<meta property=\"og:image:height\" content=\"1024\" \/>\n\t<meta property=\"og:image:type\" content=\"image\/jpeg\" \/>\n<meta name=\"author\" content=\"Jochen Elberskirch\" \/>\n<meta name=\"twitter:label1\" content=\"Verfasst von\" \/>\n\t<meta name=\"twitter:data1\" content=\"Jochen Elberskirch\" \/>\n<script type=\"application\/ld+json\" class=\"yoast-schema-graph\">{\"@context\":\"https:\/\/schema.org\",\"@graph\":[{\"@type\":\"WebPage\",\"@id\":\"https:\/\/www.naturparkmagazin.de\/am-stettiner-haff\/17-oktober-2015-schiffstaufe-im-ueckermuender-stadthafen\/\",\"url\":\"https:\/\/www.naturparkmagazin.de\/am-stettiner-haff\/17-oktober-2015-schiffstaufe-im-ueckermuender-stadthafen\/\",\"name\":\"17. Oktober 2015 - Schiffstaufe im Ueckerm\u00fcnder Stadthafen - Naturpark Am Stettiner Haff\",\"isPartOf\":{\"@id\":\"https:\/\/www.naturparkmagazin.de\/am-stettiner-haff\/#website\"},\"datePublished\":\"2015-09-21T06:38:53+00:00\",\"dateModified\":\"2015-09-28T09:05:17+00:00\",\"author\":{\"@id\":\"https:\/\/www.naturparkmagazin.de\/am-stettiner-haff\/#\/schema\/person\/4a7208080dbbfb024d81129b7960c725\"},\"breadcrumb\":{\"@id\":\"https:\/\/www.naturparkmagazin.de\/am-stettiner-haff\/17-oktober-2015-schiffstaufe-im-ueckermuender-stadthafen\/#breadcrumb\"},\"inLanguage\":\"de\",\"potentialAction\":[{\"@type\":\"ReadAction\",\"target\":[\"https:\/\/www.naturparkmagazin.de\/am-stettiner-haff\/17-oktober-2015-schiffstaufe-im-ueckermuender-stadthafen\/\"]}]},{\"@type\":\"BreadcrumbList\",\"@id\":\"https:\/\/www.naturparkmagazin.de\/am-stettiner-haff\/17-oktober-2015-schiffstaufe-im-ueckermuender-stadthafen\/#breadcrumb\",\"itemListElement\":[{\"@type\":\"ListItem\",\"position\":1,\"name\":\"Home\",\"item\":\"https:\/\/www.naturparkmagazin.de\/am-stettiner-haff\/\"},{\"@type\":\"ListItem\",\"position\":2,\"name\":\"17. Oktober 2015 &#8211; Schiffstaufe im Ueckerm\u00fcnder Stadthafen\"}]},{\"@type\":\"WebSite\",\"@id\":\"https:\/\/www.naturparkmagazin.de\/am-stettiner-haff\/#website\",\"url\":\"https:\/\/www.naturparkmagazin.de\/am-stettiner-haff\/\",\"name\":\"Naturpark Am Stettiner Haff\",\"description\":\"\",\"potentialAction\":[{\"@type\":\"SearchAction\",\"target\":{\"@type\":\"EntryPoint\",\"urlTemplate\":\"https:\/\/www.naturparkmagazin.de\/am-stettiner-haff\/?s={search_term_string}\"},\"query-input\":\"required name=search_term_string\"}],\"inLanguage\":\"de\"},{\"@type\":\"Person\",\"@id\":\"https:\/\/www.naturparkmagazin.de\/am-stettiner-haff\/#\/schema\/person\/4a7208080dbbfb024d81129b7960c725\",\"name\":\"Jochen Elberskirch\",\"sameAs\":[\"http:\/\/www.naturpark-am-stettiner-haff.de\"],\"url\":\"https:\/\/www.naturparkmagazin.de\/am-stettiner-haff\/author\/jochenelberskirch\/\"}]}<\/script>\n<!-- \/ Yoast SEO plugin. -->","yoast_head_json":{"title":"17. Oktober 2015 - Schiffstaufe im Ueckerm\u00fcnder Stadthafen - Naturpark Am Stettiner Haff","robots":{"index":"index","follow":"follow","max-snippet":"max-snippet:-1","max-image-preview":"max-image-preview:large","max-video-preview":"max-video-preview:-1"},"canonical":"https:\/\/www.naturparkmagazin.de\/am-stettiner-haff\/17-oktober-2015-schiffstaufe-im-ueckermuender-stadthafen\/","og_locale":"de_DE","og_type":"article","og_title":"17. Oktober 2015 - Schiffstaufe im Ueckerm\u00fcnder Stadthafen - Naturpark Am Stettiner Haff","og_description":"Aufmerksame Leser werden sich mit Sicherheit noch an den aufregenden Umzug der Uecker-Randow-Kogge vom \"Trockendock\" in den Industriehafen Berndshof erinnern. Nun soll die Kogge auf einer traditionellen Schiffstaufe offiziell einen Namen erhalten.","og_url":"https:\/\/www.naturparkmagazin.de\/am-stettiner-haff\/17-oktober-2015-schiffstaufe-im-ueckermuender-stadthafen\/","og_site_name":"Naturpark Am Stettiner Haff","article_published_time":"2015-09-21T06:38:53+00:00","article_modified_time":"2015-09-28T09:05:17+00:00","og_image":[{"width":575,"height":1024,"url":"https:\/\/www.naturparkmagazin.de\/am-stettiner-haff\/wp-content\/uploads\/sites\/29\/Kogge.jpg","type":"image\/jpeg"}],"author":"Jochen Elberskirch","twitter_misc":{"Verfasst von":"Jochen Elberskirch"},"schema":{"@context":"https:\/\/schema.org","@graph":[{"@type":"WebPage","@id":"https:\/\/www.naturparkmagazin.de\/am-stettiner-haff\/17-oktober-2015-schiffstaufe-im-ueckermuender-stadthafen\/","url":"https:\/\/www.naturparkmagazin.de\/am-stettiner-haff\/17-oktober-2015-schiffstaufe-im-ueckermuender-stadthafen\/","name":"17. Oktober 2015 - Schiffstaufe im Ueckerm\u00fcnder Stadthafen - Naturpark Am Stettiner Haff","isPartOf":{"@id":"https:\/\/www.naturparkmagazin.de\/am-stettiner-haff\/#website"},"datePublished":"2015-09-21T06:38:53+00:00","dateModified":"2015-09-28T09:05:17+00:00","author":{"@id":"https:\/\/www.naturparkmagazin.de\/am-stettiner-haff\/#\/schema\/person\/4a7208080dbbfb024d81129b7960c725"},"breadcrumb":{"@id":"https:\/\/www.naturparkmagazin.de\/am-stettiner-haff\/17-oktober-2015-schiffstaufe-im-ueckermuender-stadthafen\/#breadcrumb"},"inLanguage":"de","potentialAction":[{"@type":"ReadAction","target":["https:\/\/www.naturparkmagazin.de\/am-stettiner-haff\/17-oktober-2015-schiffstaufe-im-ueckermuender-stadthafen\/"]}]},{"@type":"BreadcrumbList","@id":"https:\/\/www.naturparkmagazin.de\/am-stettiner-haff\/17-oktober-2015-schiffstaufe-im-ueckermuender-stadthafen\/#breadcrumb","itemListElement":[{"@type":"ListItem","position":1,"name":"Home","item":"https:\/\/www.naturparkmagazin.de\/am-stettiner-haff\/"},{"@type":"ListItem","position":2,"name":"17. Oktober 2015 &#8211; Schiffstaufe im Ueckerm\u00fcnder Stadthafen"}]},{"@type":"WebSite","@id":"https:\/\/www.naturparkmagazin.de\/am-stettiner-haff\/#website","url":"https:\/\/www.naturparkmagazin.de\/am-stettiner-haff\/","name":"Naturpark Am Stettiner Haff","description":"","potentialAction":[{"@type":"SearchAction","target":{"@type":"EntryPoint","urlTemplate":"https:\/\/www.naturparkmagazin.de\/am-stettiner-haff\/?s={search_term_string}"},"query-input":"required name=search_term_string"}],"inLanguage":"de"},{"@type":"Person","@id":"https:\/\/www.naturparkmagazin.de\/am-stettiner-haff\/#\/schema\/person\/4a7208080dbbfb024d81129b7960c725","name":"Jochen Elberskirch","sameAs":["http:\/\/www.naturpark-am-stettiner-haff.de"],"url":"https:\/\/www.naturparkmagazin.de\/am-stettiner-haff\/author\/jochenelberskirch\/"}]}},"_links":{"self":[{"href":"https:\/\/www.naturparkmagazin.de\/am-stettiner-haff\/wp-json\/wp\/v2\/posts\/1494"}],"collection":[{"href":"https:\/\/www.naturparkmagazin.de\/am-stettiner-haff\/wp-json\/wp\/v2\/posts"}],"about":[{"href":"https:\/\/www.naturparkmagazin.de\/am-stettiner-haff\/wp-json\/wp\/v2\/types\/post"}],"author":[{"embeddable":true,"href":"https:\/\/www.naturparkmagazin.de\/am-stettiner-haff\/wp-json\/wp\/v2\/users\/26"}],"replies":[{"embeddable":true,"href":"https:\/\/www.naturparkmagazin.de\/am-stettiner-haff\/wp-json\/wp\/v2\/comments?post=1494"}],"version-history":[{"count":7,"href":"https:\/\/www.naturparkmagazin.de\/am-stettiner-haff\/wp-json\/wp\/v2\/posts\/1494\/revisions"}],"predecessor-version":[{"id":1507,"href":"https:\/\/www.naturparkmagazin.de\/am-stettiner-haff\/wp-json\/wp\/v2\/posts\/1494\/revisions\/1507"}],"wp:featuredmedia":[{"embeddable":true,"href":"https:\/\/www.naturparkmagazin.de\/am-stettiner-haff\/wp-json\/wp\/v2\/media\/1021"}],"wp:attachment":[{"href":"https:\/\/www.naturparkmagazin.de\/am-stettiner-haff\/wp-json\/wp\/v2\/media?parent=1494"}],"wp:term":[{"taxonomy":"category","embeddable":true,"href":"https:\/\/www.naturparkmagazin.de\/am-stettiner-haff\/wp-json\/wp\/v2\/categories?post=1494"},{"taxonomy":"post_tag","embeddable":true,"href":"https:\/\/www.naturparkmagazin.de\/am-stettiner-haff\/wp-json\/wp\/v2\/tags?post=1494"}],"curies":[{"name":"wp","href":"https:\/\/api.w.org\/{rel}","templated":true}]}}