{"id":1509,"date":"2015-10-21T16:23:10","date_gmt":"2015-10-21T14:23:10","guid":{"rendered":"http:\/\/www.naturparkmagazin.de\/am-stettiner-haff\/?p=1509"},"modified":"2015-10-26T14:09:36","modified_gmt":"2015-10-26T13:09:36","slug":"neues-aus-der-naturpark-schule","status":"publish","type":"post","link":"https:\/\/www.naturparkmagazin.de\/am-stettiner-haff\/neues-aus-der-naturpark-schule\/","title":{"rendered":"Neues aus der Naturpark &#8211; Schule"},"content":{"rendered":"<p><span style=\"color: #000000;font-family: Arial\">Flei\u00dfig waren die Sch\u00fclerinnen und Sch\u00fcler der kleinen Grundschule auf dem Lande in Mewegen in den letzen Wochen in Monaten. Und so nahm eine Trockenmauer im Schulgarten immer mehr Form an. Dass mit einer solchen Mauer nicht nur den Schulhof vom Garten abgegrenzt werden soll, wissen die Kinder. Mit Spannung warten sie nun auf die ersten Bewohner, die in den neugeschaffenen Lebensraum einziehen werden. Doch nur rumsitzen und warten ist auf Dauer nichts f\u00fcr die aktiven Naturfreunde. Und so halfen sie ohne zu murren bei der Pflege Ihrer Schulhofelemente. So musste unter anderem die Hecke im Labyrinth geschnitten und das Igelh\u00e4uschen f\u00fcr seine Winterg\u00e4ste hergerichtet werden. <\/span><\/p>\n<p><span style=\"color: #000000;font-family: Arial\">\u00a0<\/span><\/p>\n<div id=\"attachment_1513\" style=\"width: 650px\" class=\"wp-caption aligncenter\"><a href=\"https:\/\/www.naturparkmagazin.de\/am-stettiner-haff\/wp-content\/uploads\/sites\/29\/Trockenmauer.jpg\"><img aria-describedby=\"caption-attachment-1513\" decoding=\"async\" loading=\"lazy\" class=\"size-full wp-image-1513\" src=\"https:\/\/www.naturparkmagazin.de\/am-stettiner-haff\/wp-content\/uploads\/sites\/29\/Trockenmauer.jpg\" alt=\"M\u00e4dchen und Jungen der Natuirpark-Schule flei\u00dfig bei der Arbeit (Foto: Naturparkarchiv)\" width=\"640\" height=\"480\" srcset=\"https:\/\/www.naturparkmagazin.de\/am-stettiner-haff\/wp-content\/uploads\/sites\/29\/Trockenmauer.jpg 640w, https:\/\/www.naturparkmagazin.de\/am-stettiner-haff\/wp-content\/uploads\/sites\/29\/Trockenmauer-300x225.jpg 300w, https:\/\/www.naturparkmagazin.de\/am-stettiner-haff\/wp-content\/uploads\/sites\/29\/Trockenmauer-620x465.jpg 620w, https:\/\/www.naturparkmagazin.de\/am-stettiner-haff\/wp-content\/uploads\/sites\/29\/Trockenmauer-580x435.jpg 580w, https:\/\/www.naturparkmagazin.de\/am-stettiner-haff\/wp-content\/uploads\/sites\/29\/Trockenmauer-420x315.jpg 420w, https:\/\/www.naturparkmagazin.de\/am-stettiner-haff\/wp-content\/uploads\/sites\/29\/Trockenmauer-180x135.jpg 180w, https:\/\/www.naturparkmagazin.de\/am-stettiner-haff\/wp-content\/uploads\/sites\/29\/Trockenmauer-95x71.jpg 95w, https:\/\/www.naturparkmagazin.de\/am-stettiner-haff\/wp-content\/uploads\/sites\/29\/Trockenmauer-200x150.jpg 200w\" sizes=\"(max-width: 640px) 100vw, 640px\" \/><\/a><p id=\"caption-attachment-1513\" class=\"wp-caption-text\">M\u00e4dchen und Jungen der Naturpark-Schule flei\u00dfig bei der Arbeit (Foto: Naturpark-Archiv)<\/p><\/div>\n<p><span style=\"color: #000000;font-family: Arial\">Nach so viel Einsatz haben sich die M\u00e4dchen und Jungen das Herbstfest redlich verdient. Unter Federf\u00fchrung des Lehrer-Teams und mit der Unterst\u00fctzung von Eltern und den Mitarbeitern des Naturparks &#8222;Am Stettiner Haff&#8220; wurde ein schaurig-sch\u00f6nes und sportlich-kreatives Herbstfest gefeiert.\n<\/span><\/p>\n<p><span style=\"color: #000000;font-family: Arial\">Um Au\u00dfenstehende auch auf die bestehende Kooperation zwischen der kleinen Grundschule auf dem Lande und dem Naturpark \u201eAm Stettiner Haff\u201c hinzuweisen wurde dem Schulleiter Jens Anker eine \u201eNaturpark-Schule\u201c Flagge \u00fcberreicht, die k\u00fcnftig am Fahnenmast der Schule wehen wird.\n<\/span><\/p>\n<p><span style=\"color: #000000;font-family: Arial\">\u00a0<\/span><\/p>\n<div id=\"attachment_1546\" style=\"width: 630px\" class=\"wp-caption aligncenter\"><a href=\"https:\/\/www.naturparkmagazin.de\/am-stettiner-haff\/wp-content\/uploads\/sites\/29\/DSC00246.jpg\"><img aria-describedby=\"caption-attachment-1546\" decoding=\"async\" loading=\"lazy\" class=\"size-medium wp-image-1546\" src=\"https:\/\/www.naturparkmagazin.de\/am-stettiner-haff\/wp-content\/uploads\/sites\/29\/DSC00246-620x465.jpg\" alt=\"Die M\u00e4dchen und Jungen der Naturpark-Schule nehmen die neue Flagge in Besitz (Foto: Naturpark-Archiv)\" width=\"620\" height=\"465\" srcset=\"https:\/\/www.naturparkmagazin.de\/am-stettiner-haff\/wp-content\/uploads\/sites\/29\/DSC00246-620x465.jpg 620w, https:\/\/www.naturparkmagazin.de\/am-stettiner-haff\/wp-content\/uploads\/sites\/29\/DSC00246-300x225.jpg 300w, https:\/\/www.naturparkmagazin.de\/am-stettiner-haff\/wp-content\/uploads\/sites\/29\/DSC00246-940x705.jpg 940w, https:\/\/www.naturparkmagazin.de\/am-stettiner-haff\/wp-content\/uploads\/sites\/29\/DSC00246-580x435.jpg 580w, https:\/\/www.naturparkmagazin.de\/am-stettiner-haff\/wp-content\/uploads\/sites\/29\/DSC00246-420x315.jpg 420w, https:\/\/www.naturparkmagazin.de\/am-stettiner-haff\/wp-content\/uploads\/sites\/29\/DSC00246-180x135.jpg 180w, https:\/\/www.naturparkmagazin.de\/am-stettiner-haff\/wp-content\/uploads\/sites\/29\/DSC00246-95x71.jpg 95w, https:\/\/www.naturparkmagazin.de\/am-stettiner-haff\/wp-content\/uploads\/sites\/29\/DSC00246-670x503.jpg 670w, https:\/\/www.naturparkmagazin.de\/am-stettiner-haff\/wp-content\/uploads\/sites\/29\/DSC00246-200x150.jpg 200w, https:\/\/www.naturparkmagazin.de\/am-stettiner-haff\/wp-content\/uploads\/sites\/29\/DSC00246.jpg 1944w\" sizes=\"(max-width: 620px) 100vw, 620px\" \/><\/a><p id=\"caption-attachment-1546\" class=\"wp-caption-text\">Die M\u00e4dchen und Jungen der Naturpark-Schule nehmen die neue Flagge in Besitz (Foto: Naturpark-Archiv)<\/p><\/div>\n","protected":false},"excerpt":{"rendered":"<p>Flei\u00dfig waren die Sch\u00fclerinnen und Sch\u00fcler der kleinen Grundschule auf dem Lande in Mewegen in den letzen Wochen in Monaten. Und so nahm eine Trockenmauer im Schulgarten immer mehr Form an. Dass mit einer solchen Mauer nicht nur den Schulhof vom Garten abgegrenzt werden soll, wissen die Kinder. Mit Spannung warten sie nun auf die ersten Bewohner,<\/p>\n","protected":false},"author":26,"featured_media":1550,"comment_status":"open","ping_status":"open","sticky":false,"template":"","format":"standard","meta":[],"categories":[7],"tags":[],"yoast_head":"<!-- This site is optimized with the Yoast SEO plugin v19.10 - https:\/\/yoast.com\/wordpress\/plugins\/seo\/ -->\n<title>Neues aus der Naturpark - Schule - Naturpark Am Stettiner Haff<\/title>\n<meta name=\"robots\" content=\"index, follow, max-snippet:-1, max-image-preview:large, max-video-preview:-1\" \/>\n<link rel=\"canonical\" href=\"https:\/\/www.naturparkmagazin.de\/am-stettiner-haff\/neues-aus-der-naturpark-schule\/\" \/>\n<meta property=\"og:locale\" content=\"de_DE\" \/>\n<meta property=\"og:type\" content=\"article\" \/>\n<meta property=\"og:title\" content=\"Neues aus der Naturpark - Schule - Naturpark Am Stettiner Haff\" \/>\n<meta property=\"og:description\" content=\"Flei\u00dfig waren die Sch\u00fclerinnen und Sch\u00fcler der kleinen Grundschule auf dem Lande in Mewegen in den letzen Wochen in Monaten. Und so nahm eine Trockenmauer im Schulgarten immer mehr Form an. Dass mit einer solchen Mauer nicht nur den Schulhof vom Garten abgegrenzt werden soll, wissen die Kinder. Mit Spannung warten sie nun auf die ersten Bewohner,\" \/>\n<meta property=\"og:url\" content=\"https:\/\/www.naturparkmagazin.de\/am-stettiner-haff\/neues-aus-der-naturpark-schule\/\" \/>\n<meta property=\"og:site_name\" content=\"Naturpark Am Stettiner Haff\" \/>\n<meta property=\"article:published_time\" content=\"2015-10-21T14:23:10+00:00\" \/>\n<meta property=\"article:modified_time\" content=\"2015-10-26T13:09:36+00:00\" \/>\n<meta property=\"og:image\" content=\"https:\/\/www.naturparkmagazin.de\/am-stettiner-haff\/wp-content\/uploads\/sites\/29\/Naturparkschule-200x200.jpg\" \/>\n\t<meta property=\"og:image:width\" content=\"200\" \/>\n\t<meta property=\"og:image:height\" content=\"200\" \/>\n\t<meta property=\"og:image:type\" content=\"image\/jpeg\" \/>\n<meta name=\"author\" content=\"Jochen Elberskirch\" \/>\n<meta name=\"twitter:label1\" content=\"Verfasst von\" \/>\n\t<meta name=\"twitter:data1\" content=\"Jochen Elberskirch\" \/>\n\t<meta name=\"twitter:label2\" content=\"Gesch\u00e4tzte Lesezeit\" \/>\n\t<meta name=\"twitter:data2\" content=\"1\u00a0Minute\" \/>\n<script type=\"application\/ld+json\" class=\"yoast-schema-graph\">{\"@context\":\"https:\/\/schema.org\",\"@graph\":[{\"@type\":\"WebPage\",\"@id\":\"https:\/\/www.naturparkmagazin.de\/am-stettiner-haff\/neues-aus-der-naturpark-schule\/\",\"url\":\"https:\/\/www.naturparkmagazin.de\/am-stettiner-haff\/neues-aus-der-naturpark-schule\/\",\"name\":\"Neues aus der Naturpark - Schule - Naturpark Am Stettiner Haff\",\"isPartOf\":{\"@id\":\"https:\/\/www.naturparkmagazin.de\/am-stettiner-haff\/#website\"},\"datePublished\":\"2015-10-21T14:23:10+00:00\",\"dateModified\":\"2015-10-26T13:09:36+00:00\",\"author\":{\"@id\":\"https:\/\/www.naturparkmagazin.de\/am-stettiner-haff\/#\/schema\/person\/4a7208080dbbfb024d81129b7960c725\"},\"breadcrumb\":{\"@id\":\"https:\/\/www.naturparkmagazin.de\/am-stettiner-haff\/neues-aus-der-naturpark-schule\/#breadcrumb\"},\"inLanguage\":\"de\",\"potentialAction\":[{\"@type\":\"ReadAction\",\"target\":[\"https:\/\/www.naturparkmagazin.de\/am-stettiner-haff\/neues-aus-der-naturpark-schule\/\"]}]},{\"@type\":\"BreadcrumbList\",\"@id\":\"https:\/\/www.naturparkmagazin.de\/am-stettiner-haff\/neues-aus-der-naturpark-schule\/#breadcrumb\",\"itemListElement\":[{\"@type\":\"ListItem\",\"position\":1,\"name\":\"Home\",\"item\":\"https:\/\/www.naturparkmagazin.de\/am-stettiner-haff\/\"},{\"@type\":\"ListItem\",\"position\":2,\"name\":\"Neues aus der Naturpark &#8211; Schule\"}]},{\"@type\":\"WebSite\",\"@id\":\"https:\/\/www.naturparkmagazin.de\/am-stettiner-haff\/#website\",\"url\":\"https:\/\/www.naturparkmagazin.de\/am-stettiner-haff\/\",\"name\":\"Naturpark Am Stettiner Haff\",\"description\":\"\",\"potentialAction\":[{\"@type\":\"SearchAction\",\"target\":{\"@type\":\"EntryPoint\",\"urlTemplate\":\"https:\/\/www.naturparkmagazin.de\/am-stettiner-haff\/?s={search_term_string}\"},\"query-input\":\"required name=search_term_string\"}],\"inLanguage\":\"de\"},{\"@type\":\"Person\",\"@id\":\"https:\/\/www.naturparkmagazin.de\/am-stettiner-haff\/#\/schema\/person\/4a7208080dbbfb024d81129b7960c725\",\"name\":\"Jochen Elberskirch\",\"sameAs\":[\"http:\/\/www.naturpark-am-stettiner-haff.de\"],\"url\":\"https:\/\/www.naturparkmagazin.de\/am-stettiner-haff\/author\/jochenelberskirch\/\"}]}<\/script>\n<!-- \/ Yoast SEO plugin. -->","yoast_head_json":{"title":"Neues aus der Naturpark - Schule - Naturpark Am Stettiner Haff","robots":{"index":"index","follow":"follow","max-snippet":"max-snippet:-1","max-image-preview":"max-image-preview:large","max-video-preview":"max-video-preview:-1"},"canonical":"https:\/\/www.naturparkmagazin.de\/am-stettiner-haff\/neues-aus-der-naturpark-schule\/","og_locale":"de_DE","og_type":"article","og_title":"Neues aus der Naturpark - Schule - Naturpark Am Stettiner Haff","og_description":"Flei\u00dfig waren die Sch\u00fclerinnen und Sch\u00fcler der kleinen Grundschule auf dem Lande in Mewegen in den letzen Wochen in Monaten. Und so nahm eine Trockenmauer im Schulgarten immer mehr Form an. Dass mit einer solchen Mauer nicht nur den Schulhof vom Garten abgegrenzt werden soll, wissen die Kinder. Mit Spannung warten sie nun auf die ersten Bewohner,","og_url":"https:\/\/www.naturparkmagazin.de\/am-stettiner-haff\/neues-aus-der-naturpark-schule\/","og_site_name":"Naturpark Am Stettiner Haff","article_published_time":"2015-10-21T14:23:10+00:00","article_modified_time":"2015-10-26T13:09:36+00:00","og_image":[{"width":200,"height":200,"url":"https:\/\/www.naturparkmagazin.de\/am-stettiner-haff\/wp-content\/uploads\/sites\/29\/Naturparkschule-200x200.jpg","type":"image\/jpeg"}],"author":"Jochen Elberskirch","twitter_misc":{"Verfasst von":"Jochen Elberskirch","Gesch\u00e4tzte Lesezeit":"1\u00a0Minute"},"schema":{"@context":"https:\/\/schema.org","@graph":[{"@type":"WebPage","@id":"https:\/\/www.naturparkmagazin.de\/am-stettiner-haff\/neues-aus-der-naturpark-schule\/","url":"https:\/\/www.naturparkmagazin.de\/am-stettiner-haff\/neues-aus-der-naturpark-schule\/","name":"Neues aus der Naturpark - Schule - Naturpark Am Stettiner Haff","isPartOf":{"@id":"https:\/\/www.naturparkmagazin.de\/am-stettiner-haff\/#website"},"datePublished":"2015-10-21T14:23:10+00:00","dateModified":"2015-10-26T13:09:36+00:00","author":{"@id":"https:\/\/www.naturparkmagazin.de\/am-stettiner-haff\/#\/schema\/person\/4a7208080dbbfb024d81129b7960c725"},"breadcrumb":{"@id":"https:\/\/www.naturparkmagazin.de\/am-stettiner-haff\/neues-aus-der-naturpark-schule\/#breadcrumb"},"inLanguage":"de","potentialAction":[{"@type":"ReadAction","target":["https:\/\/www.naturparkmagazin.de\/am-stettiner-haff\/neues-aus-der-naturpark-schule\/"]}]},{"@type":"BreadcrumbList","@id":"https:\/\/www.naturparkmagazin.de\/am-stettiner-haff\/neues-aus-der-naturpark-schule\/#breadcrumb","itemListElement":[{"@type":"ListItem","position":1,"name":"Home","item":"https:\/\/www.naturparkmagazin.de\/am-stettiner-haff\/"},{"@type":"ListItem","position":2,"name":"Neues aus der Naturpark &#8211; Schule"}]},{"@type":"WebSite","@id":"https:\/\/www.naturparkmagazin.de\/am-stettiner-haff\/#website","url":"https:\/\/www.naturparkmagazin.de\/am-stettiner-haff\/","name":"Naturpark Am Stettiner Haff","description":"","potentialAction":[{"@type":"SearchAction","target":{"@type":"EntryPoint","urlTemplate":"https:\/\/www.naturparkmagazin.de\/am-stettiner-haff\/?s={search_term_string}"},"query-input":"required name=search_term_string"}],"inLanguage":"de"},{"@type":"Person","@id":"https:\/\/www.naturparkmagazin.de\/am-stettiner-haff\/#\/schema\/person\/4a7208080dbbfb024d81129b7960c725","name":"Jochen Elberskirch","sameAs":["http:\/\/www.naturpark-am-stettiner-haff.de"],"url":"https:\/\/www.naturparkmagazin.de\/am-stettiner-haff\/author\/jochenelberskirch\/"}]}},"_links":{"self":[{"href":"https:\/\/www.naturparkmagazin.de\/am-stettiner-haff\/wp-json\/wp\/v2\/posts\/1509"}],"collection":[{"href":"https:\/\/www.naturparkmagazin.de\/am-stettiner-haff\/wp-json\/wp\/v2\/posts"}],"about":[{"href":"https:\/\/www.naturparkmagazin.de\/am-stettiner-haff\/wp-json\/wp\/v2\/types\/post"}],"author":[{"embeddable":true,"href":"https:\/\/www.naturparkmagazin.de\/am-stettiner-haff\/wp-json\/wp\/v2\/users\/26"}],"replies":[{"embeddable":true,"href":"https:\/\/www.naturparkmagazin.de\/am-stettiner-haff\/wp-json\/wp\/v2\/comments?post=1509"}],"version-history":[{"count":8,"href":"https:\/\/www.naturparkmagazin.de\/am-stettiner-haff\/wp-json\/wp\/v2\/posts\/1509\/revisions"}],"predecessor-version":[{"id":1540,"href":"https:\/\/www.naturparkmagazin.de\/am-stettiner-haff\/wp-json\/wp\/v2\/posts\/1509\/revisions\/1540"}],"wp:featuredmedia":[{"embeddable":true,"href":"https:\/\/www.naturparkmagazin.de\/am-stettiner-haff\/wp-json\/wp\/v2\/media\/1550"}],"wp:attachment":[{"href":"https:\/\/www.naturparkmagazin.de\/am-stettiner-haff\/wp-json\/wp\/v2\/media?parent=1509"}],"wp:term":[{"taxonomy":"category","embeddable":true,"href":"https:\/\/www.naturparkmagazin.de\/am-stettiner-haff\/wp-json\/wp\/v2\/categories?post=1509"},{"taxonomy":"post_tag","embeddable":true,"href":"https:\/\/www.naturparkmagazin.de\/am-stettiner-haff\/wp-json\/wp\/v2\/tags?post=1509"}],"curies":[{"name":"wp","href":"https:\/\/api.w.org\/{rel}","templated":true}]}}