{"id":1557,"date":"2015-11-18T15:30:39","date_gmt":"2015-11-18T14:30:39","guid":{"rendered":"http:\/\/www.naturparkmagazin.de\/am-stettiner-haff\/?p=1557"},"modified":"2015-11-24T14:12:15","modified_gmt":"2015-11-24T13:12:15","slug":"auf-der-suche-nach-nordischen-wintergaesten","status":"publish","type":"post","link":"https:\/\/www.naturparkmagazin.de\/am-stettiner-haff\/auf-der-suche-nach-nordischen-wintergaesten\/","title":{"rendered":"Auf der Suche nach nordischen Winterg\u00e4sten"},"content":{"rendered":"<p>Auch wenn es der November bislang recht gut\u00a0mit uns meinte, zumindest was die Temperaturen anbelangt geht es doch nun immer z\u00fcgiger auf den Winter zu. Ein sicheres Indiz hierf\u00fcr sind die inzwischen wieder bei uns eingetroffenen nordischen Winterg\u00e4ste. Sicher denken jetzt viele von Ihnen an Singschw\u00e4ne und nordische Wildg\u00e4nse. Aber auch kleinere Vogelarten ziehen es vor in unseren Breiten zu \u00fcberwintern.<\/p>\n<p>&nbsp;<\/p>\n<div id=\"attachment_1561\" style=\"width: 630px\" class=\"wp-caption aligncenter\"><a href=\"https:\/\/www.naturparkmagazin.de\/am-stettiner-haff\/wp-content\/uploads\/sites\/29\/Wasseramsel01.jpg\"><img aria-describedby=\"caption-attachment-1561\" decoding=\"async\" loading=\"lazy\" class=\"size-medium wp-image-1561\" src=\"https:\/\/www.naturparkmagazin.de\/am-stettiner-haff\/wp-content\/uploads\/sites\/29\/Wasseramsel01-620x400.jpg\" alt=\"Wasseramsel bei der Nahrungsaufnahme (Foto: Naturpark-Archiv)\" width=\"620\" height=\"400\" srcset=\"https:\/\/www.naturparkmagazin.de\/am-stettiner-haff\/wp-content\/uploads\/sites\/29\/Wasseramsel01-620x400.jpg 620w, https:\/\/www.naturparkmagazin.de\/am-stettiner-haff\/wp-content\/uploads\/sites\/29\/Wasseramsel01-300x194.jpg 300w, https:\/\/www.naturparkmagazin.de\/am-stettiner-haff\/wp-content\/uploads\/sites\/29\/Wasseramsel01-200x129.jpg 200w, https:\/\/www.naturparkmagazin.de\/am-stettiner-haff\/wp-content\/uploads\/sites\/29\/Wasseramsel01.jpg 640w\" sizes=\"(max-width: 620px) 100vw, 620px\" \/><\/a><p id=\"caption-attachment-1561\" class=\"wp-caption-text\">Wasseramsel bei der Nahrungsaufnahme (Foto: Naturpark-Archiv)<\/p><\/div>\n<p>Eine diese Arten ist die Wasseramsel. Sie kann mit etwas Gl\u00fcck an exponierten Stellen (Fischtreppen, Wehre, Br\u00fcckenbauwerke) unserer Gew\u00e4sserl\u00e4ufe beobachtet werden. Der etwa starengro\u00dfe Vogel mit dem dunklen Gefieder und dem wei\u00dfen Kehl-, Brust- und Bauchbereich ist\u00a0meist an str\u00f6mungsreichen Stellen auf Nahrungssuche. Um mehr \u00fcber die Lebensweise und das Zugverhalten der Wasseramseln herauszufinden, werden die Winterg\u00e4ste durch Ornithologen gefangen, vermessen und mit Farbringen sowie einem Ring der Vogelwart versehen. Mit\u00a0Hilfe des Farbringes k\u00f6nnen die so markierten V\u00f6gel bei erneuten\u00a0Beobachtungen\u00a0\u00a0durch das Ablesen des\u00a0Farbringes\u00a0eindeutig\u00a0identifiziert werden, ohne dass diese noch einmal gefangen werden m\u00fcssen.<\/p>\n<p>Die erste Wasseramsel in diesem Jahr\u00a0ist dem ehrenamtlichen Natursch\u00fctzer und Ornithologen Frank Joisten in Torgelow ins Netz gegangen.\u00a0Unterst\u00fctzt wurde er beim Fangen\u00a0durch den Naturw\u00e4chter J\u00fcrgen Henke.\u00a0Nun bleibt abzuwarten ob und wieviele dieser ersten folgen. Gerne nimmt der Naturpark Informationen zu Beobachtungen dieser Vogelart entgegen (Kontaktdaten- siehe unten).<\/p>\n<div id=\"attachment_1562\" style=\"width: 630px\" class=\"wp-caption aligncenter\"><a href=\"https:\/\/www.naturparkmagazin.de\/am-stettiner-haff\/wp-content\/uploads\/sites\/29\/Wasseramsel03.jpg\"><img aria-describedby=\"caption-attachment-1562\" decoding=\"async\" loading=\"lazy\" class=\"size-medium wp-image-1562\" src=\"https:\/\/www.naturparkmagazin.de\/am-stettiner-haff\/wp-content\/uploads\/sites\/29\/Wasseramsel03-620x465.jpg\" alt=\"Beringte Wasseramsel (Foto: Naturpark-Archiv)\" width=\"620\" height=\"465\" srcset=\"https:\/\/www.naturparkmagazin.de\/am-stettiner-haff\/wp-content\/uploads\/sites\/29\/Wasseramsel03-620x465.jpg 620w, https:\/\/www.naturparkmagazin.de\/am-stettiner-haff\/wp-content\/uploads\/sites\/29\/Wasseramsel03-300x225.jpg 300w, https:\/\/www.naturparkmagazin.de\/am-stettiner-haff\/wp-content\/uploads\/sites\/29\/Wasseramsel03-580x435.jpg 580w, https:\/\/www.naturparkmagazin.de\/am-stettiner-haff\/wp-content\/uploads\/sites\/29\/Wasseramsel03-420x315.jpg 420w, https:\/\/www.naturparkmagazin.de\/am-stettiner-haff\/wp-content\/uploads\/sites\/29\/Wasseramsel03-180x135.jpg 180w, https:\/\/www.naturparkmagazin.de\/am-stettiner-haff\/wp-content\/uploads\/sites\/29\/Wasseramsel03-95x71.jpg 95w, https:\/\/www.naturparkmagazin.de\/am-stettiner-haff\/wp-content\/uploads\/sites\/29\/Wasseramsel03-200x150.jpg 200w, https:\/\/www.naturparkmagazin.de\/am-stettiner-haff\/wp-content\/uploads\/sites\/29\/Wasseramsel03.jpg 640w\" sizes=\"(max-width: 620px) 100vw, 620px\" \/><\/a><p id=\"caption-attachment-1562\" class=\"wp-caption-text\">Beringte Wasseramsel (Foto: Naturpark-Archiv)<\/p><\/div>\n","protected":false},"excerpt":{"rendered":"<p>Auch wenn es der November bislang recht gut mit uns meinte, zumindest was die Temperaturen anbelangt geht es doch nun immer z\u00fcgiger auf den Winter zu. <\/p>\n","protected":false},"author":26,"featured_media":1560,"comment_status":"open","ping_status":"open","sticky":false,"template":"","format":"standard","meta":[],"categories":[7],"tags":[],"yoast_head":"<!-- This site is optimized with the Yoast SEO plugin v19.10 - https:\/\/yoast.com\/wordpress\/plugins\/seo\/ -->\n<title>Auf der Suche nach nordischen Winterg\u00e4sten - Naturpark Am Stettiner Haff<\/title>\n<meta name=\"robots\" content=\"index, follow, max-snippet:-1, max-image-preview:large, max-video-preview:-1\" \/>\n<link rel=\"canonical\" href=\"https:\/\/www.naturparkmagazin.de\/am-stettiner-haff\/auf-der-suche-nach-nordischen-wintergaesten\/\" \/>\n<meta property=\"og:locale\" content=\"de_DE\" \/>\n<meta property=\"og:type\" content=\"article\" \/>\n<meta property=\"og:title\" content=\"Auf der Suche nach nordischen Winterg\u00e4sten - Naturpark Am Stettiner Haff\" \/>\n<meta property=\"og:description\" content=\"Auch wenn es der November bislang recht gut mit uns meinte, zumindest was die Temperaturen anbelangt geht es doch nun immer z\u00fcgiger auf den Winter zu.\" \/>\n<meta property=\"og:url\" content=\"https:\/\/www.naturparkmagazin.de\/am-stettiner-haff\/auf-der-suche-nach-nordischen-wintergaesten\/\" \/>\n<meta property=\"og:site_name\" content=\"Naturpark Am Stettiner Haff\" \/>\n<meta property=\"article:published_time\" content=\"2015-11-18T14:30:39+00:00\" \/>\n<meta property=\"article:modified_time\" content=\"2015-11-24T13:12:15+00:00\" \/>\n<meta property=\"og:image\" content=\"https:\/\/www.naturparkmagazin.de\/am-stettiner-haff\/wp-content\/uploads\/sites\/29\/Wasseramsel.jpg\" \/>\n\t<meta property=\"og:image:width\" content=\"640\" \/>\n\t<meta property=\"og:image:height\" content=\"480\" \/>\n\t<meta property=\"og:image:type\" content=\"image\/jpeg\" \/>\n<meta name=\"author\" content=\"Jochen Elberskirch\" \/>\n<meta name=\"twitter:label1\" content=\"Verfasst von\" \/>\n\t<meta name=\"twitter:data1\" content=\"Jochen Elberskirch\" \/>\n\t<meta name=\"twitter:label2\" content=\"Gesch\u00e4tzte Lesezeit\" \/>\n\t<meta name=\"twitter:data2\" content=\"1\u00a0Minute\" \/>\n<script type=\"application\/ld+json\" class=\"yoast-schema-graph\">{\"@context\":\"https:\/\/schema.org\",\"@graph\":[{\"@type\":\"WebPage\",\"@id\":\"https:\/\/www.naturparkmagazin.de\/am-stettiner-haff\/auf-der-suche-nach-nordischen-wintergaesten\/\",\"url\":\"https:\/\/www.naturparkmagazin.de\/am-stettiner-haff\/auf-der-suche-nach-nordischen-wintergaesten\/\",\"name\":\"Auf der Suche nach nordischen Winterg\u00e4sten - Naturpark Am Stettiner Haff\",\"isPartOf\":{\"@id\":\"https:\/\/www.naturparkmagazin.de\/am-stettiner-haff\/#website\"},\"datePublished\":\"2015-11-18T14:30:39+00:00\",\"dateModified\":\"2015-11-24T13:12:15+00:00\",\"author\":{\"@id\":\"https:\/\/www.naturparkmagazin.de\/am-stettiner-haff\/#\/schema\/person\/4a7208080dbbfb024d81129b7960c725\"},\"breadcrumb\":{\"@id\":\"https:\/\/www.naturparkmagazin.de\/am-stettiner-haff\/auf-der-suche-nach-nordischen-wintergaesten\/#breadcrumb\"},\"inLanguage\":\"de\",\"potentialAction\":[{\"@type\":\"ReadAction\",\"target\":[\"https:\/\/www.naturparkmagazin.de\/am-stettiner-haff\/auf-der-suche-nach-nordischen-wintergaesten\/\"]}]},{\"@type\":\"BreadcrumbList\",\"@id\":\"https:\/\/www.naturparkmagazin.de\/am-stettiner-haff\/auf-der-suche-nach-nordischen-wintergaesten\/#breadcrumb\",\"itemListElement\":[{\"@type\":\"ListItem\",\"position\":1,\"name\":\"Home\",\"item\":\"https:\/\/www.naturparkmagazin.de\/am-stettiner-haff\/\"},{\"@type\":\"ListItem\",\"position\":2,\"name\":\"Auf der Suche nach nordischen Winterg\u00e4sten\"}]},{\"@type\":\"WebSite\",\"@id\":\"https:\/\/www.naturparkmagazin.de\/am-stettiner-haff\/#website\",\"url\":\"https:\/\/www.naturparkmagazin.de\/am-stettiner-haff\/\",\"name\":\"Naturpark Am Stettiner Haff\",\"description\":\"\",\"potentialAction\":[{\"@type\":\"SearchAction\",\"target\":{\"@type\":\"EntryPoint\",\"urlTemplate\":\"https:\/\/www.naturparkmagazin.de\/am-stettiner-haff\/?s={search_term_string}\"},\"query-input\":\"required name=search_term_string\"}],\"inLanguage\":\"de\"},{\"@type\":\"Person\",\"@id\":\"https:\/\/www.naturparkmagazin.de\/am-stettiner-haff\/#\/schema\/person\/4a7208080dbbfb024d81129b7960c725\",\"name\":\"Jochen Elberskirch\",\"sameAs\":[\"http:\/\/www.naturpark-am-stettiner-haff.de\"],\"url\":\"https:\/\/www.naturparkmagazin.de\/am-stettiner-haff\/author\/jochenelberskirch\/\"}]}<\/script>\n<!-- \/ Yoast SEO plugin. -->","yoast_head_json":{"title":"Auf der Suche nach nordischen Winterg\u00e4sten - Naturpark Am Stettiner Haff","robots":{"index":"index","follow":"follow","max-snippet":"max-snippet:-1","max-image-preview":"max-image-preview:large","max-video-preview":"max-video-preview:-1"},"canonical":"https:\/\/www.naturparkmagazin.de\/am-stettiner-haff\/auf-der-suche-nach-nordischen-wintergaesten\/","og_locale":"de_DE","og_type":"article","og_title":"Auf der Suche nach nordischen Winterg\u00e4sten - Naturpark Am Stettiner Haff","og_description":"Auch wenn es der November bislang recht gut mit uns meinte, zumindest was die Temperaturen anbelangt geht es doch nun immer z\u00fcgiger auf den Winter zu.","og_url":"https:\/\/www.naturparkmagazin.de\/am-stettiner-haff\/auf-der-suche-nach-nordischen-wintergaesten\/","og_site_name":"Naturpark Am Stettiner Haff","article_published_time":"2015-11-18T14:30:39+00:00","article_modified_time":"2015-11-24T13:12:15+00:00","og_image":[{"width":640,"height":480,"url":"https:\/\/www.naturparkmagazin.de\/am-stettiner-haff\/wp-content\/uploads\/sites\/29\/Wasseramsel.jpg","type":"image\/jpeg"}],"author":"Jochen Elberskirch","twitter_misc":{"Verfasst von":"Jochen Elberskirch","Gesch\u00e4tzte Lesezeit":"1\u00a0Minute"},"schema":{"@context":"https:\/\/schema.org","@graph":[{"@type":"WebPage","@id":"https:\/\/www.naturparkmagazin.de\/am-stettiner-haff\/auf-der-suche-nach-nordischen-wintergaesten\/","url":"https:\/\/www.naturparkmagazin.de\/am-stettiner-haff\/auf-der-suche-nach-nordischen-wintergaesten\/","name":"Auf der Suche nach nordischen Winterg\u00e4sten - Naturpark Am Stettiner Haff","isPartOf":{"@id":"https:\/\/www.naturparkmagazin.de\/am-stettiner-haff\/#website"},"datePublished":"2015-11-18T14:30:39+00:00","dateModified":"2015-11-24T13:12:15+00:00","author":{"@id":"https:\/\/www.naturparkmagazin.de\/am-stettiner-haff\/#\/schema\/person\/4a7208080dbbfb024d81129b7960c725"},"breadcrumb":{"@id":"https:\/\/www.naturparkmagazin.de\/am-stettiner-haff\/auf-der-suche-nach-nordischen-wintergaesten\/#breadcrumb"},"inLanguage":"de","potentialAction":[{"@type":"ReadAction","target":["https:\/\/www.naturparkmagazin.de\/am-stettiner-haff\/auf-der-suche-nach-nordischen-wintergaesten\/"]}]},{"@type":"BreadcrumbList","@id":"https:\/\/www.naturparkmagazin.de\/am-stettiner-haff\/auf-der-suche-nach-nordischen-wintergaesten\/#breadcrumb","itemListElement":[{"@type":"ListItem","position":1,"name":"Home","item":"https:\/\/www.naturparkmagazin.de\/am-stettiner-haff\/"},{"@type":"ListItem","position":2,"name":"Auf der Suche nach nordischen Winterg\u00e4sten"}]},{"@type":"WebSite","@id":"https:\/\/www.naturparkmagazin.de\/am-stettiner-haff\/#website","url":"https:\/\/www.naturparkmagazin.de\/am-stettiner-haff\/","name":"Naturpark Am Stettiner Haff","description":"","potentialAction":[{"@type":"SearchAction","target":{"@type":"EntryPoint","urlTemplate":"https:\/\/www.naturparkmagazin.de\/am-stettiner-haff\/?s={search_term_string}"},"query-input":"required name=search_term_string"}],"inLanguage":"de"},{"@type":"Person","@id":"https:\/\/www.naturparkmagazin.de\/am-stettiner-haff\/#\/schema\/person\/4a7208080dbbfb024d81129b7960c725","name":"Jochen Elberskirch","sameAs":["http:\/\/www.naturpark-am-stettiner-haff.de"],"url":"https:\/\/www.naturparkmagazin.de\/am-stettiner-haff\/author\/jochenelberskirch\/"}]}},"_links":{"self":[{"href":"https:\/\/www.naturparkmagazin.de\/am-stettiner-haff\/wp-json\/wp\/v2\/posts\/1557"}],"collection":[{"href":"https:\/\/www.naturparkmagazin.de\/am-stettiner-haff\/wp-json\/wp\/v2\/posts"}],"about":[{"href":"https:\/\/www.naturparkmagazin.de\/am-stettiner-haff\/wp-json\/wp\/v2\/types\/post"}],"author":[{"embeddable":true,"href":"https:\/\/www.naturparkmagazin.de\/am-stettiner-haff\/wp-json\/wp\/v2\/users\/26"}],"replies":[{"embeddable":true,"href":"https:\/\/www.naturparkmagazin.de\/am-stettiner-haff\/wp-json\/wp\/v2\/comments?post=1557"}],"version-history":[{"count":7,"href":"https:\/\/www.naturparkmagazin.de\/am-stettiner-haff\/wp-json\/wp\/v2\/posts\/1557\/revisions"}],"predecessor-version":[{"id":1612,"href":"https:\/\/www.naturparkmagazin.de\/am-stettiner-haff\/wp-json\/wp\/v2\/posts\/1557\/revisions\/1612"}],"wp:featuredmedia":[{"embeddable":true,"href":"https:\/\/www.naturparkmagazin.de\/am-stettiner-haff\/wp-json\/wp\/v2\/media\/1560"}],"wp:attachment":[{"href":"https:\/\/www.naturparkmagazin.de\/am-stettiner-haff\/wp-json\/wp\/v2\/media?parent=1557"}],"wp:term":[{"taxonomy":"category","embeddable":true,"href":"https:\/\/www.naturparkmagazin.de\/am-stettiner-haff\/wp-json\/wp\/v2\/categories?post=1557"},{"taxonomy":"post_tag","embeddable":true,"href":"https:\/\/www.naturparkmagazin.de\/am-stettiner-haff\/wp-json\/wp\/v2\/tags?post=1557"}],"curies":[{"name":"wp","href":"https:\/\/api.w.org\/{rel}","templated":true}]}}