{"id":1575,"date":"2015-11-18T15:55:31","date_gmt":"2015-11-18T14:55:31","guid":{"rendered":"http:\/\/www.naturparkmagazin.de\/am-stettiner-haff\/?p=1575"},"modified":"2015-11-18T11:51:33","modified_gmt":"2015-11-18T10:51:33","slug":"weihnachtliches-in-der-naturparkregion","status":"publish","type":"post","link":"https:\/\/www.naturparkmagazin.de\/am-stettiner-haff\/weihnachtliches-in-der-naturparkregion\/","title":{"rendered":"Weihnachtliches in der Naturparkregion"},"content":{"rendered":"<div id=\"attachment_558\" style=\"width: 630px\" class=\"wp-caption aligncenter\"><a href=\"https:\/\/www.naturparkmagazin.de\/am-stettiner-haff\/wp-content\/uploads\/sites\/29\/Der-Weihnachtsmann-beim-Brennholztag-in-Eggesin.jpg\"><img aria-describedby=\"caption-attachment-558\" decoding=\"async\" loading=\"lazy\" class=\"size-medium wp-image-558\" src=\"https:\/\/www.naturparkmagazin.de\/am-stettiner-haff\/wp-content\/uploads\/sites\/29\/Der-Weihnachtsmann-beim-Brennholztag-in-Eggesin-620x412.jpg\" alt=\"Der Weihnachtsmann beim Brennholztag in Eggesin (Foto: Christine Zentgraf)\" width=\"620\" height=\"412\" srcset=\"https:\/\/www.naturparkmagazin.de\/am-stettiner-haff\/wp-content\/uploads\/sites\/29\/Der-Weihnachtsmann-beim-Brennholztag-in-Eggesin-620x412.jpg 620w, https:\/\/www.naturparkmagazin.de\/am-stettiner-haff\/wp-content\/uploads\/sites\/29\/Der-Weihnachtsmann-beim-Brennholztag-in-Eggesin-300x199.jpg 300w, https:\/\/www.naturparkmagazin.de\/am-stettiner-haff\/wp-content\/uploads\/sites\/29\/Der-Weihnachtsmann-beim-Brennholztag-in-Eggesin-940x625.jpg 940w, https:\/\/www.naturparkmagazin.de\/am-stettiner-haff\/wp-content\/uploads\/sites\/29\/Der-Weihnachtsmann-beim-Brennholztag-in-Eggesin-670x445.jpg 670w, https:\/\/www.naturparkmagazin.de\/am-stettiner-haff\/wp-content\/uploads\/sites\/29\/Der-Weihnachtsmann-beim-Brennholztag-in-Eggesin-200x133.jpg 200w, https:\/\/www.naturparkmagazin.de\/am-stettiner-haff\/wp-content\/uploads\/sites\/29\/Der-Weihnachtsmann-beim-Brennholztag-in-Eggesin.jpg 1504w\" sizes=\"(max-width: 620px) 100vw, 620px\" \/><\/a><p id=\"caption-attachment-558\" class=\"wp-caption-text\">Der Weihnachtsmann beim Brennholztag in Eggesin (Foto: Christine Zentgraf)<\/p><\/div>\n<p>Wie auch in den vorangegangenen Jahren m\u00f6chten wir an dieser Stelle auf Weihnachtsm\u00e4rkt und andere Weihnachtsaktivit\u00e4ten in der Naturparkregion hinweisen.<\/p>\n<ul>\n<li>22. und 28. November 2015, ab 14:00 Uhr\u00a0 &#8211; Adventsmarkt Ferdinandshof (am Brandstall)<\/li>\n<li>27. November 2015, 18:30 Uhr &#8211; Weihnachtskonzert in der L\u00f6cknitzer Kirche<\/li>\n<li>28. November 2015, ab 14:00 Uhr &#8211; Adventsmarkt an der Burg in L\u00f6cknitz<\/li>\n<li>28. November 2015\u00a0&#8211; <a title=\"Brennholzfest Eggesin mit Kreativmarkt der Jugendkunstschule\" href=\"http:\/\/www.eggesin.de\/aktuell\/veranstaltung\/veranstaltung-einzelansicht\/datum\/2015\/11\/28\/brennholzfest-eggesin\/\">Brennholzfest in Eggesin mit Kreativmarkt der Jugendkunstschule<\/a><\/li>\n<li>28. November 2015\u00a0 &#8211; Adventsausstellung im K\u00fcsterh\u00e4uschen Blankensee<\/li>\n<li>29. November 2015 &#8211; Weihnachtsmarkt in Meiersberg<\/li>\n<li>3. Dezember 2015 &#8211; Das etwas andere Weihnachtskonzert in Luckow <a title=\"Ein Konzert f\u00fcr das Luckower Feuerwehrauto\" href=\"http:\/\/www.eggesin.de\/aktuell\/veranstaltung\/veranstaltung-einzelansicht\/datum\/2015\/12\/03\/ein-konzert-fuer-das-luckower-feuerwehrauto\/\">\u00a0&#8211; in Konzert f\u00fcr das Luckower Feuerwehrauto<\/a><\/li>\n<li>5. Dezember 2015 &#8211; Weihnachtsmarkt\u00a0in Liepgarten<\/li>\n<li>5. Dezember 2015 &#8211; Weihnachtliches im <a title=\"Adventsdorf in Rieth\" href=\"http:\/\/www.eggesin.de\/aktuell\/veranstaltung\/veranstaltung-einzelansicht\/datum\/2015\/12\/05\/adventsdorf-in-rieth\/\">Adventsdorf in Rieth<\/a><\/li>\n<li>5. und 6. Dezember 2015 &#8211; Weihnachtsmarkt\u00a0in Torgelow<\/li>\n<li>10. Dezember 2015 &#8211; Weihnachtskonzert mit der Kreismusikschule in Blumenthal (Dorfkirche)<\/li>\n<li>11. Dezember 2015 &#8211; <a title=\"Weihnachtsfeier in Ahlbeck\" href=\"http:\/\/www.eggesin.de\/aktuell\/veranstaltung\/veranstaltung-einzelansicht\/datum\/2015\/12\/11\/weihnachtsfeier-in-ahlbeck\/\">Weihnachtsfeier in Ahlbeck<\/a><\/li>\n<li>12. Dezember 2015 &#8211; Weihnachtsmarkt in Altwarp<\/li>\n<li>12. und 13. Dezember 2015 Weihnachtsmarkt in Pasewalk<\/li>\n<li>13. Dezember 2015, 15:00 Uhr &#8211; <a title=\"Weihnachtssingen in der Motorm\u00fchle L\u00fcbs \u2013 Beginn 15:00 Uhr\" href=\"http:\/\/www.eggesin.de\/aktuell\/veranstaltung\/veranstaltung-einzelansicht\/datum\/2015\/12\/13\/weihnachtssingen-in-der-motormuehle-luebs-beginn-1500-uhr\/\">Weihnachtssingen in der Motorm\u00fchle L\u00fcbs\u00a0<\/a><\/li>\n<li>15. und 16. Dezember 2015, 19:00 Uhr &#8211; <a title=\"Weihnachtskonzert Martin-Luther Kirche Eggesin 15. und 16.12.15\" href=\"http:\/\/www.eggesin.de\/aktuell\/veranstaltung\/veranstaltung-einzelansicht\/datum\/2015\/12\/15\/weihnachtskonzert-martin-luther-kirche-eggesin-151215-und-161215\/\">Weihnachtskonzert Martin-Luther Kirche Eggesin <\/a><\/li>\n<li>17. Dezember 2015 &#8211; <a title=\"Schul- und Adventsfest Regionale Schule Eggesin\" href=\"http:\/\/www.eggesin.de\/aktuell\/veranstaltung\/veranstaltung-einzelansicht\/datum\/2015\/12\/17\/schul-und-adventsfest-regionale-schule-eggesin\/\">Schul- und Adventsfest Regionale Schule Eggesin<\/a><\/li>\n<li>18. Dezember 2015, 19:00 Uhr &#8211; Bl\u00e4sermusik im Kerzenschein mit Martin Huss (Landesposaunenwart) in der Christuskirche Torgelow<\/li>\n<li>19. Dezember 2015 &#8211; Weihnachtsmarkt in M\u00f6nkebude<\/li>\n<li>19. und 20. Dezember 2015 &#8211; Weihnachtsmarkt in Ueckerm\u00fcnde<\/li>\n<li>20. Dezember 2015 &#8211; Weihnachtsmarkt in Blumenthal ( Gel\u00e4nde des Sch\u00fctzenvereins)<\/li>\n<\/ul>\n","protected":false},"excerpt":{"rendered":"<p>Wie auch in den vorangegangenen Jahren m\u00f6chten wir an dieser Stelle auf Weihnachtsm\u00e4rkt und andere Weihnachtsaktivit\u00e4ten in der Naturparkregion hinweisen. <\/p>\n","protected":false},"author":26,"featured_media":558,"comment_status":"open","ping_status":"open","sticky":false,"template":"","format":"standard","meta":[],"categories":[11],"tags":[],"yoast_head":"<!-- This site is optimized with the Yoast SEO plugin v19.10 - https:\/\/yoast.com\/wordpress\/plugins\/seo\/ -->\n<title>Weihnachtliches in der Naturparkregion - Naturpark Am Stettiner Haff<\/title>\n<meta name=\"robots\" content=\"index, follow, max-snippet:-1, max-image-preview:large, max-video-preview:-1\" \/>\n<link rel=\"canonical\" href=\"https:\/\/www.naturparkmagazin.de\/am-stettiner-haff\/weihnachtliches-in-der-naturparkregion\/\" \/>\n<meta property=\"og:locale\" content=\"de_DE\" \/>\n<meta property=\"og:type\" content=\"article\" \/>\n<meta property=\"og:title\" content=\"Weihnachtliches in der Naturparkregion - Naturpark Am Stettiner Haff\" \/>\n<meta property=\"og:description\" content=\"Wie auch in den vorangegangenen Jahren m\u00f6chten wir an dieser Stelle auf Weihnachtsm\u00e4rkt und andere Weihnachtsaktivit\u00e4ten in der Naturparkregion hinweisen.\" \/>\n<meta property=\"og:url\" content=\"https:\/\/www.naturparkmagazin.de\/am-stettiner-haff\/weihnachtliches-in-der-naturparkregion\/\" \/>\n<meta property=\"og:site_name\" content=\"Naturpark Am Stettiner Haff\" \/>\n<meta property=\"article:published_time\" content=\"2015-11-18T14:55:31+00:00\" \/>\n<meta property=\"article:modified_time\" content=\"2015-11-18T10:51:33+00:00\" \/>\n<meta property=\"og:image\" content=\"https:\/\/www.naturparkmagazin.de\/am-stettiner-haff\/wp-content\/uploads\/sites\/29\/Der-Weihnachtsmann-beim-Brennholztag-in-Eggesin.jpg\" \/>\n\t<meta property=\"og:image:width\" content=\"1504\" \/>\n\t<meta property=\"og:image:height\" content=\"1000\" \/>\n\t<meta property=\"og:image:type\" content=\"image\/jpeg\" \/>\n<meta name=\"author\" content=\"Jochen Elberskirch\" \/>\n<meta name=\"twitter:label1\" content=\"Verfasst von\" \/>\n\t<meta name=\"twitter:data1\" content=\"Jochen Elberskirch\" \/>\n\t<meta name=\"twitter:label2\" content=\"Gesch\u00e4tzte Lesezeit\" \/>\n\t<meta name=\"twitter:data2\" content=\"1\u00a0Minute\" \/>\n<script type=\"application\/ld+json\" class=\"yoast-schema-graph\">{\"@context\":\"https:\/\/schema.org\",\"@graph\":[{\"@type\":\"WebPage\",\"@id\":\"https:\/\/www.naturparkmagazin.de\/am-stettiner-haff\/weihnachtliches-in-der-naturparkregion\/\",\"url\":\"https:\/\/www.naturparkmagazin.de\/am-stettiner-haff\/weihnachtliches-in-der-naturparkregion\/\",\"name\":\"Weihnachtliches in der Naturparkregion - Naturpark Am Stettiner Haff\",\"isPartOf\":{\"@id\":\"https:\/\/www.naturparkmagazin.de\/am-stettiner-haff\/#website\"},\"datePublished\":\"2015-11-18T14:55:31+00:00\",\"dateModified\":\"2015-11-18T10:51:33+00:00\",\"author\":{\"@id\":\"https:\/\/www.naturparkmagazin.de\/am-stettiner-haff\/#\/schema\/person\/4a7208080dbbfb024d81129b7960c725\"},\"breadcrumb\":{\"@id\":\"https:\/\/www.naturparkmagazin.de\/am-stettiner-haff\/weihnachtliches-in-der-naturparkregion\/#breadcrumb\"},\"inLanguage\":\"de\",\"potentialAction\":[{\"@type\":\"ReadAction\",\"target\":[\"https:\/\/www.naturparkmagazin.de\/am-stettiner-haff\/weihnachtliches-in-der-naturparkregion\/\"]}]},{\"@type\":\"BreadcrumbList\",\"@id\":\"https:\/\/www.naturparkmagazin.de\/am-stettiner-haff\/weihnachtliches-in-der-naturparkregion\/#breadcrumb\",\"itemListElement\":[{\"@type\":\"ListItem\",\"position\":1,\"name\":\"Home\",\"item\":\"https:\/\/www.naturparkmagazin.de\/am-stettiner-haff\/\"},{\"@type\":\"ListItem\",\"position\":2,\"name\":\"Weihnachtliches in der Naturparkregion\"}]},{\"@type\":\"WebSite\",\"@id\":\"https:\/\/www.naturparkmagazin.de\/am-stettiner-haff\/#website\",\"url\":\"https:\/\/www.naturparkmagazin.de\/am-stettiner-haff\/\",\"name\":\"Naturpark Am Stettiner Haff\",\"description\":\"\",\"potentialAction\":[{\"@type\":\"SearchAction\",\"target\":{\"@type\":\"EntryPoint\",\"urlTemplate\":\"https:\/\/www.naturparkmagazin.de\/am-stettiner-haff\/?s={search_term_string}\"},\"query-input\":\"required name=search_term_string\"}],\"inLanguage\":\"de\"},{\"@type\":\"Person\",\"@id\":\"https:\/\/www.naturparkmagazin.de\/am-stettiner-haff\/#\/schema\/person\/4a7208080dbbfb024d81129b7960c725\",\"name\":\"Jochen Elberskirch\",\"sameAs\":[\"http:\/\/www.naturpark-am-stettiner-haff.de\"],\"url\":\"https:\/\/www.naturparkmagazin.de\/am-stettiner-haff\/author\/jochenelberskirch\/\"}]}<\/script>\n<!-- \/ Yoast SEO plugin. -->","yoast_head_json":{"title":"Weihnachtliches in der Naturparkregion - Naturpark Am Stettiner Haff","robots":{"index":"index","follow":"follow","max-snippet":"max-snippet:-1","max-image-preview":"max-image-preview:large","max-video-preview":"max-video-preview:-1"},"canonical":"https:\/\/www.naturparkmagazin.de\/am-stettiner-haff\/weihnachtliches-in-der-naturparkregion\/","og_locale":"de_DE","og_type":"article","og_title":"Weihnachtliches in der Naturparkregion - Naturpark Am Stettiner Haff","og_description":"Wie auch in den vorangegangenen Jahren m\u00f6chten wir an dieser Stelle auf Weihnachtsm\u00e4rkt und andere Weihnachtsaktivit\u00e4ten in der Naturparkregion hinweisen.","og_url":"https:\/\/www.naturparkmagazin.de\/am-stettiner-haff\/weihnachtliches-in-der-naturparkregion\/","og_site_name":"Naturpark Am Stettiner Haff","article_published_time":"2015-11-18T14:55:31+00:00","article_modified_time":"2015-11-18T10:51:33+00:00","og_image":[{"width":1504,"height":1000,"url":"https:\/\/www.naturparkmagazin.de\/am-stettiner-haff\/wp-content\/uploads\/sites\/29\/Der-Weihnachtsmann-beim-Brennholztag-in-Eggesin.jpg","type":"image\/jpeg"}],"author":"Jochen Elberskirch","twitter_misc":{"Verfasst von":"Jochen Elberskirch","Gesch\u00e4tzte Lesezeit":"1\u00a0Minute"},"schema":{"@context":"https:\/\/schema.org","@graph":[{"@type":"WebPage","@id":"https:\/\/www.naturparkmagazin.de\/am-stettiner-haff\/weihnachtliches-in-der-naturparkregion\/","url":"https:\/\/www.naturparkmagazin.de\/am-stettiner-haff\/weihnachtliches-in-der-naturparkregion\/","name":"Weihnachtliches in der Naturparkregion - Naturpark Am Stettiner Haff","isPartOf":{"@id":"https:\/\/www.naturparkmagazin.de\/am-stettiner-haff\/#website"},"datePublished":"2015-11-18T14:55:31+00:00","dateModified":"2015-11-18T10:51:33+00:00","author":{"@id":"https:\/\/www.naturparkmagazin.de\/am-stettiner-haff\/#\/schema\/person\/4a7208080dbbfb024d81129b7960c725"},"breadcrumb":{"@id":"https:\/\/www.naturparkmagazin.de\/am-stettiner-haff\/weihnachtliches-in-der-naturparkregion\/#breadcrumb"},"inLanguage":"de","potentialAction":[{"@type":"ReadAction","target":["https:\/\/www.naturparkmagazin.de\/am-stettiner-haff\/weihnachtliches-in-der-naturparkregion\/"]}]},{"@type":"BreadcrumbList","@id":"https:\/\/www.naturparkmagazin.de\/am-stettiner-haff\/weihnachtliches-in-der-naturparkregion\/#breadcrumb","itemListElement":[{"@type":"ListItem","position":1,"name":"Home","item":"https:\/\/www.naturparkmagazin.de\/am-stettiner-haff\/"},{"@type":"ListItem","position":2,"name":"Weihnachtliches in der Naturparkregion"}]},{"@type":"WebSite","@id":"https:\/\/www.naturparkmagazin.de\/am-stettiner-haff\/#website","url":"https:\/\/www.naturparkmagazin.de\/am-stettiner-haff\/","name":"Naturpark Am Stettiner Haff","description":"","potentialAction":[{"@type":"SearchAction","target":{"@type":"EntryPoint","urlTemplate":"https:\/\/www.naturparkmagazin.de\/am-stettiner-haff\/?s={search_term_string}"},"query-input":"required name=search_term_string"}],"inLanguage":"de"},{"@type":"Person","@id":"https:\/\/www.naturparkmagazin.de\/am-stettiner-haff\/#\/schema\/person\/4a7208080dbbfb024d81129b7960c725","name":"Jochen Elberskirch","sameAs":["http:\/\/www.naturpark-am-stettiner-haff.de"],"url":"https:\/\/www.naturparkmagazin.de\/am-stettiner-haff\/author\/jochenelberskirch\/"}]}},"_links":{"self":[{"href":"https:\/\/www.naturparkmagazin.de\/am-stettiner-haff\/wp-json\/wp\/v2\/posts\/1575"}],"collection":[{"href":"https:\/\/www.naturparkmagazin.de\/am-stettiner-haff\/wp-json\/wp\/v2\/posts"}],"about":[{"href":"https:\/\/www.naturparkmagazin.de\/am-stettiner-haff\/wp-json\/wp\/v2\/types\/post"}],"author":[{"embeddable":true,"href":"https:\/\/www.naturparkmagazin.de\/am-stettiner-haff\/wp-json\/wp\/v2\/users\/26"}],"replies":[{"embeddable":true,"href":"https:\/\/www.naturparkmagazin.de\/am-stettiner-haff\/wp-json\/wp\/v2\/comments?post=1575"}],"version-history":[{"count":9,"href":"https:\/\/www.naturparkmagazin.de\/am-stettiner-haff\/wp-json\/wp\/v2\/posts\/1575\/revisions"}],"predecessor-version":[{"id":1584,"href":"https:\/\/www.naturparkmagazin.de\/am-stettiner-haff\/wp-json\/wp\/v2\/posts\/1575\/revisions\/1584"}],"wp:featuredmedia":[{"embeddable":true,"href":"https:\/\/www.naturparkmagazin.de\/am-stettiner-haff\/wp-json\/wp\/v2\/media\/558"}],"wp:attachment":[{"href":"https:\/\/www.naturparkmagazin.de\/am-stettiner-haff\/wp-json\/wp\/v2\/media?parent=1575"}],"wp:term":[{"taxonomy":"category","embeddable":true,"href":"https:\/\/www.naturparkmagazin.de\/am-stettiner-haff\/wp-json\/wp\/v2\/categories?post=1575"},{"taxonomy":"post_tag","embeddable":true,"href":"https:\/\/www.naturparkmagazin.de\/am-stettiner-haff\/wp-json\/wp\/v2\/tags?post=1575"}],"curies":[{"name":"wp","href":"https:\/\/api.w.org\/{rel}","templated":true}]}}