{"id":1619,"date":"2015-12-18T12:16:01","date_gmt":"2015-12-18T11:16:01","guid":{"rendered":"http:\/\/www.naturparkmagazin.de\/am-stettiner-haff\/?p=1619"},"modified":"2015-12-28T11:55:52","modified_gmt":"2015-12-28T10:55:52","slug":"groesste-eulenart-im-naturpark-nachgewiesen","status":"publish","type":"post","link":"https:\/\/www.naturparkmagazin.de\/am-stettiner-haff\/groesste-eulenart-im-naturpark-nachgewiesen\/","title":{"rendered":"Gr\u00f6\u00dfte Eulenart im Naturpark nachgewiesen"},"content":{"rendered":"<div id=\"attachment_1638\" style=\"width: 510px\" class=\"wp-caption aligncenter\"><a href=\"https:\/\/www.naturparkmagazin.de\/am-stettiner-haff\/wp-content\/uploads\/sites\/29\/Uhu_beitrag.jpg\"><img aria-describedby=\"caption-attachment-1638\" decoding=\"async\" loading=\"lazy\" class=\"size-full wp-image-1638\" src=\"https:\/\/www.naturparkmagazin.de\/am-stettiner-haff\/wp-content\/uploads\/sites\/29\/Uhu_beitrag.jpg\" alt=\"Uhu in seiner Transportbox (Foto: Naturpark-Archiv)\" width=\"500\" height=\"300\" srcset=\"https:\/\/www.naturparkmagazin.de\/am-stettiner-haff\/wp-content\/uploads\/sites\/29\/Uhu_beitrag.jpg 500w, https:\/\/www.naturparkmagazin.de\/am-stettiner-haff\/wp-content\/uploads\/sites\/29\/Uhu_beitrag-300x180.jpg 300w, https:\/\/www.naturparkmagazin.de\/am-stettiner-haff\/wp-content\/uploads\/sites\/29\/Uhu_beitrag-200x120.jpg 200w\" sizes=\"(max-width: 500px) 100vw, 500px\" \/><\/a><p id=\"caption-attachment-1638\" class=\"wp-caption-text\">Uhu in seiner Transportbox (Foto: Naturpark-Archiv)<\/p><\/div>\n<p>Am 23. November 2015 wurden die Naturw\u00e4chter unseres Naturparks um besondere Hilfe gebeten. Nahe Ahlbeck hatte ein besorgter Naturfreund eine gro\u00dfe entkr\u00e4ftete und leicht orientierungslose Eule eingefangen. Diese sollte nun zur weiteren Betreuung und Untersuchung zum Storchenpflegehof nach Papendorf gebracht werden. Nat\u00fcrlich nahmen sich die Naturw\u00e4chter dieser Sache an. Die \u00dcberraschung war gro\u00df, als ihnen ein ausgewachsener m\u00e4nnlicher Uhu (Bubo bubo) \u00fcbergeben wurde. Das etwas apahtisch wirkende Tier machte alles in allem einen recht fitten Eindruck. Dennoch wurde es zum Storchenpflegehof nach Papendorf gebracht. Dort nahm sich Jens Kr\u00fcger des Uhus an und versorgte diesen mit K\u00fcken. Mit steigendem Mageninhalt nahm auch zusehends die Mobilit\u00e4t des Uhus zu. Die Untersuchung durch einen Tierarzt ergaben auch keine Hinweise auf eine ernsthafte Erkrankung. Dennoch blieb der Uhu zun\u00e4chst zur Beobachtung bei Jens Kr\u00fcger, der diesen umsorgte und weiter aufgep\u00e4ppelte. Kurz vor Weihnachten war es dann so weit. Der Uhu wurde in der N\u00e4he des Fundortes wieder ausgewildert. Nun bleibt nur zu hoffen, dass er schnell wieder seine Lebensgef\u00e4hrtin findet, die sicherlich schon Sehns\u00fcchtig auf ihren Partner wartet.<\/p>\n<p>&nbsp;<\/p>\n","protected":false},"excerpt":{"rendered":"<p>Am 23. November 2015 wurden die Naturw\u00e4chter unseres Naturparks um besondere Hilfe gebeten. Nahe Ahlbeck hatte ein besorgter Naturfreund eine gro\u00dfe entkr\u00e4ftette und leicht orientierungslose Eule eingefangen.<\/p>\n","protected":false},"author":26,"featured_media":1627,"comment_status":"open","ping_status":"open","sticky":false,"template":"","format":"standard","meta":[],"categories":[7],"tags":[],"yoast_head":"<!-- This site is optimized with the Yoast SEO plugin v19.10 - https:\/\/yoast.com\/wordpress\/plugins\/seo\/ -->\n<title>Gr\u00f6\u00dfte Eulenart im Naturpark nachgewiesen - Naturpark Am Stettiner Haff<\/title>\n<meta name=\"robots\" content=\"index, follow, max-snippet:-1, max-image-preview:large, max-video-preview:-1\" \/>\n<link rel=\"canonical\" href=\"https:\/\/www.naturparkmagazin.de\/am-stettiner-haff\/groesste-eulenart-im-naturpark-nachgewiesen\/\" \/>\n<meta property=\"og:locale\" content=\"de_DE\" \/>\n<meta property=\"og:type\" content=\"article\" \/>\n<meta property=\"og:title\" content=\"Gr\u00f6\u00dfte Eulenart im Naturpark nachgewiesen - Naturpark Am Stettiner Haff\" \/>\n<meta property=\"og:description\" content=\"Am 23. November 2015 wurden die Naturw\u00e4chter unseres Naturparks um besondere Hilfe gebeten. Nahe Ahlbeck hatte ein besorgter Naturfreund eine gro\u00dfe entkr\u00e4ftette und leicht orientierungslose Eule eingefangen.\" \/>\n<meta property=\"og:url\" content=\"https:\/\/www.naturparkmagazin.de\/am-stettiner-haff\/groesste-eulenart-im-naturpark-nachgewiesen\/\" \/>\n<meta property=\"og:site_name\" content=\"Naturpark Am Stettiner Haff\" \/>\n<meta property=\"article:published_time\" content=\"2015-12-18T11:16:01+00:00\" \/>\n<meta property=\"article:modified_time\" content=\"2015-12-28T10:55:52+00:00\" \/>\n<meta property=\"og:image\" content=\"https:\/\/www.naturparkmagazin.de\/am-stettiner-haff\/wp-content\/uploads\/sites\/29\/admin-ajax2.phpb_.jpg\" \/>\n\t<meta property=\"og:image:width\" content=\"200\" \/>\n\t<meta property=\"og:image:height\" content=\"200\" \/>\n\t<meta property=\"og:image:type\" content=\"image\/jpeg\" \/>\n<meta name=\"author\" content=\"Jochen Elberskirch\" \/>\n<meta name=\"twitter:label1\" content=\"Verfasst von\" \/>\n\t<meta name=\"twitter:data1\" content=\"Jochen Elberskirch\" \/>\n\t<meta name=\"twitter:label2\" content=\"Gesch\u00e4tzte Lesezeit\" \/>\n\t<meta name=\"twitter:data2\" content=\"1\u00a0Minute\" \/>\n<script type=\"application\/ld+json\" class=\"yoast-schema-graph\">{\"@context\":\"https:\/\/schema.org\",\"@graph\":[{\"@type\":\"WebPage\",\"@id\":\"https:\/\/www.naturparkmagazin.de\/am-stettiner-haff\/groesste-eulenart-im-naturpark-nachgewiesen\/\",\"url\":\"https:\/\/www.naturparkmagazin.de\/am-stettiner-haff\/groesste-eulenart-im-naturpark-nachgewiesen\/\",\"name\":\"Gr\u00f6\u00dfte Eulenart im Naturpark nachgewiesen - Naturpark Am Stettiner Haff\",\"isPartOf\":{\"@id\":\"https:\/\/www.naturparkmagazin.de\/am-stettiner-haff\/#website\"},\"datePublished\":\"2015-12-18T11:16:01+00:00\",\"dateModified\":\"2015-12-28T10:55:52+00:00\",\"author\":{\"@id\":\"https:\/\/www.naturparkmagazin.de\/am-stettiner-haff\/#\/schema\/person\/4a7208080dbbfb024d81129b7960c725\"},\"breadcrumb\":{\"@id\":\"https:\/\/www.naturparkmagazin.de\/am-stettiner-haff\/groesste-eulenart-im-naturpark-nachgewiesen\/#breadcrumb\"},\"inLanguage\":\"de\",\"potentialAction\":[{\"@type\":\"ReadAction\",\"target\":[\"https:\/\/www.naturparkmagazin.de\/am-stettiner-haff\/groesste-eulenart-im-naturpark-nachgewiesen\/\"]}]},{\"@type\":\"BreadcrumbList\",\"@id\":\"https:\/\/www.naturparkmagazin.de\/am-stettiner-haff\/groesste-eulenart-im-naturpark-nachgewiesen\/#breadcrumb\",\"itemListElement\":[{\"@type\":\"ListItem\",\"position\":1,\"name\":\"Home\",\"item\":\"https:\/\/www.naturparkmagazin.de\/am-stettiner-haff\/\"},{\"@type\":\"ListItem\",\"position\":2,\"name\":\"Gr\u00f6\u00dfte Eulenart im Naturpark nachgewiesen\"}]},{\"@type\":\"WebSite\",\"@id\":\"https:\/\/www.naturparkmagazin.de\/am-stettiner-haff\/#website\",\"url\":\"https:\/\/www.naturparkmagazin.de\/am-stettiner-haff\/\",\"name\":\"Naturpark Am Stettiner Haff\",\"description\":\"\",\"potentialAction\":[{\"@type\":\"SearchAction\",\"target\":{\"@type\":\"EntryPoint\",\"urlTemplate\":\"https:\/\/www.naturparkmagazin.de\/am-stettiner-haff\/?s={search_term_string}\"},\"query-input\":\"required name=search_term_string\"}],\"inLanguage\":\"de\"},{\"@type\":\"Person\",\"@id\":\"https:\/\/www.naturparkmagazin.de\/am-stettiner-haff\/#\/schema\/person\/4a7208080dbbfb024d81129b7960c725\",\"name\":\"Jochen Elberskirch\",\"sameAs\":[\"http:\/\/www.naturpark-am-stettiner-haff.de\"],\"url\":\"https:\/\/www.naturparkmagazin.de\/am-stettiner-haff\/author\/jochenelberskirch\/\"}]}<\/script>\n<!-- \/ Yoast SEO plugin. -->","yoast_head_json":{"title":"Gr\u00f6\u00dfte Eulenart im Naturpark nachgewiesen - Naturpark Am Stettiner Haff","robots":{"index":"index","follow":"follow","max-snippet":"max-snippet:-1","max-image-preview":"max-image-preview:large","max-video-preview":"max-video-preview:-1"},"canonical":"https:\/\/www.naturparkmagazin.de\/am-stettiner-haff\/groesste-eulenart-im-naturpark-nachgewiesen\/","og_locale":"de_DE","og_type":"article","og_title":"Gr\u00f6\u00dfte Eulenart im Naturpark nachgewiesen - Naturpark Am Stettiner Haff","og_description":"Am 23. November 2015 wurden die Naturw\u00e4chter unseres Naturparks um besondere Hilfe gebeten. Nahe Ahlbeck hatte ein besorgter Naturfreund eine gro\u00dfe entkr\u00e4ftette und leicht orientierungslose Eule eingefangen.","og_url":"https:\/\/www.naturparkmagazin.de\/am-stettiner-haff\/groesste-eulenart-im-naturpark-nachgewiesen\/","og_site_name":"Naturpark Am Stettiner Haff","article_published_time":"2015-12-18T11:16:01+00:00","article_modified_time":"2015-12-28T10:55:52+00:00","og_image":[{"width":200,"height":200,"url":"https:\/\/www.naturparkmagazin.de\/am-stettiner-haff\/wp-content\/uploads\/sites\/29\/admin-ajax2.phpb_.jpg","type":"image\/jpeg"}],"author":"Jochen Elberskirch","twitter_misc":{"Verfasst von":"Jochen Elberskirch","Gesch\u00e4tzte Lesezeit":"1\u00a0Minute"},"schema":{"@context":"https:\/\/schema.org","@graph":[{"@type":"WebPage","@id":"https:\/\/www.naturparkmagazin.de\/am-stettiner-haff\/groesste-eulenart-im-naturpark-nachgewiesen\/","url":"https:\/\/www.naturparkmagazin.de\/am-stettiner-haff\/groesste-eulenart-im-naturpark-nachgewiesen\/","name":"Gr\u00f6\u00dfte Eulenart im Naturpark nachgewiesen - Naturpark Am Stettiner Haff","isPartOf":{"@id":"https:\/\/www.naturparkmagazin.de\/am-stettiner-haff\/#website"},"datePublished":"2015-12-18T11:16:01+00:00","dateModified":"2015-12-28T10:55:52+00:00","author":{"@id":"https:\/\/www.naturparkmagazin.de\/am-stettiner-haff\/#\/schema\/person\/4a7208080dbbfb024d81129b7960c725"},"breadcrumb":{"@id":"https:\/\/www.naturparkmagazin.de\/am-stettiner-haff\/groesste-eulenart-im-naturpark-nachgewiesen\/#breadcrumb"},"inLanguage":"de","potentialAction":[{"@type":"ReadAction","target":["https:\/\/www.naturparkmagazin.de\/am-stettiner-haff\/groesste-eulenart-im-naturpark-nachgewiesen\/"]}]},{"@type":"BreadcrumbList","@id":"https:\/\/www.naturparkmagazin.de\/am-stettiner-haff\/groesste-eulenart-im-naturpark-nachgewiesen\/#breadcrumb","itemListElement":[{"@type":"ListItem","position":1,"name":"Home","item":"https:\/\/www.naturparkmagazin.de\/am-stettiner-haff\/"},{"@type":"ListItem","position":2,"name":"Gr\u00f6\u00dfte Eulenart im Naturpark nachgewiesen"}]},{"@type":"WebSite","@id":"https:\/\/www.naturparkmagazin.de\/am-stettiner-haff\/#website","url":"https:\/\/www.naturparkmagazin.de\/am-stettiner-haff\/","name":"Naturpark Am Stettiner Haff","description":"","potentialAction":[{"@type":"SearchAction","target":{"@type":"EntryPoint","urlTemplate":"https:\/\/www.naturparkmagazin.de\/am-stettiner-haff\/?s={search_term_string}"},"query-input":"required name=search_term_string"}],"inLanguage":"de"},{"@type":"Person","@id":"https:\/\/www.naturparkmagazin.de\/am-stettiner-haff\/#\/schema\/person\/4a7208080dbbfb024d81129b7960c725","name":"Jochen Elberskirch","sameAs":["http:\/\/www.naturpark-am-stettiner-haff.de"],"url":"https:\/\/www.naturparkmagazin.de\/am-stettiner-haff\/author\/jochenelberskirch\/"}]}},"_links":{"self":[{"href":"https:\/\/www.naturparkmagazin.de\/am-stettiner-haff\/wp-json\/wp\/v2\/posts\/1619"}],"collection":[{"href":"https:\/\/www.naturparkmagazin.de\/am-stettiner-haff\/wp-json\/wp\/v2\/posts"}],"about":[{"href":"https:\/\/www.naturparkmagazin.de\/am-stettiner-haff\/wp-json\/wp\/v2\/types\/post"}],"author":[{"embeddable":true,"href":"https:\/\/www.naturparkmagazin.de\/am-stettiner-haff\/wp-json\/wp\/v2\/users\/26"}],"replies":[{"embeddable":true,"href":"https:\/\/www.naturparkmagazin.de\/am-stettiner-haff\/wp-json\/wp\/v2\/comments?post=1619"}],"version-history":[{"count":5,"href":"https:\/\/www.naturparkmagazin.de\/am-stettiner-haff\/wp-json\/wp\/v2\/posts\/1619\/revisions"}],"predecessor-version":[{"id":1640,"href":"https:\/\/www.naturparkmagazin.de\/am-stettiner-haff\/wp-json\/wp\/v2\/posts\/1619\/revisions\/1640"}],"wp:featuredmedia":[{"embeddable":true,"href":"https:\/\/www.naturparkmagazin.de\/am-stettiner-haff\/wp-json\/wp\/v2\/media\/1627"}],"wp:attachment":[{"href":"https:\/\/www.naturparkmagazin.de\/am-stettiner-haff\/wp-json\/wp\/v2\/media?parent=1619"}],"wp:term":[{"taxonomy":"category","embeddable":true,"href":"https:\/\/www.naturparkmagazin.de\/am-stettiner-haff\/wp-json\/wp\/v2\/categories?post=1619"},{"taxonomy":"post_tag","embeddable":true,"href":"https:\/\/www.naturparkmagazin.de\/am-stettiner-haff\/wp-json\/wp\/v2\/tags?post=1619"}],"curies":[{"name":"wp","href":"https:\/\/api.w.org\/{rel}","templated":true}]}}