{"id":1652,"date":"2016-01-18T16:00:28","date_gmt":"2016-01-18T15:00:28","guid":{"rendered":"http:\/\/www.naturparkmagazin.de\/am-stettiner-haff\/?p=1652"},"modified":"2016-01-28T19:40:37","modified_gmt":"2016-01-28T18:40:37","slug":"winterzauber-in-der-gottesheide-und-am-schlosssee","status":"publish","type":"post","link":"https:\/\/www.naturparkmagazin.de\/am-stettiner-haff\/winterzauber-in-der-gottesheide-und-am-schlosssee\/","title":{"rendered":"\u201eWinterzauber in der Gottesheide und am Schlosssee\u201c"},"content":{"rendered":"<p>Unter diesem Motto laden die Wanderfreunde Haffk\u00fcste wieder alle naturinteressierten Wanderer ein,\u00a0 sich ihrer Wanderung am 27. Februar 2016 an zuschlie\u00dfen. Um 10:00 Uhr geht es vom Rastplatz Glash\u00fctte unter der Leitung des \u00f6rtlichen Revierf\u00f6rsters los. Diesmal stehen die reizvollen Landschaften der Gottesheide und des Schlosssees im Mittelpunkt der Wanderung. Die Gesamtl\u00e4nge der Wanderung betr\u00e4gt ca. 10 km und am Ende warten warme Getr\u00e4nke und ein Mittagessen auf die Wanderer. Das Startgeld betr\u00e4gt 2,- \u20ac pro Person.<\/p>\n<p>Haben Sie Lust bekommen, sich anzuschlie\u00dfen, wenden Sie sich bitte an:\n<strong>Verein Wanderfreunde Haffk\u00fcste e.V.<\/strong>\nHerrn Winfried Zimmerman, Waldstrasse 38\n17367 Eggesin\nTel. priv. 03 97 79 \/ 21 391\nE \u2013 mail: Winfried.Zimmermann@gmx.net<\/p>\n<p>&nbsp;<\/p>\n","protected":false},"excerpt":{"rendered":"<p>Unter diesem Motto laden die Wanderfreunde Haffk\u00fcste wieder alle naturinteressierten Wanderer ein,  sich ihrer Wanderung am 27. Februar 2016 an zuschlie\u00dfen. <\/p>\n","protected":false},"author":26,"featured_media":1669,"comment_status":"open","ping_status":"open","sticky":false,"template":"","format":"standard","meta":[],"categories":[11],"tags":[],"yoast_head":"<!-- This site is optimized with the Yoast SEO plugin v19.10 - https:\/\/yoast.com\/wordpress\/plugins\/seo\/ -->\n<title>\u201eWinterzauber in der Gottesheide und am Schlosssee\u201c - Naturpark Am Stettiner Haff<\/title>\n<meta name=\"robots\" content=\"index, follow, max-snippet:-1, max-image-preview:large, max-video-preview:-1\" \/>\n<link rel=\"canonical\" href=\"https:\/\/www.naturparkmagazin.de\/am-stettiner-haff\/winterzauber-in-der-gottesheide-und-am-schlosssee\/\" \/>\n<meta property=\"og:locale\" content=\"de_DE\" \/>\n<meta property=\"og:type\" content=\"article\" \/>\n<meta property=\"og:title\" content=\"\u201eWinterzauber in der Gottesheide und am Schlosssee\u201c - Naturpark Am Stettiner Haff\" \/>\n<meta property=\"og:description\" content=\"Unter diesem Motto laden die Wanderfreunde Haffk\u00fcste wieder alle naturinteressierten Wanderer ein, sich ihrer Wanderung am 27. Februar 2016 an zuschlie\u00dfen.\" \/>\n<meta property=\"og:url\" content=\"https:\/\/www.naturparkmagazin.de\/am-stettiner-haff\/winterzauber-in-der-gottesheide-und-am-schlosssee\/\" \/>\n<meta property=\"og:site_name\" content=\"Naturpark Am Stettiner Haff\" \/>\n<meta property=\"article:published_time\" content=\"2016-01-18T15:00:28+00:00\" \/>\n<meta property=\"article:modified_time\" content=\"2016-01-28T18:40:37+00:00\" \/>\n<meta property=\"og:image\" content=\"https:\/\/www.naturparkmagazin.de\/am-stettiner-haff\/wp-content\/uploads\/sites\/29\/Raureif001_Stettiner_Haff_12_07.jpg\" \/>\n\t<meta property=\"og:image:width\" content=\"200\" \/>\n\t<meta property=\"og:image:height\" content=\"200\" \/>\n\t<meta property=\"og:image:type\" content=\"image\/jpeg\" \/>\n<meta name=\"author\" content=\"Jochen Elberskirch\" \/>\n<meta name=\"twitter:label1\" content=\"Verfasst von\" \/>\n\t<meta name=\"twitter:data1\" content=\"Jochen Elberskirch\" \/>\n\t<meta name=\"twitter:label2\" content=\"Gesch\u00e4tzte Lesezeit\" \/>\n\t<meta name=\"twitter:data2\" content=\"1\u00a0Minute\" \/>\n<script type=\"application\/ld+json\" class=\"yoast-schema-graph\">{\"@context\":\"https:\/\/schema.org\",\"@graph\":[{\"@type\":\"WebPage\",\"@id\":\"https:\/\/www.naturparkmagazin.de\/am-stettiner-haff\/winterzauber-in-der-gottesheide-und-am-schlosssee\/\",\"url\":\"https:\/\/www.naturparkmagazin.de\/am-stettiner-haff\/winterzauber-in-der-gottesheide-und-am-schlosssee\/\",\"name\":\"\u201eWinterzauber in der Gottesheide und am Schlosssee\u201c - Naturpark Am Stettiner Haff\",\"isPartOf\":{\"@id\":\"https:\/\/www.naturparkmagazin.de\/am-stettiner-haff\/#website\"},\"datePublished\":\"2016-01-18T15:00:28+00:00\",\"dateModified\":\"2016-01-28T18:40:37+00:00\",\"author\":{\"@id\":\"https:\/\/www.naturparkmagazin.de\/am-stettiner-haff\/#\/schema\/person\/4a7208080dbbfb024d81129b7960c725\"},\"breadcrumb\":{\"@id\":\"https:\/\/www.naturparkmagazin.de\/am-stettiner-haff\/winterzauber-in-der-gottesheide-und-am-schlosssee\/#breadcrumb\"},\"inLanguage\":\"de\",\"potentialAction\":[{\"@type\":\"ReadAction\",\"target\":[\"https:\/\/www.naturparkmagazin.de\/am-stettiner-haff\/winterzauber-in-der-gottesheide-und-am-schlosssee\/\"]}]},{\"@type\":\"BreadcrumbList\",\"@id\":\"https:\/\/www.naturparkmagazin.de\/am-stettiner-haff\/winterzauber-in-der-gottesheide-und-am-schlosssee\/#breadcrumb\",\"itemListElement\":[{\"@type\":\"ListItem\",\"position\":1,\"name\":\"Home\",\"item\":\"https:\/\/www.naturparkmagazin.de\/am-stettiner-haff\/\"},{\"@type\":\"ListItem\",\"position\":2,\"name\":\"\u201eWinterzauber in der Gottesheide und am Schlosssee\u201c\"}]},{\"@type\":\"WebSite\",\"@id\":\"https:\/\/www.naturparkmagazin.de\/am-stettiner-haff\/#website\",\"url\":\"https:\/\/www.naturparkmagazin.de\/am-stettiner-haff\/\",\"name\":\"Naturpark Am Stettiner Haff\",\"description\":\"\",\"potentialAction\":[{\"@type\":\"SearchAction\",\"target\":{\"@type\":\"EntryPoint\",\"urlTemplate\":\"https:\/\/www.naturparkmagazin.de\/am-stettiner-haff\/?s={search_term_string}\"},\"query-input\":\"required name=search_term_string\"}],\"inLanguage\":\"de\"},{\"@type\":\"Person\",\"@id\":\"https:\/\/www.naturparkmagazin.de\/am-stettiner-haff\/#\/schema\/person\/4a7208080dbbfb024d81129b7960c725\",\"name\":\"Jochen Elberskirch\",\"sameAs\":[\"http:\/\/www.naturpark-am-stettiner-haff.de\"],\"url\":\"https:\/\/www.naturparkmagazin.de\/am-stettiner-haff\/author\/jochenelberskirch\/\"}]}<\/script>\n<!-- \/ Yoast SEO plugin. -->","yoast_head_json":{"title":"\u201eWinterzauber in der Gottesheide und am Schlosssee\u201c - Naturpark Am Stettiner Haff","robots":{"index":"index","follow":"follow","max-snippet":"max-snippet:-1","max-image-preview":"max-image-preview:large","max-video-preview":"max-video-preview:-1"},"canonical":"https:\/\/www.naturparkmagazin.de\/am-stettiner-haff\/winterzauber-in-der-gottesheide-und-am-schlosssee\/","og_locale":"de_DE","og_type":"article","og_title":"\u201eWinterzauber in der Gottesheide und am Schlosssee\u201c - Naturpark Am Stettiner Haff","og_description":"Unter diesem Motto laden die Wanderfreunde Haffk\u00fcste wieder alle naturinteressierten Wanderer ein, sich ihrer Wanderung am 27. Februar 2016 an zuschlie\u00dfen.","og_url":"https:\/\/www.naturparkmagazin.de\/am-stettiner-haff\/winterzauber-in-der-gottesheide-und-am-schlosssee\/","og_site_name":"Naturpark Am Stettiner Haff","article_published_time":"2016-01-18T15:00:28+00:00","article_modified_time":"2016-01-28T18:40:37+00:00","og_image":[{"width":200,"height":200,"url":"https:\/\/www.naturparkmagazin.de\/am-stettiner-haff\/wp-content\/uploads\/sites\/29\/Raureif001_Stettiner_Haff_12_07.jpg","type":"image\/jpeg"}],"author":"Jochen Elberskirch","twitter_misc":{"Verfasst von":"Jochen Elberskirch","Gesch\u00e4tzte Lesezeit":"1\u00a0Minute"},"schema":{"@context":"https:\/\/schema.org","@graph":[{"@type":"WebPage","@id":"https:\/\/www.naturparkmagazin.de\/am-stettiner-haff\/winterzauber-in-der-gottesheide-und-am-schlosssee\/","url":"https:\/\/www.naturparkmagazin.de\/am-stettiner-haff\/winterzauber-in-der-gottesheide-und-am-schlosssee\/","name":"\u201eWinterzauber in der Gottesheide und am Schlosssee\u201c - Naturpark Am Stettiner Haff","isPartOf":{"@id":"https:\/\/www.naturparkmagazin.de\/am-stettiner-haff\/#website"},"datePublished":"2016-01-18T15:00:28+00:00","dateModified":"2016-01-28T18:40:37+00:00","author":{"@id":"https:\/\/www.naturparkmagazin.de\/am-stettiner-haff\/#\/schema\/person\/4a7208080dbbfb024d81129b7960c725"},"breadcrumb":{"@id":"https:\/\/www.naturparkmagazin.de\/am-stettiner-haff\/winterzauber-in-der-gottesheide-und-am-schlosssee\/#breadcrumb"},"inLanguage":"de","potentialAction":[{"@type":"ReadAction","target":["https:\/\/www.naturparkmagazin.de\/am-stettiner-haff\/winterzauber-in-der-gottesheide-und-am-schlosssee\/"]}]},{"@type":"BreadcrumbList","@id":"https:\/\/www.naturparkmagazin.de\/am-stettiner-haff\/winterzauber-in-der-gottesheide-und-am-schlosssee\/#breadcrumb","itemListElement":[{"@type":"ListItem","position":1,"name":"Home","item":"https:\/\/www.naturparkmagazin.de\/am-stettiner-haff\/"},{"@type":"ListItem","position":2,"name":"\u201eWinterzauber in der Gottesheide und am Schlosssee\u201c"}]},{"@type":"WebSite","@id":"https:\/\/www.naturparkmagazin.de\/am-stettiner-haff\/#website","url":"https:\/\/www.naturparkmagazin.de\/am-stettiner-haff\/","name":"Naturpark Am Stettiner Haff","description":"","potentialAction":[{"@type":"SearchAction","target":{"@type":"EntryPoint","urlTemplate":"https:\/\/www.naturparkmagazin.de\/am-stettiner-haff\/?s={search_term_string}"},"query-input":"required name=search_term_string"}],"inLanguage":"de"},{"@type":"Person","@id":"https:\/\/www.naturparkmagazin.de\/am-stettiner-haff\/#\/schema\/person\/4a7208080dbbfb024d81129b7960c725","name":"Jochen Elberskirch","sameAs":["http:\/\/www.naturpark-am-stettiner-haff.de"],"url":"https:\/\/www.naturparkmagazin.de\/am-stettiner-haff\/author\/jochenelberskirch\/"}]}},"_links":{"self":[{"href":"https:\/\/www.naturparkmagazin.de\/am-stettiner-haff\/wp-json\/wp\/v2\/posts\/1652"}],"collection":[{"href":"https:\/\/www.naturparkmagazin.de\/am-stettiner-haff\/wp-json\/wp\/v2\/posts"}],"about":[{"href":"https:\/\/www.naturparkmagazin.de\/am-stettiner-haff\/wp-json\/wp\/v2\/types\/post"}],"author":[{"embeddable":true,"href":"https:\/\/www.naturparkmagazin.de\/am-stettiner-haff\/wp-json\/wp\/v2\/users\/26"}],"replies":[{"embeddable":true,"href":"https:\/\/www.naturparkmagazin.de\/am-stettiner-haff\/wp-json\/wp\/v2\/comments?post=1652"}],"version-history":[{"count":6,"href":"https:\/\/www.naturparkmagazin.de\/am-stettiner-haff\/wp-json\/wp\/v2\/posts\/1652\/revisions"}],"predecessor-version":[{"id":1673,"href":"https:\/\/www.naturparkmagazin.de\/am-stettiner-haff\/wp-json\/wp\/v2\/posts\/1652\/revisions\/1673"}],"wp:featuredmedia":[{"embeddable":true,"href":"https:\/\/www.naturparkmagazin.de\/am-stettiner-haff\/wp-json\/wp\/v2\/media\/1669"}],"wp:attachment":[{"href":"https:\/\/www.naturparkmagazin.de\/am-stettiner-haff\/wp-json\/wp\/v2\/media?parent=1652"}],"wp:term":[{"taxonomy":"category","embeddable":true,"href":"https:\/\/www.naturparkmagazin.de\/am-stettiner-haff\/wp-json\/wp\/v2\/categories?post=1652"},{"taxonomy":"post_tag","embeddable":true,"href":"https:\/\/www.naturparkmagazin.de\/am-stettiner-haff\/wp-json\/wp\/v2\/tags?post=1652"}],"curies":[{"name":"wp","href":"https:\/\/api.w.org\/{rel}","templated":true}]}}