{"id":1654,"date":"2016-01-18T08:34:53","date_gmt":"2016-01-18T07:34:53","guid":{"rendered":"http:\/\/www.naturparkmagazin.de\/am-stettiner-haff\/?p=1654"},"modified":"2016-01-28T19:04:00","modified_gmt":"2016-01-28T18:04:00","slug":"der-schellsaeger-im-naturpark-am-stettiner-haff","status":"publish","type":"post","link":"https:\/\/www.naturparkmagazin.de\/am-stettiner-haff\/der-schellsaeger-im-naturpark-am-stettiner-haff\/","title":{"rendered":"Der \u201eSchells\u00e4ger\u201c im Naturpark \u201eAm Stettiner Haff&#8220;"},"content":{"rendered":"<p>Mitte Januar 2016 hatten Schnee und Eis den Nordosten Mecklenburg-Vorpommern fest im Griff. Sowohl das Haff als auch alle Flie\u00dfgew\u00e4sser waren mit einer dicken Eisschicht verschlossen. Nur beim Einlauf der Uecker in das Haff war noch eine ca. 100 m x 100m offene Wasserfl\u00e4che vorhanden, auf der sich eine gro\u00dfe Anzahl Wasserv\u00f6gel konzentrierten. Hier erfasste am 19.01.2016 J\u00fcrgen Henke, Naturwacht-Mitarbeiter (Ranger) im Naturpark \u201e Am Stettiner Haff\u201c im Rahmen des Monitoring die rastenden Schw\u00e4ne und Enten. Dabei fiel ihm eine kleine Ente auf, die so gar keine \u00c4hnlichkeit zu den sonst anwesenden Entenarten hatte. Mit Hilfe seiner stets mitgef\u00fchrten Bridgekamera mit einem 60 fachen Zoom, machte er einige Fotos. Anhand dieser Fotos konnte die \u201eseltsame Ente\u201c sp\u00e4ter identifiziert werden als eine Kreuzung zwischen Zwergs\u00e4ger und Schellente. Diese beiden Arten br\u00fcten in Nordeuropa im gleichen Brutgebiet und seit etwa 180 Jahren ist bekannt, dass es in seltenen F\u00e4llen zwischen den Beiden Nachkommen geben kann. Diese auch \u201eSchells\u00e4ger\u201c genannte V\u00f6gel werden aber in Deutschland nicht in jedem Jahr gesehen und aktuell sind nur Fotos von 5 verschiedenen \u201eSchells\u00e4gern\u201c bekannt. Beim dem Vogel an der Uecker konnte auch durch Fotos sch\u00f6n die Ern\u00e4hrungsweise belegt werden. W\u00e4hrend sich Zwergs\u00e4ger haupts\u00e4chlich von kleinen Fischen ern\u00e4hrte, tauchte der \u201eSchells\u00e4ger\u201c nach \u201eSchellentenart\u201c zum Gew\u00e4ssergrund und sammelte Dreikantmuscheln , welche an der Wasseroberfl\u00e4che gefressen wurden.\nAktuell hat Tauwetter eingesetzt, das Haff ist aufgetaut und der \u201e Schells\u00e4ger\u201c ist auf dieser riesigen Wasserfl\u00e4che unauffindbar.<\/p>\n<p>Weiter f\u00fchrende Informationen unter : nwo-avi.com\/blog\/?page_id=1692<\/p>\n<div id=\"attachment_1655\" style=\"width: 630px\" class=\"wp-caption aligncenter\"><a href=\"https:\/\/www.naturparkmagazin.de\/am-stettiner-haff\/wp-content\/uploads\/sites\/29\/Schells\u00e4ger01.jpg\"><img aria-describedby=\"caption-attachment-1655\" decoding=\"async\" loading=\"lazy\" class=\"size-large wp-image-1655\" src=\"https:\/\/www.naturparkmagazin.de\/am-stettiner-haff\/wp-content\/uploads\/sites\/29\/Schells\u00e4ger01-940x705.jpg\" alt=\"&quot;Schells\u00e4ger&quot; (Foto: J. Henke)\" width=\"620\" height=\"465\" srcset=\"https:\/\/www.naturparkmagazin.de\/am-stettiner-haff\/wp-content\/uploads\/sites\/29\/Schells\u00e4ger01-940x705.jpg 940w, https:\/\/www.naturparkmagazin.de\/am-stettiner-haff\/wp-content\/uploads\/sites\/29\/Schells\u00e4ger01-300x225.jpg 300w, https:\/\/www.naturparkmagazin.de\/am-stettiner-haff\/wp-content\/uploads\/sites\/29\/Schells\u00e4ger01-620x465.jpg 620w, https:\/\/www.naturparkmagazin.de\/am-stettiner-haff\/wp-content\/uploads\/sites\/29\/Schells\u00e4ger01-580x435.jpg 580w, https:\/\/www.naturparkmagazin.de\/am-stettiner-haff\/wp-content\/uploads\/sites\/29\/Schells\u00e4ger01-420x315.jpg 420w, https:\/\/www.naturparkmagazin.de\/am-stettiner-haff\/wp-content\/uploads\/sites\/29\/Schells\u00e4ger01-180x135.jpg 180w, https:\/\/www.naturparkmagazin.de\/am-stettiner-haff\/wp-content\/uploads\/sites\/29\/Schells\u00e4ger01-95x71.jpg 95w, https:\/\/www.naturparkmagazin.de\/am-stettiner-haff\/wp-content\/uploads\/sites\/29\/Schells\u00e4ger01-670x503.jpg 670w, https:\/\/www.naturparkmagazin.de\/am-stettiner-haff\/wp-content\/uploads\/sites\/29\/Schells\u00e4ger01-200x150.jpg 200w, https:\/\/www.naturparkmagazin.de\/am-stettiner-haff\/wp-content\/uploads\/sites\/29\/Schells\u00e4ger01.jpg 1113w\" sizes=\"(max-width: 620px) 100vw, 620px\" \/><\/a><p id=\"caption-attachment-1655\" class=\"wp-caption-text\">&#8222;Schells\u00e4ger&#8220; (Foto: J. Henke)<\/p><\/div>\n<p>&nbsp;<\/p>\n","protected":false},"excerpt":{"rendered":"<p>Mitte Januar erfasste ein Naturwacht-Mitarbeiter im Rahmen des Monitoring rastende Schw\u00e4ne und Enten im Naturpark \u201e Am Stettiner Haff\u201c. Dabei fiel ihm eine kleine Ente auf, die so gar keine \u00c4hnlichkeit zu den sonst anwesenden Entenarten hatte. <\/p>\n","protected":false},"author":26,"featured_media":1666,"comment_status":"open","ping_status":"open","sticky":false,"template":"","format":"standard","meta":[],"categories":[51,7],"tags":[],"yoast_head":"<!-- This site is optimized with the Yoast SEO plugin v19.10 - https:\/\/yoast.com\/wordpress\/plugins\/seo\/ -->\n<title>Der \u201eSchells\u00e4ger\u201c im Naturpark \u201eAm Stettiner Haff&quot; - Naturpark Am Stettiner Haff<\/title>\n<meta name=\"robots\" content=\"index, follow, max-snippet:-1, max-image-preview:large, max-video-preview:-1\" \/>\n<link rel=\"canonical\" href=\"https:\/\/www.naturparkmagazin.de\/am-stettiner-haff\/der-schellsaeger-im-naturpark-am-stettiner-haff\/\" \/>\n<meta property=\"og:locale\" content=\"de_DE\" \/>\n<meta property=\"og:type\" content=\"article\" \/>\n<meta property=\"og:title\" content=\"Der \u201eSchells\u00e4ger\u201c im Naturpark \u201eAm Stettiner Haff&quot; - Naturpark Am Stettiner Haff\" \/>\n<meta property=\"og:description\" content=\"Mitte Januar erfasste ein Naturwacht-Mitarbeiter im Rahmen des Monitoring rastende Schw\u00e4ne und Enten im Naturpark \u201e Am Stettiner Haff\u201c. Dabei fiel ihm eine kleine Ente auf, die so gar keine \u00c4hnlichkeit zu den sonst anwesenden Entenarten hatte.\" \/>\n<meta property=\"og:url\" content=\"https:\/\/www.naturparkmagazin.de\/am-stettiner-haff\/der-schellsaeger-im-naturpark-am-stettiner-haff\/\" \/>\n<meta property=\"og:site_name\" content=\"Naturpark Am Stettiner Haff\" \/>\n<meta property=\"article:published_time\" content=\"2016-01-18T07:34:53+00:00\" \/>\n<meta property=\"article:modified_time\" content=\"2016-01-28T18:04:00+00:00\" \/>\n<meta property=\"og:image\" content=\"https:\/\/www.naturparkmagazin.de\/am-stettiner-haff\/wp-content\/uploads\/sites\/29\/s\u00e4ger.jpeg\" \/>\n\t<meta property=\"og:image:width\" content=\"200\" \/>\n\t<meta property=\"og:image:height\" content=\"200\" \/>\n\t<meta property=\"og:image:type\" content=\"image\/jpeg\" \/>\n<meta name=\"author\" content=\"Jochen Elberskirch\" \/>\n<meta name=\"twitter:label1\" content=\"Verfasst von\" \/>\n\t<meta name=\"twitter:data1\" content=\"Jochen Elberskirch\" \/>\n\t<meta name=\"twitter:label2\" content=\"Gesch\u00e4tzte Lesezeit\" \/>\n\t<meta name=\"twitter:data2\" content=\"1\u00a0Minute\" \/>\n<script type=\"application\/ld+json\" class=\"yoast-schema-graph\">{\"@context\":\"https:\/\/schema.org\",\"@graph\":[{\"@type\":\"WebPage\",\"@id\":\"https:\/\/www.naturparkmagazin.de\/am-stettiner-haff\/der-schellsaeger-im-naturpark-am-stettiner-haff\/\",\"url\":\"https:\/\/www.naturparkmagazin.de\/am-stettiner-haff\/der-schellsaeger-im-naturpark-am-stettiner-haff\/\",\"name\":\"Der \u201eSchells\u00e4ger\u201c im Naturpark \u201eAm Stettiner Haff\\\" - Naturpark Am Stettiner Haff\",\"isPartOf\":{\"@id\":\"https:\/\/www.naturparkmagazin.de\/am-stettiner-haff\/#website\"},\"datePublished\":\"2016-01-18T07:34:53+00:00\",\"dateModified\":\"2016-01-28T18:04:00+00:00\",\"author\":{\"@id\":\"https:\/\/www.naturparkmagazin.de\/am-stettiner-haff\/#\/schema\/person\/4a7208080dbbfb024d81129b7960c725\"},\"breadcrumb\":{\"@id\":\"https:\/\/www.naturparkmagazin.de\/am-stettiner-haff\/der-schellsaeger-im-naturpark-am-stettiner-haff\/#breadcrumb\"},\"inLanguage\":\"de\",\"potentialAction\":[{\"@type\":\"ReadAction\",\"target\":[\"https:\/\/www.naturparkmagazin.de\/am-stettiner-haff\/der-schellsaeger-im-naturpark-am-stettiner-haff\/\"]}]},{\"@type\":\"BreadcrumbList\",\"@id\":\"https:\/\/www.naturparkmagazin.de\/am-stettiner-haff\/der-schellsaeger-im-naturpark-am-stettiner-haff\/#breadcrumb\",\"itemListElement\":[{\"@type\":\"ListItem\",\"position\":1,\"name\":\"Home\",\"item\":\"https:\/\/www.naturparkmagazin.de\/am-stettiner-haff\/\"},{\"@type\":\"ListItem\",\"position\":2,\"name\":\"Der \u201eSchells\u00e4ger\u201c im Naturpark \u201eAm Stettiner Haff&#8220;\"}]},{\"@type\":\"WebSite\",\"@id\":\"https:\/\/www.naturparkmagazin.de\/am-stettiner-haff\/#website\",\"url\":\"https:\/\/www.naturparkmagazin.de\/am-stettiner-haff\/\",\"name\":\"Naturpark Am Stettiner Haff\",\"description\":\"\",\"potentialAction\":[{\"@type\":\"SearchAction\",\"target\":{\"@type\":\"EntryPoint\",\"urlTemplate\":\"https:\/\/www.naturparkmagazin.de\/am-stettiner-haff\/?s={search_term_string}\"},\"query-input\":\"required name=search_term_string\"}],\"inLanguage\":\"de\"},{\"@type\":\"Person\",\"@id\":\"https:\/\/www.naturparkmagazin.de\/am-stettiner-haff\/#\/schema\/person\/4a7208080dbbfb024d81129b7960c725\",\"name\":\"Jochen Elberskirch\",\"sameAs\":[\"http:\/\/www.naturpark-am-stettiner-haff.de\"],\"url\":\"https:\/\/www.naturparkmagazin.de\/am-stettiner-haff\/author\/jochenelberskirch\/\"}]}<\/script>\n<!-- \/ Yoast SEO plugin. -->","yoast_head_json":{"title":"Der \u201eSchells\u00e4ger\u201c im Naturpark \u201eAm Stettiner Haff\" - Naturpark Am Stettiner Haff","robots":{"index":"index","follow":"follow","max-snippet":"max-snippet:-1","max-image-preview":"max-image-preview:large","max-video-preview":"max-video-preview:-1"},"canonical":"https:\/\/www.naturparkmagazin.de\/am-stettiner-haff\/der-schellsaeger-im-naturpark-am-stettiner-haff\/","og_locale":"de_DE","og_type":"article","og_title":"Der \u201eSchells\u00e4ger\u201c im Naturpark \u201eAm Stettiner Haff\" - Naturpark Am Stettiner Haff","og_description":"Mitte Januar erfasste ein Naturwacht-Mitarbeiter im Rahmen des Monitoring rastende Schw\u00e4ne und Enten im Naturpark \u201e Am Stettiner Haff\u201c. Dabei fiel ihm eine kleine Ente auf, die so gar keine \u00c4hnlichkeit zu den sonst anwesenden Entenarten hatte.","og_url":"https:\/\/www.naturparkmagazin.de\/am-stettiner-haff\/der-schellsaeger-im-naturpark-am-stettiner-haff\/","og_site_name":"Naturpark Am Stettiner Haff","article_published_time":"2016-01-18T07:34:53+00:00","article_modified_time":"2016-01-28T18:04:00+00:00","og_image":[{"width":200,"height":200,"url":"https:\/\/www.naturparkmagazin.de\/am-stettiner-haff\/wp-content\/uploads\/sites\/29\/s\u00e4ger.jpeg","type":"image\/jpeg"}],"author":"Jochen Elberskirch","twitter_misc":{"Verfasst von":"Jochen Elberskirch","Gesch\u00e4tzte Lesezeit":"1\u00a0Minute"},"schema":{"@context":"https:\/\/schema.org","@graph":[{"@type":"WebPage","@id":"https:\/\/www.naturparkmagazin.de\/am-stettiner-haff\/der-schellsaeger-im-naturpark-am-stettiner-haff\/","url":"https:\/\/www.naturparkmagazin.de\/am-stettiner-haff\/der-schellsaeger-im-naturpark-am-stettiner-haff\/","name":"Der \u201eSchells\u00e4ger\u201c im Naturpark \u201eAm Stettiner Haff\" - Naturpark Am Stettiner Haff","isPartOf":{"@id":"https:\/\/www.naturparkmagazin.de\/am-stettiner-haff\/#website"},"datePublished":"2016-01-18T07:34:53+00:00","dateModified":"2016-01-28T18:04:00+00:00","author":{"@id":"https:\/\/www.naturparkmagazin.de\/am-stettiner-haff\/#\/schema\/person\/4a7208080dbbfb024d81129b7960c725"},"breadcrumb":{"@id":"https:\/\/www.naturparkmagazin.de\/am-stettiner-haff\/der-schellsaeger-im-naturpark-am-stettiner-haff\/#breadcrumb"},"inLanguage":"de","potentialAction":[{"@type":"ReadAction","target":["https:\/\/www.naturparkmagazin.de\/am-stettiner-haff\/der-schellsaeger-im-naturpark-am-stettiner-haff\/"]}]},{"@type":"BreadcrumbList","@id":"https:\/\/www.naturparkmagazin.de\/am-stettiner-haff\/der-schellsaeger-im-naturpark-am-stettiner-haff\/#breadcrumb","itemListElement":[{"@type":"ListItem","position":1,"name":"Home","item":"https:\/\/www.naturparkmagazin.de\/am-stettiner-haff\/"},{"@type":"ListItem","position":2,"name":"Der \u201eSchells\u00e4ger\u201c im Naturpark \u201eAm Stettiner Haff&#8220;"}]},{"@type":"WebSite","@id":"https:\/\/www.naturparkmagazin.de\/am-stettiner-haff\/#website","url":"https:\/\/www.naturparkmagazin.de\/am-stettiner-haff\/","name":"Naturpark Am Stettiner Haff","description":"","potentialAction":[{"@type":"SearchAction","target":{"@type":"EntryPoint","urlTemplate":"https:\/\/www.naturparkmagazin.de\/am-stettiner-haff\/?s={search_term_string}"},"query-input":"required name=search_term_string"}],"inLanguage":"de"},{"@type":"Person","@id":"https:\/\/www.naturparkmagazin.de\/am-stettiner-haff\/#\/schema\/person\/4a7208080dbbfb024d81129b7960c725","name":"Jochen Elberskirch","sameAs":["http:\/\/www.naturpark-am-stettiner-haff.de"],"url":"https:\/\/www.naturparkmagazin.de\/am-stettiner-haff\/author\/jochenelberskirch\/"}]}},"_links":{"self":[{"href":"https:\/\/www.naturparkmagazin.de\/am-stettiner-haff\/wp-json\/wp\/v2\/posts\/1654"}],"collection":[{"href":"https:\/\/www.naturparkmagazin.de\/am-stettiner-haff\/wp-json\/wp\/v2\/posts"}],"about":[{"href":"https:\/\/www.naturparkmagazin.de\/am-stettiner-haff\/wp-json\/wp\/v2\/types\/post"}],"author":[{"embeddable":true,"href":"https:\/\/www.naturparkmagazin.de\/am-stettiner-haff\/wp-json\/wp\/v2\/users\/26"}],"replies":[{"embeddable":true,"href":"https:\/\/www.naturparkmagazin.de\/am-stettiner-haff\/wp-json\/wp\/v2\/comments?post=1654"}],"version-history":[{"count":5,"href":"https:\/\/www.naturparkmagazin.de\/am-stettiner-haff\/wp-json\/wp\/v2\/posts\/1654\/revisions"}],"predecessor-version":[{"id":1664,"href":"https:\/\/www.naturparkmagazin.de\/am-stettiner-haff\/wp-json\/wp\/v2\/posts\/1654\/revisions\/1664"}],"wp:featuredmedia":[{"embeddable":true,"href":"https:\/\/www.naturparkmagazin.de\/am-stettiner-haff\/wp-json\/wp\/v2\/media\/1666"}],"wp:attachment":[{"href":"https:\/\/www.naturparkmagazin.de\/am-stettiner-haff\/wp-json\/wp\/v2\/media?parent=1654"}],"wp:term":[{"taxonomy":"category","embeddable":true,"href":"https:\/\/www.naturparkmagazin.de\/am-stettiner-haff\/wp-json\/wp\/v2\/categories?post=1654"},{"taxonomy":"post_tag","embeddable":true,"href":"https:\/\/www.naturparkmagazin.de\/am-stettiner-haff\/wp-json\/wp\/v2\/tags?post=1654"}],"curies":[{"name":"wp","href":"https:\/\/api.w.org\/{rel}","templated":true}]}}