{"id":1675,"date":"2016-02-15T08:46:04","date_gmt":"2016-02-15T07:46:04","guid":{"rendered":"http:\/\/www.naturparkmagazin.de\/am-stettiner-haff\/?p=1675"},"modified":"2016-03-16T15:47:58","modified_gmt":"2016-03-16T14:47:58","slug":"die-wanderfreunde-haffkueste-wollen-den-wintervertreiben","status":"publish","type":"post","link":"https:\/\/www.naturparkmagazin.de\/am-stettiner-haff\/die-wanderfreunde-haffkueste-wollen-den-wintervertreiben\/","title":{"rendered":"Die Wanderfreunde Haffk\u00fcste wollen den Winter vertreiben"},"content":{"rendered":"<p>Am Samstag den 19. M\u00e4rz 2016 geht es mit den Wanderfreunden Haffk\u00fcste auf bislang noch geheimen Pfaden Richtung Polen. Unter der Federf\u00fchrung der polnischen Wanderfreunde des Vereins\u00a0\u00a0\u201eSAMA RAMA\u201c soll es nach \u201cTrzebie\u017c&#8220; (Ziegenort) gehen. Dort soll gemeinsam der Winter vertrieben und nach dem Fr\u00fchling Ausschau gehalten werden. Wer mitwandern m\u00f6chte, melde sich bitte bei Herrn Zimmermann (039779-21391). Startpunkt der Wanderung ist die Hintersee&#8217;er \u00a0Fennschenke. Dort geht es\u00a0um 10:00 Uhr los. Es wird ein Startgeld von 2,00 \u20ac erhoben.<\/p>\n<p>&nbsp;<\/p>\n<div id=\"attachment_1678\" style=\"width: 650px\" class=\"wp-caption aligncenter\"><a href=\"https:\/\/www.naturparkmagazin.de\/am-stettiner-haff\/wp-content\/uploads\/sites\/29\/Wandern1.jpg\"><img aria-describedby=\"caption-attachment-1678\" decoding=\"async\" loading=\"lazy\" class=\"size-full wp-image-1678\" src=\"https:\/\/www.naturparkmagazin.de\/am-stettiner-haff\/wp-content\/uploads\/sites\/29\/Wandern1.jpg\" alt=\"Wanderfreunde Haffk\u00fcste auf Tour (Foto: W. Zimmermann)\" width=\"640\" height=\"412\" srcset=\"https:\/\/www.naturparkmagazin.de\/am-stettiner-haff\/wp-content\/uploads\/sites\/29\/Wandern1.jpg 640w, https:\/\/www.naturparkmagazin.de\/am-stettiner-haff\/wp-content\/uploads\/sites\/29\/Wandern1-300x193.jpg 300w, https:\/\/www.naturparkmagazin.de\/am-stettiner-haff\/wp-content\/uploads\/sites\/29\/Wandern1-620x399.jpg 620w, https:\/\/www.naturparkmagazin.de\/am-stettiner-haff\/wp-content\/uploads\/sites\/29\/Wandern1-200x129.jpg 200w\" sizes=\"(max-width: 640px) 100vw, 640px\" \/><\/a><p id=\"caption-attachment-1678\" class=\"wp-caption-text\">Wanderfreunde Haffk\u00fcste auf Tour (Foto: W. Zimmermann)<\/p><\/div>\n<p>&nbsp;<\/p>\n","protected":false},"excerpt":{"rendered":"<p>Am Samstag, den 19. M\u00e4rz 2016 geht es mit den Wanderfreunden Haffk\u00fcste auf bislang noch geheimen Pfaden Richtung Polen. <\/p>\n","protected":false},"author":26,"featured_media":1678,"comment_status":"open","ping_status":"open","sticky":false,"template":"","format":"standard","meta":[],"categories":[11],"tags":[508],"yoast_head":"<!-- This site is optimized with the Yoast SEO plugin v19.10 - https:\/\/yoast.com\/wordpress\/plugins\/seo\/ -->\n<title>Die Wanderfreunde Haffk\u00fcste wollen den Winter vertreiben - Naturpark Am Stettiner Haff<\/title>\n<meta name=\"robots\" content=\"index, follow, max-snippet:-1, max-image-preview:large, max-video-preview:-1\" \/>\n<link rel=\"canonical\" href=\"https:\/\/www.naturparkmagazin.de\/am-stettiner-haff\/die-wanderfreunde-haffkueste-wollen-den-wintervertreiben\/\" \/>\n<meta property=\"og:locale\" content=\"de_DE\" \/>\n<meta property=\"og:type\" content=\"article\" \/>\n<meta property=\"og:title\" content=\"Die Wanderfreunde Haffk\u00fcste wollen den Winter vertreiben - Naturpark Am Stettiner Haff\" \/>\n<meta property=\"og:description\" content=\"Am Samstag, den 19. M\u00e4rz 2016 geht es mit den Wanderfreunden Haffk\u00fcste auf bislang noch geheimen Pfaden Richtung Polen.\" \/>\n<meta property=\"og:url\" content=\"https:\/\/www.naturparkmagazin.de\/am-stettiner-haff\/die-wanderfreunde-haffkueste-wollen-den-wintervertreiben\/\" \/>\n<meta property=\"og:site_name\" content=\"Naturpark Am Stettiner Haff\" \/>\n<meta property=\"article:published_time\" content=\"2016-02-15T07:46:04+00:00\" \/>\n<meta property=\"article:modified_time\" content=\"2016-03-16T14:47:58+00:00\" \/>\n<meta property=\"og:image\" content=\"https:\/\/www.naturparkmagazin.de\/am-stettiner-haff\/wp-content\/uploads\/sites\/29\/Wandern1.jpg\" \/>\n\t<meta property=\"og:image:width\" content=\"640\" \/>\n\t<meta property=\"og:image:height\" content=\"412\" \/>\n\t<meta property=\"og:image:type\" content=\"image\/jpeg\" \/>\n<meta name=\"author\" content=\"Jochen Elberskirch\" \/>\n<meta name=\"twitter:label1\" content=\"Verfasst von\" \/>\n\t<meta name=\"twitter:data1\" content=\"Jochen Elberskirch\" \/>\n<script type=\"application\/ld+json\" class=\"yoast-schema-graph\">{\"@context\":\"https:\/\/schema.org\",\"@graph\":[{\"@type\":\"WebPage\",\"@id\":\"https:\/\/www.naturparkmagazin.de\/am-stettiner-haff\/die-wanderfreunde-haffkueste-wollen-den-wintervertreiben\/\",\"url\":\"https:\/\/www.naturparkmagazin.de\/am-stettiner-haff\/die-wanderfreunde-haffkueste-wollen-den-wintervertreiben\/\",\"name\":\"Die Wanderfreunde Haffk\u00fcste wollen den Winter vertreiben - Naturpark Am Stettiner Haff\",\"isPartOf\":{\"@id\":\"https:\/\/www.naturparkmagazin.de\/am-stettiner-haff\/#website\"},\"datePublished\":\"2016-02-15T07:46:04+00:00\",\"dateModified\":\"2016-03-16T14:47:58+00:00\",\"author\":{\"@id\":\"https:\/\/www.naturparkmagazin.de\/am-stettiner-haff\/#\/schema\/person\/4a7208080dbbfb024d81129b7960c725\"},\"breadcrumb\":{\"@id\":\"https:\/\/www.naturparkmagazin.de\/am-stettiner-haff\/die-wanderfreunde-haffkueste-wollen-den-wintervertreiben\/#breadcrumb\"},\"inLanguage\":\"de\",\"potentialAction\":[{\"@type\":\"ReadAction\",\"target\":[\"https:\/\/www.naturparkmagazin.de\/am-stettiner-haff\/die-wanderfreunde-haffkueste-wollen-den-wintervertreiben\/\"]}]},{\"@type\":\"BreadcrumbList\",\"@id\":\"https:\/\/www.naturparkmagazin.de\/am-stettiner-haff\/die-wanderfreunde-haffkueste-wollen-den-wintervertreiben\/#breadcrumb\",\"itemListElement\":[{\"@type\":\"ListItem\",\"position\":1,\"name\":\"Home\",\"item\":\"https:\/\/www.naturparkmagazin.de\/am-stettiner-haff\/\"},{\"@type\":\"ListItem\",\"position\":2,\"name\":\"Die Wanderfreunde Haffk\u00fcste wollen den Winter vertreiben\"}]},{\"@type\":\"WebSite\",\"@id\":\"https:\/\/www.naturparkmagazin.de\/am-stettiner-haff\/#website\",\"url\":\"https:\/\/www.naturparkmagazin.de\/am-stettiner-haff\/\",\"name\":\"Naturpark Am Stettiner Haff\",\"description\":\"\",\"potentialAction\":[{\"@type\":\"SearchAction\",\"target\":{\"@type\":\"EntryPoint\",\"urlTemplate\":\"https:\/\/www.naturparkmagazin.de\/am-stettiner-haff\/?s={search_term_string}\"},\"query-input\":\"required name=search_term_string\"}],\"inLanguage\":\"de\"},{\"@type\":\"Person\",\"@id\":\"https:\/\/www.naturparkmagazin.de\/am-stettiner-haff\/#\/schema\/person\/4a7208080dbbfb024d81129b7960c725\",\"name\":\"Jochen Elberskirch\",\"sameAs\":[\"http:\/\/www.naturpark-am-stettiner-haff.de\"],\"url\":\"https:\/\/www.naturparkmagazin.de\/am-stettiner-haff\/author\/jochenelberskirch\/\"}]}<\/script>\n<!-- \/ Yoast SEO plugin. -->","yoast_head_json":{"title":"Die Wanderfreunde Haffk\u00fcste wollen den Winter vertreiben - Naturpark Am Stettiner Haff","robots":{"index":"index","follow":"follow","max-snippet":"max-snippet:-1","max-image-preview":"max-image-preview:large","max-video-preview":"max-video-preview:-1"},"canonical":"https:\/\/www.naturparkmagazin.de\/am-stettiner-haff\/die-wanderfreunde-haffkueste-wollen-den-wintervertreiben\/","og_locale":"de_DE","og_type":"article","og_title":"Die Wanderfreunde Haffk\u00fcste wollen den Winter vertreiben - Naturpark Am Stettiner Haff","og_description":"Am Samstag, den 19. M\u00e4rz 2016 geht es mit den Wanderfreunden Haffk\u00fcste auf bislang noch geheimen Pfaden Richtung Polen.","og_url":"https:\/\/www.naturparkmagazin.de\/am-stettiner-haff\/die-wanderfreunde-haffkueste-wollen-den-wintervertreiben\/","og_site_name":"Naturpark Am Stettiner Haff","article_published_time":"2016-02-15T07:46:04+00:00","article_modified_time":"2016-03-16T14:47:58+00:00","og_image":[{"width":640,"height":412,"url":"https:\/\/www.naturparkmagazin.de\/am-stettiner-haff\/wp-content\/uploads\/sites\/29\/Wandern1.jpg","type":"image\/jpeg"}],"author":"Jochen Elberskirch","twitter_misc":{"Verfasst von":"Jochen Elberskirch"},"schema":{"@context":"https:\/\/schema.org","@graph":[{"@type":"WebPage","@id":"https:\/\/www.naturparkmagazin.de\/am-stettiner-haff\/die-wanderfreunde-haffkueste-wollen-den-wintervertreiben\/","url":"https:\/\/www.naturparkmagazin.de\/am-stettiner-haff\/die-wanderfreunde-haffkueste-wollen-den-wintervertreiben\/","name":"Die Wanderfreunde Haffk\u00fcste wollen den Winter vertreiben - Naturpark Am Stettiner Haff","isPartOf":{"@id":"https:\/\/www.naturparkmagazin.de\/am-stettiner-haff\/#website"},"datePublished":"2016-02-15T07:46:04+00:00","dateModified":"2016-03-16T14:47:58+00:00","author":{"@id":"https:\/\/www.naturparkmagazin.de\/am-stettiner-haff\/#\/schema\/person\/4a7208080dbbfb024d81129b7960c725"},"breadcrumb":{"@id":"https:\/\/www.naturparkmagazin.de\/am-stettiner-haff\/die-wanderfreunde-haffkueste-wollen-den-wintervertreiben\/#breadcrumb"},"inLanguage":"de","potentialAction":[{"@type":"ReadAction","target":["https:\/\/www.naturparkmagazin.de\/am-stettiner-haff\/die-wanderfreunde-haffkueste-wollen-den-wintervertreiben\/"]}]},{"@type":"BreadcrumbList","@id":"https:\/\/www.naturparkmagazin.de\/am-stettiner-haff\/die-wanderfreunde-haffkueste-wollen-den-wintervertreiben\/#breadcrumb","itemListElement":[{"@type":"ListItem","position":1,"name":"Home","item":"https:\/\/www.naturparkmagazin.de\/am-stettiner-haff\/"},{"@type":"ListItem","position":2,"name":"Die Wanderfreunde Haffk\u00fcste wollen den Winter vertreiben"}]},{"@type":"WebSite","@id":"https:\/\/www.naturparkmagazin.de\/am-stettiner-haff\/#website","url":"https:\/\/www.naturparkmagazin.de\/am-stettiner-haff\/","name":"Naturpark Am Stettiner Haff","description":"","potentialAction":[{"@type":"SearchAction","target":{"@type":"EntryPoint","urlTemplate":"https:\/\/www.naturparkmagazin.de\/am-stettiner-haff\/?s={search_term_string}"},"query-input":"required name=search_term_string"}],"inLanguage":"de"},{"@type":"Person","@id":"https:\/\/www.naturparkmagazin.de\/am-stettiner-haff\/#\/schema\/person\/4a7208080dbbfb024d81129b7960c725","name":"Jochen Elberskirch","sameAs":["http:\/\/www.naturpark-am-stettiner-haff.de"],"url":"https:\/\/www.naturparkmagazin.de\/am-stettiner-haff\/author\/jochenelberskirch\/"}]}},"_links":{"self":[{"href":"https:\/\/www.naturparkmagazin.de\/am-stettiner-haff\/wp-json\/wp\/v2\/posts\/1675"}],"collection":[{"href":"https:\/\/www.naturparkmagazin.de\/am-stettiner-haff\/wp-json\/wp\/v2\/posts"}],"about":[{"href":"https:\/\/www.naturparkmagazin.de\/am-stettiner-haff\/wp-json\/wp\/v2\/types\/post"}],"author":[{"embeddable":true,"href":"https:\/\/www.naturparkmagazin.de\/am-stettiner-haff\/wp-json\/wp\/v2\/users\/26"}],"replies":[{"embeddable":true,"href":"https:\/\/www.naturparkmagazin.de\/am-stettiner-haff\/wp-json\/wp\/v2\/comments?post=1675"}],"version-history":[{"count":5,"href":"https:\/\/www.naturparkmagazin.de\/am-stettiner-haff\/wp-json\/wp\/v2\/posts\/1675\/revisions"}],"predecessor-version":[{"id":1727,"href":"https:\/\/www.naturparkmagazin.de\/am-stettiner-haff\/wp-json\/wp\/v2\/posts\/1675\/revisions\/1727"}],"wp:featuredmedia":[{"embeddable":true,"href":"https:\/\/www.naturparkmagazin.de\/am-stettiner-haff\/wp-json\/wp\/v2\/media\/1678"}],"wp:attachment":[{"href":"https:\/\/www.naturparkmagazin.de\/am-stettiner-haff\/wp-json\/wp\/v2\/media?parent=1675"}],"wp:term":[{"taxonomy":"category","embeddable":true,"href":"https:\/\/www.naturparkmagazin.de\/am-stettiner-haff\/wp-json\/wp\/v2\/categories?post=1675"},{"taxonomy":"post_tag","embeddable":true,"href":"https:\/\/www.naturparkmagazin.de\/am-stettiner-haff\/wp-json\/wp\/v2\/tags?post=1675"}],"curies":[{"name":"wp","href":"https:\/\/api.w.org\/{rel}","templated":true}]}}