{"id":1681,"date":"2016-02-15T10:15:06","date_gmt":"2016-02-15T09:15:06","guid":{"rendered":"http:\/\/www.naturparkmagazin.de\/am-stettiner-haff\/?p=1681"},"modified":"2016-03-16T15:45:09","modified_gmt":"2016-03-16T14:45:09","slug":"herz-des-naturparks-kuenftig-besser-ausgeschildert","status":"publish","type":"post","link":"https:\/\/www.naturparkmagazin.de\/am-stettiner-haff\/herz-des-naturparks-kuenftig-besser-ausgeschildert\/","title":{"rendered":"Das &#8222;Herz&#8220; des Naturparks wird k\u00fcnftig besser ausgeschildert"},"content":{"rendered":"<div id=\"attachment_1683\" style=\"width: 650px\" class=\"wp-caption aligncenter\"><a href=\"https:\/\/www.naturparkmagazin.de\/am-stettiner-haff\/wp-content\/uploads\/sites\/29\/Wegweiser_am_BIZ.jpg\"><img aria-describedby=\"caption-attachment-1683\" decoding=\"async\" loading=\"lazy\" class=\"size-full wp-image-1683\" src=\"https:\/\/www.naturparkmagazin.de\/am-stettiner-haff\/wp-content\/uploads\/sites\/29\/Wegweiser_am_BIZ.jpg\" alt=\"Hinweis auf das BIZ\" width=\"640\" height=\"182\" srcset=\"https:\/\/www.naturparkmagazin.de\/am-stettiner-haff\/wp-content\/uploads\/sites\/29\/Wegweiser_am_BIZ.jpg 640w, https:\/\/www.naturparkmagazin.de\/am-stettiner-haff\/wp-content\/uploads\/sites\/29\/Wegweiser_am_BIZ-300x85.jpg 300w, https:\/\/www.naturparkmagazin.de\/am-stettiner-haff\/wp-content\/uploads\/sites\/29\/Wegweiser_am_BIZ-620x176.jpg 620w, https:\/\/www.naturparkmagazin.de\/am-stettiner-haff\/wp-content\/uploads\/sites\/29\/Wegweiser_am_BIZ-200x57.jpg 200w\" sizes=\"(max-width: 640px) 100vw, 640px\" \/><\/a><p id=\"caption-attachment-1683\" class=\"wp-caption-text\">Hinweis auf das BIZ<\/p><\/div>\n<p>Damit k\u00fcnftig mehr Besucher das &#8222;Herz&#8220; des Naturparks finden, wird das Besucherinformationszentrum (BIZ) am Bahnhof in Eggesin k\u00fcnftig besser ausgeschildert. Die Verkehrsbeh\u00f6rde des Landkreises Vorpommern-Greifswald hat bereits im letzten Jahr in Abstimmung mit der Polizei, dem Stra\u00dfenbauamt Neustrelitz und der Zustimmung des Landesamtes f\u00fcr Stra\u00dfenbau und Verkehr M-V eine &#8222;Verkehrsrechtliche Anordnung&#8220; zur Aufstellung von Verkehrszeichen 386.1 &#8222;Naturpark Am Stettiner Haff&#8220; erlassen.\u00a0 Damit konnte \u00fcber das Stra\u00dfenbauamt Neustrelitz ein Auftrag zur Anfertigung und Aufstellung von touristischen Hinweisschildern an der B109 &#8211; Abzweig Hammer und Abzweig Heinrichruh- und in Ueckerm\u00fcnde Ueckerstra\u00dfe\/ Eggesiner Stra\u00dfe vergeben werden. Zudem soll in Eggesin unmittelbar vor dem BIZ ein entsprechendes touristsches Hinweisschild aufgestellt werden. Urspr\u00fcnglich sollten die Schilder bereits bis Ende des letzten Jahres stehen, doch der Winter verhinderte dies leider. Jetzt, da der Boden wieder frostfrei ist, soll es endlich losgehen. Die genauen Standorte werden noch bis Ende Februar festgelegt damit\u00a0 die Fundamente gesetzt und die Schilder aufgestellt werden k\u00f6nnen. Sobald die Schilder stehen gibt es an dieser Stelle wieder einen kurzen Beitrag.<\/p>\n<p>&nbsp;<\/p>\n<p>&nbsp;<\/p>\n","protected":false},"excerpt":{"rendered":"<p>Damit k\u00fcnftig mehr Besucher das &#8222;Herz&#8220; des Naturparks finden, wird das Besucherinformationszentrum (BIZ) am Bahnhof in Eggesin k\u00fcnftig besser ausgeschildert.<\/p>\n","protected":false},"author":26,"featured_media":1694,"comment_status":"open","ping_status":"open","sticky":false,"template":"","format":"standard","meta":[],"categories":[7],"tags":[],"yoast_head":"<!-- This site is optimized with the Yoast SEO plugin v19.10 - https:\/\/yoast.com\/wordpress\/plugins\/seo\/ -->\n<title>Das &quot;Herz&quot; des Naturparks wird k\u00fcnftig besser ausgeschildert - Naturpark Am Stettiner Haff<\/title>\n<meta name=\"robots\" content=\"index, follow, max-snippet:-1, max-image-preview:large, max-video-preview:-1\" \/>\n<link rel=\"canonical\" href=\"https:\/\/www.naturparkmagazin.de\/am-stettiner-haff\/herz-des-naturparks-kuenftig-besser-ausgeschildert\/\" \/>\n<meta property=\"og:locale\" content=\"de_DE\" \/>\n<meta property=\"og:type\" content=\"article\" \/>\n<meta property=\"og:title\" content=\"Das &quot;Herz&quot; des Naturparks wird k\u00fcnftig besser ausgeschildert - Naturpark Am Stettiner Haff\" \/>\n<meta property=\"og:description\" content=\"Damit k\u00fcnftig mehr Besucher das &quot;Herz&quot; des Naturparks finden, wird das Besucherinformationszentrum (BIZ) am Bahnhof in Eggesin k\u00fcnftig besser ausgeschildert.\" \/>\n<meta property=\"og:url\" content=\"https:\/\/www.naturparkmagazin.de\/am-stettiner-haff\/herz-des-naturparks-kuenftig-besser-ausgeschildert\/\" \/>\n<meta property=\"og:site_name\" content=\"Naturpark Am Stettiner Haff\" \/>\n<meta property=\"article:published_time\" content=\"2016-02-15T09:15:06+00:00\" \/>\n<meta property=\"article:modified_time\" content=\"2016-03-16T14:45:09+00:00\" \/>\n<meta property=\"og:image\" content=\"https:\/\/www.naturparkmagazin.de\/am-stettiner-haff\/wp-content\/uploads\/sites\/29\/Beitrags.jpeg\" \/>\n\t<meta property=\"og:image:width\" content=\"200\" \/>\n\t<meta property=\"og:image:height\" content=\"200\" \/>\n\t<meta property=\"og:image:type\" content=\"image\/jpeg\" \/>\n<meta name=\"author\" content=\"Jochen Elberskirch\" \/>\n<meta name=\"twitter:label1\" content=\"Verfasst von\" \/>\n\t<meta name=\"twitter:data1\" content=\"Jochen Elberskirch\" \/>\n\t<meta name=\"twitter:label2\" content=\"Gesch\u00e4tzte Lesezeit\" \/>\n\t<meta name=\"twitter:data2\" content=\"1\u00a0Minute\" \/>\n<script type=\"application\/ld+json\" class=\"yoast-schema-graph\">{\"@context\":\"https:\/\/schema.org\",\"@graph\":[{\"@type\":\"WebPage\",\"@id\":\"https:\/\/www.naturparkmagazin.de\/am-stettiner-haff\/herz-des-naturparks-kuenftig-besser-ausgeschildert\/\",\"url\":\"https:\/\/www.naturparkmagazin.de\/am-stettiner-haff\/herz-des-naturparks-kuenftig-besser-ausgeschildert\/\",\"name\":\"Das \\\"Herz\\\" des Naturparks wird k\u00fcnftig besser ausgeschildert - Naturpark Am Stettiner Haff\",\"isPartOf\":{\"@id\":\"https:\/\/www.naturparkmagazin.de\/am-stettiner-haff\/#website\"},\"datePublished\":\"2016-02-15T09:15:06+00:00\",\"dateModified\":\"2016-03-16T14:45:09+00:00\",\"author\":{\"@id\":\"https:\/\/www.naturparkmagazin.de\/am-stettiner-haff\/#\/schema\/person\/4a7208080dbbfb024d81129b7960c725\"},\"breadcrumb\":{\"@id\":\"https:\/\/www.naturparkmagazin.de\/am-stettiner-haff\/herz-des-naturparks-kuenftig-besser-ausgeschildert\/#breadcrumb\"},\"inLanguage\":\"de\",\"potentialAction\":[{\"@type\":\"ReadAction\",\"target\":[\"https:\/\/www.naturparkmagazin.de\/am-stettiner-haff\/herz-des-naturparks-kuenftig-besser-ausgeschildert\/\"]}]},{\"@type\":\"BreadcrumbList\",\"@id\":\"https:\/\/www.naturparkmagazin.de\/am-stettiner-haff\/herz-des-naturparks-kuenftig-besser-ausgeschildert\/#breadcrumb\",\"itemListElement\":[{\"@type\":\"ListItem\",\"position\":1,\"name\":\"Home\",\"item\":\"https:\/\/www.naturparkmagazin.de\/am-stettiner-haff\/\"},{\"@type\":\"ListItem\",\"position\":2,\"name\":\"Das &#8222;Herz&#8220; des Naturparks wird k\u00fcnftig besser ausgeschildert\"}]},{\"@type\":\"WebSite\",\"@id\":\"https:\/\/www.naturparkmagazin.de\/am-stettiner-haff\/#website\",\"url\":\"https:\/\/www.naturparkmagazin.de\/am-stettiner-haff\/\",\"name\":\"Naturpark Am Stettiner Haff\",\"description\":\"\",\"potentialAction\":[{\"@type\":\"SearchAction\",\"target\":{\"@type\":\"EntryPoint\",\"urlTemplate\":\"https:\/\/www.naturparkmagazin.de\/am-stettiner-haff\/?s={search_term_string}\"},\"query-input\":\"required name=search_term_string\"}],\"inLanguage\":\"de\"},{\"@type\":\"Person\",\"@id\":\"https:\/\/www.naturparkmagazin.de\/am-stettiner-haff\/#\/schema\/person\/4a7208080dbbfb024d81129b7960c725\",\"name\":\"Jochen Elberskirch\",\"sameAs\":[\"http:\/\/www.naturpark-am-stettiner-haff.de\"],\"url\":\"https:\/\/www.naturparkmagazin.de\/am-stettiner-haff\/author\/jochenelberskirch\/\"}]}<\/script>\n<!-- \/ Yoast SEO plugin. -->","yoast_head_json":{"title":"Das \"Herz\" des Naturparks wird k\u00fcnftig besser ausgeschildert - Naturpark Am Stettiner Haff","robots":{"index":"index","follow":"follow","max-snippet":"max-snippet:-1","max-image-preview":"max-image-preview:large","max-video-preview":"max-video-preview:-1"},"canonical":"https:\/\/www.naturparkmagazin.de\/am-stettiner-haff\/herz-des-naturparks-kuenftig-besser-ausgeschildert\/","og_locale":"de_DE","og_type":"article","og_title":"Das \"Herz\" des Naturparks wird k\u00fcnftig besser ausgeschildert - Naturpark Am Stettiner Haff","og_description":"Damit k\u00fcnftig mehr Besucher das \"Herz\" des Naturparks finden, wird das Besucherinformationszentrum (BIZ) am Bahnhof in Eggesin k\u00fcnftig besser ausgeschildert.","og_url":"https:\/\/www.naturparkmagazin.de\/am-stettiner-haff\/herz-des-naturparks-kuenftig-besser-ausgeschildert\/","og_site_name":"Naturpark Am Stettiner Haff","article_published_time":"2016-02-15T09:15:06+00:00","article_modified_time":"2016-03-16T14:45:09+00:00","og_image":[{"width":200,"height":200,"url":"https:\/\/www.naturparkmagazin.de\/am-stettiner-haff\/wp-content\/uploads\/sites\/29\/Beitrags.jpeg","type":"image\/jpeg"}],"author":"Jochen Elberskirch","twitter_misc":{"Verfasst von":"Jochen Elberskirch","Gesch\u00e4tzte Lesezeit":"1\u00a0Minute"},"schema":{"@context":"https:\/\/schema.org","@graph":[{"@type":"WebPage","@id":"https:\/\/www.naturparkmagazin.de\/am-stettiner-haff\/herz-des-naturparks-kuenftig-besser-ausgeschildert\/","url":"https:\/\/www.naturparkmagazin.de\/am-stettiner-haff\/herz-des-naturparks-kuenftig-besser-ausgeschildert\/","name":"Das \"Herz\" des Naturparks wird k\u00fcnftig besser ausgeschildert - Naturpark Am Stettiner Haff","isPartOf":{"@id":"https:\/\/www.naturparkmagazin.de\/am-stettiner-haff\/#website"},"datePublished":"2016-02-15T09:15:06+00:00","dateModified":"2016-03-16T14:45:09+00:00","author":{"@id":"https:\/\/www.naturparkmagazin.de\/am-stettiner-haff\/#\/schema\/person\/4a7208080dbbfb024d81129b7960c725"},"breadcrumb":{"@id":"https:\/\/www.naturparkmagazin.de\/am-stettiner-haff\/herz-des-naturparks-kuenftig-besser-ausgeschildert\/#breadcrumb"},"inLanguage":"de","potentialAction":[{"@type":"ReadAction","target":["https:\/\/www.naturparkmagazin.de\/am-stettiner-haff\/herz-des-naturparks-kuenftig-besser-ausgeschildert\/"]}]},{"@type":"BreadcrumbList","@id":"https:\/\/www.naturparkmagazin.de\/am-stettiner-haff\/herz-des-naturparks-kuenftig-besser-ausgeschildert\/#breadcrumb","itemListElement":[{"@type":"ListItem","position":1,"name":"Home","item":"https:\/\/www.naturparkmagazin.de\/am-stettiner-haff\/"},{"@type":"ListItem","position":2,"name":"Das &#8222;Herz&#8220; des Naturparks wird k\u00fcnftig besser ausgeschildert"}]},{"@type":"WebSite","@id":"https:\/\/www.naturparkmagazin.de\/am-stettiner-haff\/#website","url":"https:\/\/www.naturparkmagazin.de\/am-stettiner-haff\/","name":"Naturpark Am Stettiner Haff","description":"","potentialAction":[{"@type":"SearchAction","target":{"@type":"EntryPoint","urlTemplate":"https:\/\/www.naturparkmagazin.de\/am-stettiner-haff\/?s={search_term_string}"},"query-input":"required name=search_term_string"}],"inLanguage":"de"},{"@type":"Person","@id":"https:\/\/www.naturparkmagazin.de\/am-stettiner-haff\/#\/schema\/person\/4a7208080dbbfb024d81129b7960c725","name":"Jochen Elberskirch","sameAs":["http:\/\/www.naturpark-am-stettiner-haff.de"],"url":"https:\/\/www.naturparkmagazin.de\/am-stettiner-haff\/author\/jochenelberskirch\/"}]}},"_links":{"self":[{"href":"https:\/\/www.naturparkmagazin.de\/am-stettiner-haff\/wp-json\/wp\/v2\/posts\/1681"}],"collection":[{"href":"https:\/\/www.naturparkmagazin.de\/am-stettiner-haff\/wp-json\/wp\/v2\/posts"}],"about":[{"href":"https:\/\/www.naturparkmagazin.de\/am-stettiner-haff\/wp-json\/wp\/v2\/types\/post"}],"author":[{"embeddable":true,"href":"https:\/\/www.naturparkmagazin.de\/am-stettiner-haff\/wp-json\/wp\/v2\/users\/26"}],"replies":[{"embeddable":true,"href":"https:\/\/www.naturparkmagazin.de\/am-stettiner-haff\/wp-json\/wp\/v2\/comments?post=1681"}],"version-history":[{"count":9,"href":"https:\/\/www.naturparkmagazin.de\/am-stettiner-haff\/wp-json\/wp\/v2\/posts\/1681\/revisions"}],"predecessor-version":[{"id":1725,"href":"https:\/\/www.naturparkmagazin.de\/am-stettiner-haff\/wp-json\/wp\/v2\/posts\/1681\/revisions\/1725"}],"wp:featuredmedia":[{"embeddable":true,"href":"https:\/\/www.naturparkmagazin.de\/am-stettiner-haff\/wp-json\/wp\/v2\/media\/1694"}],"wp:attachment":[{"href":"https:\/\/www.naturparkmagazin.de\/am-stettiner-haff\/wp-json\/wp\/v2\/media?parent=1681"}],"wp:term":[{"taxonomy":"category","embeddable":true,"href":"https:\/\/www.naturparkmagazin.de\/am-stettiner-haff\/wp-json\/wp\/v2\/categories?post=1681"},{"taxonomy":"post_tag","embeddable":true,"href":"https:\/\/www.naturparkmagazin.de\/am-stettiner-haff\/wp-json\/wp\/v2\/tags?post=1681"}],"curies":[{"name":"wp","href":"https:\/\/api.w.org\/{rel}","templated":true}]}}