{"id":1699,"date":"2016-03-14T10:00:04","date_gmt":"2016-03-14T09:00:04","guid":{"rendered":"http:\/\/www.naturparkmagazin.de\/am-stettiner-haff\/?p=1699"},"modified":"2016-03-24T14:54:30","modified_gmt":"2016-03-24T13:54:30","slug":"mit-dem-zapfenpfluecker-hoch-hinaus","status":"publish","type":"post","link":"https:\/\/www.naturparkmagazin.de\/am-stettiner-haff\/mit-dem-zapfenpfluecker-hoch-hinaus\/","title":{"rendered":"Wohnungsbau in luftiger H\u00f6he"},"content":{"rendered":"<p>Ronald Jorke stieg f\u00fcr den Naturpark hoch hinaus. Der Forstwirt, der im Forstamt Rothem\u00fchl arbeitet und dort u. a. auch als &#8222;Zapfenpfl\u00fccker&#8220; in luftige H\u00f6hen steigt, sollte aber keine Zapfen oder anderen Dinge von oben nach unten bef\u00f6rdern. Dieses Mal\u00a0sollten Nisthilfen f\u00fcr Turmfalken in die Kronen von Pappeln gebracht werden.<\/p>\n<p>&nbsp;<\/p>\n<div id=\"attachment_1704\" style=\"width: 610px\" class=\"wp-caption aligncenter\"><a href=\"https:\/\/www.naturparkmagazin.de\/am-stettiner-haff\/wp-content\/uploads\/sites\/29\/Aufstieg_01.jpg\"><img aria-describedby=\"caption-attachment-1704\" decoding=\"async\" loading=\"lazy\" class=\"size-full wp-image-1704\" src=\"https:\/\/www.naturparkmagazin.de\/am-stettiner-haff\/wp-content\/uploads\/sites\/29\/Aufstieg_01.jpg\" alt=\"Auf dem Weg nach oben (Foto: Naturpark-Archiv)\" width=\"600\" height=\"639\" srcset=\"https:\/\/www.naturparkmagazin.de\/am-stettiner-haff\/wp-content\/uploads\/sites\/29\/Aufstieg_01.jpg 600w, https:\/\/www.naturparkmagazin.de\/am-stettiner-haff\/wp-content\/uploads\/sites\/29\/Aufstieg_01-300x320.jpg 300w, https:\/\/www.naturparkmagazin.de\/am-stettiner-haff\/wp-content\/uploads\/sites\/29\/Aufstieg_01-200x213.jpg 200w\" sizes=\"(max-width: 600px) 100vw, 600px\" \/><\/a><p id=\"caption-attachment-1704\" class=\"wp-caption-text\">Auf dem Weg nach oben (Foto: Naturpark-Archiv)<\/p><\/div>\n<p>Aus Verkehrssicherungsgr\u00fcnden mussten im Bereich des Borken (Teil der Randow-Niederung im s\u00fcd\u00f6stlichen Naturparkbereich) absterbende Pappeln gef\u00e4llt werden. Leider befanden sich einigen dieser B\u00e4ume Nisthilfen f\u00fcr den Turmfalken, die in den letzten Jahren erfolgreich genutzt wurden. Daher war dringender Ersatz von N\u00f6ten. Doch wie sollten die Nistk\u00e4sten in die Kronen gelangen. Selbst mit der l\u00e4ngsten Leiter des Naturparks schien die Sache unl\u00f6sbar.\u00a0Dank Peter Neumann, dem Leiter des Forstamtes Rothem\u00fchl fand sich jedoch nach einem Telefonat eine schnelle und unkomplizierte L\u00f6sung f\u00fcr dieses Problem: Er schickte seinen Forstwirt und &#8222;Zapfenpfl\u00fccker&#8220; f\u00fcr einen Tag in den\u00a0Naturpark\u00a0und erm\u00f6glichte so den\u00a0Ersatzneubau in luftiger H\u00f6he.<\/p>\n<p>&nbsp;<\/p>\n<div id=\"attachment_1706\" style=\"width: 630px\" class=\"wp-caption aligncenter\"><a href=\"https:\/\/www.naturparkmagazin.de\/am-stettiner-haff\/wp-content\/uploads\/sites\/29\/Wohnungsbau_komp.jpg\"><img aria-describedby=\"caption-attachment-1706\" decoding=\"async\" loading=\"lazy\" class=\"size-large wp-image-1706\" src=\"https:\/\/www.naturparkmagazin.de\/am-stettiner-haff\/wp-content\/uploads\/sites\/29\/Wohnungsbau_komp-940x530.jpg\" alt=\"Ronald Jorke beim anbringen eines Nistkastens (Foto: Naturpark-Archiv)\" width=\"620\" height=\"350\" srcset=\"https:\/\/www.naturparkmagazin.de\/am-stettiner-haff\/wp-content\/uploads\/sites\/29\/Wohnungsbau_komp-940x530.jpg 940w, https:\/\/www.naturparkmagazin.de\/am-stettiner-haff\/wp-content\/uploads\/sites\/29\/Wohnungsbau_komp-300x169.jpg 300w, https:\/\/www.naturparkmagazin.de\/am-stettiner-haff\/wp-content\/uploads\/sites\/29\/Wohnungsbau_komp-620x349.jpg 620w, https:\/\/www.naturparkmagazin.de\/am-stettiner-haff\/wp-content\/uploads\/sites\/29\/Wohnungsbau_komp-670x378.jpg 670w, https:\/\/www.naturparkmagazin.de\/am-stettiner-haff\/wp-content\/uploads\/sites\/29\/Wohnungsbau_komp-200x113.jpg 200w, https:\/\/www.naturparkmagazin.de\/am-stettiner-haff\/wp-content\/uploads\/sites\/29\/Wohnungsbau_komp.jpg 1024w\" sizes=\"(max-width: 620px) 100vw, 620px\" \/><\/a><p id=\"caption-attachment-1706\" class=\"wp-caption-text\">Ronald Jorke beim anbringen eines Nistkastens (Foto: Naturpark-Archiv)<\/p><\/div>\n<p>Nun sind die Turmfalken an der Reihe&#8230;<\/p>\n<p>&nbsp;<\/p>\n","protected":false},"excerpt":{"rendered":"<p>Ronald Jorke stieg f\u00fcr den Naturpark hoch hinaus. Aufgabe des Forstwirts war es, Nilsthilfen f\u00fcr Turmfalken anzubringen.<\/p>\n","protected":false},"author":26,"featured_media":1704,"comment_status":"open","ping_status":"open","sticky":false,"template":"","format":"standard","meta":[],"categories":[7],"tags":[508],"yoast_head":"<!-- This site is optimized with the Yoast SEO plugin v19.10 - https:\/\/yoast.com\/wordpress\/plugins\/seo\/ -->\n<title>Wohnungsbau in luftiger H\u00f6he - Naturpark Am Stettiner Haff<\/title>\n<meta name=\"robots\" content=\"index, follow, max-snippet:-1, max-image-preview:large, max-video-preview:-1\" \/>\n<link rel=\"canonical\" href=\"https:\/\/www.naturparkmagazin.de\/am-stettiner-haff\/mit-dem-zapfenpfluecker-hoch-hinaus\/\" \/>\n<meta property=\"og:locale\" content=\"de_DE\" \/>\n<meta property=\"og:type\" content=\"article\" \/>\n<meta property=\"og:title\" content=\"Wohnungsbau in luftiger H\u00f6he - Naturpark Am Stettiner Haff\" \/>\n<meta property=\"og:description\" content=\"Ronald Jorke stieg f\u00fcr den Naturpark hoch hinaus. Aufgabe des Forstwirts war es, Nilsthilfen f\u00fcr Turmfalken anzubringen.\" \/>\n<meta property=\"og:url\" content=\"https:\/\/www.naturparkmagazin.de\/am-stettiner-haff\/mit-dem-zapfenpfluecker-hoch-hinaus\/\" \/>\n<meta property=\"og:site_name\" content=\"Naturpark Am Stettiner Haff\" \/>\n<meta property=\"article:published_time\" content=\"2016-03-14T09:00:04+00:00\" \/>\n<meta property=\"article:modified_time\" content=\"2016-03-24T13:54:30+00:00\" \/>\n<meta property=\"og:image\" content=\"https:\/\/www.naturparkmagazin.de\/am-stettiner-haff\/wp-content\/uploads\/sites\/29\/Aufstieg_01.jpg\" \/>\n\t<meta property=\"og:image:width\" content=\"600\" \/>\n\t<meta property=\"og:image:height\" content=\"639\" \/>\n\t<meta property=\"og:image:type\" content=\"image\/jpeg\" \/>\n<meta name=\"author\" content=\"Jochen Elberskirch\" \/>\n<meta name=\"twitter:label1\" content=\"Verfasst von\" \/>\n\t<meta name=\"twitter:data1\" content=\"Jochen Elberskirch\" \/>\n\t<meta name=\"twitter:label2\" content=\"Gesch\u00e4tzte Lesezeit\" \/>\n\t<meta name=\"twitter:data2\" content=\"1\u00a0Minute\" \/>\n<script type=\"application\/ld+json\" class=\"yoast-schema-graph\">{\"@context\":\"https:\/\/schema.org\",\"@graph\":[{\"@type\":\"WebPage\",\"@id\":\"https:\/\/www.naturparkmagazin.de\/am-stettiner-haff\/mit-dem-zapfenpfluecker-hoch-hinaus\/\",\"url\":\"https:\/\/www.naturparkmagazin.de\/am-stettiner-haff\/mit-dem-zapfenpfluecker-hoch-hinaus\/\",\"name\":\"Wohnungsbau in luftiger H\u00f6he - Naturpark Am Stettiner Haff\",\"isPartOf\":{\"@id\":\"https:\/\/www.naturparkmagazin.de\/am-stettiner-haff\/#website\"},\"datePublished\":\"2016-03-14T09:00:04+00:00\",\"dateModified\":\"2016-03-24T13:54:30+00:00\",\"author\":{\"@id\":\"https:\/\/www.naturparkmagazin.de\/am-stettiner-haff\/#\/schema\/person\/4a7208080dbbfb024d81129b7960c725\"},\"breadcrumb\":{\"@id\":\"https:\/\/www.naturparkmagazin.de\/am-stettiner-haff\/mit-dem-zapfenpfluecker-hoch-hinaus\/#breadcrumb\"},\"inLanguage\":\"de\",\"potentialAction\":[{\"@type\":\"ReadAction\",\"target\":[\"https:\/\/www.naturparkmagazin.de\/am-stettiner-haff\/mit-dem-zapfenpfluecker-hoch-hinaus\/\"]}]},{\"@type\":\"BreadcrumbList\",\"@id\":\"https:\/\/www.naturparkmagazin.de\/am-stettiner-haff\/mit-dem-zapfenpfluecker-hoch-hinaus\/#breadcrumb\",\"itemListElement\":[{\"@type\":\"ListItem\",\"position\":1,\"name\":\"Home\",\"item\":\"https:\/\/www.naturparkmagazin.de\/am-stettiner-haff\/\"},{\"@type\":\"ListItem\",\"position\":2,\"name\":\"Wohnungsbau in luftiger H\u00f6he\"}]},{\"@type\":\"WebSite\",\"@id\":\"https:\/\/www.naturparkmagazin.de\/am-stettiner-haff\/#website\",\"url\":\"https:\/\/www.naturparkmagazin.de\/am-stettiner-haff\/\",\"name\":\"Naturpark Am Stettiner Haff\",\"description\":\"\",\"potentialAction\":[{\"@type\":\"SearchAction\",\"target\":{\"@type\":\"EntryPoint\",\"urlTemplate\":\"https:\/\/www.naturparkmagazin.de\/am-stettiner-haff\/?s={search_term_string}\"},\"query-input\":\"required name=search_term_string\"}],\"inLanguage\":\"de\"},{\"@type\":\"Person\",\"@id\":\"https:\/\/www.naturparkmagazin.de\/am-stettiner-haff\/#\/schema\/person\/4a7208080dbbfb024d81129b7960c725\",\"name\":\"Jochen Elberskirch\",\"sameAs\":[\"http:\/\/www.naturpark-am-stettiner-haff.de\"],\"url\":\"https:\/\/www.naturparkmagazin.de\/am-stettiner-haff\/author\/jochenelberskirch\/\"}]}<\/script>\n<!-- \/ Yoast SEO plugin. -->","yoast_head_json":{"title":"Wohnungsbau in luftiger H\u00f6he - Naturpark Am Stettiner Haff","robots":{"index":"index","follow":"follow","max-snippet":"max-snippet:-1","max-image-preview":"max-image-preview:large","max-video-preview":"max-video-preview:-1"},"canonical":"https:\/\/www.naturparkmagazin.de\/am-stettiner-haff\/mit-dem-zapfenpfluecker-hoch-hinaus\/","og_locale":"de_DE","og_type":"article","og_title":"Wohnungsbau in luftiger H\u00f6he - Naturpark Am Stettiner Haff","og_description":"Ronald Jorke stieg f\u00fcr den Naturpark hoch hinaus. Aufgabe des Forstwirts war es, Nilsthilfen f\u00fcr Turmfalken anzubringen.","og_url":"https:\/\/www.naturparkmagazin.de\/am-stettiner-haff\/mit-dem-zapfenpfluecker-hoch-hinaus\/","og_site_name":"Naturpark Am Stettiner Haff","article_published_time":"2016-03-14T09:00:04+00:00","article_modified_time":"2016-03-24T13:54:30+00:00","og_image":[{"width":600,"height":639,"url":"https:\/\/www.naturparkmagazin.de\/am-stettiner-haff\/wp-content\/uploads\/sites\/29\/Aufstieg_01.jpg","type":"image\/jpeg"}],"author":"Jochen Elberskirch","twitter_misc":{"Verfasst von":"Jochen Elberskirch","Gesch\u00e4tzte Lesezeit":"1\u00a0Minute"},"schema":{"@context":"https:\/\/schema.org","@graph":[{"@type":"WebPage","@id":"https:\/\/www.naturparkmagazin.de\/am-stettiner-haff\/mit-dem-zapfenpfluecker-hoch-hinaus\/","url":"https:\/\/www.naturparkmagazin.de\/am-stettiner-haff\/mit-dem-zapfenpfluecker-hoch-hinaus\/","name":"Wohnungsbau in luftiger H\u00f6he - Naturpark Am Stettiner Haff","isPartOf":{"@id":"https:\/\/www.naturparkmagazin.de\/am-stettiner-haff\/#website"},"datePublished":"2016-03-14T09:00:04+00:00","dateModified":"2016-03-24T13:54:30+00:00","author":{"@id":"https:\/\/www.naturparkmagazin.de\/am-stettiner-haff\/#\/schema\/person\/4a7208080dbbfb024d81129b7960c725"},"breadcrumb":{"@id":"https:\/\/www.naturparkmagazin.de\/am-stettiner-haff\/mit-dem-zapfenpfluecker-hoch-hinaus\/#breadcrumb"},"inLanguage":"de","potentialAction":[{"@type":"ReadAction","target":["https:\/\/www.naturparkmagazin.de\/am-stettiner-haff\/mit-dem-zapfenpfluecker-hoch-hinaus\/"]}]},{"@type":"BreadcrumbList","@id":"https:\/\/www.naturparkmagazin.de\/am-stettiner-haff\/mit-dem-zapfenpfluecker-hoch-hinaus\/#breadcrumb","itemListElement":[{"@type":"ListItem","position":1,"name":"Home","item":"https:\/\/www.naturparkmagazin.de\/am-stettiner-haff\/"},{"@type":"ListItem","position":2,"name":"Wohnungsbau in luftiger H\u00f6he"}]},{"@type":"WebSite","@id":"https:\/\/www.naturparkmagazin.de\/am-stettiner-haff\/#website","url":"https:\/\/www.naturparkmagazin.de\/am-stettiner-haff\/","name":"Naturpark Am Stettiner Haff","description":"","potentialAction":[{"@type":"SearchAction","target":{"@type":"EntryPoint","urlTemplate":"https:\/\/www.naturparkmagazin.de\/am-stettiner-haff\/?s={search_term_string}"},"query-input":"required name=search_term_string"}],"inLanguage":"de"},{"@type":"Person","@id":"https:\/\/www.naturparkmagazin.de\/am-stettiner-haff\/#\/schema\/person\/4a7208080dbbfb024d81129b7960c725","name":"Jochen Elberskirch","sameAs":["http:\/\/www.naturpark-am-stettiner-haff.de"],"url":"https:\/\/www.naturparkmagazin.de\/am-stettiner-haff\/author\/jochenelberskirch\/"}]}},"_links":{"self":[{"href":"https:\/\/www.naturparkmagazin.de\/am-stettiner-haff\/wp-json\/wp\/v2\/posts\/1699"}],"collection":[{"href":"https:\/\/www.naturparkmagazin.de\/am-stettiner-haff\/wp-json\/wp\/v2\/posts"}],"about":[{"href":"https:\/\/www.naturparkmagazin.de\/am-stettiner-haff\/wp-json\/wp\/v2\/types\/post"}],"author":[{"embeddable":true,"href":"https:\/\/www.naturparkmagazin.de\/am-stettiner-haff\/wp-json\/wp\/v2\/users\/26"}],"replies":[{"embeddable":true,"href":"https:\/\/www.naturparkmagazin.de\/am-stettiner-haff\/wp-json\/wp\/v2\/comments?post=1699"}],"version-history":[{"count":9,"href":"https:\/\/www.naturparkmagazin.de\/am-stettiner-haff\/wp-json\/wp\/v2\/posts\/1699\/revisions"}],"predecessor-version":[{"id":1736,"href":"https:\/\/www.naturparkmagazin.de\/am-stettiner-haff\/wp-json\/wp\/v2\/posts\/1699\/revisions\/1736"}],"wp:featuredmedia":[{"embeddable":true,"href":"https:\/\/www.naturparkmagazin.de\/am-stettiner-haff\/wp-json\/wp\/v2\/media\/1704"}],"wp:attachment":[{"href":"https:\/\/www.naturparkmagazin.de\/am-stettiner-haff\/wp-json\/wp\/v2\/media?parent=1699"}],"wp:term":[{"taxonomy":"category","embeddable":true,"href":"https:\/\/www.naturparkmagazin.de\/am-stettiner-haff\/wp-json\/wp\/v2\/categories?post=1699"},{"taxonomy":"post_tag","embeddable":true,"href":"https:\/\/www.naturparkmagazin.de\/am-stettiner-haff\/wp-json\/wp\/v2\/tags?post=1699"}],"curies":[{"name":"wp","href":"https:\/\/api.w.org\/{rel}","templated":true}]}}