{"id":1713,"date":"2016-03-14T10:08:21","date_gmt":"2016-03-14T09:08:21","guid":{"rendered":"http:\/\/www.naturparkmagazin.de\/am-stettiner-haff\/?p=1713"},"modified":"2016-03-24T14:54:22","modified_gmt":"2016-03-24T13:54:22","slug":"es-ist-vollbracht","status":"publish","type":"post","link":"https:\/\/www.naturparkmagazin.de\/am-stettiner-haff\/es-ist-vollbracht\/","title":{"rendered":"Es ist vollbracht&#8230;"},"content":{"rendered":"<p>&nbsp;<\/p>\n<div id=\"attachment_1705\" style=\"width: 810px\" class=\"wp-caption aligncenter\"><a href=\"https:\/\/www.naturparkmagazin.de\/am-stettiner-haff\/wp-content\/uploads\/sites\/29\/Touristischer-Hinweis-am-Biz.jpg\"><img aria-describedby=\"caption-attachment-1705\" decoding=\"async\" loading=\"lazy\" class=\"size-full wp-image-1705\" src=\"https:\/\/www.naturparkmagazin.de\/am-stettiner-haff\/wp-content\/uploads\/sites\/29\/Touristischer-Hinweis-am-Biz.jpg\" alt=\"Besucherinforma tionszentrum mit Hinweisschild (Foto: Naturpark-Archiv)\" width=\"800\" height=\"451\" srcset=\"https:\/\/www.naturparkmagazin.de\/am-stettiner-haff\/wp-content\/uploads\/sites\/29\/Touristischer-Hinweis-am-Biz.jpg 800w, https:\/\/www.naturparkmagazin.de\/am-stettiner-haff\/wp-content\/uploads\/sites\/29\/Touristischer-Hinweis-am-Biz-300x169.jpg 300w, https:\/\/www.naturparkmagazin.de\/am-stettiner-haff\/wp-content\/uploads\/sites\/29\/Touristischer-Hinweis-am-Biz-620x350.jpg 620w, https:\/\/www.naturparkmagazin.de\/am-stettiner-haff\/wp-content\/uploads\/sites\/29\/Touristischer-Hinweis-am-Biz-670x378.jpg 670w, https:\/\/www.naturparkmagazin.de\/am-stettiner-haff\/wp-content\/uploads\/sites\/29\/Touristischer-Hinweis-am-Biz-200x113.jpg 200w\" sizes=\"(max-width: 800px) 100vw, 800px\" \/><\/a><p id=\"caption-attachment-1705\" class=\"wp-caption-text\">Besucherinformationszentrum mit Hinweisschild (Foto: Naturpark-Archiv)<\/p><\/div>\n<p>Seit Anfang M\u00e4rz\u00a0kann das Besucherinformationszentrum des\u00a0Naturparks (BIZ)eigentlich nicht mehr verfehlt werden. Gro\u00dfe touristische Hinweise f\u00fchren nun von der B 109 und von Ueckerm\u00fcnde nach Eggesin. Der eindeutige Schriftzug &#8222;Naturpark Am Stettiner Haff\ni Besucherzentrum&#8220;\nsollte nun Interessierte k\u00fcnftig besser auf unseren Naturpark und sein Informationszentrum hinweisen.<\/p>\n<div id=\"attachment_1707\" style=\"width: 630px\" class=\"wp-caption aligncenter\"><a href=\"https:\/\/www.naturparkmagazin.de\/am-stettiner-haff\/wp-content\/uploads\/sites\/29\/Touristischer_Hinweis_B109_Bhf.-Jatznick.jpg\"><img aria-describedby=\"caption-attachment-1707\" decoding=\"async\" loading=\"lazy\" class=\"size-large wp-image-1707\" src=\"https:\/\/www.naturparkmagazin.de\/am-stettiner-haff\/wp-content\/uploads\/sites\/29\/Touristischer_Hinweis_B109_Bhf.-Jatznick-940x529.jpg\" alt=\"Touristischer Hinweis an der B109 - Bahnhof Jatznick (Foto: Naturpark-Archiv)\" width=\"620\" height=\"349\" \/><\/a><p id=\"caption-attachment-1707\" class=\"wp-caption-text\">Touristischer Hinweis an der B109 &#8211; Bahnhof Jatznick (Foto: Naturpark-Archiv)<\/p><\/div>\n","protected":false},"excerpt":{"rendered":"<p>Seit Anfang M\u00e4rz kann das Besucherinformationszentrum des Naturparks (BIZ)eigentlich nicht mehr verfehlt werden. Gro\u00dfe touristische Hinweise f\u00fchren nun von der B 109 und von Ueckerm\u00fcnde nach Eggesin.<\/p>\n","protected":false},"author":26,"featured_media":1707,"comment_status":"open","ping_status":"open","sticky":false,"template":"","format":"standard","meta":[],"categories":[7],"tags":[],"yoast_head":"<!-- This site is optimized with the Yoast SEO plugin v19.10 - https:\/\/yoast.com\/wordpress\/plugins\/seo\/ -->\n<title>Es ist vollbracht... - Naturpark Am Stettiner Haff<\/title>\n<meta name=\"robots\" content=\"index, follow, max-snippet:-1, max-image-preview:large, max-video-preview:-1\" \/>\n<link rel=\"canonical\" href=\"https:\/\/www.naturparkmagazin.de\/am-stettiner-haff\/es-ist-vollbracht\/\" \/>\n<meta property=\"og:locale\" content=\"de_DE\" \/>\n<meta property=\"og:type\" content=\"article\" \/>\n<meta property=\"og:title\" content=\"Es ist vollbracht... - Naturpark Am Stettiner Haff\" \/>\n<meta property=\"og:description\" content=\"Seit Anfang M\u00e4rz kann das Besucherinformationszentrum des Naturparks (BIZ)eigentlich nicht mehr verfehlt werden. Gro\u00dfe touristische Hinweise f\u00fchren nun von der B 109 und von Ueckerm\u00fcnde nach Eggesin.\" \/>\n<meta property=\"og:url\" content=\"https:\/\/www.naturparkmagazin.de\/am-stettiner-haff\/es-ist-vollbracht\/\" \/>\n<meta property=\"og:site_name\" content=\"Naturpark Am Stettiner Haff\" \/>\n<meta property=\"article:published_time\" content=\"2016-03-14T09:08:21+00:00\" \/>\n<meta property=\"article:modified_time\" content=\"2016-03-24T13:54:22+00:00\" \/>\n<meta property=\"og:image\" content=\"https:\/\/www.naturparkmagazin.de\/am-stettiner-haff\/wp-content\/uploads\/sites\/29\/Touristischer_Hinweis_B109_Bhf.-Jatznick-e1457687399694.jpg\" \/>\n\t<meta property=\"og:image:width\" content=\"200\" \/>\n\t<meta property=\"og:image:height\" content=\"113\" \/>\n\t<meta property=\"og:image:type\" content=\"image\/jpeg\" \/>\n<meta name=\"author\" content=\"Jochen Elberskirch\" \/>\n<meta name=\"twitter:label1\" content=\"Verfasst von\" \/>\n\t<meta name=\"twitter:data1\" content=\"Jochen Elberskirch\" \/>\n<script type=\"application\/ld+json\" class=\"yoast-schema-graph\">{\"@context\":\"https:\/\/schema.org\",\"@graph\":[{\"@type\":\"WebPage\",\"@id\":\"https:\/\/www.naturparkmagazin.de\/am-stettiner-haff\/es-ist-vollbracht\/\",\"url\":\"https:\/\/www.naturparkmagazin.de\/am-stettiner-haff\/es-ist-vollbracht\/\",\"name\":\"Es ist vollbracht... - Naturpark Am Stettiner Haff\",\"isPartOf\":{\"@id\":\"https:\/\/www.naturparkmagazin.de\/am-stettiner-haff\/#website\"},\"datePublished\":\"2016-03-14T09:08:21+00:00\",\"dateModified\":\"2016-03-24T13:54:22+00:00\",\"author\":{\"@id\":\"https:\/\/www.naturparkmagazin.de\/am-stettiner-haff\/#\/schema\/person\/4a7208080dbbfb024d81129b7960c725\"},\"breadcrumb\":{\"@id\":\"https:\/\/www.naturparkmagazin.de\/am-stettiner-haff\/es-ist-vollbracht\/#breadcrumb\"},\"inLanguage\":\"de\",\"potentialAction\":[{\"@type\":\"ReadAction\",\"target\":[\"https:\/\/www.naturparkmagazin.de\/am-stettiner-haff\/es-ist-vollbracht\/\"]}]},{\"@type\":\"BreadcrumbList\",\"@id\":\"https:\/\/www.naturparkmagazin.de\/am-stettiner-haff\/es-ist-vollbracht\/#breadcrumb\",\"itemListElement\":[{\"@type\":\"ListItem\",\"position\":1,\"name\":\"Home\",\"item\":\"https:\/\/www.naturparkmagazin.de\/am-stettiner-haff\/\"},{\"@type\":\"ListItem\",\"position\":2,\"name\":\"Es ist vollbracht&#8230;\"}]},{\"@type\":\"WebSite\",\"@id\":\"https:\/\/www.naturparkmagazin.de\/am-stettiner-haff\/#website\",\"url\":\"https:\/\/www.naturparkmagazin.de\/am-stettiner-haff\/\",\"name\":\"Naturpark Am Stettiner Haff\",\"description\":\"\",\"potentialAction\":[{\"@type\":\"SearchAction\",\"target\":{\"@type\":\"EntryPoint\",\"urlTemplate\":\"https:\/\/www.naturparkmagazin.de\/am-stettiner-haff\/?s={search_term_string}\"},\"query-input\":\"required name=search_term_string\"}],\"inLanguage\":\"de\"},{\"@type\":\"Person\",\"@id\":\"https:\/\/www.naturparkmagazin.de\/am-stettiner-haff\/#\/schema\/person\/4a7208080dbbfb024d81129b7960c725\",\"name\":\"Jochen Elberskirch\",\"sameAs\":[\"http:\/\/www.naturpark-am-stettiner-haff.de\"],\"url\":\"https:\/\/www.naturparkmagazin.de\/am-stettiner-haff\/author\/jochenelberskirch\/\"}]}<\/script>\n<!-- \/ Yoast SEO plugin. -->","yoast_head_json":{"title":"Es ist vollbracht... - Naturpark Am Stettiner Haff","robots":{"index":"index","follow":"follow","max-snippet":"max-snippet:-1","max-image-preview":"max-image-preview:large","max-video-preview":"max-video-preview:-1"},"canonical":"https:\/\/www.naturparkmagazin.de\/am-stettiner-haff\/es-ist-vollbracht\/","og_locale":"de_DE","og_type":"article","og_title":"Es ist vollbracht... - Naturpark Am Stettiner Haff","og_description":"Seit Anfang M\u00e4rz kann das Besucherinformationszentrum des Naturparks (BIZ)eigentlich nicht mehr verfehlt werden. Gro\u00dfe touristische Hinweise f\u00fchren nun von der B 109 und von Ueckerm\u00fcnde nach Eggesin.","og_url":"https:\/\/www.naturparkmagazin.de\/am-stettiner-haff\/es-ist-vollbracht\/","og_site_name":"Naturpark Am Stettiner Haff","article_published_time":"2016-03-14T09:08:21+00:00","article_modified_time":"2016-03-24T13:54:22+00:00","og_image":[{"width":200,"height":113,"url":"https:\/\/www.naturparkmagazin.de\/am-stettiner-haff\/wp-content\/uploads\/sites\/29\/Touristischer_Hinweis_B109_Bhf.-Jatznick-e1457687399694.jpg","type":"image\/jpeg"}],"author":"Jochen Elberskirch","twitter_misc":{"Verfasst von":"Jochen Elberskirch"},"schema":{"@context":"https:\/\/schema.org","@graph":[{"@type":"WebPage","@id":"https:\/\/www.naturparkmagazin.de\/am-stettiner-haff\/es-ist-vollbracht\/","url":"https:\/\/www.naturparkmagazin.de\/am-stettiner-haff\/es-ist-vollbracht\/","name":"Es ist vollbracht... - Naturpark Am Stettiner Haff","isPartOf":{"@id":"https:\/\/www.naturparkmagazin.de\/am-stettiner-haff\/#website"},"datePublished":"2016-03-14T09:08:21+00:00","dateModified":"2016-03-24T13:54:22+00:00","author":{"@id":"https:\/\/www.naturparkmagazin.de\/am-stettiner-haff\/#\/schema\/person\/4a7208080dbbfb024d81129b7960c725"},"breadcrumb":{"@id":"https:\/\/www.naturparkmagazin.de\/am-stettiner-haff\/es-ist-vollbracht\/#breadcrumb"},"inLanguage":"de","potentialAction":[{"@type":"ReadAction","target":["https:\/\/www.naturparkmagazin.de\/am-stettiner-haff\/es-ist-vollbracht\/"]}]},{"@type":"BreadcrumbList","@id":"https:\/\/www.naturparkmagazin.de\/am-stettiner-haff\/es-ist-vollbracht\/#breadcrumb","itemListElement":[{"@type":"ListItem","position":1,"name":"Home","item":"https:\/\/www.naturparkmagazin.de\/am-stettiner-haff\/"},{"@type":"ListItem","position":2,"name":"Es ist vollbracht&#8230;"}]},{"@type":"WebSite","@id":"https:\/\/www.naturparkmagazin.de\/am-stettiner-haff\/#website","url":"https:\/\/www.naturparkmagazin.de\/am-stettiner-haff\/","name":"Naturpark Am Stettiner Haff","description":"","potentialAction":[{"@type":"SearchAction","target":{"@type":"EntryPoint","urlTemplate":"https:\/\/www.naturparkmagazin.de\/am-stettiner-haff\/?s={search_term_string}"},"query-input":"required name=search_term_string"}],"inLanguage":"de"},{"@type":"Person","@id":"https:\/\/www.naturparkmagazin.de\/am-stettiner-haff\/#\/schema\/person\/4a7208080dbbfb024d81129b7960c725","name":"Jochen Elberskirch","sameAs":["http:\/\/www.naturpark-am-stettiner-haff.de"],"url":"https:\/\/www.naturparkmagazin.de\/am-stettiner-haff\/author\/jochenelberskirch\/"}]}},"_links":{"self":[{"href":"https:\/\/www.naturparkmagazin.de\/am-stettiner-haff\/wp-json\/wp\/v2\/posts\/1713"}],"collection":[{"href":"https:\/\/www.naturparkmagazin.de\/am-stettiner-haff\/wp-json\/wp\/v2\/posts"}],"about":[{"href":"https:\/\/www.naturparkmagazin.de\/am-stettiner-haff\/wp-json\/wp\/v2\/types\/post"}],"author":[{"embeddable":true,"href":"https:\/\/www.naturparkmagazin.de\/am-stettiner-haff\/wp-json\/wp\/v2\/users\/26"}],"replies":[{"embeddable":true,"href":"https:\/\/www.naturparkmagazin.de\/am-stettiner-haff\/wp-json\/wp\/v2\/comments?post=1713"}],"version-history":[{"count":4,"href":"https:\/\/www.naturparkmagazin.de\/am-stettiner-haff\/wp-json\/wp\/v2\/posts\/1713\/revisions"}],"predecessor-version":[{"id":1723,"href":"https:\/\/www.naturparkmagazin.de\/am-stettiner-haff\/wp-json\/wp\/v2\/posts\/1713\/revisions\/1723"}],"wp:featuredmedia":[{"embeddable":true,"href":"https:\/\/www.naturparkmagazin.de\/am-stettiner-haff\/wp-json\/wp\/v2\/media\/1707"}],"wp:attachment":[{"href":"https:\/\/www.naturparkmagazin.de\/am-stettiner-haff\/wp-json\/wp\/v2\/media?parent=1713"}],"wp:term":[{"taxonomy":"category","embeddable":true,"href":"https:\/\/www.naturparkmagazin.de\/am-stettiner-haff\/wp-json\/wp\/v2\/categories?post=1713"},{"taxonomy":"post_tag","embeddable":true,"href":"https:\/\/www.naturparkmagazin.de\/am-stettiner-haff\/wp-json\/wp\/v2\/tags?post=1713"}],"curies":[{"name":"wp","href":"https:\/\/api.w.org\/{rel}","templated":true}]}}