{"id":1728,"date":"2016-03-14T14:53:53","date_gmt":"2016-03-14T13:53:53","guid":{"rendered":"http:\/\/www.naturparkmagazin.de\/am-stettiner-haff\/?p=1728"},"modified":"2016-03-21T15:07:36","modified_gmt":"2016-03-21T14:07:36","slug":"unbedingt-vormerken-28-mai-2016","status":"publish","type":"post","link":"https:\/\/www.naturparkmagazin.de\/am-stettiner-haff\/unbedingt-vormerken-28-mai-2016\/","title":{"rendered":"Unbedingt vormerken &#8211; 28. Mai 2016"},"content":{"rendered":"<p>&nbsp;<\/p>\n<div id=\"attachment_1730\" style=\"width: 754px\" class=\"wp-caption aligncenter\"><a href=\"https:\/\/www.naturparkmagazin.de\/am-stettiner-haff\/wp-content\/uploads\/sites\/29\/Darre.jpg\"><img aria-describedby=\"caption-attachment-1730\" decoding=\"async\" loading=\"lazy\" class=\"size-full wp-image-1730\" src=\"https:\/\/www.naturparkmagazin.de\/am-stettiner-haff\/wp-content\/uploads\/sites\/29\/Darre.jpg\" alt=\"Forstsamendarre Jatznick (Foto: Naturpark-Archiv)\" width=\"744\" height=\"832\" \/><\/a><p id=\"caption-attachment-1730\" class=\"wp-caption-text\">Forstsamendarre Jatznick (Foto: Naturpark-Archiv)<\/p><\/div>\n<p>An diesem Tag wird um 10:00 Uhr die Forstsamendarre Jatznick ihre Pforten zum Tag der offenen T\u00fcr und zum diesj\u00e4hrigen Naturparkfest \u00f6ffnen. Die Planung f\u00fcr diesen gemeinsamen H\u00f6hepunkt laufen auf Hochtouren. Das Team der Forstsamendarre Jatznick und des Naturparks &#8222;Am Stettiner Haff&#8220; haben sich allerlei einfallen lassen. So wird es neben F\u00fchrungen durch die Samendarre viel Wissenswertes aus der Region geben. Nat\u00fcrlich sind auch viele Aktionen zum Mitmachen geplant. Ausf\u00fchrliche Informationen zum Tag der offenen T\u00fcr in der Samendarre und dem Naturparkfest gibt es in der n\u00e4chsten Ausgabe des Naturparkmagazins.<\/p>\n<p>Also den 28. Mai 2016 im Kalender vormerken und vorbeischauen.<\/p>\n<div id=\"attachment_1228\" style=\"width: 915px\" class=\"wp-caption aligncenter\"><a href=\"https:\/\/www.naturparkmagazin.de\/am-stettiner-haff\/wp-content\/uploads\/sites\/29\/klein.jpg\"><img aria-describedby=\"caption-attachment-1228\" decoding=\"async\" loading=\"lazy\" class=\"size-full wp-image-1228\" src=\"https:\/\/www.naturparkmagazin.de\/am-stettiner-haff\/wp-content\/uploads\/sites\/29\/klein.jpg\" alt=\"Impressionen eines Naturparkfestes (Foto: Naturpark-Archiv)\" width=\"905\" height=\"624\" srcset=\"https:\/\/www.naturparkmagazin.de\/am-stettiner-haff\/wp-content\/uploads\/sites\/29\/klein.jpg 905w, https:\/\/www.naturparkmagazin.de\/am-stettiner-haff\/wp-content\/uploads\/sites\/29\/klein-300x207.jpg 300w, https:\/\/www.naturparkmagazin.de\/am-stettiner-haff\/wp-content\/uploads\/sites\/29\/klein-620x427.jpg 620w, https:\/\/www.naturparkmagazin.de\/am-stettiner-haff\/wp-content\/uploads\/sites\/29\/klein-670x462.jpg 670w, https:\/\/www.naturparkmagazin.de\/am-stettiner-haff\/wp-content\/uploads\/sites\/29\/klein-200x138.jpg 200w\" sizes=\"(max-width: 905px) 100vw, 905px\" \/><\/a><p id=\"caption-attachment-1228\" class=\"wp-caption-text\">Impressionen eines Naturparkfestes (Foto: Naturpark-Archiv)<\/p><\/div>\n<p>&nbsp;<\/p>\n<p>&nbsp;<\/p>\n","protected":false},"excerpt":{"rendered":"<p>An diesem Tag wird um 10:00 Uhr die Forstsamendarre Jatznick ihre Pforten zum Tag der offenen T\u00fcr und zum diesj\u00e4hrigen Naturparkfest \u00f6ffnen. Die Planung f\u00fcr diesen gemeinsamen H\u00f6hepunkt laufen auf Hochtouren. Das Team der Forstsamendarre Jatznick und des Naturparks &#8222;Am Stettiner Haff&#8220; haben sich allerlei einfallen lassen. <\/p>\n","protected":false},"author":26,"featured_media":1730,"comment_status":"open","ping_status":"open","sticky":false,"template":"","format":"standard","meta":[],"categories":[11],"tags":[508],"yoast_head":"<!-- This site is optimized with the Yoast SEO plugin v19.10 - https:\/\/yoast.com\/wordpress\/plugins\/seo\/ -->\n<title>Unbedingt vormerken - 28. Mai 2016 - Naturpark Am Stettiner Haff<\/title>\n<meta name=\"robots\" content=\"index, follow, max-snippet:-1, max-image-preview:large, max-video-preview:-1\" \/>\n<link rel=\"canonical\" href=\"https:\/\/www.naturparkmagazin.de\/am-stettiner-haff\/unbedingt-vormerken-28-mai-2016\/\" \/>\n<meta property=\"og:locale\" content=\"de_DE\" \/>\n<meta property=\"og:type\" content=\"article\" \/>\n<meta property=\"og:title\" content=\"Unbedingt vormerken - 28. Mai 2016 - Naturpark Am Stettiner Haff\" \/>\n<meta property=\"og:description\" content=\"An diesem Tag wird um 10:00 Uhr die Forstsamendarre Jatznick ihre Pforten zum Tag der offenen T\u00fcr und zum diesj\u00e4hrigen Naturparkfest \u00f6ffnen. Die Planung f\u00fcr diesen gemeinsamen H\u00f6hepunkt laufen auf Hochtouren. Das Team der Forstsamendarre Jatznick und des Naturparks &quot;Am Stettiner Haff&quot; haben sich allerlei einfallen lassen.\" \/>\n<meta property=\"og:url\" content=\"https:\/\/www.naturparkmagazin.de\/am-stettiner-haff\/unbedingt-vormerken-28-mai-2016\/\" \/>\n<meta property=\"og:site_name\" content=\"Naturpark Am Stettiner Haff\" \/>\n<meta property=\"article:published_time\" content=\"2016-03-14T13:53:53+00:00\" \/>\n<meta property=\"article:modified_time\" content=\"2016-03-21T14:07:36+00:00\" \/>\n<meta property=\"og:image\" content=\"https:\/\/www.naturparkmagazin.de\/am-stettiner-haff\/wp-content\/uploads\/sites\/29\/Darre-e1458569035700.jpg\" \/>\n\t<meta property=\"og:image:width\" content=\"200\" \/>\n\t<meta property=\"og:image:height\" content=\"224\" \/>\n\t<meta property=\"og:image:type\" content=\"image\/jpeg\" \/>\n<meta name=\"author\" content=\"Jochen Elberskirch\" \/>\n<meta name=\"twitter:label1\" content=\"Verfasst von\" \/>\n\t<meta name=\"twitter:data1\" content=\"Jochen Elberskirch\" \/>\n\t<meta name=\"twitter:label2\" content=\"Gesch\u00e4tzte Lesezeit\" \/>\n\t<meta name=\"twitter:data2\" content=\"1\u00a0Minute\" \/>\n<script type=\"application\/ld+json\" class=\"yoast-schema-graph\">{\"@context\":\"https:\/\/schema.org\",\"@graph\":[{\"@type\":\"WebPage\",\"@id\":\"https:\/\/www.naturparkmagazin.de\/am-stettiner-haff\/unbedingt-vormerken-28-mai-2016\/\",\"url\":\"https:\/\/www.naturparkmagazin.de\/am-stettiner-haff\/unbedingt-vormerken-28-mai-2016\/\",\"name\":\"Unbedingt vormerken - 28. Mai 2016 - Naturpark Am Stettiner Haff\",\"isPartOf\":{\"@id\":\"https:\/\/www.naturparkmagazin.de\/am-stettiner-haff\/#website\"},\"datePublished\":\"2016-03-14T13:53:53+00:00\",\"dateModified\":\"2016-03-21T14:07:36+00:00\",\"author\":{\"@id\":\"https:\/\/www.naturparkmagazin.de\/am-stettiner-haff\/#\/schema\/person\/4a7208080dbbfb024d81129b7960c725\"},\"breadcrumb\":{\"@id\":\"https:\/\/www.naturparkmagazin.de\/am-stettiner-haff\/unbedingt-vormerken-28-mai-2016\/#breadcrumb\"},\"inLanguage\":\"de\",\"potentialAction\":[{\"@type\":\"ReadAction\",\"target\":[\"https:\/\/www.naturparkmagazin.de\/am-stettiner-haff\/unbedingt-vormerken-28-mai-2016\/\"]}]},{\"@type\":\"BreadcrumbList\",\"@id\":\"https:\/\/www.naturparkmagazin.de\/am-stettiner-haff\/unbedingt-vormerken-28-mai-2016\/#breadcrumb\",\"itemListElement\":[{\"@type\":\"ListItem\",\"position\":1,\"name\":\"Home\",\"item\":\"https:\/\/www.naturparkmagazin.de\/am-stettiner-haff\/\"},{\"@type\":\"ListItem\",\"position\":2,\"name\":\"Unbedingt vormerken &#8211; 28. Mai 2016\"}]},{\"@type\":\"WebSite\",\"@id\":\"https:\/\/www.naturparkmagazin.de\/am-stettiner-haff\/#website\",\"url\":\"https:\/\/www.naturparkmagazin.de\/am-stettiner-haff\/\",\"name\":\"Naturpark Am Stettiner Haff\",\"description\":\"\",\"potentialAction\":[{\"@type\":\"SearchAction\",\"target\":{\"@type\":\"EntryPoint\",\"urlTemplate\":\"https:\/\/www.naturparkmagazin.de\/am-stettiner-haff\/?s={search_term_string}\"},\"query-input\":\"required name=search_term_string\"}],\"inLanguage\":\"de\"},{\"@type\":\"Person\",\"@id\":\"https:\/\/www.naturparkmagazin.de\/am-stettiner-haff\/#\/schema\/person\/4a7208080dbbfb024d81129b7960c725\",\"name\":\"Jochen Elberskirch\",\"sameAs\":[\"http:\/\/www.naturpark-am-stettiner-haff.de\"],\"url\":\"https:\/\/www.naturparkmagazin.de\/am-stettiner-haff\/author\/jochenelberskirch\/\"}]}<\/script>\n<!-- \/ Yoast SEO plugin. -->","yoast_head_json":{"title":"Unbedingt vormerken - 28. Mai 2016 - Naturpark Am Stettiner Haff","robots":{"index":"index","follow":"follow","max-snippet":"max-snippet:-1","max-image-preview":"max-image-preview:large","max-video-preview":"max-video-preview:-1"},"canonical":"https:\/\/www.naturparkmagazin.de\/am-stettiner-haff\/unbedingt-vormerken-28-mai-2016\/","og_locale":"de_DE","og_type":"article","og_title":"Unbedingt vormerken - 28. Mai 2016 - Naturpark Am Stettiner Haff","og_description":"An diesem Tag wird um 10:00 Uhr die Forstsamendarre Jatznick ihre Pforten zum Tag der offenen T\u00fcr und zum diesj\u00e4hrigen Naturparkfest \u00f6ffnen. Die Planung f\u00fcr diesen gemeinsamen H\u00f6hepunkt laufen auf Hochtouren. Das Team der Forstsamendarre Jatznick und des Naturparks \"Am Stettiner Haff\" haben sich allerlei einfallen lassen.","og_url":"https:\/\/www.naturparkmagazin.de\/am-stettiner-haff\/unbedingt-vormerken-28-mai-2016\/","og_site_name":"Naturpark Am Stettiner Haff","article_published_time":"2016-03-14T13:53:53+00:00","article_modified_time":"2016-03-21T14:07:36+00:00","og_image":[{"width":200,"height":224,"url":"https:\/\/www.naturparkmagazin.de\/am-stettiner-haff\/wp-content\/uploads\/sites\/29\/Darre-e1458569035700.jpg","type":"image\/jpeg"}],"author":"Jochen Elberskirch","twitter_misc":{"Verfasst von":"Jochen Elberskirch","Gesch\u00e4tzte Lesezeit":"1\u00a0Minute"},"schema":{"@context":"https:\/\/schema.org","@graph":[{"@type":"WebPage","@id":"https:\/\/www.naturparkmagazin.de\/am-stettiner-haff\/unbedingt-vormerken-28-mai-2016\/","url":"https:\/\/www.naturparkmagazin.de\/am-stettiner-haff\/unbedingt-vormerken-28-mai-2016\/","name":"Unbedingt vormerken - 28. Mai 2016 - Naturpark Am Stettiner Haff","isPartOf":{"@id":"https:\/\/www.naturparkmagazin.de\/am-stettiner-haff\/#website"},"datePublished":"2016-03-14T13:53:53+00:00","dateModified":"2016-03-21T14:07:36+00:00","author":{"@id":"https:\/\/www.naturparkmagazin.de\/am-stettiner-haff\/#\/schema\/person\/4a7208080dbbfb024d81129b7960c725"},"breadcrumb":{"@id":"https:\/\/www.naturparkmagazin.de\/am-stettiner-haff\/unbedingt-vormerken-28-mai-2016\/#breadcrumb"},"inLanguage":"de","potentialAction":[{"@type":"ReadAction","target":["https:\/\/www.naturparkmagazin.de\/am-stettiner-haff\/unbedingt-vormerken-28-mai-2016\/"]}]},{"@type":"BreadcrumbList","@id":"https:\/\/www.naturparkmagazin.de\/am-stettiner-haff\/unbedingt-vormerken-28-mai-2016\/#breadcrumb","itemListElement":[{"@type":"ListItem","position":1,"name":"Home","item":"https:\/\/www.naturparkmagazin.de\/am-stettiner-haff\/"},{"@type":"ListItem","position":2,"name":"Unbedingt vormerken &#8211; 28. Mai 2016"}]},{"@type":"WebSite","@id":"https:\/\/www.naturparkmagazin.de\/am-stettiner-haff\/#website","url":"https:\/\/www.naturparkmagazin.de\/am-stettiner-haff\/","name":"Naturpark Am Stettiner Haff","description":"","potentialAction":[{"@type":"SearchAction","target":{"@type":"EntryPoint","urlTemplate":"https:\/\/www.naturparkmagazin.de\/am-stettiner-haff\/?s={search_term_string}"},"query-input":"required name=search_term_string"}],"inLanguage":"de"},{"@type":"Person","@id":"https:\/\/www.naturparkmagazin.de\/am-stettiner-haff\/#\/schema\/person\/4a7208080dbbfb024d81129b7960c725","name":"Jochen Elberskirch","sameAs":["http:\/\/www.naturpark-am-stettiner-haff.de"],"url":"https:\/\/www.naturparkmagazin.de\/am-stettiner-haff\/author\/jochenelberskirch\/"}]}},"_links":{"self":[{"href":"https:\/\/www.naturparkmagazin.de\/am-stettiner-haff\/wp-json\/wp\/v2\/posts\/1728"}],"collection":[{"href":"https:\/\/www.naturparkmagazin.de\/am-stettiner-haff\/wp-json\/wp\/v2\/posts"}],"about":[{"href":"https:\/\/www.naturparkmagazin.de\/am-stettiner-haff\/wp-json\/wp\/v2\/types\/post"}],"author":[{"embeddable":true,"href":"https:\/\/www.naturparkmagazin.de\/am-stettiner-haff\/wp-json\/wp\/v2\/users\/26"}],"replies":[{"embeddable":true,"href":"https:\/\/www.naturparkmagazin.de\/am-stettiner-haff\/wp-json\/wp\/v2\/comments?post=1728"}],"version-history":[{"count":4,"href":"https:\/\/www.naturparkmagazin.de\/am-stettiner-haff\/wp-json\/wp\/v2\/posts\/1728\/revisions"}],"predecessor-version":[{"id":1734,"href":"https:\/\/www.naturparkmagazin.de\/am-stettiner-haff\/wp-json\/wp\/v2\/posts\/1728\/revisions\/1734"}],"wp:featuredmedia":[{"embeddable":true,"href":"https:\/\/www.naturparkmagazin.de\/am-stettiner-haff\/wp-json\/wp\/v2\/media\/1730"}],"wp:attachment":[{"href":"https:\/\/www.naturparkmagazin.de\/am-stettiner-haff\/wp-json\/wp\/v2\/media?parent=1728"}],"wp:term":[{"taxonomy":"category","embeddable":true,"href":"https:\/\/www.naturparkmagazin.de\/am-stettiner-haff\/wp-json\/wp\/v2\/categories?post=1728"},{"taxonomy":"post_tag","embeddable":true,"href":"https:\/\/www.naturparkmagazin.de\/am-stettiner-haff\/wp-json\/wp\/v2\/tags?post=1728"}],"curies":[{"name":"wp","href":"https:\/\/api.w.org\/{rel}","templated":true}]}}