{"id":1740,"date":"2016-04-18T15:00:15","date_gmt":"2016-04-18T13:00:15","guid":{"rendered":"http:\/\/www.naturparkmagazin.de\/am-stettiner-haff\/?p=1740"},"modified":"2016-04-26T11:53:05","modified_gmt":"2016-04-26T09:53:05","slug":"tueren-der-samendarre-oeffnen-sich","status":"publish","type":"post","link":"https:\/\/www.naturparkmagazin.de\/am-stettiner-haff\/tueren-der-samendarre-oeffnen-sich\/","title":{"rendered":"T\u00fcren der Forstsamendarre \u00f6ffnen sich"},"content":{"rendered":"<div id=\"attachment_1743\" style=\"width: 912px\" class=\"wp-caption aligncenter\"><a href=\"https:\/\/www.naturparkmagazin.de\/am-stettiner-haff\/wp-content\/uploads\/sites\/29\/Samendarre-Jatznick-mit-Baumgarten-komp.jpg\"><img aria-describedby=\"caption-attachment-1743\" decoding=\"async\" loading=\"lazy\" class=\"size-full wp-image-1743\" src=\"https:\/\/www.naturparkmagazin.de\/am-stettiner-haff\/wp-content\/uploads\/sites\/29\/Samendarre-Jatznick-mit-Baumgarten-komp.jpg\" alt=\"Forstsamendarre Jatznick (Foto: Naturpark-Archiv)\" width=\"902\" height=\"600\" srcset=\"https:\/\/www.naturparkmagazin.de\/am-stettiner-haff\/wp-content\/uploads\/sites\/29\/Samendarre-Jatznick-mit-Baumgarten-komp.jpg 902w, https:\/\/www.naturparkmagazin.de\/am-stettiner-haff\/wp-content\/uploads\/sites\/29\/Samendarre-Jatznick-mit-Baumgarten-komp-300x200.jpg 300w, https:\/\/www.naturparkmagazin.de\/am-stettiner-haff\/wp-content\/uploads\/sites\/29\/Samendarre-Jatznick-mit-Baumgarten-komp-620x412.jpg 620w, https:\/\/www.naturparkmagazin.de\/am-stettiner-haff\/wp-content\/uploads\/sites\/29\/Samendarre-Jatznick-mit-Baumgarten-komp-670x446.jpg 670w, https:\/\/www.naturparkmagazin.de\/am-stettiner-haff\/wp-content\/uploads\/sites\/29\/Samendarre-Jatznick-mit-Baumgarten-komp-200x133.jpg 200w\" sizes=\"(max-width: 902px) 100vw, 902px\" \/><\/a><p id=\"caption-attachment-1743\" class=\"wp-caption-text\">Forstsamendarre Jatznick (Foto: Naturpark-Archiv)<\/p><\/div>\n<p>Am 28. Mai 2016 \u00f6ffnen sich die T\u00fcren der Forstsamendarre Jatznick\u00a0nicht\u00a0nur zum Tag der offenen T\u00fcr. In der Zeit von 10:00 &#8211; 16:00 wird die Samendarre auch Veranstaltungsort des diesj\u00e4hrigen Naturparkfestes sein. Seit Anfang des Jahres laufen die Planungen f\u00fcr die Doppelveranstaltung.\u00a0Was sich die Teams des Kompetenzzentrums f\u00fcr forstliche\u00a0Nebenprodukte und des Naturparks ausgedacht haben\u00a0und wer\u00a0an diesem Tag mit von der Partie sein wird l\u00e4sst sich am besten vor Ort herausfinden.<\/p>\n<p>So viel sei an dieser Stelle jedoch verraten &#8211; neben einem B\u00fchnenprogramm wird es auch Aktionen zum Mitmachen f\u00fcr Klein und Gro\u00df geben. Jeder der sich aktiv beteiligt, erh\u00e4lt die M\u00f6glichkeit an der Tombola teilzunehmen. Den Hauptpreis &#8211; ein Essen f\u00fcr zwei Personen\u00a0 &#8211; stellt das Hotel Haffhus zur Verf\u00fcgung. Also Mitmachen lohnt sich&#8230;<\/p>\n<p>&nbsp;<\/p>\n<p>Nat\u00fcrlich haben die Verantwortlichen auch an das leibliche Wohl ihrer G\u00e4ste gedacht. So soll es\u00a0von Fisch \u00fcber Suppe\u00a0auch heimisches Wild in unterschiedlichen Variationen geben. Nicht zu vergessen, der hausgemachte Kuchen.<\/p>\n<p>Also besuchen Sie uns am 28. Mai 2016 in der Forstsamendarre Jatznick &#8211; Kommen, staunen, mitmachen und gewinnen!<\/p>\n<p><a href=\"https:\/\/www.naturparkmagazin.de\/am-stettiner-haff\/wp-content\/uploads\/sites\/29\/Poster2.jpg\"><img decoding=\"async\" loading=\"lazy\" class=\"aligncenter size-full wp-image-1755\" src=\"https:\/\/www.naturparkmagazin.de\/am-stettiner-haff\/wp-content\/uploads\/sites\/29\/Poster2.jpg\" alt=\"Poster\" width=\"661\" height=\"929\" \/><\/a><\/p>\n","protected":false},"excerpt":{"rendered":"<p>Am 28. Mai 2016 \u00f6ffnen sich die T\u00fcren der Forstsamendarre Jatznick nicht nur zum Tag der offenen T\u00fcr. In der Zeit von 10:00 &#8211; 16:00 wird die Samendarre auch Veranstaltungsort des diesj\u00e4hrigen Naturparkfestes sein.<\/p>\n","protected":false},"author":26,"featured_media":1755,"comment_status":"open","ping_status":"open","sticky":false,"template":"","format":"standard","meta":[],"categories":[11],"tags":[],"yoast_head":"<!-- This site is optimized with the Yoast SEO plugin v19.10 - https:\/\/yoast.com\/wordpress\/plugins\/seo\/ -->\n<title>T\u00fcren der Forstsamendarre \u00f6ffnen sich - Naturpark Am Stettiner Haff<\/title>\n<meta name=\"robots\" content=\"index, follow, max-snippet:-1, max-image-preview:large, max-video-preview:-1\" \/>\n<link rel=\"canonical\" href=\"https:\/\/www.naturparkmagazin.de\/am-stettiner-haff\/tueren-der-samendarre-oeffnen-sich\/\" \/>\n<meta property=\"og:locale\" content=\"de_DE\" \/>\n<meta property=\"og:type\" content=\"article\" \/>\n<meta property=\"og:title\" content=\"T\u00fcren der Forstsamendarre \u00f6ffnen sich - Naturpark Am Stettiner Haff\" \/>\n<meta property=\"og:description\" content=\"Am 28. Mai 2016 \u00f6ffnen sich die T\u00fcren der Forstsamendarre Jatznick nicht nur zum Tag der offenen T\u00fcr. In der Zeit von 10:00 - 16:00 wird die Samendarre auch Veranstaltungsort des diesj\u00e4hrigen Naturparkfestes sein.\" \/>\n<meta property=\"og:url\" content=\"https:\/\/www.naturparkmagazin.de\/am-stettiner-haff\/tueren-der-samendarre-oeffnen-sich\/\" \/>\n<meta property=\"og:site_name\" content=\"Naturpark Am Stettiner Haff\" \/>\n<meta property=\"article:published_time\" content=\"2016-04-18T13:00:15+00:00\" \/>\n<meta property=\"article:modified_time\" content=\"2016-04-26T09:53:05+00:00\" \/>\n<meta property=\"og:image\" content=\"https:\/\/www.naturparkmagazin.de\/am-stettiner-haff\/wp-content\/uploads\/sites\/29\/Poster2-e1461664307421.jpg\" \/>\n\t<meta property=\"og:image:width\" content=\"142\" \/>\n\t<meta property=\"og:image:height\" content=\"200\" \/>\n\t<meta property=\"og:image:type\" content=\"image\/jpeg\" \/>\n<meta name=\"author\" content=\"Jochen Elberskirch\" \/>\n<meta name=\"twitter:label1\" content=\"Verfasst von\" \/>\n\t<meta name=\"twitter:data1\" content=\"Jochen Elberskirch\" \/>\n\t<meta name=\"twitter:label2\" content=\"Gesch\u00e4tzte Lesezeit\" \/>\n\t<meta name=\"twitter:data2\" content=\"1\u00a0Minute\" \/>\n<script type=\"application\/ld+json\" class=\"yoast-schema-graph\">{\"@context\":\"https:\/\/schema.org\",\"@graph\":[{\"@type\":\"WebPage\",\"@id\":\"https:\/\/www.naturparkmagazin.de\/am-stettiner-haff\/tueren-der-samendarre-oeffnen-sich\/\",\"url\":\"https:\/\/www.naturparkmagazin.de\/am-stettiner-haff\/tueren-der-samendarre-oeffnen-sich\/\",\"name\":\"T\u00fcren der Forstsamendarre \u00f6ffnen sich - Naturpark Am Stettiner Haff\",\"isPartOf\":{\"@id\":\"https:\/\/www.naturparkmagazin.de\/am-stettiner-haff\/#website\"},\"datePublished\":\"2016-04-18T13:00:15+00:00\",\"dateModified\":\"2016-04-26T09:53:05+00:00\",\"author\":{\"@id\":\"https:\/\/www.naturparkmagazin.de\/am-stettiner-haff\/#\/schema\/person\/4a7208080dbbfb024d81129b7960c725\"},\"breadcrumb\":{\"@id\":\"https:\/\/www.naturparkmagazin.de\/am-stettiner-haff\/tueren-der-samendarre-oeffnen-sich\/#breadcrumb\"},\"inLanguage\":\"de\",\"potentialAction\":[{\"@type\":\"ReadAction\",\"target\":[\"https:\/\/www.naturparkmagazin.de\/am-stettiner-haff\/tueren-der-samendarre-oeffnen-sich\/\"]}]},{\"@type\":\"BreadcrumbList\",\"@id\":\"https:\/\/www.naturparkmagazin.de\/am-stettiner-haff\/tueren-der-samendarre-oeffnen-sich\/#breadcrumb\",\"itemListElement\":[{\"@type\":\"ListItem\",\"position\":1,\"name\":\"Home\",\"item\":\"https:\/\/www.naturparkmagazin.de\/am-stettiner-haff\/\"},{\"@type\":\"ListItem\",\"position\":2,\"name\":\"T\u00fcren der Forstsamendarre \u00f6ffnen sich\"}]},{\"@type\":\"WebSite\",\"@id\":\"https:\/\/www.naturparkmagazin.de\/am-stettiner-haff\/#website\",\"url\":\"https:\/\/www.naturparkmagazin.de\/am-stettiner-haff\/\",\"name\":\"Naturpark Am Stettiner Haff\",\"description\":\"\",\"potentialAction\":[{\"@type\":\"SearchAction\",\"target\":{\"@type\":\"EntryPoint\",\"urlTemplate\":\"https:\/\/www.naturparkmagazin.de\/am-stettiner-haff\/?s={search_term_string}\"},\"query-input\":\"required name=search_term_string\"}],\"inLanguage\":\"de\"},{\"@type\":\"Person\",\"@id\":\"https:\/\/www.naturparkmagazin.de\/am-stettiner-haff\/#\/schema\/person\/4a7208080dbbfb024d81129b7960c725\",\"name\":\"Jochen Elberskirch\",\"sameAs\":[\"http:\/\/www.naturpark-am-stettiner-haff.de\"],\"url\":\"https:\/\/www.naturparkmagazin.de\/am-stettiner-haff\/author\/jochenelberskirch\/\"}]}<\/script>\n<!-- \/ Yoast SEO plugin. -->","yoast_head_json":{"title":"T\u00fcren der Forstsamendarre \u00f6ffnen sich - Naturpark Am Stettiner Haff","robots":{"index":"index","follow":"follow","max-snippet":"max-snippet:-1","max-image-preview":"max-image-preview:large","max-video-preview":"max-video-preview:-1"},"canonical":"https:\/\/www.naturparkmagazin.de\/am-stettiner-haff\/tueren-der-samendarre-oeffnen-sich\/","og_locale":"de_DE","og_type":"article","og_title":"T\u00fcren der Forstsamendarre \u00f6ffnen sich - Naturpark Am Stettiner Haff","og_description":"Am 28. Mai 2016 \u00f6ffnen sich die T\u00fcren der Forstsamendarre Jatznick nicht nur zum Tag der offenen T\u00fcr. In der Zeit von 10:00 - 16:00 wird die Samendarre auch Veranstaltungsort des diesj\u00e4hrigen Naturparkfestes sein.","og_url":"https:\/\/www.naturparkmagazin.de\/am-stettiner-haff\/tueren-der-samendarre-oeffnen-sich\/","og_site_name":"Naturpark Am Stettiner Haff","article_published_time":"2016-04-18T13:00:15+00:00","article_modified_time":"2016-04-26T09:53:05+00:00","og_image":[{"width":142,"height":200,"url":"https:\/\/www.naturparkmagazin.de\/am-stettiner-haff\/wp-content\/uploads\/sites\/29\/Poster2-e1461664307421.jpg","type":"image\/jpeg"}],"author":"Jochen Elberskirch","twitter_misc":{"Verfasst von":"Jochen Elberskirch","Gesch\u00e4tzte Lesezeit":"1\u00a0Minute"},"schema":{"@context":"https:\/\/schema.org","@graph":[{"@type":"WebPage","@id":"https:\/\/www.naturparkmagazin.de\/am-stettiner-haff\/tueren-der-samendarre-oeffnen-sich\/","url":"https:\/\/www.naturparkmagazin.de\/am-stettiner-haff\/tueren-der-samendarre-oeffnen-sich\/","name":"T\u00fcren der Forstsamendarre \u00f6ffnen sich - Naturpark Am Stettiner Haff","isPartOf":{"@id":"https:\/\/www.naturparkmagazin.de\/am-stettiner-haff\/#website"},"datePublished":"2016-04-18T13:00:15+00:00","dateModified":"2016-04-26T09:53:05+00:00","author":{"@id":"https:\/\/www.naturparkmagazin.de\/am-stettiner-haff\/#\/schema\/person\/4a7208080dbbfb024d81129b7960c725"},"breadcrumb":{"@id":"https:\/\/www.naturparkmagazin.de\/am-stettiner-haff\/tueren-der-samendarre-oeffnen-sich\/#breadcrumb"},"inLanguage":"de","potentialAction":[{"@type":"ReadAction","target":["https:\/\/www.naturparkmagazin.de\/am-stettiner-haff\/tueren-der-samendarre-oeffnen-sich\/"]}]},{"@type":"BreadcrumbList","@id":"https:\/\/www.naturparkmagazin.de\/am-stettiner-haff\/tueren-der-samendarre-oeffnen-sich\/#breadcrumb","itemListElement":[{"@type":"ListItem","position":1,"name":"Home","item":"https:\/\/www.naturparkmagazin.de\/am-stettiner-haff\/"},{"@type":"ListItem","position":2,"name":"T\u00fcren der Forstsamendarre \u00f6ffnen sich"}]},{"@type":"WebSite","@id":"https:\/\/www.naturparkmagazin.de\/am-stettiner-haff\/#website","url":"https:\/\/www.naturparkmagazin.de\/am-stettiner-haff\/","name":"Naturpark Am Stettiner Haff","description":"","potentialAction":[{"@type":"SearchAction","target":{"@type":"EntryPoint","urlTemplate":"https:\/\/www.naturparkmagazin.de\/am-stettiner-haff\/?s={search_term_string}"},"query-input":"required name=search_term_string"}],"inLanguage":"de"},{"@type":"Person","@id":"https:\/\/www.naturparkmagazin.de\/am-stettiner-haff\/#\/schema\/person\/4a7208080dbbfb024d81129b7960c725","name":"Jochen Elberskirch","sameAs":["http:\/\/www.naturpark-am-stettiner-haff.de"],"url":"https:\/\/www.naturparkmagazin.de\/am-stettiner-haff\/author\/jochenelberskirch\/"}]}},"_links":{"self":[{"href":"https:\/\/www.naturparkmagazin.de\/am-stettiner-haff\/wp-json\/wp\/v2\/posts\/1740"}],"collection":[{"href":"https:\/\/www.naturparkmagazin.de\/am-stettiner-haff\/wp-json\/wp\/v2\/posts"}],"about":[{"href":"https:\/\/www.naturparkmagazin.de\/am-stettiner-haff\/wp-json\/wp\/v2\/types\/post"}],"author":[{"embeddable":true,"href":"https:\/\/www.naturparkmagazin.de\/am-stettiner-haff\/wp-json\/wp\/v2\/users\/26"}],"replies":[{"embeddable":true,"href":"https:\/\/www.naturparkmagazin.de\/am-stettiner-haff\/wp-json\/wp\/v2\/comments?post=1740"}],"version-history":[{"count":7,"href":"https:\/\/www.naturparkmagazin.de\/am-stettiner-haff\/wp-json\/wp\/v2\/posts\/1740\/revisions"}],"predecessor-version":[{"id":1756,"href":"https:\/\/www.naturparkmagazin.de\/am-stettiner-haff\/wp-json\/wp\/v2\/posts\/1740\/revisions\/1756"}],"wp:featuredmedia":[{"embeddable":true,"href":"https:\/\/www.naturparkmagazin.de\/am-stettiner-haff\/wp-json\/wp\/v2\/media\/1755"}],"wp:attachment":[{"href":"https:\/\/www.naturparkmagazin.de\/am-stettiner-haff\/wp-json\/wp\/v2\/media?parent=1740"}],"wp:term":[{"taxonomy":"category","embeddable":true,"href":"https:\/\/www.naturparkmagazin.de\/am-stettiner-haff\/wp-json\/wp\/v2\/categories?post=1740"},{"taxonomy":"post_tag","embeddable":true,"href":"https:\/\/www.naturparkmagazin.de\/am-stettiner-haff\/wp-json\/wp\/v2\/tags?post=1740"}],"curies":[{"name":"wp","href":"https:\/\/api.w.org\/{rel}","templated":true}]}}