{"id":1748,"date":"2016-04-18T15:05:39","date_gmt":"2016-04-18T13:05:39","guid":{"rendered":"http:\/\/www.naturparkmagazin.de\/am-stettiner-haff\/?p=1748"},"modified":"2016-04-27T15:16:13","modified_gmt":"2016-04-27T13:16:13","slug":"naturparkerweiterung-geht-in-die-naechste-runde","status":"publish","type":"post","link":"https:\/\/www.naturparkmagazin.de\/am-stettiner-haff\/naturparkerweiterung-geht-in-die-naechste-runde\/","title":{"rendered":"Naturparkerweiterung geht in die n\u00e4chste  Runde"},"content":{"rendered":"<div id=\"attachment_1374\" style=\"width: 510px\" class=\"wp-caption aligncenter\"><a href=\"https:\/\/www.naturparkmagazin.de\/am-stettiner-haff\/wp-content\/uploads\/sites\/29\/Binnend\u00fcne_beitrag.jpg\"><img aria-describedby=\"caption-attachment-1374\" decoding=\"async\" loading=\"lazy\" class=\"size-full wp-image-1374\" src=\"https:\/\/www.naturparkmagazin.de\/am-stettiner-haff\/wp-content\/uploads\/sites\/29\/Binnend\u00fcne_beitrag.jpg\" alt=\"Altwarper Binnd\u00fcne - Copyright: Naturpark Am Stettiner Haff\" width=\"500\" height=\"300\" srcset=\"https:\/\/www.naturparkmagazin.de\/am-stettiner-haff\/wp-content\/uploads\/sites\/29\/Binnend\u00fcne_beitrag.jpg 500w, https:\/\/www.naturparkmagazin.de\/am-stettiner-haff\/wp-content\/uploads\/sites\/29\/Binnend\u00fcne_beitrag-300x180.jpg 300w, https:\/\/www.naturparkmagazin.de\/am-stettiner-haff\/wp-content\/uploads\/sites\/29\/Binnend\u00fcne_beitrag-200x120.jpg 200w\" sizes=\"(max-width: 500px) 100vw, 500px\" \/><\/a><p id=\"caption-attachment-1374\" class=\"wp-caption-text\">Altwarper Binnd\u00fcne &#8211; Copyright: Naturpark Am Stettiner Haff<\/p><\/div>\n<p>Mit der \u00d6ffentlichkeitsbeteiligung geht das f\u00f6rmliche Verfahren zur Erweiterung des Naturparks &#8222;Am Stettiner Haff&#8220; in die n\u00e4chste Runde. Der Entwurf der\u00a0\u00a0Zweiten Landesverordnung zur \u00c4nderung der Landesverordnung zur\u00a0Festsetzung des Naturparks \u201eAm Stettiner Haff\u201c inklusive der Karten k\u00f6nnen vom 10. Mai bis einschlie\u00dflich 14. Juni 2016 .bei \u00a0den \u00c4mtern und den amtsfreien St\u00e4dten im Naturparkgebiet eingesehen werden. Ort und Dauer der Auslegungen werden diese \u00c4mter und amtsfreien St\u00e4dte mindestens\u00a0eine Woche vor Beginn der Auslegung orts\u00fcblich bekannt geben. Dar\u00fcber hinaus gibt es die M\u00f6glichkeit die Unterlagen in folgenden Naturschutzbeh\u00f6rden w\u00e4hrend der Dienstzeiten einzusehen:<\/p>\n<p style=\"padding-left: 30px\">Landesamt f\u00fcr Umwelt Naturschutz und Geologie-\nNaturparkstation Am Stettiner Haff,<\/p>\n<p style=\"padding-left: 30px\">Staatliches Amt f\u00fcr Landwirtschaft und Natur\nDienststelle Ueckerm\u00fcnde<\/p>\n<p style=\"padding-left: 30px\">Landkreis Vorpommern-Greifswald\n&#8211; Der Landrat &#8211;\nStandort Anklam\nDemminer Stra\u00dfe 71-74\n17389 Anklam\nund\nStandort Pasewalk\nAn der K\u00fcrassierkaserne 9\n17309 Pasewalk<\/p>\n<p>Damit gibt es f\u00fcr jeden die M\u00f6glichkeit bis 14 Tage nach Ende der Auslegungsfrist Anregungen und Bedenken zur geplanten Naturparkerweiterung vorzubringen.<\/p>\n","protected":false},"excerpt":{"rendered":"<p>Mit der \u00d6ffentlichkeitsbeteiligung geht das f\u00f6rmliche Verfahren zur Erweiterung des Naturparks &#8222;Am Stettiner Haff&#8220; in die n\u00e4chste Runde. Der Entwurf der  Zweiten Landesverordnung inklusive der Karten k\u00f6nnen vom 10. Mai bis 4. Juni 2016 bei den \u00c4mtern und amtsfreien St\u00e4dten im Naturparkgebiet eingesehen werden.<\/p>\n","protected":false},"author":26,"featured_media":1765,"comment_status":"open","ping_status":"open","sticky":false,"template":"","format":"standard","meta":[],"categories":[7],"tags":[],"yoast_head":"<!-- This site is optimized with the Yoast SEO plugin v19.10 - https:\/\/yoast.com\/wordpress\/plugins\/seo\/ -->\n<title>Naturparkerweiterung geht in die n\u00e4chste Runde - Naturpark Am Stettiner Haff<\/title>\n<meta name=\"robots\" content=\"index, follow, max-snippet:-1, max-image-preview:large, max-video-preview:-1\" \/>\n<link rel=\"canonical\" href=\"https:\/\/www.naturparkmagazin.de\/am-stettiner-haff\/naturparkerweiterung-geht-in-die-naechste-runde\/\" \/>\n<meta property=\"og:locale\" content=\"de_DE\" \/>\n<meta property=\"og:type\" content=\"article\" \/>\n<meta property=\"og:title\" content=\"Naturparkerweiterung geht in die n\u00e4chste Runde - Naturpark Am Stettiner Haff\" \/>\n<meta property=\"og:description\" content=\"Mit der \u00d6ffentlichkeitsbeteiligung geht das f\u00f6rmliche Verfahren zur Erweiterung des Naturparks &quot;Am Stettiner Haff&quot; in die n\u00e4chste Runde. Der Entwurf der Zweiten Landesverordnung inklusive der Karten k\u00f6nnen vom 10. Mai bis 4. Juni 2016 bei den \u00c4mtern und amtsfreien St\u00e4dten im Naturparkgebiet eingesehen werden.\" \/>\n<meta property=\"og:url\" content=\"https:\/\/www.naturparkmagazin.de\/am-stettiner-haff\/naturparkerweiterung-geht-in-die-naechste-runde\/\" \/>\n<meta property=\"og:site_name\" content=\"Naturpark Am Stettiner Haff\" \/>\n<meta property=\"article:published_time\" content=\"2016-04-18T13:05:39+00:00\" \/>\n<meta property=\"article:modified_time\" content=\"2016-04-27T13:16:13+00:00\" \/>\n<meta property=\"og:image\" content=\"https:\/\/www.naturparkmagazin.de\/am-stettiner-haff\/wp-content\/uploads\/sites\/29\/Alt-bi-281.jpg\" \/>\n\t<meta property=\"og:image:width\" content=\"301\" \/>\n\t<meta property=\"og:image:height\" content=\"200\" \/>\n\t<meta property=\"og:image:type\" content=\"image\/jpeg\" \/>\n<meta name=\"author\" content=\"Jochen Elberskirch\" \/>\n<meta name=\"twitter:label1\" content=\"Verfasst von\" \/>\n\t<meta name=\"twitter:data1\" content=\"Jochen Elberskirch\" \/>\n\t<meta name=\"twitter:label2\" content=\"Gesch\u00e4tzte Lesezeit\" \/>\n\t<meta name=\"twitter:data2\" content=\"1\u00a0Minute\" \/>\n<script type=\"application\/ld+json\" class=\"yoast-schema-graph\">{\"@context\":\"https:\/\/schema.org\",\"@graph\":[{\"@type\":\"WebPage\",\"@id\":\"https:\/\/www.naturparkmagazin.de\/am-stettiner-haff\/naturparkerweiterung-geht-in-die-naechste-runde\/\",\"url\":\"https:\/\/www.naturparkmagazin.de\/am-stettiner-haff\/naturparkerweiterung-geht-in-die-naechste-runde\/\",\"name\":\"Naturparkerweiterung geht in die n\u00e4chste Runde - Naturpark Am Stettiner Haff\",\"isPartOf\":{\"@id\":\"https:\/\/www.naturparkmagazin.de\/am-stettiner-haff\/#website\"},\"datePublished\":\"2016-04-18T13:05:39+00:00\",\"dateModified\":\"2016-04-27T13:16:13+00:00\",\"author\":{\"@id\":\"https:\/\/www.naturparkmagazin.de\/am-stettiner-haff\/#\/schema\/person\/4a7208080dbbfb024d81129b7960c725\"},\"breadcrumb\":{\"@id\":\"https:\/\/www.naturparkmagazin.de\/am-stettiner-haff\/naturparkerweiterung-geht-in-die-naechste-runde\/#breadcrumb\"},\"inLanguage\":\"de\",\"potentialAction\":[{\"@type\":\"ReadAction\",\"target\":[\"https:\/\/www.naturparkmagazin.de\/am-stettiner-haff\/naturparkerweiterung-geht-in-die-naechste-runde\/\"]}]},{\"@type\":\"BreadcrumbList\",\"@id\":\"https:\/\/www.naturparkmagazin.de\/am-stettiner-haff\/naturparkerweiterung-geht-in-die-naechste-runde\/#breadcrumb\",\"itemListElement\":[{\"@type\":\"ListItem\",\"position\":1,\"name\":\"Home\",\"item\":\"https:\/\/www.naturparkmagazin.de\/am-stettiner-haff\/\"},{\"@type\":\"ListItem\",\"position\":2,\"name\":\"Naturparkerweiterung geht in die n\u00e4chste Runde\"}]},{\"@type\":\"WebSite\",\"@id\":\"https:\/\/www.naturparkmagazin.de\/am-stettiner-haff\/#website\",\"url\":\"https:\/\/www.naturparkmagazin.de\/am-stettiner-haff\/\",\"name\":\"Naturpark Am Stettiner Haff\",\"description\":\"\",\"potentialAction\":[{\"@type\":\"SearchAction\",\"target\":{\"@type\":\"EntryPoint\",\"urlTemplate\":\"https:\/\/www.naturparkmagazin.de\/am-stettiner-haff\/?s={search_term_string}\"},\"query-input\":\"required name=search_term_string\"}],\"inLanguage\":\"de\"},{\"@type\":\"Person\",\"@id\":\"https:\/\/www.naturparkmagazin.de\/am-stettiner-haff\/#\/schema\/person\/4a7208080dbbfb024d81129b7960c725\",\"name\":\"Jochen Elberskirch\",\"sameAs\":[\"http:\/\/www.naturpark-am-stettiner-haff.de\"],\"url\":\"https:\/\/www.naturparkmagazin.de\/am-stettiner-haff\/author\/jochenelberskirch\/\"}]}<\/script>\n<!-- \/ Yoast SEO plugin. -->","yoast_head_json":{"title":"Naturparkerweiterung geht in die n\u00e4chste Runde - Naturpark Am Stettiner Haff","robots":{"index":"index","follow":"follow","max-snippet":"max-snippet:-1","max-image-preview":"max-image-preview:large","max-video-preview":"max-video-preview:-1"},"canonical":"https:\/\/www.naturparkmagazin.de\/am-stettiner-haff\/naturparkerweiterung-geht-in-die-naechste-runde\/","og_locale":"de_DE","og_type":"article","og_title":"Naturparkerweiterung geht in die n\u00e4chste Runde - Naturpark Am Stettiner Haff","og_description":"Mit der \u00d6ffentlichkeitsbeteiligung geht das f\u00f6rmliche Verfahren zur Erweiterung des Naturparks \"Am Stettiner Haff\" in die n\u00e4chste Runde. Der Entwurf der Zweiten Landesverordnung inklusive der Karten k\u00f6nnen vom 10. Mai bis 4. Juni 2016 bei den \u00c4mtern und amtsfreien St\u00e4dten im Naturparkgebiet eingesehen werden.","og_url":"https:\/\/www.naturparkmagazin.de\/am-stettiner-haff\/naturparkerweiterung-geht-in-die-naechste-runde\/","og_site_name":"Naturpark Am Stettiner Haff","article_published_time":"2016-04-18T13:05:39+00:00","article_modified_time":"2016-04-27T13:16:13+00:00","og_image":[{"width":301,"height":200,"url":"https:\/\/www.naturparkmagazin.de\/am-stettiner-haff\/wp-content\/uploads\/sites\/29\/Alt-bi-281.jpg","type":"image\/jpeg"}],"author":"Jochen Elberskirch","twitter_misc":{"Verfasst von":"Jochen Elberskirch","Gesch\u00e4tzte Lesezeit":"1\u00a0Minute"},"schema":{"@context":"https:\/\/schema.org","@graph":[{"@type":"WebPage","@id":"https:\/\/www.naturparkmagazin.de\/am-stettiner-haff\/naturparkerweiterung-geht-in-die-naechste-runde\/","url":"https:\/\/www.naturparkmagazin.de\/am-stettiner-haff\/naturparkerweiterung-geht-in-die-naechste-runde\/","name":"Naturparkerweiterung geht in die n\u00e4chste Runde - Naturpark Am Stettiner Haff","isPartOf":{"@id":"https:\/\/www.naturparkmagazin.de\/am-stettiner-haff\/#website"},"datePublished":"2016-04-18T13:05:39+00:00","dateModified":"2016-04-27T13:16:13+00:00","author":{"@id":"https:\/\/www.naturparkmagazin.de\/am-stettiner-haff\/#\/schema\/person\/4a7208080dbbfb024d81129b7960c725"},"breadcrumb":{"@id":"https:\/\/www.naturparkmagazin.de\/am-stettiner-haff\/naturparkerweiterung-geht-in-die-naechste-runde\/#breadcrumb"},"inLanguage":"de","potentialAction":[{"@type":"ReadAction","target":["https:\/\/www.naturparkmagazin.de\/am-stettiner-haff\/naturparkerweiterung-geht-in-die-naechste-runde\/"]}]},{"@type":"BreadcrumbList","@id":"https:\/\/www.naturparkmagazin.de\/am-stettiner-haff\/naturparkerweiterung-geht-in-die-naechste-runde\/#breadcrumb","itemListElement":[{"@type":"ListItem","position":1,"name":"Home","item":"https:\/\/www.naturparkmagazin.de\/am-stettiner-haff\/"},{"@type":"ListItem","position":2,"name":"Naturparkerweiterung geht in die n\u00e4chste Runde"}]},{"@type":"WebSite","@id":"https:\/\/www.naturparkmagazin.de\/am-stettiner-haff\/#website","url":"https:\/\/www.naturparkmagazin.de\/am-stettiner-haff\/","name":"Naturpark Am Stettiner Haff","description":"","potentialAction":[{"@type":"SearchAction","target":{"@type":"EntryPoint","urlTemplate":"https:\/\/www.naturparkmagazin.de\/am-stettiner-haff\/?s={search_term_string}"},"query-input":"required name=search_term_string"}],"inLanguage":"de"},{"@type":"Person","@id":"https:\/\/www.naturparkmagazin.de\/am-stettiner-haff\/#\/schema\/person\/4a7208080dbbfb024d81129b7960c725","name":"Jochen Elberskirch","sameAs":["http:\/\/www.naturpark-am-stettiner-haff.de"],"url":"https:\/\/www.naturparkmagazin.de\/am-stettiner-haff\/author\/jochenelberskirch\/"}]}},"_links":{"self":[{"href":"https:\/\/www.naturparkmagazin.de\/am-stettiner-haff\/wp-json\/wp\/v2\/posts\/1748"}],"collection":[{"href":"https:\/\/www.naturparkmagazin.de\/am-stettiner-haff\/wp-json\/wp\/v2\/posts"}],"about":[{"href":"https:\/\/www.naturparkmagazin.de\/am-stettiner-haff\/wp-json\/wp\/v2\/types\/post"}],"author":[{"embeddable":true,"href":"https:\/\/www.naturparkmagazin.de\/am-stettiner-haff\/wp-json\/wp\/v2\/users\/26"}],"replies":[{"embeddable":true,"href":"https:\/\/www.naturparkmagazin.de\/am-stettiner-haff\/wp-json\/wp\/v2\/comments?post=1748"}],"version-history":[{"count":8,"href":"https:\/\/www.naturparkmagazin.de\/am-stettiner-haff\/wp-json\/wp\/v2\/posts\/1748\/revisions"}],"predecessor-version":[{"id":1768,"href":"https:\/\/www.naturparkmagazin.de\/am-stettiner-haff\/wp-json\/wp\/v2\/posts\/1748\/revisions\/1768"}],"wp:featuredmedia":[{"embeddable":true,"href":"https:\/\/www.naturparkmagazin.de\/am-stettiner-haff\/wp-json\/wp\/v2\/media\/1765"}],"wp:attachment":[{"href":"https:\/\/www.naturparkmagazin.de\/am-stettiner-haff\/wp-json\/wp\/v2\/media?parent=1748"}],"wp:term":[{"taxonomy":"category","embeddable":true,"href":"https:\/\/www.naturparkmagazin.de\/am-stettiner-haff\/wp-json\/wp\/v2\/categories?post=1748"},{"taxonomy":"post_tag","embeddable":true,"href":"https:\/\/www.naturparkmagazin.de\/am-stettiner-haff\/wp-json\/wp\/v2\/tags?post=1748"}],"curies":[{"name":"wp","href":"https:\/\/api.w.org\/{rel}","templated":true}]}}