{"id":1773,"date":"2016-05-16T17:09:43","date_gmt":"2016-05-16T15:09:43","guid":{"rendered":"http:\/\/www.naturparkmagazin.de\/am-stettiner-haff\/?p=1773"},"modified":"2016-05-25T13:45:28","modified_gmt":"2016-05-25T11:45:28","slug":"8-juni-2016-naturpark-stammtisch-im-gruenen","status":"publish","type":"post","link":"https:\/\/www.naturparkmagazin.de\/am-stettiner-haff\/8-juni-2016-naturpark-stammtisch-im-gruenen\/","title":{"rendered":"8. Juni 2016 &#8211; Naturpark-Stammtisch im Gr\u00fcnen"},"content":{"rendered":"<p>Wie jedes Jahr vor der Sommerpause wird der Naturpark-Stammtisch wieder ins Gr\u00fcne verlagert, diesmal sogar \u00fcber die Grenzen des Naturparks hinaus. Gastgebende Gemeinde wird in diesem Jahr die Gemeinde Wilhelmsburg am Rande der Friedl\u00e4nder Gro\u00dfen Wiese sein. Gemeinsam mit aktiven Einwohnern laden der Naturpark-F\u00f6rderverein und das Team des Naturparks wieder alle Interessierten ein, um gemeinsam in gem\u00fctlicher Runde ins Gespr\u00e4ch zu kommen. Wer m\u00f6chte, kann sich sein Grillgut mitbringen und auf dem bereitstehenden Grill zubereiten. Getr\u00e4nke k\u00f6nnen vor Ort gegen einen kleinen Obolus erworben werden.<\/p>\n<p>Los geht es am 8. Juni 2016 ab 18:30 am Gemeindesaal in Wilhelmsburg.<\/p>\n<p>&nbsp;<\/p>\n","protected":false},"excerpt":{"rendered":"<p>Wie jedes Jahr vor der Sommerpause wird der Natur-Stammtisch wieder ins Gr\u00fcne verlagert, diesmal sogar \u00fcber die Grenzen des Naturparks hinaus. Gastgebene Gemeinde wird in diesem Jahr die Gemeinde Wilhelmsburg am Rande der Friedl\u00e4nder Gro\u00dfen Wiese sein.<\/p>\n","protected":false},"author":26,"featured_media":1769,"comment_status":"open","ping_status":"open","sticky":false,"template":"","format":"standard","meta":[],"categories":[11],"tags":[],"yoast_head":"<!-- This site is optimized with the Yoast SEO plugin v19.10 - https:\/\/yoast.com\/wordpress\/plugins\/seo\/ -->\n<title>8. Juni 2016 - Naturpark-Stammtisch im Gr\u00fcnen - Naturpark Am Stettiner Haff<\/title>\n<meta name=\"robots\" content=\"index, follow, max-snippet:-1, max-image-preview:large, max-video-preview:-1\" \/>\n<link rel=\"canonical\" href=\"https:\/\/www.naturparkmagazin.de\/am-stettiner-haff\/8-juni-2016-naturpark-stammtisch-im-gruenen\/\" \/>\n<meta property=\"og:locale\" content=\"de_DE\" \/>\n<meta property=\"og:type\" content=\"article\" \/>\n<meta property=\"og:title\" content=\"8. Juni 2016 - Naturpark-Stammtisch im Gr\u00fcnen - Naturpark Am Stettiner Haff\" \/>\n<meta property=\"og:description\" content=\"Wie jedes Jahr vor der Sommerpause wird der Natur-Stammtisch wieder ins Gr\u00fcne verlagert, diesmal sogar \u00fcber die Grenzen des Naturparks hinaus. Gastgebene Gemeinde wird in diesem Jahr die Gemeinde Wilhelmsburg am Rande der Friedl\u00e4nder Gro\u00dfen Wiese sein.\" \/>\n<meta property=\"og:url\" content=\"https:\/\/www.naturparkmagazin.de\/am-stettiner-haff\/8-juni-2016-naturpark-stammtisch-im-gruenen\/\" \/>\n<meta property=\"og:site_name\" content=\"Naturpark Am Stettiner Haff\" \/>\n<meta property=\"article:published_time\" content=\"2016-05-16T15:09:43+00:00\" \/>\n<meta property=\"article:modified_time\" content=\"2016-05-25T11:45:28+00:00\" \/>\n<meta property=\"og:image\" content=\"https:\/\/www.naturparkmagazin.de\/am-stettiner-haff\/wp-content\/uploads\/sites\/29\/Naturpark-Am-Stettiner-Haff.jpg\" \/>\n\t<meta property=\"og:image:width\" content=\"200\" \/>\n\t<meta property=\"og:image:height\" content=\"200\" \/>\n\t<meta property=\"og:image:type\" content=\"image\/jpeg\" \/>\n<meta name=\"author\" content=\"Jochen Elberskirch\" \/>\n<meta name=\"twitter:label1\" content=\"Verfasst von\" \/>\n\t<meta name=\"twitter:data1\" content=\"Jochen Elberskirch\" \/>\n\t<meta name=\"twitter:label2\" content=\"Gesch\u00e4tzte Lesezeit\" \/>\n\t<meta name=\"twitter:data2\" content=\"1\u00a0Minute\" \/>\n<script type=\"application\/ld+json\" class=\"yoast-schema-graph\">{\"@context\":\"https:\/\/schema.org\",\"@graph\":[{\"@type\":\"WebPage\",\"@id\":\"https:\/\/www.naturparkmagazin.de\/am-stettiner-haff\/8-juni-2016-naturpark-stammtisch-im-gruenen\/\",\"url\":\"https:\/\/www.naturparkmagazin.de\/am-stettiner-haff\/8-juni-2016-naturpark-stammtisch-im-gruenen\/\",\"name\":\"8. Juni 2016 - Naturpark-Stammtisch im Gr\u00fcnen - Naturpark Am Stettiner Haff\",\"isPartOf\":{\"@id\":\"https:\/\/www.naturparkmagazin.de\/am-stettiner-haff\/#website\"},\"datePublished\":\"2016-05-16T15:09:43+00:00\",\"dateModified\":\"2016-05-25T11:45:28+00:00\",\"author\":{\"@id\":\"https:\/\/www.naturparkmagazin.de\/am-stettiner-haff\/#\/schema\/person\/4a7208080dbbfb024d81129b7960c725\"},\"breadcrumb\":{\"@id\":\"https:\/\/www.naturparkmagazin.de\/am-stettiner-haff\/8-juni-2016-naturpark-stammtisch-im-gruenen\/#breadcrumb\"},\"inLanguage\":\"de\",\"potentialAction\":[{\"@type\":\"ReadAction\",\"target\":[\"https:\/\/www.naturparkmagazin.de\/am-stettiner-haff\/8-juni-2016-naturpark-stammtisch-im-gruenen\/\"]}]},{\"@type\":\"BreadcrumbList\",\"@id\":\"https:\/\/www.naturparkmagazin.de\/am-stettiner-haff\/8-juni-2016-naturpark-stammtisch-im-gruenen\/#breadcrumb\",\"itemListElement\":[{\"@type\":\"ListItem\",\"position\":1,\"name\":\"Home\",\"item\":\"https:\/\/www.naturparkmagazin.de\/am-stettiner-haff\/\"},{\"@type\":\"ListItem\",\"position\":2,\"name\":\"8. Juni 2016 &#8211; Naturpark-Stammtisch im Gr\u00fcnen\"}]},{\"@type\":\"WebSite\",\"@id\":\"https:\/\/www.naturparkmagazin.de\/am-stettiner-haff\/#website\",\"url\":\"https:\/\/www.naturparkmagazin.de\/am-stettiner-haff\/\",\"name\":\"Naturpark Am Stettiner Haff\",\"description\":\"\",\"potentialAction\":[{\"@type\":\"SearchAction\",\"target\":{\"@type\":\"EntryPoint\",\"urlTemplate\":\"https:\/\/www.naturparkmagazin.de\/am-stettiner-haff\/?s={search_term_string}\"},\"query-input\":\"required name=search_term_string\"}],\"inLanguage\":\"de\"},{\"@type\":\"Person\",\"@id\":\"https:\/\/www.naturparkmagazin.de\/am-stettiner-haff\/#\/schema\/person\/4a7208080dbbfb024d81129b7960c725\",\"name\":\"Jochen Elberskirch\",\"sameAs\":[\"http:\/\/www.naturpark-am-stettiner-haff.de\"],\"url\":\"https:\/\/www.naturparkmagazin.de\/am-stettiner-haff\/author\/jochenelberskirch\/\"}]}<\/script>\n<!-- \/ Yoast SEO plugin. -->","yoast_head_json":{"title":"8. Juni 2016 - Naturpark-Stammtisch im Gr\u00fcnen - Naturpark Am Stettiner Haff","robots":{"index":"index","follow":"follow","max-snippet":"max-snippet:-1","max-image-preview":"max-image-preview:large","max-video-preview":"max-video-preview:-1"},"canonical":"https:\/\/www.naturparkmagazin.de\/am-stettiner-haff\/8-juni-2016-naturpark-stammtisch-im-gruenen\/","og_locale":"de_DE","og_type":"article","og_title":"8. Juni 2016 - Naturpark-Stammtisch im Gr\u00fcnen - Naturpark Am Stettiner Haff","og_description":"Wie jedes Jahr vor der Sommerpause wird der Natur-Stammtisch wieder ins Gr\u00fcne verlagert, diesmal sogar \u00fcber die Grenzen des Naturparks hinaus. Gastgebene Gemeinde wird in diesem Jahr die Gemeinde Wilhelmsburg am Rande der Friedl\u00e4nder Gro\u00dfen Wiese sein.","og_url":"https:\/\/www.naturparkmagazin.de\/am-stettiner-haff\/8-juni-2016-naturpark-stammtisch-im-gruenen\/","og_site_name":"Naturpark Am Stettiner Haff","article_published_time":"2016-05-16T15:09:43+00:00","article_modified_time":"2016-05-25T11:45:28+00:00","og_image":[{"width":200,"height":200,"url":"https:\/\/www.naturparkmagazin.de\/am-stettiner-haff\/wp-content\/uploads\/sites\/29\/Naturpark-Am-Stettiner-Haff.jpg","type":"image\/jpeg"}],"author":"Jochen Elberskirch","twitter_misc":{"Verfasst von":"Jochen Elberskirch","Gesch\u00e4tzte Lesezeit":"1\u00a0Minute"},"schema":{"@context":"https:\/\/schema.org","@graph":[{"@type":"WebPage","@id":"https:\/\/www.naturparkmagazin.de\/am-stettiner-haff\/8-juni-2016-naturpark-stammtisch-im-gruenen\/","url":"https:\/\/www.naturparkmagazin.de\/am-stettiner-haff\/8-juni-2016-naturpark-stammtisch-im-gruenen\/","name":"8. Juni 2016 - Naturpark-Stammtisch im Gr\u00fcnen - Naturpark Am Stettiner Haff","isPartOf":{"@id":"https:\/\/www.naturparkmagazin.de\/am-stettiner-haff\/#website"},"datePublished":"2016-05-16T15:09:43+00:00","dateModified":"2016-05-25T11:45:28+00:00","author":{"@id":"https:\/\/www.naturparkmagazin.de\/am-stettiner-haff\/#\/schema\/person\/4a7208080dbbfb024d81129b7960c725"},"breadcrumb":{"@id":"https:\/\/www.naturparkmagazin.de\/am-stettiner-haff\/8-juni-2016-naturpark-stammtisch-im-gruenen\/#breadcrumb"},"inLanguage":"de","potentialAction":[{"@type":"ReadAction","target":["https:\/\/www.naturparkmagazin.de\/am-stettiner-haff\/8-juni-2016-naturpark-stammtisch-im-gruenen\/"]}]},{"@type":"BreadcrumbList","@id":"https:\/\/www.naturparkmagazin.de\/am-stettiner-haff\/8-juni-2016-naturpark-stammtisch-im-gruenen\/#breadcrumb","itemListElement":[{"@type":"ListItem","position":1,"name":"Home","item":"https:\/\/www.naturparkmagazin.de\/am-stettiner-haff\/"},{"@type":"ListItem","position":2,"name":"8. Juni 2016 &#8211; Naturpark-Stammtisch im Gr\u00fcnen"}]},{"@type":"WebSite","@id":"https:\/\/www.naturparkmagazin.de\/am-stettiner-haff\/#website","url":"https:\/\/www.naturparkmagazin.de\/am-stettiner-haff\/","name":"Naturpark Am Stettiner Haff","description":"","potentialAction":[{"@type":"SearchAction","target":{"@type":"EntryPoint","urlTemplate":"https:\/\/www.naturparkmagazin.de\/am-stettiner-haff\/?s={search_term_string}"},"query-input":"required name=search_term_string"}],"inLanguage":"de"},{"@type":"Person","@id":"https:\/\/www.naturparkmagazin.de\/am-stettiner-haff\/#\/schema\/person\/4a7208080dbbfb024d81129b7960c725","name":"Jochen Elberskirch","sameAs":["http:\/\/www.naturpark-am-stettiner-haff.de"],"url":"https:\/\/www.naturparkmagazin.de\/am-stettiner-haff\/author\/jochenelberskirch\/"}]}},"_links":{"self":[{"href":"https:\/\/www.naturparkmagazin.de\/am-stettiner-haff\/wp-json\/wp\/v2\/posts\/1773"}],"collection":[{"href":"https:\/\/www.naturparkmagazin.de\/am-stettiner-haff\/wp-json\/wp\/v2\/posts"}],"about":[{"href":"https:\/\/www.naturparkmagazin.de\/am-stettiner-haff\/wp-json\/wp\/v2\/types\/post"}],"author":[{"embeddable":true,"href":"https:\/\/www.naturparkmagazin.de\/am-stettiner-haff\/wp-json\/wp\/v2\/users\/26"}],"replies":[{"embeddable":true,"href":"https:\/\/www.naturparkmagazin.de\/am-stettiner-haff\/wp-json\/wp\/v2\/comments?post=1773"}],"version-history":[{"count":7,"href":"https:\/\/www.naturparkmagazin.de\/am-stettiner-haff\/wp-json\/wp\/v2\/posts\/1773\/revisions"}],"predecessor-version":[{"id":1796,"href":"https:\/\/www.naturparkmagazin.de\/am-stettiner-haff\/wp-json\/wp\/v2\/posts\/1773\/revisions\/1796"}],"wp:featuredmedia":[{"embeddable":true,"href":"https:\/\/www.naturparkmagazin.de\/am-stettiner-haff\/wp-json\/wp\/v2\/media\/1769"}],"wp:attachment":[{"href":"https:\/\/www.naturparkmagazin.de\/am-stettiner-haff\/wp-json\/wp\/v2\/media?parent=1773"}],"wp:term":[{"taxonomy":"category","embeddable":true,"href":"https:\/\/www.naturparkmagazin.de\/am-stettiner-haff\/wp-json\/wp\/v2\/categories?post=1773"},{"taxonomy":"post_tag","embeddable":true,"href":"https:\/\/www.naturparkmagazin.de\/am-stettiner-haff\/wp-json\/wp\/v2\/tags?post=1773"}],"curies":[{"name":"wp","href":"https:\/\/api.w.org\/{rel}","templated":true}]}}