{"id":1780,"date":"2016-05-16T18:16:11","date_gmt":"2016-05-16T16:16:11","guid":{"rendered":"http:\/\/www.naturparkmagazin.de\/am-stettiner-haff\/?p=1780"},"modified":"2016-05-25T13:51:02","modified_gmt":"2016-05-25T11:51:02","slug":"blaukehlchen-in-bruch-und-moor","status":"publish","type":"post","link":"https:\/\/www.naturparkmagazin.de\/am-stettiner-haff\/blaukehlchen-in-bruch-und-moor\/","title":{"rendered":"Blaukehlchen in Bruch und Moor"},"content":{"rendered":"<p>&nbsp;<\/p>\n<div id=\"attachment_1783\" style=\"width: 630px\" class=\"wp-caption aligncenter\"><a href=\"https:\/\/www.naturparkmagazin.de\/am-stettiner-haff\/wp-content\/uploads\/sites\/29\/Blaukehlchen_01.jpg\"><img aria-describedby=\"caption-attachment-1783\" decoding=\"async\" loading=\"lazy\" class=\"size-large wp-image-1783\" src=\"https:\/\/www.naturparkmagazin.de\/am-stettiner-haff\/wp-content\/uploads\/sites\/29\/Blaukehlchen_01-940x705.jpg\" alt=\"Blaukehlchen (Foto: Naturpark-Archiv)\" width=\"620\" height=\"465\" srcset=\"https:\/\/www.naturparkmagazin.de\/am-stettiner-haff\/wp-content\/uploads\/sites\/29\/Blaukehlchen_01-940x705.jpg 940w, https:\/\/www.naturparkmagazin.de\/am-stettiner-haff\/wp-content\/uploads\/sites\/29\/Blaukehlchen_01-300x225.jpg 300w, https:\/\/www.naturparkmagazin.de\/am-stettiner-haff\/wp-content\/uploads\/sites\/29\/Blaukehlchen_01-620x465.jpg 620w, https:\/\/www.naturparkmagazin.de\/am-stettiner-haff\/wp-content\/uploads\/sites\/29\/Blaukehlchen_01-580x435.jpg 580w, https:\/\/www.naturparkmagazin.de\/am-stettiner-haff\/wp-content\/uploads\/sites\/29\/Blaukehlchen_01-420x315.jpg 420w, https:\/\/www.naturparkmagazin.de\/am-stettiner-haff\/wp-content\/uploads\/sites\/29\/Blaukehlchen_01-180x135.jpg 180w, https:\/\/www.naturparkmagazin.de\/am-stettiner-haff\/wp-content\/uploads\/sites\/29\/Blaukehlchen_01-95x71.jpg 95w, https:\/\/www.naturparkmagazin.de\/am-stettiner-haff\/wp-content\/uploads\/sites\/29\/Blaukehlchen_01-670x502.jpg 670w, https:\/\/www.naturparkmagazin.de\/am-stettiner-haff\/wp-content\/uploads\/sites\/29\/Blaukehlchen_01-200x150.jpg 200w, https:\/\/www.naturparkmagazin.de\/am-stettiner-haff\/wp-content\/uploads\/sites\/29\/Blaukehlchen_01.jpg 1711w\" sizes=\"(max-width: 620px) 100vw, 620px\" \/><\/a><p id=\"caption-attachment-1783\" class=\"wp-caption-text\">Blaukehlchen (Foto: Naturpark-Archiv)<\/p><\/div>\n<p>Innerhalb des Naturparks \u201eAm Stettiner Haff&#8220; gibt es mehrere Gebiete, an denen das nicht einfach zu beobachtende Blaukehlchen vorkommt. Es z\u00e4hlt zu den sch\u00f6nsten Vogelarten Deutschlands. Ab April kann &#8211; wo Feuchtgebiete mit Schilf und einzelnen Weidenb\u00fcschen bewachsen sind, wie an der Haffk\u00fcste oder dem Ahlbecker Fenn &#8211; am ehesten mit seiner Anwesenheit gerechnet werden. Es ist nicht besonders scheu, jedoch bleibt es gerne in Deckung und hoher Vegetation versteckt. Meist wird man durch den Gesang auf des Blaukehlchen aufmerksam und es imitiert auch verschiedene Vogelarten seiner Umgebung. Der Gesang wird am intensivsten sehr fr\u00fch morgens und abends in der D\u00e4mmerung vorgetragen. Wenn man jedoch einmal einen \u201eBlaukehlchenbusch\u201c entdeckt hat, trifft man den Vogel dort regelm\u00e4\u00dfig wieder an. Beim Gesang leuchtet seine kobaltblaue Brust mit einem wei\u00dfen Stern. Deshalb wird die bei uns vorkommende Unterart auch wei\u00dfsterniges Blaukehlchen genannt, w\u00e4hrend in Skandinavien das Rotsternige Blaukehlchen vorkommt.<\/p>\n<p>Frank Joisten<\/p>\n<p>&nbsp;<\/p>\n","protected":false},"excerpt":{"rendered":"<p>Innerhalb des Naturparks \u201eAm Stettiner Haff&#8220;  gibt es mehrere Gebiete, an denen das nicht einfach zu beobachtende Blaukehlchen vorkommt. Es z\u00e4hlt zu den sch\u00f6nsten Vogelarten Deutschlands. <\/p>\n","protected":false},"author":26,"featured_media":1784,"comment_status":"open","ping_status":"open","sticky":false,"template":"","format":"standard","meta":[],"categories":[7],"tags":[],"yoast_head":"<!-- This site is optimized with the Yoast SEO plugin v19.10 - https:\/\/yoast.com\/wordpress\/plugins\/seo\/ -->\n<title>Blaukehlchen in Bruch und Moor - Naturpark Am Stettiner Haff<\/title>\n<meta name=\"robots\" content=\"index, follow, max-snippet:-1, max-image-preview:large, max-video-preview:-1\" \/>\n<link rel=\"canonical\" href=\"https:\/\/www.naturparkmagazin.de\/am-stettiner-haff\/blaukehlchen-in-bruch-und-moor\/\" \/>\n<meta property=\"og:locale\" content=\"de_DE\" \/>\n<meta property=\"og:type\" content=\"article\" \/>\n<meta property=\"og:title\" content=\"Blaukehlchen in Bruch und Moor - Naturpark Am Stettiner Haff\" \/>\n<meta property=\"og:description\" content=\"Innerhalb des Naturparks \u201eAm Stettiner Haff&quot; gibt es mehrere Gebiete, an denen das nicht einfach zu beobachtende Blaukehlchen vorkommt. Es z\u00e4hlt zu den sch\u00f6nsten Vogelarten Deutschlands.\" \/>\n<meta property=\"og:url\" content=\"https:\/\/www.naturparkmagazin.de\/am-stettiner-haff\/blaukehlchen-in-bruch-und-moor\/\" \/>\n<meta property=\"og:site_name\" content=\"Naturpark Am Stettiner Haff\" \/>\n<meta property=\"article:published_time\" content=\"2016-05-16T16:16:11+00:00\" \/>\n<meta property=\"article:modified_time\" content=\"2016-05-25T11:51:02+00:00\" \/>\n<meta property=\"og:image\" content=\"https:\/\/www.naturparkmagazin.de\/am-stettiner-haff\/wp-content\/uploads\/sites\/29\/Blaukehlchen_02.jpg\" \/>\n\t<meta property=\"og:image:width\" content=\"200\" \/>\n\t<meta property=\"og:image:height\" content=\"200\" \/>\n\t<meta property=\"og:image:type\" content=\"image\/jpeg\" \/>\n<meta name=\"author\" content=\"Jochen Elberskirch\" \/>\n<meta name=\"twitter:label1\" content=\"Verfasst von\" \/>\n\t<meta name=\"twitter:data1\" content=\"Jochen Elberskirch\" \/>\n\t<meta name=\"twitter:label2\" content=\"Gesch\u00e4tzte Lesezeit\" \/>\n\t<meta name=\"twitter:data2\" content=\"1\u00a0Minute\" \/>\n<script type=\"application\/ld+json\" class=\"yoast-schema-graph\">{\"@context\":\"https:\/\/schema.org\",\"@graph\":[{\"@type\":\"WebPage\",\"@id\":\"https:\/\/www.naturparkmagazin.de\/am-stettiner-haff\/blaukehlchen-in-bruch-und-moor\/\",\"url\":\"https:\/\/www.naturparkmagazin.de\/am-stettiner-haff\/blaukehlchen-in-bruch-und-moor\/\",\"name\":\"Blaukehlchen in Bruch und Moor - Naturpark Am Stettiner Haff\",\"isPartOf\":{\"@id\":\"https:\/\/www.naturparkmagazin.de\/am-stettiner-haff\/#website\"},\"datePublished\":\"2016-05-16T16:16:11+00:00\",\"dateModified\":\"2016-05-25T11:51:02+00:00\",\"author\":{\"@id\":\"https:\/\/www.naturparkmagazin.de\/am-stettiner-haff\/#\/schema\/person\/4a7208080dbbfb024d81129b7960c725\"},\"breadcrumb\":{\"@id\":\"https:\/\/www.naturparkmagazin.de\/am-stettiner-haff\/blaukehlchen-in-bruch-und-moor\/#breadcrumb\"},\"inLanguage\":\"de\",\"potentialAction\":[{\"@type\":\"ReadAction\",\"target\":[\"https:\/\/www.naturparkmagazin.de\/am-stettiner-haff\/blaukehlchen-in-bruch-und-moor\/\"]}]},{\"@type\":\"BreadcrumbList\",\"@id\":\"https:\/\/www.naturparkmagazin.de\/am-stettiner-haff\/blaukehlchen-in-bruch-und-moor\/#breadcrumb\",\"itemListElement\":[{\"@type\":\"ListItem\",\"position\":1,\"name\":\"Home\",\"item\":\"https:\/\/www.naturparkmagazin.de\/am-stettiner-haff\/\"},{\"@type\":\"ListItem\",\"position\":2,\"name\":\"Blaukehlchen in Bruch und Moor\"}]},{\"@type\":\"WebSite\",\"@id\":\"https:\/\/www.naturparkmagazin.de\/am-stettiner-haff\/#website\",\"url\":\"https:\/\/www.naturparkmagazin.de\/am-stettiner-haff\/\",\"name\":\"Naturpark Am Stettiner Haff\",\"description\":\"\",\"potentialAction\":[{\"@type\":\"SearchAction\",\"target\":{\"@type\":\"EntryPoint\",\"urlTemplate\":\"https:\/\/www.naturparkmagazin.de\/am-stettiner-haff\/?s={search_term_string}\"},\"query-input\":\"required name=search_term_string\"}],\"inLanguage\":\"de\"},{\"@type\":\"Person\",\"@id\":\"https:\/\/www.naturparkmagazin.de\/am-stettiner-haff\/#\/schema\/person\/4a7208080dbbfb024d81129b7960c725\",\"name\":\"Jochen Elberskirch\",\"sameAs\":[\"http:\/\/www.naturpark-am-stettiner-haff.de\"],\"url\":\"https:\/\/www.naturparkmagazin.de\/am-stettiner-haff\/author\/jochenelberskirch\/\"}]}<\/script>\n<!-- \/ Yoast SEO plugin. -->","yoast_head_json":{"title":"Blaukehlchen in Bruch und Moor - Naturpark Am Stettiner Haff","robots":{"index":"index","follow":"follow","max-snippet":"max-snippet:-1","max-image-preview":"max-image-preview:large","max-video-preview":"max-video-preview:-1"},"canonical":"https:\/\/www.naturparkmagazin.de\/am-stettiner-haff\/blaukehlchen-in-bruch-und-moor\/","og_locale":"de_DE","og_type":"article","og_title":"Blaukehlchen in Bruch und Moor - Naturpark Am Stettiner Haff","og_description":"Innerhalb des Naturparks \u201eAm Stettiner Haff\" gibt es mehrere Gebiete, an denen das nicht einfach zu beobachtende Blaukehlchen vorkommt. Es z\u00e4hlt zu den sch\u00f6nsten Vogelarten Deutschlands.","og_url":"https:\/\/www.naturparkmagazin.de\/am-stettiner-haff\/blaukehlchen-in-bruch-und-moor\/","og_site_name":"Naturpark Am Stettiner Haff","article_published_time":"2016-05-16T16:16:11+00:00","article_modified_time":"2016-05-25T11:51:02+00:00","og_image":[{"width":200,"height":200,"url":"https:\/\/www.naturparkmagazin.de\/am-stettiner-haff\/wp-content\/uploads\/sites\/29\/Blaukehlchen_02.jpg","type":"image\/jpeg"}],"author":"Jochen Elberskirch","twitter_misc":{"Verfasst von":"Jochen Elberskirch","Gesch\u00e4tzte Lesezeit":"1\u00a0Minute"},"schema":{"@context":"https:\/\/schema.org","@graph":[{"@type":"WebPage","@id":"https:\/\/www.naturparkmagazin.de\/am-stettiner-haff\/blaukehlchen-in-bruch-und-moor\/","url":"https:\/\/www.naturparkmagazin.de\/am-stettiner-haff\/blaukehlchen-in-bruch-und-moor\/","name":"Blaukehlchen in Bruch und Moor - Naturpark Am Stettiner Haff","isPartOf":{"@id":"https:\/\/www.naturparkmagazin.de\/am-stettiner-haff\/#website"},"datePublished":"2016-05-16T16:16:11+00:00","dateModified":"2016-05-25T11:51:02+00:00","author":{"@id":"https:\/\/www.naturparkmagazin.de\/am-stettiner-haff\/#\/schema\/person\/4a7208080dbbfb024d81129b7960c725"},"breadcrumb":{"@id":"https:\/\/www.naturparkmagazin.de\/am-stettiner-haff\/blaukehlchen-in-bruch-und-moor\/#breadcrumb"},"inLanguage":"de","potentialAction":[{"@type":"ReadAction","target":["https:\/\/www.naturparkmagazin.de\/am-stettiner-haff\/blaukehlchen-in-bruch-und-moor\/"]}]},{"@type":"BreadcrumbList","@id":"https:\/\/www.naturparkmagazin.de\/am-stettiner-haff\/blaukehlchen-in-bruch-und-moor\/#breadcrumb","itemListElement":[{"@type":"ListItem","position":1,"name":"Home","item":"https:\/\/www.naturparkmagazin.de\/am-stettiner-haff\/"},{"@type":"ListItem","position":2,"name":"Blaukehlchen in Bruch und Moor"}]},{"@type":"WebSite","@id":"https:\/\/www.naturparkmagazin.de\/am-stettiner-haff\/#website","url":"https:\/\/www.naturparkmagazin.de\/am-stettiner-haff\/","name":"Naturpark Am Stettiner Haff","description":"","potentialAction":[{"@type":"SearchAction","target":{"@type":"EntryPoint","urlTemplate":"https:\/\/www.naturparkmagazin.de\/am-stettiner-haff\/?s={search_term_string}"},"query-input":"required name=search_term_string"}],"inLanguage":"de"},{"@type":"Person","@id":"https:\/\/www.naturparkmagazin.de\/am-stettiner-haff\/#\/schema\/person\/4a7208080dbbfb024d81129b7960c725","name":"Jochen Elberskirch","sameAs":["http:\/\/www.naturpark-am-stettiner-haff.de"],"url":"https:\/\/www.naturparkmagazin.de\/am-stettiner-haff\/author\/jochenelberskirch\/"}]}},"_links":{"self":[{"href":"https:\/\/www.naturparkmagazin.de\/am-stettiner-haff\/wp-json\/wp\/v2\/posts\/1780"}],"collection":[{"href":"https:\/\/www.naturparkmagazin.de\/am-stettiner-haff\/wp-json\/wp\/v2\/posts"}],"about":[{"href":"https:\/\/www.naturparkmagazin.de\/am-stettiner-haff\/wp-json\/wp\/v2\/types\/post"}],"author":[{"embeddable":true,"href":"https:\/\/www.naturparkmagazin.de\/am-stettiner-haff\/wp-json\/wp\/v2\/users\/26"}],"replies":[{"embeddable":true,"href":"https:\/\/www.naturparkmagazin.de\/am-stettiner-haff\/wp-json\/wp\/v2\/comments?post=1780"}],"version-history":[{"count":8,"href":"https:\/\/www.naturparkmagazin.de\/am-stettiner-haff\/wp-json\/wp\/v2\/posts\/1780\/revisions"}],"predecessor-version":[{"id":1797,"href":"https:\/\/www.naturparkmagazin.de\/am-stettiner-haff\/wp-json\/wp\/v2\/posts\/1780\/revisions\/1797"}],"wp:featuredmedia":[{"embeddable":true,"href":"https:\/\/www.naturparkmagazin.de\/am-stettiner-haff\/wp-json\/wp\/v2\/media\/1784"}],"wp:attachment":[{"href":"https:\/\/www.naturparkmagazin.de\/am-stettiner-haff\/wp-json\/wp\/v2\/media?parent=1780"}],"wp:term":[{"taxonomy":"category","embeddable":true,"href":"https:\/\/www.naturparkmagazin.de\/am-stettiner-haff\/wp-json\/wp\/v2\/categories?post=1780"},{"taxonomy":"post_tag","embeddable":true,"href":"https:\/\/www.naturparkmagazin.de\/am-stettiner-haff\/wp-json\/wp\/v2\/tags?post=1780"}],"curies":[{"name":"wp","href":"https:\/\/api.w.org\/{rel}","templated":true}]}}