{"id":1801,"date":"2016-06-16T11:43:51","date_gmt":"2016-06-16T09:43:51","guid":{"rendered":"http:\/\/www.naturparkmagazin.de\/am-stettiner-haff\/?p=1801"},"modified":"2016-06-23T12:48:27","modified_gmt":"2016-06-23T10:48:27","slug":"aquarelle-zwischen-kiefernzapfen-und-pyramide","status":"publish","type":"post","link":"https:\/\/www.naturparkmagazin.de\/am-stettiner-haff\/aquarelle-zwischen-kiefernzapfen-und-pyramide\/","title":{"rendered":"Aquarelle zwischen Kiefernzapfen und Pyramide"},"content":{"rendered":"<p>Bei guten bis sehr guten Wetterkonditionen folgten zahlreiche Besucher der Einladung der Forstsamendarre Jatznick des KFN (Kompetenzzentrum f\u00fcr forstliche Nebenproduktion) und des Naturparks \u201eAm Stettiner Haff\u201c zum Tag der offenen T\u00fcr und dem Naturparkfest am 28.\u00a0Mai 2016 in die Forstsamendarre Jatznick.<\/p>\n<p>Gemeinsam wurde dieser Tag von langer Hand vorbereitet, so traf man sich bereits im Januar zwecks erster Planungen. Und so mag es kaum verwundern, dass diese Veranstaltung, die mit H\u00f6hepunkten gespickt war und mit einem bunten Programm zum mitmachen und ausprobieren einlud, gut bei den G\u00e4sten angekommen ist.<\/p>\n<p>Gleich zu Beginn wurde eine neue Ausstellung mit Aquarellen des nieders\u00e4chsischen Malers Lars Kruse im Ausstellungspavillon der Forstsamendarre er\u00f6ffnet. Noch bis September k\u00f6nnen nun Interessierte seine Werke zum Thema \u201eTiere und Landschaft im Aquarell\u201c bewundern. Ein weiterer H\u00f6hepunkt des Tages war die feierliche Einweihung einer Kletterpyramide, die mit Hilfe von Sponsoren auf dem Gel\u00e4nde der Forstsamendarre errichtet wurde. Gemeinsam mit einem Vertreter der E.ON edis AG, dem Hauptsponsor und den Landtagsabgeordnenten Beate Schlupp (CDU) und Patrick Dahlemann (SPD) schnitten B\u00e4rbel Neumann (Leiterin des KFN) und Eberhard Behrendt (Leiter der Forstsamendarre) unterst\u00fctzt von anwesenden Kinder den Zugang zur Pyramide frei.<\/p>\n<p>&nbsp;<\/p>\n<div id=\"attachment_1802\" style=\"width: 866px\" class=\"wp-caption aligncenter\"><a href=\"https:\/\/www.naturparkmagazin.de\/am-stettiner-haff\/wp-content\/uploads\/sites\/29\/Pyramiden-Er\u00f6ffnung.jpg\"><img aria-describedby=\"caption-attachment-1802\" decoding=\"async\" loading=\"lazy\" class=\"size-full wp-image-1802\" src=\"https:\/\/www.naturparkmagazin.de\/am-stettiner-haff\/wp-content\/uploads\/sites\/29\/Pyramiden-Er\u00f6ffnung.jpg\" alt=\"&quot;Freischneiden&quot;der Kletterpyramide (Foto: Naturpark-Archiv)\" width=\"856\" height=\"482\" \/><\/a><p id=\"caption-attachment-1802\" class=\"wp-caption-text\">&#8222;Freischneiden&#8220;der Kletterpyramide (Foto: Naturpark-Archiv)<\/p><\/div>\n<p>Nat\u00fcrlich konnten die Besucher auch im Stundentakt die Schaumanufaktur besichtigen. Au\u00dferdem gab es bei den Freunden der Maulbeerallee Jatznick viele Informationen rund um die Maulbeere und die Seidenraupe. Auch der Tierpark Ueckerm\u00fcnde war neben dem Bundesforstbetrieb Vorpommern-Strelitz und nat\u00fcrlich dem Naturpark \u201eAm Stettiner Haff\u201c mit einem Stand vertreten. Die Freiwillige Feuerwehr Jatznick r\u00fcckte mit Ihren Fahrzeugen an. Diese konnten angefasst und bestaunt werden.<\/p>\n<p>Wer wollte, konnte den Umgang mit Pfeil und Bogen oder den Umgang mit einer Waffe im jagdlichen Schie\u00dfkino des Kreisjagdverbandes ausprobieren. Ganz Mutige konnten zwar nicht auf die Palme, daf\u00fcr aber auf die Kiefer klettern. Unter sachkundiger Aufsicht der Zapfenpfl\u00fccker des Forstamtes Rothem\u00fchl ging es je nach Geschick bis hinauf in die Krone.<\/p>\n<p>Auch an die Kleinsten hatten die Veranstalter gedacht, so war die Hexe Klex anwesend, um gemeinsam mit den Kindern Stoffbeutel zu bedrucken und ihnen ein M\u00e4rchen zu erz\u00e4hlen. Musikalisch umrahmete den Tag DJ Enjoy aus Stavenhagen, sowie die Bl\u00e4sergruppe der Kreisj\u00e4gerschaft und der Jatznicker Chor.<\/p>\n<p>Nicht zuletzt haben nat\u00fcrlich auch alle Gastronomen zum Gelingen des Tages beigetragen. So verw\u00f6hnten der Jatznicker Hof, die Wildvermarktung des Forstamtes Torgelow und das Forstamt Rothem\u00fchl die G\u00e4ste mit Getr\u00e4nken und diversen kulinarischen Leckereien. F\u00fcr Fischliebhaber war Fischermeister Neumann, der Fischer vom Galenbecker See, angereist. Abgerundet wurde dieses Angebot durch die Kaffee- und Kuchenversorgung der Volkssolidarit\u00e4t Torgelow. Deren Vorr\u00e4te neigten sich im \u00dcbrigen bereits gegen 15:00 Uhr dem Ende entgegen, was als Zeichen f\u00fcr den guten Zuspruch der Veranstaltung zu werten ist. Die Veranstalter gehen von weit mehr als 1.000 Besuchern aus. Von Besuchern gab es fast ausschlie\u00dflich positive Resonanzen.<\/p>\n<p>Dass bei so einer gro\u00dfen Veranstaltung auch noch kurzfristig improvisiert werden muss, bzw., dass man es nicht jedem Einzelnen Recht machen kann, versteht sich dabei fast von selbst.<\/p>\n","protected":false},"excerpt":{"rendered":"<p>Bei sch\u00f6nem Wetter folgten zahlreiche Besucher der Einladung der Forstsamendarre Jatznick des KFN und des Naturparks \u201eAm Stettiner Haff\u201c zum Tag der offenen T\u00fcr und dem Naturparkfest am 28. Mai 2016 in die Forstsamendarre Jatznick.<\/p>\n","protected":false},"author":26,"featured_media":1805,"comment_status":"open","ping_status":"open","sticky":false,"template":"","format":"standard","meta":[],"categories":[7],"tags":[],"yoast_head":"<!-- This site is optimized with the Yoast SEO plugin v19.10 - https:\/\/yoast.com\/wordpress\/plugins\/seo\/ -->\n<title>Aquarelle zwischen Kiefernzapfen und Pyramide - Naturpark Am Stettiner Haff<\/title>\n<meta name=\"robots\" content=\"index, follow, max-snippet:-1, max-image-preview:large, max-video-preview:-1\" \/>\n<link rel=\"canonical\" href=\"https:\/\/www.naturparkmagazin.de\/am-stettiner-haff\/aquarelle-zwischen-kiefernzapfen-und-pyramide\/\" \/>\n<meta property=\"og:locale\" content=\"de_DE\" \/>\n<meta property=\"og:type\" content=\"article\" \/>\n<meta property=\"og:title\" content=\"Aquarelle zwischen Kiefernzapfen und Pyramide - Naturpark Am Stettiner Haff\" \/>\n<meta property=\"og:description\" content=\"Bei sch\u00f6nem Wetter folgten zahlreiche Besucher der Einladung der Forstsamendarre Jatznick des KFN und des Naturparks \u201eAm Stettiner Haff\u201c zum Tag der offenen T\u00fcr und dem Naturparkfest am 28. Mai 2016 in die Forstsamendarre Jatznick.\" \/>\n<meta property=\"og:url\" content=\"https:\/\/www.naturparkmagazin.de\/am-stettiner-haff\/aquarelle-zwischen-kiefernzapfen-und-pyramide\/\" \/>\n<meta property=\"og:site_name\" content=\"Naturpark Am Stettiner Haff\" \/>\n<meta property=\"article:published_time\" content=\"2016-06-16T09:43:51+00:00\" \/>\n<meta property=\"article:modified_time\" content=\"2016-06-23T10:48:27+00:00\" \/>\n<meta property=\"og:image\" content=\"https:\/\/www.naturparkmagazin.de\/am-stettiner-haff\/wp-content\/uploads\/sites\/29\/Beitragsbild_Pyramiden-Er\u00f6ffnung.jpg\" \/>\n\t<meta property=\"og:image:width\" content=\"214\" \/>\n\t<meta property=\"og:image:height\" content=\"181\" \/>\n\t<meta property=\"og:image:type\" content=\"image\/jpeg\" \/>\n<meta name=\"author\" content=\"Jochen Elberskirch\" \/>\n<meta name=\"twitter:label1\" content=\"Verfasst von\" \/>\n\t<meta name=\"twitter:data1\" content=\"Jochen Elberskirch\" \/>\n\t<meta name=\"twitter:label2\" content=\"Gesch\u00e4tzte Lesezeit\" \/>\n\t<meta name=\"twitter:data2\" content=\"3\u00a0Minuten\" \/>\n<script type=\"application\/ld+json\" class=\"yoast-schema-graph\">{\"@context\":\"https:\/\/schema.org\",\"@graph\":[{\"@type\":\"WebPage\",\"@id\":\"https:\/\/www.naturparkmagazin.de\/am-stettiner-haff\/aquarelle-zwischen-kiefernzapfen-und-pyramide\/\",\"url\":\"https:\/\/www.naturparkmagazin.de\/am-stettiner-haff\/aquarelle-zwischen-kiefernzapfen-und-pyramide\/\",\"name\":\"Aquarelle zwischen Kiefernzapfen und Pyramide - Naturpark Am Stettiner Haff\",\"isPartOf\":{\"@id\":\"https:\/\/www.naturparkmagazin.de\/am-stettiner-haff\/#website\"},\"datePublished\":\"2016-06-16T09:43:51+00:00\",\"dateModified\":\"2016-06-23T10:48:27+00:00\",\"author\":{\"@id\":\"https:\/\/www.naturparkmagazin.de\/am-stettiner-haff\/#\/schema\/person\/4a7208080dbbfb024d81129b7960c725\"},\"breadcrumb\":{\"@id\":\"https:\/\/www.naturparkmagazin.de\/am-stettiner-haff\/aquarelle-zwischen-kiefernzapfen-und-pyramide\/#breadcrumb\"},\"inLanguage\":\"de\",\"potentialAction\":[{\"@type\":\"ReadAction\",\"target\":[\"https:\/\/www.naturparkmagazin.de\/am-stettiner-haff\/aquarelle-zwischen-kiefernzapfen-und-pyramide\/\"]}]},{\"@type\":\"BreadcrumbList\",\"@id\":\"https:\/\/www.naturparkmagazin.de\/am-stettiner-haff\/aquarelle-zwischen-kiefernzapfen-und-pyramide\/#breadcrumb\",\"itemListElement\":[{\"@type\":\"ListItem\",\"position\":1,\"name\":\"Home\",\"item\":\"https:\/\/www.naturparkmagazin.de\/am-stettiner-haff\/\"},{\"@type\":\"ListItem\",\"position\":2,\"name\":\"Aquarelle zwischen Kiefernzapfen und Pyramide\"}]},{\"@type\":\"WebSite\",\"@id\":\"https:\/\/www.naturparkmagazin.de\/am-stettiner-haff\/#website\",\"url\":\"https:\/\/www.naturparkmagazin.de\/am-stettiner-haff\/\",\"name\":\"Naturpark Am Stettiner Haff\",\"description\":\"\",\"potentialAction\":[{\"@type\":\"SearchAction\",\"target\":{\"@type\":\"EntryPoint\",\"urlTemplate\":\"https:\/\/www.naturparkmagazin.de\/am-stettiner-haff\/?s={search_term_string}\"},\"query-input\":\"required name=search_term_string\"}],\"inLanguage\":\"de\"},{\"@type\":\"Person\",\"@id\":\"https:\/\/www.naturparkmagazin.de\/am-stettiner-haff\/#\/schema\/person\/4a7208080dbbfb024d81129b7960c725\",\"name\":\"Jochen Elberskirch\",\"sameAs\":[\"http:\/\/www.naturpark-am-stettiner-haff.de\"],\"url\":\"https:\/\/www.naturparkmagazin.de\/am-stettiner-haff\/author\/jochenelberskirch\/\"}]}<\/script>\n<!-- \/ Yoast SEO plugin. -->","yoast_head_json":{"title":"Aquarelle zwischen Kiefernzapfen und Pyramide - Naturpark Am Stettiner Haff","robots":{"index":"index","follow":"follow","max-snippet":"max-snippet:-1","max-image-preview":"max-image-preview:large","max-video-preview":"max-video-preview:-1"},"canonical":"https:\/\/www.naturparkmagazin.de\/am-stettiner-haff\/aquarelle-zwischen-kiefernzapfen-und-pyramide\/","og_locale":"de_DE","og_type":"article","og_title":"Aquarelle zwischen Kiefernzapfen und Pyramide - Naturpark Am Stettiner Haff","og_description":"Bei sch\u00f6nem Wetter folgten zahlreiche Besucher der Einladung der Forstsamendarre Jatznick des KFN und des Naturparks \u201eAm Stettiner Haff\u201c zum Tag der offenen T\u00fcr und dem Naturparkfest am 28. Mai 2016 in die Forstsamendarre Jatznick.","og_url":"https:\/\/www.naturparkmagazin.de\/am-stettiner-haff\/aquarelle-zwischen-kiefernzapfen-und-pyramide\/","og_site_name":"Naturpark Am Stettiner Haff","article_published_time":"2016-06-16T09:43:51+00:00","article_modified_time":"2016-06-23T10:48:27+00:00","og_image":[{"width":214,"height":181,"url":"https:\/\/www.naturparkmagazin.de\/am-stettiner-haff\/wp-content\/uploads\/sites\/29\/Beitragsbild_Pyramiden-Er\u00f6ffnung.jpg","type":"image\/jpeg"}],"author":"Jochen Elberskirch","twitter_misc":{"Verfasst von":"Jochen Elberskirch","Gesch\u00e4tzte Lesezeit":"3\u00a0Minuten"},"schema":{"@context":"https:\/\/schema.org","@graph":[{"@type":"WebPage","@id":"https:\/\/www.naturparkmagazin.de\/am-stettiner-haff\/aquarelle-zwischen-kiefernzapfen-und-pyramide\/","url":"https:\/\/www.naturparkmagazin.de\/am-stettiner-haff\/aquarelle-zwischen-kiefernzapfen-und-pyramide\/","name":"Aquarelle zwischen Kiefernzapfen und Pyramide - Naturpark Am Stettiner Haff","isPartOf":{"@id":"https:\/\/www.naturparkmagazin.de\/am-stettiner-haff\/#website"},"datePublished":"2016-06-16T09:43:51+00:00","dateModified":"2016-06-23T10:48:27+00:00","author":{"@id":"https:\/\/www.naturparkmagazin.de\/am-stettiner-haff\/#\/schema\/person\/4a7208080dbbfb024d81129b7960c725"},"breadcrumb":{"@id":"https:\/\/www.naturparkmagazin.de\/am-stettiner-haff\/aquarelle-zwischen-kiefernzapfen-und-pyramide\/#breadcrumb"},"inLanguage":"de","potentialAction":[{"@type":"ReadAction","target":["https:\/\/www.naturparkmagazin.de\/am-stettiner-haff\/aquarelle-zwischen-kiefernzapfen-und-pyramide\/"]}]},{"@type":"BreadcrumbList","@id":"https:\/\/www.naturparkmagazin.de\/am-stettiner-haff\/aquarelle-zwischen-kiefernzapfen-und-pyramide\/#breadcrumb","itemListElement":[{"@type":"ListItem","position":1,"name":"Home","item":"https:\/\/www.naturparkmagazin.de\/am-stettiner-haff\/"},{"@type":"ListItem","position":2,"name":"Aquarelle zwischen Kiefernzapfen und Pyramide"}]},{"@type":"WebSite","@id":"https:\/\/www.naturparkmagazin.de\/am-stettiner-haff\/#website","url":"https:\/\/www.naturparkmagazin.de\/am-stettiner-haff\/","name":"Naturpark Am Stettiner Haff","description":"","potentialAction":[{"@type":"SearchAction","target":{"@type":"EntryPoint","urlTemplate":"https:\/\/www.naturparkmagazin.de\/am-stettiner-haff\/?s={search_term_string}"},"query-input":"required name=search_term_string"}],"inLanguage":"de"},{"@type":"Person","@id":"https:\/\/www.naturparkmagazin.de\/am-stettiner-haff\/#\/schema\/person\/4a7208080dbbfb024d81129b7960c725","name":"Jochen Elberskirch","sameAs":["http:\/\/www.naturpark-am-stettiner-haff.de"],"url":"https:\/\/www.naturparkmagazin.de\/am-stettiner-haff\/author\/jochenelberskirch\/"}]}},"_links":{"self":[{"href":"https:\/\/www.naturparkmagazin.de\/am-stettiner-haff\/wp-json\/wp\/v2\/posts\/1801"}],"collection":[{"href":"https:\/\/www.naturparkmagazin.de\/am-stettiner-haff\/wp-json\/wp\/v2\/posts"}],"about":[{"href":"https:\/\/www.naturparkmagazin.de\/am-stettiner-haff\/wp-json\/wp\/v2\/types\/post"}],"author":[{"embeddable":true,"href":"https:\/\/www.naturparkmagazin.de\/am-stettiner-haff\/wp-json\/wp\/v2\/users\/26"}],"replies":[{"embeddable":true,"href":"https:\/\/www.naturparkmagazin.de\/am-stettiner-haff\/wp-json\/wp\/v2\/comments?post=1801"}],"version-history":[{"count":4,"href":"https:\/\/www.naturparkmagazin.de\/am-stettiner-haff\/wp-json\/wp\/v2\/posts\/1801\/revisions"}],"predecessor-version":[{"id":1827,"href":"https:\/\/www.naturparkmagazin.de\/am-stettiner-haff\/wp-json\/wp\/v2\/posts\/1801\/revisions\/1827"}],"wp:featuredmedia":[{"embeddable":true,"href":"https:\/\/www.naturparkmagazin.de\/am-stettiner-haff\/wp-json\/wp\/v2\/media\/1805"}],"wp:attachment":[{"href":"https:\/\/www.naturparkmagazin.de\/am-stettiner-haff\/wp-json\/wp\/v2\/media?parent=1801"}],"wp:term":[{"taxonomy":"category","embeddable":true,"href":"https:\/\/www.naturparkmagazin.de\/am-stettiner-haff\/wp-json\/wp\/v2\/categories?post=1801"},{"taxonomy":"post_tag","embeddable":true,"href":"https:\/\/www.naturparkmagazin.de\/am-stettiner-haff\/wp-json\/wp\/v2\/tags?post=1801"}],"curies":[{"name":"wp","href":"https:\/\/api.w.org\/{rel}","templated":true}]}}