{"id":1808,"date":"2016-06-16T13:23:56","date_gmt":"2016-06-16T11:23:56","guid":{"rendered":"http:\/\/www.naturparkmagazin.de\/am-stettiner-haff\/?p=1808"},"modified":"2016-06-23T12:43:56","modified_gmt":"2016-06-23T10:43:56","slug":"gross-reinemachen-in-der-biberburg","status":"publish","type":"post","link":"https:\/\/www.naturparkmagazin.de\/am-stettiner-haff\/gross-reinemachen-in-der-biberburg\/","title":{"rendered":"Gro\u00df &#8222;Reinemachen&#8220; in der Biberburg"},"content":{"rendered":"<p>Seit nun mehr vier Jahren ist das Au\u00dfengel\u00e4nde des Besucherinformationszentrums des Naturparks ein fester Anlaufpunkt f\u00fcr kleine Biber-Liebhaber. Es ist jedoch gerade der Zeit geschuldet, dass die blaugef\u00e4rbten Hackschnitzel der beginnenden Zersetzung am Heim gefallen sind und sich Pilze und Krautpflanzen zunehmend ausgebreitet haben. Damit war es h\u00f6chste Zeit, f\u00fcr eine grundlegende Erneuerung des Fallschutzes zu sorgen. Trotzdem sich die gef\u00e4rbten Hackschnitzel gut in das Biber-Ensemble eingepasst haben, wollte das Team des Naturparks k\u00fcnftig dauerhafteres Material verwenden und machte sich auf die Suche. Diese f\u00fchrte zu gewaschenen Kies. Dieser eignet sich bei einer K\u00f6rnung von 2-8mm hervorragend als Fallschutz f\u00fcr kleine Biberburg-Eroberer. So fiel die Entscheidung nicht schwer und es wurden 18 m\u00b3 Kies bei der Jesse AG geordert. Die Jesse AG lieferte die Bestellung dankenswerterweise in Etappen. So konnten die Naturparkw\u00e4chter den Kies direkt wieder einbauen. Aktiv unterst\u00fctzt wurden sie dabei durch einen Kollegen des Bauhofes der Stadt Eggesin, der mit schwerer Technik anger\u00fcckt war und so den Naturw\u00e4chtern edliche Schubkarrentouren erspart hat.<\/p>\n<div id=\"attachment_1809\" style=\"width: 932px\" class=\"wp-caption aligncenter\"><a href=\"https:\/\/www.naturparkmagazin.de\/am-stettiner-haff\/wp-content\/uploads\/sites\/29\/Biberurg01.jpg\"><img aria-describedby=\"caption-attachment-1809\" decoding=\"async\" loading=\"lazy\" class=\"size-full wp-image-1809\" src=\"https:\/\/www.naturparkmagazin.de\/am-stettiner-haff\/wp-content\/uploads\/sites\/29\/Biberurg01.jpg\" alt=\"Mitarbeiter des Bauhofes und des Naturparks im Einsatz (Foto: Naturpark-Archiv)\" width=\"922\" height=\"519\" srcset=\"https:\/\/www.naturparkmagazin.de\/am-stettiner-haff\/wp-content\/uploads\/sites\/29\/Biberurg01.jpg 922w, https:\/\/www.naturparkmagazin.de\/am-stettiner-haff\/wp-content\/uploads\/sites\/29\/Biberurg01-300x169.jpg 300w, https:\/\/www.naturparkmagazin.de\/am-stettiner-haff\/wp-content\/uploads\/sites\/29\/Biberurg01-620x349.jpg 620w, https:\/\/www.naturparkmagazin.de\/am-stettiner-haff\/wp-content\/uploads\/sites\/29\/Biberurg01-670x377.jpg 670w, https:\/\/www.naturparkmagazin.de\/am-stettiner-haff\/wp-content\/uploads\/sites\/29\/Biberurg01-200x113.jpg 200w\" sizes=\"(max-width: 922px) 100vw, 922px\" \/><\/a><p id=\"caption-attachment-1809\" class=\"wp-caption-text\">Mitarbeiter des Bauhofes und des Naturparks im Einsatz (Foto: Naturpark-Archiv)<\/p><\/div>\n<p>Durch die reibungslose und gute Zusammenarbeit aller Beteiligten fiel die Sperrung des Spielplatzes so kurz wie m\u00f6glich aus. Damit konnte die Biberburg p\u00fcnktlich zum Freitagnachmittag wieder von kleinen und auch gro\u00dfen Biber-Liebhabern in Besitz genommen werden.<\/p>\n<div id=\"attachment_1810\" style=\"width: 747px\" class=\"wp-caption aligncenter\"><a href=\"https:\/\/www.naturparkmagazin.de\/am-stettiner-haff\/wp-content\/uploads\/sites\/29\/Biberburg-fast-fertig.jpg\"><img aria-describedby=\"caption-attachment-1810\" decoding=\"async\" loading=\"lazy\" class=\"size-full wp-image-1810\" src=\"https:\/\/www.naturparkmagazin.de\/am-stettiner-haff\/wp-content\/uploads\/sites\/29\/Biberburg-fast-fertig.jpg\" alt=\"Biberburg mit erneurtem Fallschutz (Foto: Naturpark-Archiv)\" width=\"737\" height=\"415\" srcset=\"https:\/\/www.naturparkmagazin.de\/am-stettiner-haff\/wp-content\/uploads\/sites\/29\/Biberburg-fast-fertig.jpg 737w, https:\/\/www.naturparkmagazin.de\/am-stettiner-haff\/wp-content\/uploads\/sites\/29\/Biberburg-fast-fertig-300x169.jpg 300w, https:\/\/www.naturparkmagazin.de\/am-stettiner-haff\/wp-content\/uploads\/sites\/29\/Biberburg-fast-fertig-620x349.jpg 620w, https:\/\/www.naturparkmagazin.de\/am-stettiner-haff\/wp-content\/uploads\/sites\/29\/Biberburg-fast-fertig-670x377.jpg 670w, https:\/\/www.naturparkmagazin.de\/am-stettiner-haff\/wp-content\/uploads\/sites\/29\/Biberburg-fast-fertig-200x113.jpg 200w\" sizes=\"(max-width: 737px) 100vw, 737px\" \/><\/a><p id=\"caption-attachment-1810\" class=\"wp-caption-text\">Biberburg mit erneuertem Fallschutz (Foto: Naturpark-Archiv)<\/p><\/div>\n<p>&nbsp;<\/p>\n","protected":false},"excerpt":{"rendered":"<p>Es war h\u00f6chste Zeit f\u00fcr eine Erneuerung des Fallschutzes an der Biberburg im Au\u00dfenbereich des Naturparkzentrums.<\/p>\n","protected":false},"author":26,"featured_media":1812,"comment_status":"open","ping_status":"open","sticky":false,"template":"","format":"standard","meta":[],"categories":[7],"tags":[],"yoast_head":"<!-- This site is optimized with the Yoast SEO plugin v19.10 - https:\/\/yoast.com\/wordpress\/plugins\/seo\/ -->\n<title>Gro\u00df &quot;Reinemachen&quot; in der Biberburg - Naturpark Am Stettiner Haff<\/title>\n<meta name=\"robots\" content=\"index, follow, max-snippet:-1, max-image-preview:large, max-video-preview:-1\" \/>\n<link rel=\"canonical\" href=\"https:\/\/www.naturparkmagazin.de\/am-stettiner-haff\/gross-reinemachen-in-der-biberburg\/\" \/>\n<meta property=\"og:locale\" content=\"de_DE\" \/>\n<meta property=\"og:type\" content=\"article\" \/>\n<meta property=\"og:title\" content=\"Gro\u00df &quot;Reinemachen&quot; in der Biberburg - Naturpark Am Stettiner Haff\" \/>\n<meta property=\"og:description\" content=\"Es war h\u00f6chste Zeit f\u00fcr eine Erneuerung des Fallschutzes an der Biberburg im Au\u00dfenbereich des Naturparkzentrums.\" \/>\n<meta property=\"og:url\" content=\"https:\/\/www.naturparkmagazin.de\/am-stettiner-haff\/gross-reinemachen-in-der-biberburg\/\" \/>\n<meta property=\"og:site_name\" content=\"Naturpark Am Stettiner Haff\" \/>\n<meta property=\"article:published_time\" content=\"2016-06-16T11:23:56+00:00\" \/>\n<meta property=\"article:modified_time\" content=\"2016-06-23T10:43:56+00:00\" \/>\n<meta property=\"og:image\" content=\"https:\/\/www.naturparkmagazin.de\/am-stettiner-haff\/wp-content\/uploads\/sites\/29\/Beitragsbild_Biberburg.jpg\" \/>\n\t<meta property=\"og:image:width\" content=\"200\" \/>\n\t<meta property=\"og:image:height\" content=\"200\" \/>\n\t<meta property=\"og:image:type\" content=\"image\/jpeg\" \/>\n<meta name=\"author\" content=\"Jochen Elberskirch\" \/>\n<meta name=\"twitter:label1\" content=\"Verfasst von\" \/>\n\t<meta name=\"twitter:data1\" content=\"Jochen Elberskirch\" \/>\n\t<meta name=\"twitter:label2\" content=\"Gesch\u00e4tzte Lesezeit\" \/>\n\t<meta name=\"twitter:data2\" content=\"1\u00a0Minute\" \/>\n<script type=\"application\/ld+json\" class=\"yoast-schema-graph\">{\"@context\":\"https:\/\/schema.org\",\"@graph\":[{\"@type\":\"WebPage\",\"@id\":\"https:\/\/www.naturparkmagazin.de\/am-stettiner-haff\/gross-reinemachen-in-der-biberburg\/\",\"url\":\"https:\/\/www.naturparkmagazin.de\/am-stettiner-haff\/gross-reinemachen-in-der-biberburg\/\",\"name\":\"Gro\u00df \\\"Reinemachen\\\" in der Biberburg - Naturpark Am Stettiner Haff\",\"isPartOf\":{\"@id\":\"https:\/\/www.naturparkmagazin.de\/am-stettiner-haff\/#website\"},\"datePublished\":\"2016-06-16T11:23:56+00:00\",\"dateModified\":\"2016-06-23T10:43:56+00:00\",\"author\":{\"@id\":\"https:\/\/www.naturparkmagazin.de\/am-stettiner-haff\/#\/schema\/person\/4a7208080dbbfb024d81129b7960c725\"},\"breadcrumb\":{\"@id\":\"https:\/\/www.naturparkmagazin.de\/am-stettiner-haff\/gross-reinemachen-in-der-biberburg\/#breadcrumb\"},\"inLanguage\":\"de\",\"potentialAction\":[{\"@type\":\"ReadAction\",\"target\":[\"https:\/\/www.naturparkmagazin.de\/am-stettiner-haff\/gross-reinemachen-in-der-biberburg\/\"]}]},{\"@type\":\"BreadcrumbList\",\"@id\":\"https:\/\/www.naturparkmagazin.de\/am-stettiner-haff\/gross-reinemachen-in-der-biberburg\/#breadcrumb\",\"itemListElement\":[{\"@type\":\"ListItem\",\"position\":1,\"name\":\"Home\",\"item\":\"https:\/\/www.naturparkmagazin.de\/am-stettiner-haff\/\"},{\"@type\":\"ListItem\",\"position\":2,\"name\":\"Gro\u00df &#8222;Reinemachen&#8220; in der Biberburg\"}]},{\"@type\":\"WebSite\",\"@id\":\"https:\/\/www.naturparkmagazin.de\/am-stettiner-haff\/#website\",\"url\":\"https:\/\/www.naturparkmagazin.de\/am-stettiner-haff\/\",\"name\":\"Naturpark Am Stettiner Haff\",\"description\":\"\",\"potentialAction\":[{\"@type\":\"SearchAction\",\"target\":{\"@type\":\"EntryPoint\",\"urlTemplate\":\"https:\/\/www.naturparkmagazin.de\/am-stettiner-haff\/?s={search_term_string}\"},\"query-input\":\"required name=search_term_string\"}],\"inLanguage\":\"de\"},{\"@type\":\"Person\",\"@id\":\"https:\/\/www.naturparkmagazin.de\/am-stettiner-haff\/#\/schema\/person\/4a7208080dbbfb024d81129b7960c725\",\"name\":\"Jochen Elberskirch\",\"sameAs\":[\"http:\/\/www.naturpark-am-stettiner-haff.de\"],\"url\":\"https:\/\/www.naturparkmagazin.de\/am-stettiner-haff\/author\/jochenelberskirch\/\"}]}<\/script>\n<!-- \/ Yoast SEO plugin. -->","yoast_head_json":{"title":"Gro\u00df \"Reinemachen\" in der Biberburg - Naturpark Am Stettiner Haff","robots":{"index":"index","follow":"follow","max-snippet":"max-snippet:-1","max-image-preview":"max-image-preview:large","max-video-preview":"max-video-preview:-1"},"canonical":"https:\/\/www.naturparkmagazin.de\/am-stettiner-haff\/gross-reinemachen-in-der-biberburg\/","og_locale":"de_DE","og_type":"article","og_title":"Gro\u00df \"Reinemachen\" in der Biberburg - Naturpark Am Stettiner Haff","og_description":"Es war h\u00f6chste Zeit f\u00fcr eine Erneuerung des Fallschutzes an der Biberburg im Au\u00dfenbereich des Naturparkzentrums.","og_url":"https:\/\/www.naturparkmagazin.de\/am-stettiner-haff\/gross-reinemachen-in-der-biberburg\/","og_site_name":"Naturpark Am Stettiner Haff","article_published_time":"2016-06-16T11:23:56+00:00","article_modified_time":"2016-06-23T10:43:56+00:00","og_image":[{"width":200,"height":200,"url":"https:\/\/www.naturparkmagazin.de\/am-stettiner-haff\/wp-content\/uploads\/sites\/29\/Beitragsbild_Biberburg.jpg","type":"image\/jpeg"}],"author":"Jochen Elberskirch","twitter_misc":{"Verfasst von":"Jochen Elberskirch","Gesch\u00e4tzte Lesezeit":"1\u00a0Minute"},"schema":{"@context":"https:\/\/schema.org","@graph":[{"@type":"WebPage","@id":"https:\/\/www.naturparkmagazin.de\/am-stettiner-haff\/gross-reinemachen-in-der-biberburg\/","url":"https:\/\/www.naturparkmagazin.de\/am-stettiner-haff\/gross-reinemachen-in-der-biberburg\/","name":"Gro\u00df \"Reinemachen\" in der Biberburg - Naturpark Am Stettiner Haff","isPartOf":{"@id":"https:\/\/www.naturparkmagazin.de\/am-stettiner-haff\/#website"},"datePublished":"2016-06-16T11:23:56+00:00","dateModified":"2016-06-23T10:43:56+00:00","author":{"@id":"https:\/\/www.naturparkmagazin.de\/am-stettiner-haff\/#\/schema\/person\/4a7208080dbbfb024d81129b7960c725"},"breadcrumb":{"@id":"https:\/\/www.naturparkmagazin.de\/am-stettiner-haff\/gross-reinemachen-in-der-biberburg\/#breadcrumb"},"inLanguage":"de","potentialAction":[{"@type":"ReadAction","target":["https:\/\/www.naturparkmagazin.de\/am-stettiner-haff\/gross-reinemachen-in-der-biberburg\/"]}]},{"@type":"BreadcrumbList","@id":"https:\/\/www.naturparkmagazin.de\/am-stettiner-haff\/gross-reinemachen-in-der-biberburg\/#breadcrumb","itemListElement":[{"@type":"ListItem","position":1,"name":"Home","item":"https:\/\/www.naturparkmagazin.de\/am-stettiner-haff\/"},{"@type":"ListItem","position":2,"name":"Gro\u00df &#8222;Reinemachen&#8220; in der Biberburg"}]},{"@type":"WebSite","@id":"https:\/\/www.naturparkmagazin.de\/am-stettiner-haff\/#website","url":"https:\/\/www.naturparkmagazin.de\/am-stettiner-haff\/","name":"Naturpark Am Stettiner Haff","description":"","potentialAction":[{"@type":"SearchAction","target":{"@type":"EntryPoint","urlTemplate":"https:\/\/www.naturparkmagazin.de\/am-stettiner-haff\/?s={search_term_string}"},"query-input":"required name=search_term_string"}],"inLanguage":"de"},{"@type":"Person","@id":"https:\/\/www.naturparkmagazin.de\/am-stettiner-haff\/#\/schema\/person\/4a7208080dbbfb024d81129b7960c725","name":"Jochen Elberskirch","sameAs":["http:\/\/www.naturpark-am-stettiner-haff.de"],"url":"https:\/\/www.naturparkmagazin.de\/am-stettiner-haff\/author\/jochenelberskirch\/"}]}},"_links":{"self":[{"href":"https:\/\/www.naturparkmagazin.de\/am-stettiner-haff\/wp-json\/wp\/v2\/posts\/1808"}],"collection":[{"href":"https:\/\/www.naturparkmagazin.de\/am-stettiner-haff\/wp-json\/wp\/v2\/posts"}],"about":[{"href":"https:\/\/www.naturparkmagazin.de\/am-stettiner-haff\/wp-json\/wp\/v2\/types\/post"}],"author":[{"embeddable":true,"href":"https:\/\/www.naturparkmagazin.de\/am-stettiner-haff\/wp-json\/wp\/v2\/users\/26"}],"replies":[{"embeddable":true,"href":"https:\/\/www.naturparkmagazin.de\/am-stettiner-haff\/wp-json\/wp\/v2\/comments?post=1808"}],"version-history":[{"count":4,"href":"https:\/\/www.naturparkmagazin.de\/am-stettiner-haff\/wp-json\/wp\/v2\/posts\/1808\/revisions"}],"predecessor-version":[{"id":1825,"href":"https:\/\/www.naturparkmagazin.de\/am-stettiner-haff\/wp-json\/wp\/v2\/posts\/1808\/revisions\/1825"}],"wp:featuredmedia":[{"embeddable":true,"href":"https:\/\/www.naturparkmagazin.de\/am-stettiner-haff\/wp-json\/wp\/v2\/media\/1812"}],"wp:attachment":[{"href":"https:\/\/www.naturparkmagazin.de\/am-stettiner-haff\/wp-json\/wp\/v2\/media?parent=1808"}],"wp:term":[{"taxonomy":"category","embeddable":true,"href":"https:\/\/www.naturparkmagazin.de\/am-stettiner-haff\/wp-json\/wp\/v2\/categories?post=1808"},{"taxonomy":"post_tag","embeddable":true,"href":"https:\/\/www.naturparkmagazin.de\/am-stettiner-haff\/wp-json\/wp\/v2\/tags?post=1808"}],"curies":[{"name":"wp","href":"https:\/\/api.w.org\/{rel}","templated":true}]}}