{"id":1815,"date":"2016-06-16T14:06:35","date_gmt":"2016-06-16T12:06:35","guid":{"rendered":"http:\/\/www.naturparkmagazin.de\/am-stettiner-haff\/?p=1815"},"modified":"2016-07-18T19:18:41","modified_gmt":"2016-07-18T17:18:41","slug":"dem-biber-auf-der-spur","status":"publish","type":"post","link":"https:\/\/www.naturparkmagazin.de\/am-stettiner-haff\/dem-biber-auf-der-spur\/","title":{"rendered":"Dem Biber auf der Spur"},"content":{"rendered":"<p>Auch im August gibt es wieder f\u00fcr Interessierte die Gelegenheit auf Bibertour zu gehen. Jeden Donnerstag um 18:30 Uhr kann man sich mit dem Kanu und in Begleitung des zertifizierten Natur- und Landschaftsf\u00fchrers Detlef Ertelt vom Wasserwanderrastplatz Eggesin auf den Weg zu den Biber-Revieren machen. Die Wasserl\u00e4ufe der Randow und Uecker bieten Ideale Lebensbedingungen f\u00fcr den tierischen Baumeister. Hier findet er die n\u00f6tige Ruhe, um seinen Baut\u00e4tigkeiten nachzugehen. Unterwegs geht es in\u00a0jedem Fall vorbei\u00a0an imposanten Burgen und aktuellen Fra\u00dfpl\u00e4tzen. Mit Ruhe und ein wenig Gl\u00fcck kann man den Biber vielleicht auch selbst in Aktion erleben.<\/p>\n<div id=\"attachment_167\" style=\"width: 500px\" class=\"wp-caption aligncenter\"><a href=\"https:\/\/www.naturparkmagazin.de\/am-stettiner-haff\/wp-content\/uploads\/sites\/29\/Viereck_klein.jpg\"><img aria-describedby=\"caption-attachment-167\" decoding=\"async\" loading=\"lazy\" class=\"size-full wp-image-167\" src=\"https:\/\/www.naturparkmagazin.de\/am-stettiner-haff\/wp-content\/uploads\/sites\/29\/Viereck_klein.jpg\" alt=\"Elbe-Biber an der Uecekr (Archiv: Naturpark)\" width=\"490\" height=\"497\" \/><\/a><p id=\"caption-attachment-167\" class=\"wp-caption-text\">Elbe-Biber an der Uecekr (Archiv: Naturpark)<\/p><\/div>\n<p>Wer Interesse an einer Tour hat, sollte sich vorab (bis mittwochs 15:00 Uhr) telefonisch anmelden unter 039779-60082 oder 0170-1695025. Die\u00a0etwa drei st\u00fcndige Tour kostet 10,00 \u20ac p. P.\u00a0Die Miete f\u00fcr die Kanus ist im Preis enthalten.<\/p>\n<p>Auch f\u00fcr Genie\u00dfer bietet Detlef Ertelt im Juli Touren an. An Stelle der Kanus geht es mit dem Flo\u00df auf Erkundungstour. Montags um 18:30 Uhr starten die Touren ab dem Hafen Eggesin. Auch hier ist sollten sich Interessierte bis sonntags 15:00 Uhr unter den o.g. Telefonnummern anmelden. Kosten f\u00fcr die Genie\u00dfer-Tour belaufen sich auf 10,00 \u20ac p.P..<\/p>\n<p>&nbsp;<\/p>\n<p>&nbsp;<\/p>\n<p><a href=\"https:\/\/www.naturparkmagazin.de\/am-stettiner-haff\/wp-content\/uploads\/sites\/29\/Auf-Bibertour-mit-Kanu.jpg\"><img decoding=\"async\" loading=\"lazy\" class=\"size-medium wp-image-1453 aligncenter\" src=\"https:\/\/www.naturparkmagazin.de\/am-stettiner-haff\/wp-content\/uploads\/sites\/29\/Auf-Bibertour-mit-Kanu-620x465.jpg\" alt=\"Auf Bibertour mit dem Kanu (Foto: Naturpark-F\u00f6rderverein)\" width=\"620\" height=\"465\" srcset=\"https:\/\/www.naturparkmagazin.de\/am-stettiner-haff\/wp-content\/uploads\/sites\/29\/Auf-Bibertour-mit-Kanu-620x465.jpg 620w, https:\/\/www.naturparkmagazin.de\/am-stettiner-haff\/wp-content\/uploads\/sites\/29\/Auf-Bibertour-mit-Kanu-300x225.jpg 300w, https:\/\/www.naturparkmagazin.de\/am-stettiner-haff\/wp-content\/uploads\/sites\/29\/Auf-Bibertour-mit-Kanu-580x435.jpg 580w, https:\/\/www.naturparkmagazin.de\/am-stettiner-haff\/wp-content\/uploads\/sites\/29\/Auf-Bibertour-mit-Kanu-420x315.jpg 420w, https:\/\/www.naturparkmagazin.de\/am-stettiner-haff\/wp-content\/uploads\/sites\/29\/Auf-Bibertour-mit-Kanu-180x135.jpg 180w, https:\/\/www.naturparkmagazin.de\/am-stettiner-haff\/wp-content\/uploads\/sites\/29\/Auf-Bibertour-mit-Kanu-95x71.jpg 95w, https:\/\/www.naturparkmagazin.de\/am-stettiner-haff\/wp-content\/uploads\/sites\/29\/Auf-Bibertour-mit-Kanu-200x150.jpg 200w, https:\/\/www.naturparkmagazin.de\/am-stettiner-haff\/wp-content\/uploads\/sites\/29\/Auf-Bibertour-mit-Kanu.jpg 640w\" sizes=\"(max-width: 620px) 100vw, 620px\" \/><\/a><\/p>\n","protected":false},"excerpt":{"rendered":"<p>Auch im Juli gibt es wieder f\u00fcr Interessierte die Gelegenheit auf Bibertour zu gehen. Jeden Donnerstag um 18:30 Uhr kann man sich mit dem Kanu und in Begleitung des zertifizierten Natur- und Landschaftsf\u00fchrers Detlef Ertelt vom Wasserwanderrastplatz Eggesin auf den Weg zu den Biber-Revieren machen. Auch f\u00fcr Genie\u00dfer bietet Detlef Ertelt im Juli Touren an&#8230; <\/p>\n","protected":false},"author":26,"featured_media":167,"comment_status":"open","ping_status":"open","sticky":false,"template":"","format":"standard","meta":[],"categories":[11],"tags":[],"yoast_head":"<!-- This site is optimized with the Yoast SEO plugin v19.10 - https:\/\/yoast.com\/wordpress\/plugins\/seo\/ -->\n<title>Dem Biber auf der Spur - Naturpark Am Stettiner Haff<\/title>\n<meta name=\"robots\" content=\"index, follow, max-snippet:-1, max-image-preview:large, max-video-preview:-1\" \/>\n<link rel=\"canonical\" href=\"https:\/\/www.naturparkmagazin.de\/am-stettiner-haff\/dem-biber-auf-der-spur\/\" \/>\n<meta property=\"og:locale\" content=\"de_DE\" \/>\n<meta property=\"og:type\" content=\"article\" \/>\n<meta property=\"og:title\" content=\"Dem Biber auf der Spur - Naturpark Am Stettiner Haff\" \/>\n<meta property=\"og:description\" content=\"Auch im Juli gibt es wieder f\u00fcr Interessierte die Gelegenheit auf Bibertour zu gehen. Jeden Donnerstag um 18:30 Uhr kann man sich mit dem Kanu und in Begleitung des zertifizierten Natur- und Landschaftsf\u00fchrers Detlef Ertelt vom Wasserwanderrastplatz Eggesin auf den Weg zu den Biber-Revieren machen. Auch f\u00fcr Genie\u00dfer bietet Detlef Ertelt im Juli Touren an...\" \/>\n<meta property=\"og:url\" content=\"https:\/\/www.naturparkmagazin.de\/am-stettiner-haff\/dem-biber-auf-der-spur\/\" \/>\n<meta property=\"og:site_name\" content=\"Naturpark Am Stettiner Haff\" \/>\n<meta property=\"article:published_time\" content=\"2016-06-16T12:06:35+00:00\" \/>\n<meta property=\"article:modified_time\" content=\"2016-07-18T17:18:41+00:00\" \/>\n<meta property=\"og:image\" content=\"https:\/\/www.naturparkmagazin.de\/am-stettiner-haff\/wp-content\/uploads\/sites\/29\/Viereck_klein-e1466078879522.jpg\" \/>\n\t<meta property=\"og:image:width\" content=\"197\" \/>\n\t<meta property=\"og:image:height\" content=\"200\" \/>\n\t<meta property=\"og:image:type\" content=\"image\/jpeg\" \/>\n<meta name=\"author\" content=\"Jochen Elberskirch\" \/>\n<meta name=\"twitter:label1\" content=\"Verfasst von\" \/>\n\t<meta name=\"twitter:data1\" content=\"Jochen Elberskirch\" \/>\n\t<meta name=\"twitter:label2\" content=\"Gesch\u00e4tzte Lesezeit\" \/>\n\t<meta name=\"twitter:data2\" content=\"1\u00a0Minute\" \/>\n<script type=\"application\/ld+json\" class=\"yoast-schema-graph\">{\"@context\":\"https:\/\/schema.org\",\"@graph\":[{\"@type\":\"WebPage\",\"@id\":\"https:\/\/www.naturparkmagazin.de\/am-stettiner-haff\/dem-biber-auf-der-spur\/\",\"url\":\"https:\/\/www.naturparkmagazin.de\/am-stettiner-haff\/dem-biber-auf-der-spur\/\",\"name\":\"Dem Biber auf der Spur - Naturpark Am Stettiner Haff\",\"isPartOf\":{\"@id\":\"https:\/\/www.naturparkmagazin.de\/am-stettiner-haff\/#website\"},\"datePublished\":\"2016-06-16T12:06:35+00:00\",\"dateModified\":\"2016-07-18T17:18:41+00:00\",\"author\":{\"@id\":\"https:\/\/www.naturparkmagazin.de\/am-stettiner-haff\/#\/schema\/person\/4a7208080dbbfb024d81129b7960c725\"},\"breadcrumb\":{\"@id\":\"https:\/\/www.naturparkmagazin.de\/am-stettiner-haff\/dem-biber-auf-der-spur\/#breadcrumb\"},\"inLanguage\":\"de\",\"potentialAction\":[{\"@type\":\"ReadAction\",\"target\":[\"https:\/\/www.naturparkmagazin.de\/am-stettiner-haff\/dem-biber-auf-der-spur\/\"]}]},{\"@type\":\"BreadcrumbList\",\"@id\":\"https:\/\/www.naturparkmagazin.de\/am-stettiner-haff\/dem-biber-auf-der-spur\/#breadcrumb\",\"itemListElement\":[{\"@type\":\"ListItem\",\"position\":1,\"name\":\"Home\",\"item\":\"https:\/\/www.naturparkmagazin.de\/am-stettiner-haff\/\"},{\"@type\":\"ListItem\",\"position\":2,\"name\":\"Dem Biber auf der Spur\"}]},{\"@type\":\"WebSite\",\"@id\":\"https:\/\/www.naturparkmagazin.de\/am-stettiner-haff\/#website\",\"url\":\"https:\/\/www.naturparkmagazin.de\/am-stettiner-haff\/\",\"name\":\"Naturpark Am Stettiner Haff\",\"description\":\"\",\"potentialAction\":[{\"@type\":\"SearchAction\",\"target\":{\"@type\":\"EntryPoint\",\"urlTemplate\":\"https:\/\/www.naturparkmagazin.de\/am-stettiner-haff\/?s={search_term_string}\"},\"query-input\":\"required name=search_term_string\"}],\"inLanguage\":\"de\"},{\"@type\":\"Person\",\"@id\":\"https:\/\/www.naturparkmagazin.de\/am-stettiner-haff\/#\/schema\/person\/4a7208080dbbfb024d81129b7960c725\",\"name\":\"Jochen Elberskirch\",\"sameAs\":[\"http:\/\/www.naturpark-am-stettiner-haff.de\"],\"url\":\"https:\/\/www.naturparkmagazin.de\/am-stettiner-haff\/author\/jochenelberskirch\/\"}]}<\/script>\n<!-- \/ Yoast SEO plugin. -->","yoast_head_json":{"title":"Dem Biber auf der Spur - Naturpark Am Stettiner Haff","robots":{"index":"index","follow":"follow","max-snippet":"max-snippet:-1","max-image-preview":"max-image-preview:large","max-video-preview":"max-video-preview:-1"},"canonical":"https:\/\/www.naturparkmagazin.de\/am-stettiner-haff\/dem-biber-auf-der-spur\/","og_locale":"de_DE","og_type":"article","og_title":"Dem Biber auf der Spur - Naturpark Am Stettiner Haff","og_description":"Auch im Juli gibt es wieder f\u00fcr Interessierte die Gelegenheit auf Bibertour zu gehen. Jeden Donnerstag um 18:30 Uhr kann man sich mit dem Kanu und in Begleitung des zertifizierten Natur- und Landschaftsf\u00fchrers Detlef Ertelt vom Wasserwanderrastplatz Eggesin auf den Weg zu den Biber-Revieren machen. Auch f\u00fcr Genie\u00dfer bietet Detlef Ertelt im Juli Touren an...","og_url":"https:\/\/www.naturparkmagazin.de\/am-stettiner-haff\/dem-biber-auf-der-spur\/","og_site_name":"Naturpark Am Stettiner Haff","article_published_time":"2016-06-16T12:06:35+00:00","article_modified_time":"2016-07-18T17:18:41+00:00","og_image":[{"width":197,"height":200,"url":"https:\/\/www.naturparkmagazin.de\/am-stettiner-haff\/wp-content\/uploads\/sites\/29\/Viereck_klein-e1466078879522.jpg","type":"image\/jpeg"}],"author":"Jochen Elberskirch","twitter_misc":{"Verfasst von":"Jochen Elberskirch","Gesch\u00e4tzte Lesezeit":"1\u00a0Minute"},"schema":{"@context":"https:\/\/schema.org","@graph":[{"@type":"WebPage","@id":"https:\/\/www.naturparkmagazin.de\/am-stettiner-haff\/dem-biber-auf-der-spur\/","url":"https:\/\/www.naturparkmagazin.de\/am-stettiner-haff\/dem-biber-auf-der-spur\/","name":"Dem Biber auf der Spur - Naturpark Am Stettiner Haff","isPartOf":{"@id":"https:\/\/www.naturparkmagazin.de\/am-stettiner-haff\/#website"},"datePublished":"2016-06-16T12:06:35+00:00","dateModified":"2016-07-18T17:18:41+00:00","author":{"@id":"https:\/\/www.naturparkmagazin.de\/am-stettiner-haff\/#\/schema\/person\/4a7208080dbbfb024d81129b7960c725"},"breadcrumb":{"@id":"https:\/\/www.naturparkmagazin.de\/am-stettiner-haff\/dem-biber-auf-der-spur\/#breadcrumb"},"inLanguage":"de","potentialAction":[{"@type":"ReadAction","target":["https:\/\/www.naturparkmagazin.de\/am-stettiner-haff\/dem-biber-auf-der-spur\/"]}]},{"@type":"BreadcrumbList","@id":"https:\/\/www.naturparkmagazin.de\/am-stettiner-haff\/dem-biber-auf-der-spur\/#breadcrumb","itemListElement":[{"@type":"ListItem","position":1,"name":"Home","item":"https:\/\/www.naturparkmagazin.de\/am-stettiner-haff\/"},{"@type":"ListItem","position":2,"name":"Dem Biber auf der Spur"}]},{"@type":"WebSite","@id":"https:\/\/www.naturparkmagazin.de\/am-stettiner-haff\/#website","url":"https:\/\/www.naturparkmagazin.de\/am-stettiner-haff\/","name":"Naturpark Am Stettiner Haff","description":"","potentialAction":[{"@type":"SearchAction","target":{"@type":"EntryPoint","urlTemplate":"https:\/\/www.naturparkmagazin.de\/am-stettiner-haff\/?s={search_term_string}"},"query-input":"required name=search_term_string"}],"inLanguage":"de"},{"@type":"Person","@id":"https:\/\/www.naturparkmagazin.de\/am-stettiner-haff\/#\/schema\/person\/4a7208080dbbfb024d81129b7960c725","name":"Jochen Elberskirch","sameAs":["http:\/\/www.naturpark-am-stettiner-haff.de"],"url":"https:\/\/www.naturparkmagazin.de\/am-stettiner-haff\/author\/jochenelberskirch\/"}]}},"_links":{"self":[{"href":"https:\/\/www.naturparkmagazin.de\/am-stettiner-haff\/wp-json\/wp\/v2\/posts\/1815"}],"collection":[{"href":"https:\/\/www.naturparkmagazin.de\/am-stettiner-haff\/wp-json\/wp\/v2\/posts"}],"about":[{"href":"https:\/\/www.naturparkmagazin.de\/am-stettiner-haff\/wp-json\/wp\/v2\/types\/post"}],"author":[{"embeddable":true,"href":"https:\/\/www.naturparkmagazin.de\/am-stettiner-haff\/wp-json\/wp\/v2\/users\/26"}],"replies":[{"embeddable":true,"href":"https:\/\/www.naturparkmagazin.de\/am-stettiner-haff\/wp-json\/wp\/v2\/comments?post=1815"}],"version-history":[{"count":7,"href":"https:\/\/www.naturparkmagazin.de\/am-stettiner-haff\/wp-json\/wp\/v2\/posts\/1815\/revisions"}],"predecessor-version":[{"id":1851,"href":"https:\/\/www.naturparkmagazin.de\/am-stettiner-haff\/wp-json\/wp\/v2\/posts\/1815\/revisions\/1851"}],"wp:featuredmedia":[{"embeddable":true,"href":"https:\/\/www.naturparkmagazin.de\/am-stettiner-haff\/wp-json\/wp\/v2\/media\/167"}],"wp:attachment":[{"href":"https:\/\/www.naturparkmagazin.de\/am-stettiner-haff\/wp-json\/wp\/v2\/media?parent=1815"}],"wp:term":[{"taxonomy":"category","embeddable":true,"href":"https:\/\/www.naturparkmagazin.de\/am-stettiner-haff\/wp-json\/wp\/v2\/categories?post=1815"},{"taxonomy":"post_tag","embeddable":true,"href":"https:\/\/www.naturparkmagazin.de\/am-stettiner-haff\/wp-json\/wp\/v2\/tags?post=1815"}],"curies":[{"name":"wp","href":"https:\/\/api.w.org\/{rel}","templated":true}]}}