{"id":1843,"date":"2016-07-18T07:32:52","date_gmt":"2016-07-18T05:32:52","guid":{"rendered":"http:\/\/www.naturparkmagazin.de\/am-stettiner-haff\/?p=1843"},"modified":"2016-07-28T11:44:47","modified_gmt":"2016-07-28T09:44:47","slug":"9-klaessler-aus-greifswald-engagieren-sich-fuer-den-naturschutz","status":"publish","type":"post","link":"https:\/\/www.naturparkmagazin.de\/am-stettiner-haff\/9-klaessler-aus-greifswald-engagieren-sich-fuer-den-naturschutz\/","title":{"rendered":"9. Kl\u00e4ssler aus Greifswald engagieren sich f\u00fcr den Naturschutz"},"content":{"rendered":"<p>&nbsp;<\/p>\n<div id=\"attachment_1844\" style=\"width: 630px\" class=\"wp-caption aligncenter\"><a href=\"https:\/\/www.naturparkmagazin.de\/am-stettiner-haff\/wp-content\/uploads\/sites\/29\/IMG_20160712_102608.jpg\"><img aria-describedby=\"caption-attachment-1844\" decoding=\"async\" loading=\"lazy\" class=\"size-large wp-image-1844\" src=\"https:\/\/www.naturparkmagazin.de\/am-stettiner-haff\/wp-content\/uploads\/sites\/29\/IMG_20160712_102608-940x705.jpg\" alt=\"engagiert in den Binnend\u00fcnen (Archiv: Humboldt-Gymnasium HGW)\" width=\"620\" height=\"465\" srcset=\"https:\/\/www.naturparkmagazin.de\/am-stettiner-haff\/wp-content\/uploads\/sites\/29\/IMG_20160712_102608-940x705.jpg 940w, https:\/\/www.naturparkmagazin.de\/am-stettiner-haff\/wp-content\/uploads\/sites\/29\/IMG_20160712_102608-300x225.jpg 300w, https:\/\/www.naturparkmagazin.de\/am-stettiner-haff\/wp-content\/uploads\/sites\/29\/IMG_20160712_102608-620x465.jpg 620w, https:\/\/www.naturparkmagazin.de\/am-stettiner-haff\/wp-content\/uploads\/sites\/29\/IMG_20160712_102608-580x435.jpg 580w, https:\/\/www.naturparkmagazin.de\/am-stettiner-haff\/wp-content\/uploads\/sites\/29\/IMG_20160712_102608-420x315.jpg 420w, https:\/\/www.naturparkmagazin.de\/am-stettiner-haff\/wp-content\/uploads\/sites\/29\/IMG_20160712_102608-180x135.jpg 180w, https:\/\/www.naturparkmagazin.de\/am-stettiner-haff\/wp-content\/uploads\/sites\/29\/IMG_20160712_102608-95x71.jpg 95w, https:\/\/www.naturparkmagazin.de\/am-stettiner-haff\/wp-content\/uploads\/sites\/29\/IMG_20160712_102608-670x503.jpg 670w, https:\/\/www.naturparkmagazin.de\/am-stettiner-haff\/wp-content\/uploads\/sites\/29\/IMG_20160712_102608-200x150.jpg 200w, https:\/\/www.naturparkmagazin.de\/am-stettiner-haff\/wp-content\/uploads\/sites\/29\/IMG_20160712_102608.jpg 1814w\" sizes=\"(max-width: 620px) 100vw, 620px\" \/><\/a><p id=\"caption-attachment-1844\" class=\"wp-caption-text\">engagiert in den Binnend\u00fcnen (Archiv: Humboldt-Gymnasium HGW)<\/p><\/div>\n<p>von <span style=\"line-height: 107%;font-family: 'Times New Roman','serif';font-size: 12pt\"><span style=\"color: #000000\">Jette Roggow, Emily D\u00fctzmann und Josefine Hohm<\/span><\/span><\/p>\n<p>&nbsp;<\/p>\n<p><strong>Projektfahrt Naturschutz der Klasse 9a des Humboldt-Gymnasiums Greifswald vom 11.07. \u2013 13.07.2016<\/strong><\/p>\n<p>Unsere Klasse hat eine dreit\u00e4gige Projektfahrt nach Altwarp unternommen, mit dem Ziel, etwas zum Naturschutz beizutragen. Altwarp ist eine kleine Gemeinde im Landkreis Vorpommern-Greifswald in Mecklenburg-Vorpommern, welche an der Seegrenze zu Polen liegt und somit den nord\u00f6stlichsten Festlandspunkt Deutschlands darstellt.<\/p>\n<p>Kaum angekommen, wurden wir sehr freundlich vom B\u00fcrgermeister von Altwarp, Herrn Bauer empfangen, der uns pers\u00f6nlich zu unserer \u00dcbernachtungsm\u00f6glichkeit f\u00fchrte. Wir durften zwei N\u00e4chte lang kostenlos auf dem Gel\u00e4nde des Wassersportvereins Alter Fischereihafen e.V. unsere Zelte aufschlagen. Am Tag nach unserer Anreise ging es dann zum Arbeitseinsatz in die Altwarper Binnend\u00fcnen, welche zur <strong><em>Deutschen Bundesstiftung Umwelt<\/em><\/strong> geh\u00f6ren. Dort wurden wir begr\u00fc\u00dft und eingewiesen von Herrn Truckenbrodt vom Bundesforst, sowie von Herrn Henke vom Naturpark am Stettiner Haff. Unsere Aufgabe war es, abges\u00e4gte \u00c4ste und Zweige der sp\u00e4tbl\u00fchenden Traubenkirsche zu sammeln und diese dann zu Haufen am Wegesrand zu schichten, damit f\u00fcr den Abtransport das Naturschutzgebiet nicht befahren und somit nicht besch\u00e4digt werden muss. Die sp\u00e4tbl\u00fchende Traubenkirsche wurde erstmals als schneller und pflegeleichter Holzlieferant in der Nachkriegszeit gepflanzt. Doch genau aufgrund dieser Eigenschaften ist sie nun zur Plage geworden, da sie durch ihre gro\u00dffl\u00e4chige Ausbreitung den Lebensraum heimischer Organismen in den Altwarper Binnend\u00fcnen vernichtet. Wir haben uns also als Klassenverband dieser Aufgabe angenommen und hatten nebenbei auch noch sehr viel Spa\u00df. Da alle zusammenarbeiteten, ging die Arbeit schnell von der Hand und nach mehreren Stunden konnten wir den anstrengenden, aber auch sch\u00f6nen Tag am Strand von Altwarp ausklingen lassen. Am n\u00e4chsten Tag ging es dann f\u00fcr uns wieder zur\u00fcck nach Greifswald. Das Wissen, etwas wirklich Sinnvolles f\u00fcr die Umwelt getan zu haben, empfanden alle als gutes Gef\u00fchl. Ein gro\u00dfes Dankesch\u00f6n geht an das <strong><em>Amt f\u00fcr Naturschutz und Landschaftspflege<\/em><\/strong> und den <strong><em>Bundesforst<\/em><\/strong> f\u00fcr das Raussuchen des Objektes, sowie der hervorragenden Organisation des Projektes. Au\u00dferdem m\u00f6chten wir dem <strong><em>F\u00f6rderverein f\u00fcr Naturschutzarbeit Uecker-Randow-Region e.V.<\/em><\/strong> und dem <strong><em>Naturschutzbund Usedom<\/em><\/strong> f\u00fcr ihre finanzielle Unterst\u00fctzung danken. Auch ohne die Hilfe der <strong><em>Gemeinde Altwarp<\/em><\/strong> und des <strong><em>Wassersportvereins Alter Fischereihafen e.V.<\/em><\/strong> und der tatkr\u00e4ftigen Unterst\u00fctzung durch den <strong><em>Naturpark am Stettiner Haff<\/em><\/strong> w\u00e4re das Projekt nicht m\u00f6glich gewesen.<\/p>\n<div id=\"attachment_1847\" style=\"width: 630px\" class=\"wp-caption aligncenter\"><a href=\"https:\/\/www.naturparkmagazin.de\/am-stettiner-haff\/wp-content\/uploads\/sites\/29\/20160712_094421.jpg\"><img aria-describedby=\"caption-attachment-1847\" decoding=\"async\" loading=\"lazy\" class=\"size-large wp-image-1847\" src=\"https:\/\/www.naturparkmagazin.de\/am-stettiner-haff\/wp-content\/uploads\/sites\/29\/20160712_094421-940x672.jpg\" alt=\"Die 9a des Humboldt Gymnasiums aus Greifswald (Foto: Humoldt Gymnasium\" width=\"620\" height=\"443\" srcset=\"https:\/\/www.naturparkmagazin.de\/am-stettiner-haff\/wp-content\/uploads\/sites\/29\/20160712_094421-940x672.jpg 940w, https:\/\/www.naturparkmagazin.de\/am-stettiner-haff\/wp-content\/uploads\/sites\/29\/20160712_094421-300x214.jpg 300w, https:\/\/www.naturparkmagazin.de\/am-stettiner-haff\/wp-content\/uploads\/sites\/29\/20160712_094421-620x443.jpg 620w, https:\/\/www.naturparkmagazin.de\/am-stettiner-haff\/wp-content\/uploads\/sites\/29\/20160712_094421-670x479.jpg 670w, https:\/\/www.naturparkmagazin.de\/am-stettiner-haff\/wp-content\/uploads\/sites\/29\/20160712_094421-200x143.jpg 200w, https:\/\/www.naturparkmagazin.de\/am-stettiner-haff\/wp-content\/uploads\/sites\/29\/20160712_094421.jpg 1442w\" sizes=\"(max-width: 620px) 100vw, 620px\" \/><\/a><p id=\"caption-attachment-1847\" class=\"wp-caption-text\">Die 9a des Humboldt Gymnasiums aus Greifswald (Foto: Humoldt Gymnasium<\/p><\/div>\n<p>Zum Schluss m\u00f6chten wir uns noch bei unseren beiden Klassenlehrern, Frau Dinse und Herrn Bernheiden, bedanken, dass sie mit der Idee f\u00fcr dieses Projekt aufgekommen sind und uns auch bei der Ausf\u00fchrung tatkr\u00e4ftig unterst\u00fctzt haben.<\/p>\n<p>Jette Roggow, Emily D\u00fctzmann und Josefine Hohm<\/p>\n<p>&nbsp;<\/p>\n","protected":false},"excerpt":{"rendered":"<p>Unsere Klasse hat eine dreit\u00e4gige Projektfahrt nach Altwarp unternommen, mit dem Ziel, etwas zum Naturschutz beizutragen. <\/p>\n","protected":false},"author":26,"featured_media":1844,"comment_status":"open","ping_status":"open","sticky":false,"template":"","format":"standard","meta":[],"categories":[7],"tags":[508,87,263,91,422,86,577,519,81,460,3154,3149,470,389,371],"yoast_head":"<!-- This site is optimized with the Yoast SEO plugin v19.10 - https:\/\/yoast.com\/wordpress\/plugins\/seo\/ -->\n<title>9. Kl\u00e4ssler aus Greifswald engagieren sich f\u00fcr den Naturschutz - Naturpark Am Stettiner Haff<\/title>\n<meta name=\"robots\" content=\"index, follow, max-snippet:-1, max-image-preview:large, max-video-preview:-1\" \/>\n<link rel=\"canonical\" href=\"https:\/\/www.naturparkmagazin.de\/am-stettiner-haff\/9-klaessler-aus-greifswald-engagieren-sich-fuer-den-naturschutz\/\" \/>\n<meta property=\"og:locale\" content=\"de_DE\" \/>\n<meta property=\"og:type\" content=\"article\" \/>\n<meta property=\"og:title\" content=\"9. Kl\u00e4ssler aus Greifswald engagieren sich f\u00fcr den Naturschutz - Naturpark Am Stettiner Haff\" \/>\n<meta property=\"og:description\" content=\"Unsere Klasse hat eine dreit\u00e4gige Projektfahrt nach Altwarp unternommen, mit dem Ziel, etwas zum Naturschutz beizutragen.\" \/>\n<meta property=\"og:url\" content=\"https:\/\/www.naturparkmagazin.de\/am-stettiner-haff\/9-klaessler-aus-greifswald-engagieren-sich-fuer-den-naturschutz\/\" \/>\n<meta property=\"og:site_name\" content=\"Naturpark Am Stettiner Haff\" \/>\n<meta property=\"article:published_time\" content=\"2016-07-18T05:32:52+00:00\" \/>\n<meta property=\"article:modified_time\" content=\"2016-07-28T09:44:47+00:00\" \/>\n<meta property=\"og:image\" content=\"https:\/\/www.naturparkmagazin.de\/am-stettiner-haff\/wp-content\/uploads\/sites\/29\/IMG_20160712_102608.jpg\" \/>\n\t<meta property=\"og:image:width\" content=\"1814\" \/>\n\t<meta property=\"og:image:height\" content=\"1361\" \/>\n\t<meta property=\"og:image:type\" content=\"image\/jpeg\" \/>\n<meta name=\"author\" content=\"Jochen Elberskirch\" \/>\n<meta name=\"twitter:label1\" content=\"Verfasst von\" \/>\n\t<meta name=\"twitter:data1\" content=\"Jochen Elberskirch\" \/>\n\t<meta name=\"twitter:label2\" content=\"Gesch\u00e4tzte Lesezeit\" \/>\n\t<meta name=\"twitter:data2\" content=\"2\u00a0Minuten\" \/>\n<script type=\"application\/ld+json\" class=\"yoast-schema-graph\">{\"@context\":\"https:\/\/schema.org\",\"@graph\":[{\"@type\":\"WebPage\",\"@id\":\"https:\/\/www.naturparkmagazin.de\/am-stettiner-haff\/9-klaessler-aus-greifswald-engagieren-sich-fuer-den-naturschutz\/\",\"url\":\"https:\/\/www.naturparkmagazin.de\/am-stettiner-haff\/9-klaessler-aus-greifswald-engagieren-sich-fuer-den-naturschutz\/\",\"name\":\"9. Kl\u00e4ssler aus Greifswald engagieren sich f\u00fcr den Naturschutz - Naturpark Am Stettiner Haff\",\"isPartOf\":{\"@id\":\"https:\/\/www.naturparkmagazin.de\/am-stettiner-haff\/#website\"},\"datePublished\":\"2016-07-18T05:32:52+00:00\",\"dateModified\":\"2016-07-28T09:44:47+00:00\",\"author\":{\"@id\":\"https:\/\/www.naturparkmagazin.de\/am-stettiner-haff\/#\/schema\/person\/4a7208080dbbfb024d81129b7960c725\"},\"breadcrumb\":{\"@id\":\"https:\/\/www.naturparkmagazin.de\/am-stettiner-haff\/9-klaessler-aus-greifswald-engagieren-sich-fuer-den-naturschutz\/#breadcrumb\"},\"inLanguage\":\"de\",\"potentialAction\":[{\"@type\":\"ReadAction\",\"target\":[\"https:\/\/www.naturparkmagazin.de\/am-stettiner-haff\/9-klaessler-aus-greifswald-engagieren-sich-fuer-den-naturschutz\/\"]}]},{\"@type\":\"BreadcrumbList\",\"@id\":\"https:\/\/www.naturparkmagazin.de\/am-stettiner-haff\/9-klaessler-aus-greifswald-engagieren-sich-fuer-den-naturschutz\/#breadcrumb\",\"itemListElement\":[{\"@type\":\"ListItem\",\"position\":1,\"name\":\"Home\",\"item\":\"https:\/\/www.naturparkmagazin.de\/am-stettiner-haff\/\"},{\"@type\":\"ListItem\",\"position\":2,\"name\":\"9. Kl\u00e4ssler aus Greifswald engagieren sich f\u00fcr den Naturschutz\"}]},{\"@type\":\"WebSite\",\"@id\":\"https:\/\/www.naturparkmagazin.de\/am-stettiner-haff\/#website\",\"url\":\"https:\/\/www.naturparkmagazin.de\/am-stettiner-haff\/\",\"name\":\"Naturpark Am Stettiner Haff\",\"description\":\"\",\"potentialAction\":[{\"@type\":\"SearchAction\",\"target\":{\"@type\":\"EntryPoint\",\"urlTemplate\":\"https:\/\/www.naturparkmagazin.de\/am-stettiner-haff\/?s={search_term_string}\"},\"query-input\":\"required name=search_term_string\"}],\"inLanguage\":\"de\"},{\"@type\":\"Person\",\"@id\":\"https:\/\/www.naturparkmagazin.de\/am-stettiner-haff\/#\/schema\/person\/4a7208080dbbfb024d81129b7960c725\",\"name\":\"Jochen Elberskirch\",\"sameAs\":[\"http:\/\/www.naturpark-am-stettiner-haff.de\"],\"url\":\"https:\/\/www.naturparkmagazin.de\/am-stettiner-haff\/author\/jochenelberskirch\/\"}]}<\/script>\n<!-- \/ Yoast SEO plugin. -->","yoast_head_json":{"title":"9. Kl\u00e4ssler aus Greifswald engagieren sich f\u00fcr den Naturschutz - Naturpark Am Stettiner Haff","robots":{"index":"index","follow":"follow","max-snippet":"max-snippet:-1","max-image-preview":"max-image-preview:large","max-video-preview":"max-video-preview:-1"},"canonical":"https:\/\/www.naturparkmagazin.de\/am-stettiner-haff\/9-klaessler-aus-greifswald-engagieren-sich-fuer-den-naturschutz\/","og_locale":"de_DE","og_type":"article","og_title":"9. Kl\u00e4ssler aus Greifswald engagieren sich f\u00fcr den Naturschutz - Naturpark Am Stettiner Haff","og_description":"Unsere Klasse hat eine dreit\u00e4gige Projektfahrt nach Altwarp unternommen, mit dem Ziel, etwas zum Naturschutz beizutragen.","og_url":"https:\/\/www.naturparkmagazin.de\/am-stettiner-haff\/9-klaessler-aus-greifswald-engagieren-sich-fuer-den-naturschutz\/","og_site_name":"Naturpark Am Stettiner Haff","article_published_time":"2016-07-18T05:32:52+00:00","article_modified_time":"2016-07-28T09:44:47+00:00","og_image":[{"width":1814,"height":1361,"url":"https:\/\/www.naturparkmagazin.de\/am-stettiner-haff\/wp-content\/uploads\/sites\/29\/IMG_20160712_102608.jpg","type":"image\/jpeg"}],"author":"Jochen Elberskirch","twitter_misc":{"Verfasst von":"Jochen Elberskirch","Gesch\u00e4tzte Lesezeit":"2\u00a0Minuten"},"schema":{"@context":"https:\/\/schema.org","@graph":[{"@type":"WebPage","@id":"https:\/\/www.naturparkmagazin.de\/am-stettiner-haff\/9-klaessler-aus-greifswald-engagieren-sich-fuer-den-naturschutz\/","url":"https:\/\/www.naturparkmagazin.de\/am-stettiner-haff\/9-klaessler-aus-greifswald-engagieren-sich-fuer-den-naturschutz\/","name":"9. Kl\u00e4ssler aus Greifswald engagieren sich f\u00fcr den Naturschutz - Naturpark Am Stettiner Haff","isPartOf":{"@id":"https:\/\/www.naturparkmagazin.de\/am-stettiner-haff\/#website"},"datePublished":"2016-07-18T05:32:52+00:00","dateModified":"2016-07-28T09:44:47+00:00","author":{"@id":"https:\/\/www.naturparkmagazin.de\/am-stettiner-haff\/#\/schema\/person\/4a7208080dbbfb024d81129b7960c725"},"breadcrumb":{"@id":"https:\/\/www.naturparkmagazin.de\/am-stettiner-haff\/9-klaessler-aus-greifswald-engagieren-sich-fuer-den-naturschutz\/#breadcrumb"},"inLanguage":"de","potentialAction":[{"@type":"ReadAction","target":["https:\/\/www.naturparkmagazin.de\/am-stettiner-haff\/9-klaessler-aus-greifswald-engagieren-sich-fuer-den-naturschutz\/"]}]},{"@type":"BreadcrumbList","@id":"https:\/\/www.naturparkmagazin.de\/am-stettiner-haff\/9-klaessler-aus-greifswald-engagieren-sich-fuer-den-naturschutz\/#breadcrumb","itemListElement":[{"@type":"ListItem","position":1,"name":"Home","item":"https:\/\/www.naturparkmagazin.de\/am-stettiner-haff\/"},{"@type":"ListItem","position":2,"name":"9. Kl\u00e4ssler aus Greifswald engagieren sich f\u00fcr den Naturschutz"}]},{"@type":"WebSite","@id":"https:\/\/www.naturparkmagazin.de\/am-stettiner-haff\/#website","url":"https:\/\/www.naturparkmagazin.de\/am-stettiner-haff\/","name":"Naturpark Am Stettiner Haff","description":"","potentialAction":[{"@type":"SearchAction","target":{"@type":"EntryPoint","urlTemplate":"https:\/\/www.naturparkmagazin.de\/am-stettiner-haff\/?s={search_term_string}"},"query-input":"required name=search_term_string"}],"inLanguage":"de"},{"@type":"Person","@id":"https:\/\/www.naturparkmagazin.de\/am-stettiner-haff\/#\/schema\/person\/4a7208080dbbfb024d81129b7960c725","name":"Jochen Elberskirch","sameAs":["http:\/\/www.naturpark-am-stettiner-haff.de"],"url":"https:\/\/www.naturparkmagazin.de\/am-stettiner-haff\/author\/jochenelberskirch\/"}]}},"_links":{"self":[{"href":"https:\/\/www.naturparkmagazin.de\/am-stettiner-haff\/wp-json\/wp\/v2\/posts\/1843"}],"collection":[{"href":"https:\/\/www.naturparkmagazin.de\/am-stettiner-haff\/wp-json\/wp\/v2\/posts"}],"about":[{"href":"https:\/\/www.naturparkmagazin.de\/am-stettiner-haff\/wp-json\/wp\/v2\/types\/post"}],"author":[{"embeddable":true,"href":"https:\/\/www.naturparkmagazin.de\/am-stettiner-haff\/wp-json\/wp\/v2\/users\/26"}],"replies":[{"embeddable":true,"href":"https:\/\/www.naturparkmagazin.de\/am-stettiner-haff\/wp-json\/wp\/v2\/comments?post=1843"}],"version-history":[{"count":8,"href":"https:\/\/www.naturparkmagazin.de\/am-stettiner-haff\/wp-json\/wp\/v2\/posts\/1843\/revisions"}],"predecessor-version":[{"id":2095,"href":"https:\/\/www.naturparkmagazin.de\/am-stettiner-haff\/wp-json\/wp\/v2\/posts\/1843\/revisions\/2095"}],"wp:featuredmedia":[{"embeddable":true,"href":"https:\/\/www.naturparkmagazin.de\/am-stettiner-haff\/wp-json\/wp\/v2\/media\/1844"}],"wp:attachment":[{"href":"https:\/\/www.naturparkmagazin.de\/am-stettiner-haff\/wp-json\/wp\/v2\/media?parent=1843"}],"wp:term":[{"taxonomy":"category","embeddable":true,"href":"https:\/\/www.naturparkmagazin.de\/am-stettiner-haff\/wp-json\/wp\/v2\/categories?post=1843"},{"taxonomy":"post_tag","embeddable":true,"href":"https:\/\/www.naturparkmagazin.de\/am-stettiner-haff\/wp-json\/wp\/v2\/tags?post=1843"}],"curies":[{"name":"wp","href":"https:\/\/api.w.org\/{rel}","templated":true}]}}