{"id":1873,"date":"2016-08-18T14:23:51","date_gmt":"2016-08-18T12:23:51","guid":{"rendered":"http:\/\/www.naturparkmagazin.de\/am-stettiner-haff\/?p=1873"},"modified":"2016-08-29T11:20:35","modified_gmt":"2016-08-29T09:20:35","slug":"alle-jahre-wieder","status":"publish","type":"post","link":"https:\/\/www.naturparkmagazin.de\/am-stettiner-haff\/alle-jahre-wieder\/","title":{"rendered":"Alle Jahre wieder"},"content":{"rendered":"<p>Alle Jahre wieder kommt der 31. August und so hei\u00dft es auch dieses Jahr Abschied nehmen, diesmal von Nick H\u00f6pfner, der in den vergangenen zw\u00f6lf Monaten im Naturpark tatkr\u00e4ftig mitgearbeitet hat.<\/p>\n<p>Mit seinem F\u00d6J-Kollegen vom ZERUM Ueckerm\u00fcnde konzeptionierte und plante er einen barrierefreien Naturerlebnispfad. Die Wegf\u00fchrung wurde im Gel\u00e4nde vorbereitet. Dar\u00fcber hinaus hat er die Wachtmitarbeiter bei ihren Aufgaben unterst\u00fctzt und war viel mit ihnen drau\u00dfen. Die sch\u00f6nsten Aufgaben f\u00fcr ihn waren die praktischen Arbeiten bei der Landschaftspflege und die Umweltbildungsarbeit mit Kindern.<\/p>\n<p>Der H\u00f6hepunkt f\u00fcr Nick war das Beringen der Seeadler, dem er nicht nur beiwohnen, sondern wo er auch mit \u201eanpacken\u201c durfte. Nur wenige kommen in den Genu\u00df einen der gr\u00f6\u00dften Greifv\u00f6gel Deutschlands im Arm zu halten.<\/p>\n<div id=\"attachment_1874\" style=\"width: 630px\" class=\"wp-caption aligncenter\"><a href=\"https:\/\/www.naturparkmagazin.de\/am-stettiner-haff\/wp-content\/uploads\/sites\/29\/Nick-H\u00f6pfner-mit-Adler.jpg\"><img aria-describedby=\"caption-attachment-1874\" decoding=\"async\" loading=\"lazy\" class=\"size-large wp-image-1874\" src=\"https:\/\/www.naturparkmagazin.de\/am-stettiner-haff\/wp-content\/uploads\/sites\/29\/Nick-H\u00f6pfner-mit-Adler-940x548.jpg\" alt=\"Nick H\u00f6pfner mit Adler\" width=\"620\" height=\"361\" srcset=\"https:\/\/www.naturparkmagazin.de\/am-stettiner-haff\/wp-content\/uploads\/sites\/29\/Nick-H\u00f6pfner-mit-Adler-940x548.jpg 940w, https:\/\/www.naturparkmagazin.de\/am-stettiner-haff\/wp-content\/uploads\/sites\/29\/Nick-H\u00f6pfner-mit-Adler-300x175.jpg 300w, https:\/\/www.naturparkmagazin.de\/am-stettiner-haff\/wp-content\/uploads\/sites\/29\/Nick-H\u00f6pfner-mit-Adler-620x361.jpg 620w, https:\/\/www.naturparkmagazin.de\/am-stettiner-haff\/wp-content\/uploads\/sites\/29\/Nick-H\u00f6pfner-mit-Adler-670x391.jpg 670w, https:\/\/www.naturparkmagazin.de\/am-stettiner-haff\/wp-content\/uploads\/sites\/29\/Nick-H\u00f6pfner-mit-Adler-200x117.jpg 200w, https:\/\/www.naturparkmagazin.de\/am-stettiner-haff\/wp-content\/uploads\/sites\/29\/Nick-H\u00f6pfner-mit-Adler.jpg 1024w\" sizes=\"(max-width: 620px) 100vw, 620px\" \/><\/a><p id=\"caption-attachment-1874\" class=\"wp-caption-text\">Nick H\u00f6pfner mit Adler<\/p><\/div>\n","protected":false},"excerpt":{"rendered":"<p>Ende August hei\u00dft es auch dieses Jahr wieder Abschied nehmen, diesmal von Nick H\u00f6pfner, der in den vergangenen zw\u00f6lf Monaten im Naturpark tatkr\u00e4ftig mitgearbeitet hat.<\/p>\n","protected":false},"author":26,"featured_media":1891,"comment_status":"open","ping_status":"open","sticky":false,"template":"","format":"standard","meta":[],"categories":[7],"tags":[],"yoast_head":"<!-- This site is optimized with the Yoast SEO plugin v19.10 - https:\/\/yoast.com\/wordpress\/plugins\/seo\/ -->\n<title>Alle Jahre wieder - Naturpark Am Stettiner Haff<\/title>\n<meta name=\"robots\" content=\"index, follow, max-snippet:-1, max-image-preview:large, max-video-preview:-1\" \/>\n<link rel=\"canonical\" href=\"https:\/\/www.naturparkmagazin.de\/am-stettiner-haff\/alle-jahre-wieder\/\" \/>\n<meta property=\"og:locale\" content=\"de_DE\" \/>\n<meta property=\"og:type\" content=\"article\" \/>\n<meta property=\"og:title\" content=\"Alle Jahre wieder - Naturpark Am Stettiner Haff\" \/>\n<meta property=\"og:description\" content=\"Ende August hei\u00dft es auch dieses Jahr wieder Abschied nehmen, diesmal von Nick H\u00f6pfner, der in den vergangenen zw\u00f6lf Monaten im Naturpark tatkr\u00e4ftig mitgearbeitet hat.\" \/>\n<meta property=\"og:url\" content=\"https:\/\/www.naturparkmagazin.de\/am-stettiner-haff\/alle-jahre-wieder\/\" \/>\n<meta property=\"og:site_name\" content=\"Naturpark Am Stettiner Haff\" \/>\n<meta property=\"article:published_time\" content=\"2016-08-18T12:23:51+00:00\" \/>\n<meta property=\"article:modified_time\" content=\"2016-08-29T09:20:35+00:00\" \/>\n<meta property=\"og:image\" content=\"https:\/\/www.naturparkmagazin.de\/am-stettiner-haff\/wp-content\/uploads\/sites\/29\/Nick-H\u00f6pfner-mit-Adler1-e1471945924812.jpg\" \/>\n\t<meta property=\"og:image:width\" content=\"200\" \/>\n\t<meta property=\"og:image:height\" content=\"117\" \/>\n\t<meta property=\"og:image:type\" content=\"image\/jpeg\" \/>\n<meta name=\"author\" content=\"Jochen Elberskirch\" \/>\n<meta name=\"twitter:label1\" content=\"Verfasst von\" \/>\n\t<meta name=\"twitter:data1\" content=\"Jochen Elberskirch\" \/>\n\t<meta name=\"twitter:label2\" content=\"Gesch\u00e4tzte Lesezeit\" \/>\n\t<meta name=\"twitter:data2\" content=\"1\u00a0Minute\" \/>\n<script type=\"application\/ld+json\" class=\"yoast-schema-graph\">{\"@context\":\"https:\/\/schema.org\",\"@graph\":[{\"@type\":\"WebPage\",\"@id\":\"https:\/\/www.naturparkmagazin.de\/am-stettiner-haff\/alle-jahre-wieder\/\",\"url\":\"https:\/\/www.naturparkmagazin.de\/am-stettiner-haff\/alle-jahre-wieder\/\",\"name\":\"Alle Jahre wieder - Naturpark Am Stettiner Haff\",\"isPartOf\":{\"@id\":\"https:\/\/www.naturparkmagazin.de\/am-stettiner-haff\/#website\"},\"datePublished\":\"2016-08-18T12:23:51+00:00\",\"dateModified\":\"2016-08-29T09:20:35+00:00\",\"author\":{\"@id\":\"https:\/\/www.naturparkmagazin.de\/am-stettiner-haff\/#\/schema\/person\/4a7208080dbbfb024d81129b7960c725\"},\"breadcrumb\":{\"@id\":\"https:\/\/www.naturparkmagazin.de\/am-stettiner-haff\/alle-jahre-wieder\/#breadcrumb\"},\"inLanguage\":\"de\",\"potentialAction\":[{\"@type\":\"ReadAction\",\"target\":[\"https:\/\/www.naturparkmagazin.de\/am-stettiner-haff\/alle-jahre-wieder\/\"]}]},{\"@type\":\"BreadcrumbList\",\"@id\":\"https:\/\/www.naturparkmagazin.de\/am-stettiner-haff\/alle-jahre-wieder\/#breadcrumb\",\"itemListElement\":[{\"@type\":\"ListItem\",\"position\":1,\"name\":\"Home\",\"item\":\"https:\/\/www.naturparkmagazin.de\/am-stettiner-haff\/\"},{\"@type\":\"ListItem\",\"position\":2,\"name\":\"Alle Jahre wieder\"}]},{\"@type\":\"WebSite\",\"@id\":\"https:\/\/www.naturparkmagazin.de\/am-stettiner-haff\/#website\",\"url\":\"https:\/\/www.naturparkmagazin.de\/am-stettiner-haff\/\",\"name\":\"Naturpark Am Stettiner Haff\",\"description\":\"\",\"potentialAction\":[{\"@type\":\"SearchAction\",\"target\":{\"@type\":\"EntryPoint\",\"urlTemplate\":\"https:\/\/www.naturparkmagazin.de\/am-stettiner-haff\/?s={search_term_string}\"},\"query-input\":\"required name=search_term_string\"}],\"inLanguage\":\"de\"},{\"@type\":\"Person\",\"@id\":\"https:\/\/www.naturparkmagazin.de\/am-stettiner-haff\/#\/schema\/person\/4a7208080dbbfb024d81129b7960c725\",\"name\":\"Jochen Elberskirch\",\"sameAs\":[\"http:\/\/www.naturpark-am-stettiner-haff.de\"],\"url\":\"https:\/\/www.naturparkmagazin.de\/am-stettiner-haff\/author\/jochenelberskirch\/\"}]}<\/script>\n<!-- \/ Yoast SEO plugin. -->","yoast_head_json":{"title":"Alle Jahre wieder - Naturpark Am Stettiner Haff","robots":{"index":"index","follow":"follow","max-snippet":"max-snippet:-1","max-image-preview":"max-image-preview:large","max-video-preview":"max-video-preview:-1"},"canonical":"https:\/\/www.naturparkmagazin.de\/am-stettiner-haff\/alle-jahre-wieder\/","og_locale":"de_DE","og_type":"article","og_title":"Alle Jahre wieder - Naturpark Am Stettiner Haff","og_description":"Ende August hei\u00dft es auch dieses Jahr wieder Abschied nehmen, diesmal von Nick H\u00f6pfner, der in den vergangenen zw\u00f6lf Monaten im Naturpark tatkr\u00e4ftig mitgearbeitet hat.","og_url":"https:\/\/www.naturparkmagazin.de\/am-stettiner-haff\/alle-jahre-wieder\/","og_site_name":"Naturpark Am Stettiner Haff","article_published_time":"2016-08-18T12:23:51+00:00","article_modified_time":"2016-08-29T09:20:35+00:00","og_image":[{"width":200,"height":117,"url":"https:\/\/www.naturparkmagazin.de\/am-stettiner-haff\/wp-content\/uploads\/sites\/29\/Nick-H\u00f6pfner-mit-Adler1-e1471945924812.jpg","type":"image\/jpeg"}],"author":"Jochen Elberskirch","twitter_misc":{"Verfasst von":"Jochen Elberskirch","Gesch\u00e4tzte Lesezeit":"1\u00a0Minute"},"schema":{"@context":"https:\/\/schema.org","@graph":[{"@type":"WebPage","@id":"https:\/\/www.naturparkmagazin.de\/am-stettiner-haff\/alle-jahre-wieder\/","url":"https:\/\/www.naturparkmagazin.de\/am-stettiner-haff\/alle-jahre-wieder\/","name":"Alle Jahre wieder - Naturpark Am Stettiner Haff","isPartOf":{"@id":"https:\/\/www.naturparkmagazin.de\/am-stettiner-haff\/#website"},"datePublished":"2016-08-18T12:23:51+00:00","dateModified":"2016-08-29T09:20:35+00:00","author":{"@id":"https:\/\/www.naturparkmagazin.de\/am-stettiner-haff\/#\/schema\/person\/4a7208080dbbfb024d81129b7960c725"},"breadcrumb":{"@id":"https:\/\/www.naturparkmagazin.de\/am-stettiner-haff\/alle-jahre-wieder\/#breadcrumb"},"inLanguage":"de","potentialAction":[{"@type":"ReadAction","target":["https:\/\/www.naturparkmagazin.de\/am-stettiner-haff\/alle-jahre-wieder\/"]}]},{"@type":"BreadcrumbList","@id":"https:\/\/www.naturparkmagazin.de\/am-stettiner-haff\/alle-jahre-wieder\/#breadcrumb","itemListElement":[{"@type":"ListItem","position":1,"name":"Home","item":"https:\/\/www.naturparkmagazin.de\/am-stettiner-haff\/"},{"@type":"ListItem","position":2,"name":"Alle Jahre wieder"}]},{"@type":"WebSite","@id":"https:\/\/www.naturparkmagazin.de\/am-stettiner-haff\/#website","url":"https:\/\/www.naturparkmagazin.de\/am-stettiner-haff\/","name":"Naturpark Am Stettiner Haff","description":"","potentialAction":[{"@type":"SearchAction","target":{"@type":"EntryPoint","urlTemplate":"https:\/\/www.naturparkmagazin.de\/am-stettiner-haff\/?s={search_term_string}"},"query-input":"required name=search_term_string"}],"inLanguage":"de"},{"@type":"Person","@id":"https:\/\/www.naturparkmagazin.de\/am-stettiner-haff\/#\/schema\/person\/4a7208080dbbfb024d81129b7960c725","name":"Jochen Elberskirch","sameAs":["http:\/\/www.naturpark-am-stettiner-haff.de"],"url":"https:\/\/www.naturparkmagazin.de\/am-stettiner-haff\/author\/jochenelberskirch\/"}]}},"_links":{"self":[{"href":"https:\/\/www.naturparkmagazin.de\/am-stettiner-haff\/wp-json\/wp\/v2\/posts\/1873"}],"collection":[{"href":"https:\/\/www.naturparkmagazin.de\/am-stettiner-haff\/wp-json\/wp\/v2\/posts"}],"about":[{"href":"https:\/\/www.naturparkmagazin.de\/am-stettiner-haff\/wp-json\/wp\/v2\/types\/post"}],"author":[{"embeddable":true,"href":"https:\/\/www.naturparkmagazin.de\/am-stettiner-haff\/wp-json\/wp\/v2\/users\/26"}],"replies":[{"embeddable":true,"href":"https:\/\/www.naturparkmagazin.de\/am-stettiner-haff\/wp-json\/wp\/v2\/comments?post=1873"}],"version-history":[{"count":3,"href":"https:\/\/www.naturparkmagazin.de\/am-stettiner-haff\/wp-json\/wp\/v2\/posts\/1873\/revisions"}],"predecessor-version":[{"id":1898,"href":"https:\/\/www.naturparkmagazin.de\/am-stettiner-haff\/wp-json\/wp\/v2\/posts\/1873\/revisions\/1898"}],"wp:featuredmedia":[{"embeddable":true,"href":"https:\/\/www.naturparkmagazin.de\/am-stettiner-haff\/wp-json\/wp\/v2\/media\/1891"}],"wp:attachment":[{"href":"https:\/\/www.naturparkmagazin.de\/am-stettiner-haff\/wp-json\/wp\/v2\/media?parent=1873"}],"wp:term":[{"taxonomy":"category","embeddable":true,"href":"https:\/\/www.naturparkmagazin.de\/am-stettiner-haff\/wp-json\/wp\/v2\/categories?post=1873"},{"taxonomy":"post_tag","embeddable":true,"href":"https:\/\/www.naturparkmagazin.de\/am-stettiner-haff\/wp-json\/wp\/v2\/tags?post=1873"}],"curies":[{"name":"wp","href":"https:\/\/api.w.org\/{rel}","templated":true}]}}